{"id":820,"date":"2009-08-12T14:48:55","date_gmt":"2009-08-12T12:48:55","guid":{"rendered":"http:\/\/blog.zeit.de\/bundesliga\/?p=820"},"modified":"2009-08-12T14:48:55","modified_gmt":"2009-08-12T12:48:55","slug":"aserbaidschan-deutschland-vogts-loew-live-blog","status":"publish","type":"post","link":"https:\/\/blog.zeit.de\/sport-blog\/2009\/08\/12\/aserbaidschan-deutschland-vogts-loew-live-blog_820","title":{"rendered":"Deutschland trifft zwei Mal \u00f6fter als Aserbajdschan"},"content":{"rendered":"<p><strong>Endstand 0:2<\/strong> Ein Spiel mit Niveau. Man wei\u00df nicht, welche Notl\u00fcge man sich morgen ausdenken soll, wenn man gefragt wird, was man heute zwischen 18 und 20 Uhr gemacht hat. Analyse folgt. Widerwillig.<\/p>\n<p><strong>87&#8242;<\/strong> Ich schaue mir seit 15 Minuten auf YouTube zweite philippinische Liga an.<\/p>\n<p><strong>84&#8242; <\/strong>Gomez raus, \u00d6zil rein. Den jetzt L\u00f6w f\u00fcr immer an sich gebunden hat. Also zumindest an den DFB.<\/p>\n<p><strong>75&#8242; <\/strong>Klose verl\u00e4sst uns jetzt und verabschiedet sich mit einer vergebenen Kopfballchance. Cacau nun drauf. Ne Minute sp\u00e4ter Jansen (HSV) f\u00fcr Trochowski (HSV).<\/p>\n<p><strong>60&#8242;<\/strong> Wenn ich mich an den Spannungsgehalt der Partie anpassen wollte, m\u00fcsste ich nur den Wikipedia-Eintrag Aserbajdschan verlinken.<\/p>\n<p><strong>54&#8242; Tor f\u00fcr Deutschland Miroslav Klose<\/strong> Bei der Vorbereitung war der Gegner so freundlich und assistierte. Ball kam irgendwie zu Gomez, sein Schuss lenkte der Keeper dann noch an die Latte, aber Klose steht dann vor dem leeren Tor. Ohne Salto. Bartels: &#8222;Ein Tor des Willens.&#8220;<\/p>\n<p><strong>52&#8242;<\/strong> Hat Uli Stein seinem Z\u00f6gling im aserbajdschanischen Tor wenigstens den Faustschlag beigebracht?<\/p>\n<p><strong>47&#8242; <\/strong>Den gr\u00f6\u00dften Leistungsunterschied, den ich zwischen beiden Teams erkenne: Die Deutschen erkennen fr\u00fchzeitig, wenn der Pass eines Mitspielers zu lang gespielt ist. Die Aserbajdschaner rennen bis ins Aus hinterher. Sowas kann spielentscheidend sein.<\/p>\n<p>Die ARD setzt heute wieder mal voll auf investigativen Sportjournalismus &#8211; und versendet <a href=\"http:\/\/www.sueddeutsche.de\/sport\/428\/483870\/text\/\">Hajo Seppelts Doping-Dokumentation<\/a> zur Leichathletik-WM um 0 Uhr.<\/p>\n<p><strong>Halbzeit 0:1<\/strong> Ne z\u00e4he Nummer. Deutschland zun\u00e4chst mit Abwehrproblemen, so dass man den 96er Enke sagen h\u00f6rte: &#8222;Ja, bin ich denn zuhause hier?&#8220; Nach Schweinsteigers F\u00fchrung mehr Sicherheit, aber das Offensivspiel ist dr\u00f6ge wie Feldweg.<\/p>\n<p><strong>45&#8242; <\/strong>Eigentlich ein Pflichttor f\u00fcr &#8222;Schmiro&#8220; (Werder-Slang) Klose, der nach Vorbereitung von Trochowski und Gomez aus vier Metern zum Kopfball kommt. Doch Klose macht den Gomez.<\/p>\n<p><strong>34&#8242; <\/strong>Deutschland ideenlos. Stimmt nicht. Eine haben sie: Schie\u00dfen aus der Distanz.<\/p>\n<p><strong>25&#8242;<\/strong> Da haben wir es schon. Aserbajdschan musste eben drei Minuten mit zehn Spielern klar kommen, weil an der Hose des Elften Blut klebte. Und eine neue Hose nicht schneller aufzutreiben war. Ich glaubte, von Bertis Lippen ablesen zu k\u00f6nnen: &#8222;Ich glaube, die Fifa will nicht, dass sich Aserbajdschan f\u00fcr die WM qualifiziert.&#8220;<\/p>\n<p><strong>22&#8242; <\/strong>Soeben erreicht mich, \u00fcber <a href=\"http:\/\/twitter.com\/robalef\">Rob Alef<\/a> die <a href=\"http:\/\/www.ipicture.de\/nationalhymne\/nationalhymne_aserbaidschan.html\">\u00dcbersetzung der aserbajdschanischen Hmyne<\/a>: &#8222;Aserbajdschan! Aserbajdschan! O gro\u00dfes Land, Deine Kinder sind Helden. Wir sind bereit, f\u00fcr Dich gemartert zu werden.&#8220; Sind wohl Niederlagen gewohnt.<\/p>\n<p><strong>15&#8242; <\/strong>Die ersten zehn Minuten sah die deutsche Abwehr eher danach aus, als wollte sie den Meckerern in die H\u00e4nde spielen wollen, wie etwa Heinz K. (70) aus W\u00fcrzburg, der per Mail gerne wissen l\u00e4sst, was er vom <a href=\"http:\/\/www.youtube.com\/watch?v=U7JIwn78j0s\">&#8222;Bundescremer&#8220; Joachim L\u00f6w<\/a> h\u00e4lt.<\/p>\n<p><strong>12&#8242; Tor f\u00fcr Deutschland Bastian Schweinsteiger <\/strong>L\u00e4uft quer zur Spielrichtung, wird nicht angegriffen, schie\u00dft mit dem schwachen (p\u00e4dagogisch richtig muss es hei\u00dfen: ungewohnten) linken Fu\u00df aus 18 Metern, leicht abgef\u00e4lscht, Tormann noch dran.<\/p>\n<p><strong>9&#8242; <\/strong>Um Himmels Willen, Enke! Komm doch raus ausm Tor!<\/p>\n<p><strong>8&#8242;<\/strong> Tom Bartels, Moderator: &#8222;Die Trainer der Liga lassen nur eine Stunde am Tag trainieren. Und schenken den Spielern viel Zeit zur Regeneration.&#8220; Das wissen wir doch. Ach so, er redet vom Gegner.<\/p>\n<p><strong>4&#8242;<\/strong> \u00c4h? Da spielt ja der Lahm! Der hat doch eben noch <a href=\"http:\/\/www.zeit.de\/online\/2009\/33\/philipp-lahm-stiftung\">mit uns geredet<\/a>. Ah, Fu\u00dfball spielt er auch gerne. Gut zu wissen.<\/p>\n<p>Aufstellung <strong>Deutschland<\/strong><\/p>\n<p>Enke &#8211; Sch\u00e4fer, Mertesacker, Tasci, Lahm &#8211; Hitzlsperger, Ballack &#8211; Trochowski, Schweinsteiger &#8211; Klose, Gomez<\/p>\n<p>Die Spieler Aserbajdschans reiche ich bei Gelegenheit nach. Bis dahin gen\u00fcgt zur Vorbereitung auf den Gegner <a href=\"http:\/\/twitpic.com\/dm8rb\">dies<\/a> (via <a href=\"http:\/\/twitter.com\/renemartens\">Ren\u00e9 Martens<\/a>), <a href=\"http:\/\/www.youtube.com\/watch?v=E5dIqSIu2AY\">das<\/a> und vor allem <a href=\"http:\/\/www.youtube.com\/watch?v=7nASvxJejic\">jenes<\/a>.<\/p>\n<p>###############################<\/p>\n<p><em>Vorbemerkung<\/em><\/p>\n<p>Issa nixa Fringse! Diesen Satz h\u00f6rten wir zuletzt von Marcello Lippi, nachdem die Italiener vor dem WM-Halbfinale 2006 <del datetime=\"2009-08-12T12:35:24+00:00\">Torsten Frings gesperrt hatten<\/del> erfahren hatten, dass die Deutschen ohne ihren Besten auskommen mussten. Dieses mal wird freiwillig auf ihn verzichtet, Joachim L\u00f6w hat sich erdreistet, Frings nicht zu nominieren. Thomas Hitzlsperger sei im Moment der Bessere. Und wie reagiert Frings&#8216; Verb\u00fcndeter, der Leader Michael Ballack? Mit Protest? Mit Meuterei? Ruft er die Wortm\u00e4chtigen der alten Fu\u00dfballwelt zur Verschw\u00f6rung zusammen? Legt er sein Amt nieder? N\u00f6, er findet&#8217;s ok.<\/p>\n<p>Das sind mal neue T\u00f6ne im in j\u00fcngster Zeit so konfliktbelasteten deutschen Nationalteam. Was es sonst noch Neues gibt, erfahren Sie ab 17.45 Uhr hier, im Live-Blog von ZEIT ONLINE. Wenn es um Punkte in der WM-Qualifikation geht. Dazu ist L\u00f6ws Elf fast bis in den Orient gereist, nach Baku. Das ist Aserbajdschan und wird von Berti Vogts trainiert, ihm zur Seite stehen Uli Stein und Olaf Jan\u00dfen. Mit sportlichen Niederlagen gegen dieses Land ist eigentlich nur <a href=\"http:\/\/www.volk-ohne-raumdeckung.de\/index.php\/2009\/08\/12\/aserbeidschan-es-gibt-keine-zwerge-mehr\/\">im Eurovision Song Contest<\/a> zu rechnen.<\/p>\n","protected":false},"excerpt":{"rendered":"<p>Endstand 0:2 Ein Spiel mit Niveau. Man wei\u00df nicht, welche Notl\u00fcge man sich morgen ausdenken soll, wenn man gefragt wird, was man heute zwischen 18 und 20 Uhr gemacht hat. Analyse folgt. Widerwillig. 87&#8242; Ich schaue mir seit 15 Minuten auf YouTube zweite philippinische Liga an. 84&#8242; Gomez raus, \u00d6zil rein. Den jetzt L\u00f6w f\u00fcr [&hellip;]<\/p>\n","protected":false},"author":68,"featured_media":0,"comment_status":"open","ping_status":"closed","sticky":false,"template":"","format":"standard","meta":{"_jetpack_memberships_contains_paid_content":false,"footnotes":""},"categories":[628],"tags":[30],"class_list":["post-820","post","type-post","status-publish","format-standard","hentry","category-nationalmannschaft","tag-tag-hinzufugen"],"yoast_head":"<!-- This site is optimized with the Yoast SEO plugin v21.0 - https:\/\/yoast.com\/wordpress\/plugins\/seo\/ -->\n<title>Deutschland trifft zwei Mal \u00f6fter als Aserbajdschan - Sport-Blog<\/title>\n<meta name=\"robots\" content=\"index, follow, max-snippet:-1, max-image-preview:large, max-video-preview:-1\" \/>\n<link rel=\"canonical\" href=\"https:\/\/blog.zeit.de\/sport-blog\/2009\/08\/12\/aserbaidschan-deutschland-vogts-loew-live-blog_820\" \/>\n<meta property=\"og:locale\" content=\"de_DE\" \/>\n<meta property=\"og:type\" content=\"article\" \/>\n<meta property=\"og:title\" content=\"Deutschland trifft zwei Mal \u00f6fter als Aserbajdschan - Sport-Blog\" \/>\n<meta property=\"og:description\" content=\"Endstand 0:2 Ein Spiel mit Niveau. Man wei\u00df nicht, welche Notl\u00fcge man sich morgen ausdenken soll, wenn man gefragt wird, was man heute zwischen 18 und 20 Uhr gemacht hat. Analyse folgt. Widerwillig. 87&#8242; Ich schaue mir seit 15 Minuten auf YouTube zweite philippinische Liga an. 84&#8242; Gomez raus, \u00d6zil rein. Den jetzt L\u00f6w f\u00fcr [&hellip;]\" \/>\n<meta property=\"og:url\" content=\"https:\/\/blog.zeit.de\/sport-blog\/2009\/08\/12\/aserbaidschan-deutschland-vogts-loew-live-blog_820\" \/>\n<meta property=\"og:site_name\" content=\"Sport-Blog\" \/>\n<meta property=\"article:published_time\" content=\"2009-08-12T12:48:55+00:00\" \/>\n<meta name=\"author\" content=\"Oliver Fritsch\" \/>\n<meta name=\"twitter:card\" content=\"summary_large_image\" \/>\n<meta name=\"twitter:creator\" content=\"@zeitonlinesport\" \/>\n<meta name=\"twitter:site\" content=\"@zeitonlinesport\" \/>\n<meta name=\"twitter:label1\" content=\"Geschrieben von\" \/>\n\t<meta name=\"twitter:data1\" content=\"Oliver Fritsch\" \/>\n\t<meta name=\"twitter:label2\" content=\"Gesch\u00e4tzte Lesezeit\" \/>\n\t<meta name=\"twitter:data2\" content=\"4\u00a0Minuten\" \/>\n<script type=\"application\/ld+json\" class=\"yoast-schema-graph\">{\"@context\":\"https:\/\/schema.org\",\"@graph\":[{\"@type\":\"WebPage\",\"@id\":\"https:\/\/blog.zeit.de\/sport-blog\/2009\/08\/12\/aserbaidschan-deutschland-vogts-loew-live-blog_820\",\"url\":\"https:\/\/blog.zeit.de\/sport-blog\/2009\/08\/12\/aserbaidschan-deutschland-vogts-loew-live-blog_820\",\"name\":\"Deutschland trifft zwei Mal \u00f6fter als Aserbajdschan - Sport-Blog\",\"isPartOf\":{\"@id\":\"https:\/\/blog.zeit.de\/sport-blog\/#website\"},\"datePublished\":\"2009-08-12T12:48:55+00:00\",\"dateModified\":\"2009-08-12T12:48:55+00:00\",\"author\":{\"@id\":\"https:\/\/blog.zeit.de\/sport-blog\/#\/schema\/person\/a777b73a3977ba89615a71df1e8a5351\"},\"breadcrumb\":{\"@id\":\"https:\/\/blog.zeit.de\/sport-blog\/2009\/08\/12\/aserbaidschan-deutschland-vogts-loew-live-blog_820#breadcrumb\"},\"inLanguage\":\"de\",\"potentialAction\":[{\"@type\":\"ReadAction\",\"target\":[\"https:\/\/blog.zeit.de\/sport-blog\/2009\/08\/12\/aserbaidschan-deutschland-vogts-loew-live-blog_820\"]}]},{\"@type\":\"BreadcrumbList\",\"@id\":\"https:\/\/blog.zeit.de\/sport-blog\/2009\/08\/12\/aserbaidschan-deutschland-vogts-loew-live-blog_820#breadcrumb\",\"itemListElement\":[{\"@type\":\"ListItem\",\"position\":1,\"name\":\"Startseite\",\"item\":\"https:\/\/blog.zeit.de\/sport-blog\"},{\"@type\":\"ListItem\",\"position\":2,\"name\":\"Deutschland trifft zwei Mal \u00f6fter als Aserbajdschan\"}]},{\"@type\":\"WebSite\",\"@id\":\"https:\/\/blog.zeit.de\/sport-blog\/#website\",\"url\":\"https:\/\/blog.zeit.de\/sport-blog\/\",\"name\":\"Sport-Blog\",\"description\":\"Blog der ZEIT ONLINE Sportredaktion\",\"potentialAction\":[{\"@type\":\"SearchAction\",\"target\":{\"@type\":\"EntryPoint\",\"urlTemplate\":\"https:\/\/blog.zeit.de\/sport-blog\/?s={search_term_string}\"},\"query-input\":\"required name=search_term_string\"}],\"inLanguage\":\"de\"},{\"@type\":\"Person\",\"@id\":\"https:\/\/blog.zeit.de\/sport-blog\/#\/schema\/person\/a777b73a3977ba89615a71df1e8a5351\",\"name\":\"Oliver Fritsch\",\"image\":{\"@type\":\"ImageObject\",\"inLanguage\":\"de\",\"@id\":\"https:\/\/blog.zeit.de\/sport-blog\/#\/schema\/person\/image\/\",\"url\":\"https:\/\/secure.gravatar.com\/avatar\/e18313f9824de9a2182adf7910c220849b2b3d3c32aea9a8364191b61387ee36?s=96&d=mm&r=g\",\"contentUrl\":\"https:\/\/secure.gravatar.com\/avatar\/e18313f9824de9a2182adf7910c220849b2b3d3c32aea9a8364191b61387ee36?s=96&d=mm&r=g\",\"caption\":\"Oliver Fritsch\"},\"description\":\"ist Sportredakteur von ZEIT ONLINE und Gr\u00fcnder der Hartplatzhelden, einem Video-Portal f\u00fcr Amateurfu\u00dfballer.\",\"url\":\"https:\/\/blog.zeit.de\/sport-blog\/author\/oliver-fritsch\"}]}<\/script>\n<!-- \/ Yoast SEO plugin. -->","yoast_head_json":{"title":"Deutschland trifft zwei Mal \u00f6fter als Aserbajdschan - Sport-Blog","robots":{"index":"index","follow":"follow","max-snippet":"max-snippet:-1","max-image-preview":"max-image-preview:large","max-video-preview":"max-video-preview:-1"},"canonical":"https:\/\/blog.zeit.de\/sport-blog\/2009\/08\/12\/aserbaidschan-deutschland-vogts-loew-live-blog_820","og_locale":"de_DE","og_type":"article","og_title":"Deutschland trifft zwei Mal \u00f6fter als Aserbajdschan - Sport-Blog","og_description":"Endstand 0:2 Ein Spiel mit Niveau. Man wei\u00df nicht, welche Notl\u00fcge man sich morgen ausdenken soll, wenn man gefragt wird, was man heute zwischen 18 und 20 Uhr gemacht hat. Analyse folgt. Widerwillig. 87&#8242; Ich schaue mir seit 15 Minuten auf YouTube zweite philippinische Liga an. 84&#8242; Gomez raus, \u00d6zil rein. Den jetzt L\u00f6w f\u00fcr [&hellip;]","og_url":"https:\/\/blog.zeit.de\/sport-blog\/2009\/08\/12\/aserbaidschan-deutschland-vogts-loew-live-blog_820","og_site_name":"Sport-Blog","article_published_time":"2009-08-12T12:48:55+00:00","author":"Oliver Fritsch","twitter_card":"summary_large_image","twitter_creator":"@zeitonlinesport","twitter_site":"@zeitonlinesport","twitter_misc":{"Geschrieben von":"Oliver Fritsch","Gesch\u00e4tzte Lesezeit":"4\u00a0Minuten"},"schema":{"@context":"https:\/\/schema.org","@graph":[{"@type":"WebPage","@id":"https:\/\/blog.zeit.de\/sport-blog\/2009\/08\/12\/aserbaidschan-deutschland-vogts-loew-live-blog_820","url":"https:\/\/blog.zeit.de\/sport-blog\/2009\/08\/12\/aserbaidschan-deutschland-vogts-loew-live-blog_820","name":"Deutschland trifft zwei Mal \u00f6fter als Aserbajdschan - Sport-Blog","isPartOf":{"@id":"https:\/\/blog.zeit.de\/sport-blog\/#website"},"datePublished":"2009-08-12T12:48:55+00:00","dateModified":"2009-08-12T12:48:55+00:00","author":{"@id":"https:\/\/blog.zeit.de\/sport-blog\/#\/schema\/person\/a777b73a3977ba89615a71df1e8a5351"},"breadcrumb":{"@id":"https:\/\/blog.zeit.de\/sport-blog\/2009\/08\/12\/aserbaidschan-deutschland-vogts-loew-live-blog_820#breadcrumb"},"inLanguage":"de","potentialAction":[{"@type":"ReadAction","target":["https:\/\/blog.zeit.de\/sport-blog\/2009\/08\/12\/aserbaidschan-deutschland-vogts-loew-live-blog_820"]}]},{"@type":"BreadcrumbList","@id":"https:\/\/blog.zeit.de\/sport-blog\/2009\/08\/12\/aserbaidschan-deutschland-vogts-loew-live-blog_820#breadcrumb","itemListElement":[{"@type":"ListItem","position":1,"name":"Startseite","item":"https:\/\/blog.zeit.de\/sport-blog"},{"@type":"ListItem","position":2,"name":"Deutschland trifft zwei Mal \u00f6fter als Aserbajdschan"}]},{"@type":"WebSite","@id":"https:\/\/blog.zeit.de\/sport-blog\/#website","url":"https:\/\/blog.zeit.de\/sport-blog\/","name":"Sport-Blog","description":"Blog der ZEIT ONLINE Sportredaktion","potentialAction":[{"@type":"SearchAction","target":{"@type":"EntryPoint","urlTemplate":"https:\/\/blog.zeit.de\/sport-blog\/?s={search_term_string}"},"query-input":"required name=search_term_string"}],"inLanguage":"de"},{"@type":"Person","@id":"https:\/\/blog.zeit.de\/sport-blog\/#\/schema\/person\/a777b73a3977ba89615a71df1e8a5351","name":"Oliver Fritsch","image":{"@type":"ImageObject","inLanguage":"de","@id":"https:\/\/blog.zeit.de\/sport-blog\/#\/schema\/person\/image\/","url":"https:\/\/secure.gravatar.com\/avatar\/e18313f9824de9a2182adf7910c220849b2b3d3c32aea9a8364191b61387ee36?s=96&d=mm&r=g","contentUrl":"https:\/\/secure.gravatar.com\/avatar\/e18313f9824de9a2182adf7910c220849b2b3d3c32aea9a8364191b61387ee36?s=96&d=mm&r=g","caption":"Oliver Fritsch"},"description":"ist Sportredakteur von ZEIT ONLINE und Gr\u00fcnder der Hartplatzhelden, einem Video-Portal f\u00fcr Amateurfu\u00dfballer.","url":"https:\/\/blog.zeit.de\/sport-blog\/author\/oliver-fritsch"}]}},"jetpack_featured_media_url":"","jetpack_sharing_enabled":true,"_links":{"self":[{"href":"https:\/\/blog.zeit.de\/sport-blog\/wp-json\/wp\/v2\/posts\/820","targetHints":{"allow":["GET"]}}],"collection":[{"href":"https:\/\/blog.zeit.de\/sport-blog\/wp-json\/wp\/v2\/posts"}],"about":[{"href":"https:\/\/blog.zeit.de\/sport-blog\/wp-json\/wp\/v2\/types\/post"}],"author":[{"embeddable":true,"href":"https:\/\/blog.zeit.de\/sport-blog\/wp-json\/wp\/v2\/users\/68"}],"replies":[{"embeddable":true,"href":"https:\/\/blog.zeit.de\/sport-blog\/wp-json\/wp\/v2\/comments?post=820"}],"version-history":[{"count":0,"href":"https:\/\/blog.zeit.de\/sport-blog\/wp-json\/wp\/v2\/posts\/820\/revisions"}],"wp:attachment":[{"href":"https:\/\/blog.zeit.de\/sport-blog\/wp-json\/wp\/v2\/media?parent=820"}],"wp:term":[{"taxonomy":"category","embeddable":true,"href":"https:\/\/blog.zeit.de\/sport-blog\/wp-json\/wp\/v2\/categories?post=820"},{"taxonomy":"post_tag","embeddable":true,"href":"https:\/\/blog.zeit.de\/sport-blog\/wp-json\/wp\/v2\/tags?post=820"}],"curies":[{"name":"wp","href":"https:\/\/api.w.org\/{rel}","templated":true}]}}