{"id":10001,"date":"2012-09-27T08:07:33","date_gmt":"2012-09-27T06:07:33","guid":{"rendered":"http:\/\/blog.zeit.de\/stoerungsmelder\/?p=10001"},"modified":"2012-09-27T08:07:33","modified_gmt":"2012-09-27T06:07:33","slug":"mehr-als-8000-rechte-straftaten-im-ersten-halbjahr-2012","status":"publish","type":"post","link":"https:\/\/blog.zeit.de\/stoerungsmelder\/2012\/09\/27\/mehr-als-8000-rechte-straftaten-im-ersten-halbjahr-2012_10001","title":{"rendered":"Mehr als 8000 rechte Straftaten im ersten Halbjahr 2012"},"content":{"rendered":"<p><figure id=\"attachment_9739\" aria-describedby=\"caption-attachment-9739\" style=\"width: 540px\" class=\"wp-caption aligncenter\"><a href=\"https:\/\/blog.zeit.de\/stoerungsmelder\/files\/2012\/09\/agar-demo.jpg\"><img loading=\"lazy\" decoding=\"async\" class=\"size-full wp-image-9739\" src=\"https:\/\/blog.zeit.de\/stoerungsmelder\/files\/2012\/09\/agar-demo.jpg\" alt=\"\" width=\"540\" height=\"306\" srcset=\"https:\/\/blog.zeit.de\/stoerungsmelder\/files\/2012\/09\/agar-demo.jpg 540w, https:\/\/blog.zeit.de\/stoerungsmelder\/files\/2012\/09\/agar-demo-300x170.jpg 300w\" sizes=\"auto, (max-width: 540px) 100vw, 540px\" \/><\/a><figcaption id=\"caption-attachment-9739\" class=\"wp-caption-text\">Vermummt und gewalt\u00e4tig - &quot;Autonome Nationalisten&quot; kurz vor einem Angriff auf einen Fotografen am Rande einer Anti-Gen-Food-Demo 2012 in Berlin \u00a9 Theo Schneider<\/figcaption><\/figure><\/p>\n<p>Mehr als 8000 Straftaten haben rechte T\u00e4ter deutschlandweit im ersten Halbjahr dieses Jahres ver\u00fcbt. Berlin und Brandenburg liegen im Mittelfeld. Die meisten Straftaten werden woanders verzeichnet.<!--more--><\/p>\n<p><em>Von <a href=\"http:\/\/www.tagesspiegel.de\/politik\/rechtsextremismus-mehr-als-8000-rechte-straftaten\/7184050.html\" target=\"_blank\">Tagesspiegel<\/a>-Autor Frank Jansen<\/em><\/p>\n<p>Rechtsextremisten haben nach Informationen des Tagesspiegels im ersten Halbjahr 2012 mehr als 8000 Straftaten begangen. Die Polizei registrierte von Januar bis Ende Juni insgesamt 8096 Delikte, darunter 354 Gewalttaten. Die Angaben finden sich in der Antwort des Bundesinnenministeriums auf eine Kleine Anfrage von Bundestagsvizepr\u00e4sidentin Petra Pau und ihrer Linksfraktion. Das Papier liegt dem Tagesspiegel vor. In den Zahlen sind bereits viele Nachmeldungen der Polizeibeh\u00f6rden aus den ersten sechs Monaten enthalten, somit ergibt sich ein nahezu realit\u00e4tsgetreues Bild.<\/p>\n<p>In Nordrhein-Westfalen wurden die meisten rechten Delikte ver\u00fcbt, 1307 mit 82 Gewalttaten. Es folgen Sachsen (814\/29) und Bayern (784\/27). Am wenigsten belastet ist Bremen (54\/1). Berlin (584 Delikte mit 23 Gewalttaten) und Brandenburg (649\/25) sind in der Mitte.<\/p>\n<p>Im Vergleich zum ersten Halbjahr 2011 ergibt sich bundesweit nur eine geringe \u00c4nderung. Damals hatte die Polizei, mit Nachmeldungen, von Januar bis Juni insgesamt 7682 rechte Delikte registriert, darunter 403 Gewalttaten. Die Linksfraktion fragt seit Jahren jeden Monat die Zahlen zu Straftaten von Neonazis und anderen Rassisten ab. Die dann eingehenden Antworten des Innenministeriums basieren auf vorl\u00e4ufigen Erkenntnissen der Polizei. Dort fehlen die Nachmeldungen. Deshalb ist die Summe der einzelnen Monatsmeldungen deutlich geringer als die Bilanz, die Pau jetzt mit Nachmeldungen erhielt. So ergaben sich im August, nachdem das Ministerium die Juni-Zahlen genannt hatte, f\u00fcr das erste Halbjahr \u201enur\u201c 6121 rechte Delikte \u2013 das waren knapp 2000 weniger als nun aufgelistet werden.<\/p>\n<p>Die linken Straftaten f\u00fcr die Monate Januar bis Juni summierten sich im August auf 2486. Nach den linken Delikten erkundigen sich monatlich Union und FDP. Die Nachmeldungen der Polizei werden aber nicht abgefragt.<\/p>\n","protected":false},"excerpt":{"rendered":"<p>Mehr als 8000 Straftaten haben rechte T\u00e4ter deutschlandweit im ersten Halbjahr dieses Jahres ver\u00fcbt. Berlin und Brandenburg liegen im Mittelfeld. Die meisten Straftaten werden woanders verzeichnet.<\/p>\n","protected":false},"author":229,"featured_media":0,"comment_status":"open","ping_status":"open","sticky":false,"template":"","format":"standard","meta":{"_jetpack_memberships_contains_paid_content":false,"footnotes":""},"categories":[1515],"tags":[1755],"class_list":["post-10001","post","type-post","status-publish","format-standard","hentry","category-bundesweit","tag-rechte-gewalt"],"yoast_head":"<!-- This site is optimized with the Yoast SEO plugin v21.0 - https:\/\/yoast.com\/wordpress\/plugins\/seo\/ -->\n<title>Mehr als 8000 rechte Straftaten im ersten Halbjahr 2012 - St\u00f6rungsmelder<\/title>\n<meta name=\"robots\" content=\"index, follow, max-snippet:-1, max-image-preview:large, max-video-preview:-1\" \/>\n<link rel=\"canonical\" href=\"https:\/\/blog.zeit.de\/stoerungsmelder\/2012\/09\/27\/mehr-als-8000-rechte-straftaten-im-ersten-halbjahr-2012_10001\" \/>\n<meta property=\"og:locale\" content=\"de_DE\" \/>\n<meta property=\"og:type\" content=\"article\" \/>\n<meta property=\"og:title\" content=\"Mehr als 8000 rechte Straftaten im ersten Halbjahr 2012 - St\u00f6rungsmelder\" \/>\n<meta property=\"og:description\" content=\"Mehr als 8000 Straftaten haben rechte T\u00e4ter deutschlandweit im ersten Halbjahr dieses Jahres ver\u00fcbt. Berlin und Brandenburg liegen im Mittelfeld. Die meisten Straftaten werden woanders verzeichnet.\" \/>\n<meta property=\"og:url\" content=\"https:\/\/blog.zeit.de\/stoerungsmelder\/2012\/09\/27\/mehr-als-8000-rechte-straftaten-im-ersten-halbjahr-2012_10001\" \/>\n<meta property=\"og:site_name\" content=\"St\u00f6rungsmelder\" \/>\n<meta property=\"article:published_time\" content=\"2012-09-27T06:07:33+00:00\" \/>\n<meta property=\"og:image\" content=\"https:\/\/blog.zeit.de\/stoerungsmelder\/files\/2012\/09\/agar-demo.jpg\" \/>\n<meta name=\"author\" content=\"St\u00f6rungsmelder\" \/>\n<meta name=\"twitter:card\" content=\"summary_large_image\" \/>\n<meta name=\"twitter:label1\" content=\"Geschrieben von\" \/>\n\t<meta name=\"twitter:data1\" content=\"St\u00f6rungsmelder\" \/>\n\t<meta name=\"twitter:label2\" content=\"Gesch\u00e4tzte Lesezeit\" \/>\n\t<meta name=\"twitter:data2\" content=\"2\u00a0Minuten\" \/>\n<script type=\"application\/ld+json\" class=\"yoast-schema-graph\">{\"@context\":\"https:\/\/schema.org\",\"@graph\":[{\"@type\":\"WebPage\",\"@id\":\"https:\/\/blog.zeit.de\/stoerungsmelder\/2012\/09\/27\/mehr-als-8000-rechte-straftaten-im-ersten-halbjahr-2012_10001\",\"url\":\"https:\/\/blog.zeit.de\/stoerungsmelder\/2012\/09\/27\/mehr-als-8000-rechte-straftaten-im-ersten-halbjahr-2012_10001\",\"name\":\"Mehr als 8000 rechte Straftaten im ersten Halbjahr 2012 - St\u00f6rungsmelder\",\"isPartOf\":{\"@id\":\"https:\/\/blog.zeit.de\/stoerungsmelder\/#website\"},\"datePublished\":\"2012-09-27T06:07:33+00:00\",\"dateModified\":\"2012-09-27T06:07:33+00:00\",\"author\":{\"@id\":\"https:\/\/blog.zeit.de\/stoerungsmelder\/#\/schema\/person\/fdd0b9818f65738672810b6d6f037f71\"},\"breadcrumb\":{\"@id\":\"https:\/\/blog.zeit.de\/stoerungsmelder\/2012\/09\/27\/mehr-als-8000-rechte-straftaten-im-ersten-halbjahr-2012_10001#breadcrumb\"},\"inLanguage\":\"de\",\"potentialAction\":[{\"@type\":\"ReadAction\",\"target\":[\"https:\/\/blog.zeit.de\/stoerungsmelder\/2012\/09\/27\/mehr-als-8000-rechte-straftaten-im-ersten-halbjahr-2012_10001\"]}]},{\"@type\":\"BreadcrumbList\",\"@id\":\"https:\/\/blog.zeit.de\/stoerungsmelder\/2012\/09\/27\/mehr-als-8000-rechte-straftaten-im-ersten-halbjahr-2012_10001#breadcrumb\",\"itemListElement\":[{\"@type\":\"ListItem\",\"position\":1,\"name\":\"Startseite\",\"item\":\"https:\/\/blog.zeit.de\/stoerungsmelder\"},{\"@type\":\"ListItem\",\"position\":2,\"name\":\"Mehr als 8000 rechte Straftaten im ersten Halbjahr 2012\"}]},{\"@type\":\"WebSite\",\"@id\":\"https:\/\/blog.zeit.de\/stoerungsmelder\/#website\",\"url\":\"https:\/\/blog.zeit.de\/stoerungsmelder\/\",\"name\":\"St\u00f6rungsmelder\",\"description\":\"Recherchen und Analysen \u00fcber die extreme Rechte\",\"potentialAction\":[{\"@type\":\"SearchAction\",\"target\":{\"@type\":\"EntryPoint\",\"urlTemplate\":\"https:\/\/blog.zeit.de\/stoerungsmelder\/?s={search_term_string}\"},\"query-input\":\"required name=search_term_string\"}],\"inLanguage\":\"de\"},{\"@type\":\"Person\",\"@id\":\"https:\/\/blog.zeit.de\/stoerungsmelder\/#\/schema\/person\/fdd0b9818f65738672810b6d6f037f71\",\"name\":\"St\u00f6rungsmelder\",\"image\":{\"@type\":\"ImageObject\",\"inLanguage\":\"de\",\"@id\":\"https:\/\/blog.zeit.de\/stoerungsmelder\/#\/schema\/person\/image\/\",\"url\":\"https:\/\/secure.gravatar.com\/avatar\/dfa4be514c3e82a71e4f9a0020035d38192d080ccaa5e4e6d7a1472c763535c5?s=96&d=mm&r=pg\",\"contentUrl\":\"https:\/\/secure.gravatar.com\/avatar\/dfa4be514c3e82a71e4f9a0020035d38192d080ccaa5e4e6d7a1472c763535c5?s=96&d=mm&r=pg\",\"caption\":\"St\u00f6rungsmelder\"},\"url\":\"https:\/\/blog.zeit.de\/stoerungsmelder\/author\/stoerungsmelder\"}]}<\/script>\n<!-- \/ Yoast SEO plugin. -->","yoast_head_json":{"title":"Mehr als 8000 rechte Straftaten im ersten Halbjahr 2012 - St\u00f6rungsmelder","robots":{"index":"index","follow":"follow","max-snippet":"max-snippet:-1","max-image-preview":"max-image-preview:large","max-video-preview":"max-video-preview:-1"},"canonical":"https:\/\/blog.zeit.de\/stoerungsmelder\/2012\/09\/27\/mehr-als-8000-rechte-straftaten-im-ersten-halbjahr-2012_10001","og_locale":"de_DE","og_type":"article","og_title":"Mehr als 8000 rechte Straftaten im ersten Halbjahr 2012 - St\u00f6rungsmelder","og_description":"Mehr als 8000 Straftaten haben rechte T\u00e4ter deutschlandweit im ersten Halbjahr dieses Jahres ver\u00fcbt. Berlin und Brandenburg liegen im Mittelfeld. Die meisten Straftaten werden woanders verzeichnet.","og_url":"https:\/\/blog.zeit.de\/stoerungsmelder\/2012\/09\/27\/mehr-als-8000-rechte-straftaten-im-ersten-halbjahr-2012_10001","og_site_name":"St\u00f6rungsmelder","article_published_time":"2012-09-27T06:07:33+00:00","og_image":[{"url":"https:\/\/blog.zeit.de\/stoerungsmelder\/files\/2012\/09\/agar-demo.jpg"}],"author":"St\u00f6rungsmelder","twitter_card":"summary_large_image","twitter_misc":{"Geschrieben von":"St\u00f6rungsmelder","Gesch\u00e4tzte Lesezeit":"2\u00a0Minuten"},"schema":{"@context":"https:\/\/schema.org","@graph":[{"@type":"WebPage","@id":"https:\/\/blog.zeit.de\/stoerungsmelder\/2012\/09\/27\/mehr-als-8000-rechte-straftaten-im-ersten-halbjahr-2012_10001","url":"https:\/\/blog.zeit.de\/stoerungsmelder\/2012\/09\/27\/mehr-als-8000-rechte-straftaten-im-ersten-halbjahr-2012_10001","name":"Mehr als 8000 rechte Straftaten im ersten Halbjahr 2012 - St\u00f6rungsmelder","isPartOf":{"@id":"https:\/\/blog.zeit.de\/stoerungsmelder\/#website"},"datePublished":"2012-09-27T06:07:33+00:00","dateModified":"2012-09-27T06:07:33+00:00","author":{"@id":"https:\/\/blog.zeit.de\/stoerungsmelder\/#\/schema\/person\/fdd0b9818f65738672810b6d6f037f71"},"breadcrumb":{"@id":"https:\/\/blog.zeit.de\/stoerungsmelder\/2012\/09\/27\/mehr-als-8000-rechte-straftaten-im-ersten-halbjahr-2012_10001#breadcrumb"},"inLanguage":"de","potentialAction":[{"@type":"ReadAction","target":["https:\/\/blog.zeit.de\/stoerungsmelder\/2012\/09\/27\/mehr-als-8000-rechte-straftaten-im-ersten-halbjahr-2012_10001"]}]},{"@type":"BreadcrumbList","@id":"https:\/\/blog.zeit.de\/stoerungsmelder\/2012\/09\/27\/mehr-als-8000-rechte-straftaten-im-ersten-halbjahr-2012_10001#breadcrumb","itemListElement":[{"@type":"ListItem","position":1,"name":"Startseite","item":"https:\/\/blog.zeit.de\/stoerungsmelder"},{"@type":"ListItem","position":2,"name":"Mehr als 8000 rechte Straftaten im ersten Halbjahr 2012"}]},{"@type":"WebSite","@id":"https:\/\/blog.zeit.de\/stoerungsmelder\/#website","url":"https:\/\/blog.zeit.de\/stoerungsmelder\/","name":"St\u00f6rungsmelder","description":"Recherchen und Analysen \u00fcber die extreme Rechte","potentialAction":[{"@type":"SearchAction","target":{"@type":"EntryPoint","urlTemplate":"https:\/\/blog.zeit.de\/stoerungsmelder\/?s={search_term_string}"},"query-input":"required name=search_term_string"}],"inLanguage":"de"},{"@type":"Person","@id":"https:\/\/blog.zeit.de\/stoerungsmelder\/#\/schema\/person\/fdd0b9818f65738672810b6d6f037f71","name":"St\u00f6rungsmelder","image":{"@type":"ImageObject","inLanguage":"de","@id":"https:\/\/blog.zeit.de\/stoerungsmelder\/#\/schema\/person\/image\/","url":"https:\/\/secure.gravatar.com\/avatar\/dfa4be514c3e82a71e4f9a0020035d38192d080ccaa5e4e6d7a1472c763535c5?s=96&d=mm&r=pg","contentUrl":"https:\/\/secure.gravatar.com\/avatar\/dfa4be514c3e82a71e4f9a0020035d38192d080ccaa5e4e6d7a1472c763535c5?s=96&d=mm&r=pg","caption":"St\u00f6rungsmelder"},"url":"https:\/\/blog.zeit.de\/stoerungsmelder\/author\/stoerungsmelder"}]}},"jetpack_featured_media_url":"","jetpack_sharing_enabled":true,"_links":{"self":[{"href":"https:\/\/blog.zeit.de\/stoerungsmelder\/wp-json\/wp\/v2\/posts\/10001","targetHints":{"allow":["GET"]}}],"collection":[{"href":"https:\/\/blog.zeit.de\/stoerungsmelder\/wp-json\/wp\/v2\/posts"}],"about":[{"href":"https:\/\/blog.zeit.de\/stoerungsmelder\/wp-json\/wp\/v2\/types\/post"}],"author":[{"embeddable":true,"href":"https:\/\/blog.zeit.de\/stoerungsmelder\/wp-json\/wp\/v2\/users\/229"}],"replies":[{"embeddable":true,"href":"https:\/\/blog.zeit.de\/stoerungsmelder\/wp-json\/wp\/v2\/comments?post=10001"}],"version-history":[{"count":2,"href":"https:\/\/blog.zeit.de\/stoerungsmelder\/wp-json\/wp\/v2\/posts\/10001\/revisions"}],"predecessor-version":[{"id":10003,"href":"https:\/\/blog.zeit.de\/stoerungsmelder\/wp-json\/wp\/v2\/posts\/10001\/revisions\/10003"}],"wp:attachment":[{"href":"https:\/\/blog.zeit.de\/stoerungsmelder\/wp-json\/wp\/v2\/media?parent=10001"}],"wp:term":[{"taxonomy":"category","embeddable":true,"href":"https:\/\/blog.zeit.de\/stoerungsmelder\/wp-json\/wp\/v2\/categories?post=10001"},{"taxonomy":"post_tag","embeddable":true,"href":"https:\/\/blog.zeit.de\/stoerungsmelder\/wp-json\/wp\/v2\/tags?post=10001"}],"curies":[{"name":"wp","href":"https:\/\/api.w.org\/{rel}","templated":true}]}}