{"id":10062,"date":"2012-10-01T15:03:28","date_gmt":"2012-10-01T13:03:28","guid":{"rendered":"http:\/\/blog.zeit.de\/stoerungsmelder\/?p=10062"},"modified":"2012-10-01T15:13:33","modified_gmt":"2012-10-01T13:13:33","slug":"burger-und-neonazis-gemeinsam-npd-demonstration-in-stendal","status":"publish","type":"post","link":"https:\/\/blog.zeit.de\/stoerungsmelder\/2012\/10\/01\/burger-und-neonazis-gemeinsam-npd-demonstration-in-stendal_10062","title":{"rendered":"B\u00fcrger und Neonazis gemeinsam &#8211; NPD-Demonstration in Stendal"},"content":{"rendered":"<p style=\"text-align: left\"><a href=\"https:\/\/blog.zeit.de\/stoerungsmelder\/files\/2012\/10\/SM-HEAD.jpg\"><img loading=\"lazy\" decoding=\"async\" class=\"aligncenter size-full wp-image-10077\" src=\"https:\/\/blog.zeit.de\/stoerungsmelder\/files\/2012\/10\/SM-HEAD.jpg\" alt=\"\" width=\"540\" height=\"221\" srcset=\"https:\/\/blog.zeit.de\/stoerungsmelder\/files\/2012\/10\/SM-HEAD.jpg 540w, https:\/\/blog.zeit.de\/stoerungsmelder\/files\/2012\/10\/SM-HEAD-300x122.jpg 300w\" sizes=\"auto, (max-width: 540px) 100vw, 540px\" \/><\/a>Seit Monaten ist das Dorf Insel in Sachsen-Anhalt in den Medien. Der Grund sind zwei Sexualstraft\u00e4ter, die in das Dorf gezogen sind. Auch Rechtsextreme nutzen das Reizthema f\u00fcr sich und springen auf den Protestzug mit auf. Nun marschierten in Stendal sogar einige Inseler bei einem Aufmarsch Seite an Seite mit den Neonazis.<\/p>\n<p style=\"text-align: left\"><!--more--><\/p>\n<p style=\"text-align: left\"><em>zuerst ver\u00f6ffentlicht bei <a href=\"http:\/\/www.publikative.org\/\">publikative.org<\/a><\/em><\/p>\n<p style=\"text-align: left\">Bereits zwei Stunden vor Beginn des Aufmarsches bauen die ersten Neonazis den Lautsprecherwagen vor dem Hauptbahnhof in Stendal auf. Nach und nach treffen rund 200 Rechtsextreme in der Stadt ein. Die meisten von ihnen kommen aus Sachsen-Anhalt und Brandenburg. Als 15 B\u00fcrgerinnen und B\u00fcrger aus Insel zur Demonstration sto\u00dfen, werden diese von den Neonazis mit Applaus begr\u00fc\u00dft. Das Konzept ist aufgegangen und wird es an diesem Tag in Stendal auch weiter. Der unweigerliche \u201eStargast\u201c der Veranstaltung trifft kurz vor Beginn der Demonstration ein: Udo Past\u00f6rs aus Mecklenburg-Vorpommern. Ein krudes Bild entsteht, als sich j\u00fcngere Demonstrationsteilnehmer mit \u201eihrem Udo\u201c zusammen fotografieren lassen. Udo Past\u00f6rs als \u201eStar\u201c f\u00fcr den Nachwuchs \u2013 ganz weit rechts eben.<\/p>\n<p style=\"text-align: left\"><a href=\"https:\/\/blog.zeit.de\/stoerungsmelder\/files\/2012\/10\/7.jpg\"><img loading=\"lazy\" decoding=\"async\" class=\"alignleft  wp-image-10067\" src=\"https:\/\/blog.zeit.de\/stoerungsmelder\/files\/2012\/10\/7.jpg\" alt=\"\" width=\"262\" height=\"175\" srcset=\"https:\/\/blog.zeit.de\/stoerungsmelder\/files\/2012\/10\/7.jpg 600w, https:\/\/blog.zeit.de\/stoerungsmelder\/files\/2012\/10\/7-300x200.jpg 300w\" sizes=\"auto, (max-width: 262px) 100vw, 262px\" \/><\/a>Nach einer kurzen Kundgebung am Bahnhof beginnt der Demonstrationszug durch die Stadt, abgesehen von einigen Transparenten wird kaum klar, worum es geht. Pl\u00e4rrender Rechtsrock erklingt \u00fcber die Lautsprecher des Demowagens, Parolen gr\u00f6lend ziehen die Neonazis durch die Stra\u00dfen: \u201eFrei, Sozial und national\u201c oder \u201eNationaler Sozialismus \u2013 jetzt, jetzt, jetzt\u201c ert\u00f6nt es aus der Demonstration heraus. Mitten in dem Demonstrationszug tragen die B\u00fcrger aus Insel ihr Transparent durch Stendal. Direkt hinter ihnen l\u00e4uft die angereiste NPD-Prominenz: Udo Past\u00f6rs mit seiner Frau Marianne, Sigrid Sch\u00fc\u00dfler (Vorsitzende des <em>Rings Nationaler Frauen<\/em>)\u00a0 und eine aus England angereiste Aktivistin der <em>National Front<\/em>, Bernadette Jaggers. Erst nach einiger Zeit ergreift Past\u00f6rs das Mikrofon und schwenkt langsam auf das angemeldete Motto um. Doch eben so schnell wie der Neonazi das Thema Kindesmissbrauch anspricht, zieht er rhetorisch weiter: Vom \u201eParteienstaat\u201c, \u201ePolizeistaat\u201c ist kurz darauf die Rede und vom \u201eMissbrauch des deutschen Erbgutes\u201c. Wie wenig sich Past\u00f6rs anscheinend f\u00fcr das Dorf Insel interessiert, wird ebenfalls schnell klar. Man sei hier gemeinsam angetreten, auch mit \u201eEinwohnern eines Dorfes [\u2026] in dessen Dorf sich Kindesmissbrauch abgespielt hat\u201c. Doch gegen \u201eKindesmissbrauch\u201c gehen die Menschen in Insel nicht auf die Stra\u00dfe. Denn die beiden im Dorf unterbrachten M\u00e4nner haben keine Kinder missbraucht. Kindesmissbrauch gab es in Insel zuletzt 2005. Durch einen Einheimischen, wor\u00fcber heute aber kaum noch jemand sprechen will.<\/p>\n<p style=\"text-align: left\">\n\n<div class=\"embed-wrapper embed-wrapper--blocked js-embed-consent\" data-method=\"iframe\">\n<script class=\"raw__source\" type=\"text\/template\"><iframe loading=\"lazy\" frameborder=\"0\" height=\"315\" src=\"http:\/\/www.youtube.com\/embed\/MB27u7XCOio\" width=\"560\"><\/iframe><\/script>\n<div class=\"embed-wrapper__inner\">\n<div class=\"embed-wrapper__text\">\n<h3>Empfohlener redaktioneller Inhalt<\/h3>\n<p data-replace=\"no\">An dieser Stelle finden Sie externen Inhalt, der den Artikel erg\u00e4nzt. Sie k\u00f6nnen sich externe Inhalte mit einem Klick anzeigen lassen und wieder ausblenden.<noscript>Bitte aktivieren Sie JavaScript damit Sie diesen Inhalt anzeigen k\u00f6nnen.<\/noscript><\/p>\n<\/div>\n<div class=\"embed-consent\">\n<label class=\"embed-consent__toggle\">\n<input class=\"js-embed-consent__toggle\" type=\"checkbox\" autocomplete=\"off\">\n<span><\/span>\nExterner Inhalt\n<\/label>\n<a href=\"https:\/\/www.zeit.de\/hilfe\/datenschutz\" target=\"_blank\" class=\"embed-consent__datalink-when-active\">Datenschutzerkl\u00e4rung<\/a>\n<\/div>\n<div class=\"embed-wrapper__footer\">\n<p data-replace=\"no\">\nIch bin damit einverstanden, dass mir externe Inhalte angezeigt werden. Damit k\u00f6nnen personenbezogene Daten an Drittplattformen \u00fcbermittelt werden. <a href=\"https:\/\/www.zeit.de\/hilfe\/datenschutz\" target=\"_blank\">Mehr dazu in unserer Datenschutzerkl\u00e4rung.<\/a>\n<\/p>\n<\/div>\n<\/div>\n<\/div>\n<p>Als die Demonstration in Stendal-Stadtsee, einem Plattenbauviertel ankommt, stehen dutzende Menschen am Stra\u00dfenrand. Gegendemonstranten sind es nicht, aber die meisten richten ihre Handykamera auf die Neonazi-Demonstration. Endlich etwas los in Stendal. Und wieder wird klar, den meisten<a href=\"https:\/\/blog.zeit.de\/stoerungsmelder\/files\/2012\/10\/20.jpg\"><img loading=\"lazy\" decoding=\"async\" class=\"alignright  wp-image-10068\" src=\"https:\/\/blog.zeit.de\/stoerungsmelder\/files\/2012\/10\/20-200x300.jpg\" alt=\"\" width=\"168\" height=\"252\" srcset=\"https:\/\/blog.zeit.de\/stoerungsmelder\/files\/2012\/10\/20-200x300.jpg 200w, https:\/\/blog.zeit.de\/stoerungsmelder\/files\/2012\/10\/20.jpg 600w\" sizes=\"auto, (max-width: 168px) 100vw, 168px\" \/><\/a> rechtsextremen Demonstranten scheint es nicht um die angemeldeten Inhalte der Demonstration zu gehen. \u201eLinkes Gezeter\u20269 Millimeter\u201c rufen die Teilnehmer, als sie eine Handvoll Gegendemonstranten am Wegesrand entdecken. All das scheint einige Stendaler nicht abzuschrecken. Immer wieder reihen sich Menschen in die Demonstration ein, die nur von wenigen Polizisten begleitet wird: Eine Mutter mit drei Kindern, eine junge Frau, die anscheinend gerade mit dem Hund Gassi gegangen ist. Hier geschieht, was die Rechtsextremen sich so gern herbeifantasieren. Mittlerweile hat auch die Parole \u201eTodesstrafe\u2026f\u00fcr Kindersch\u00e4nder\u201c vermehrt Eingang in das Repertoire der gr\u00f6lenden Neonazis gefunden. Immer noch unterlegt mit pl\u00e4rrendem Rechtsrock vom Lautsprecherwagen.<\/p>\n<p style=\"text-align: left\">Als die Demonstration nach einer Zwischenkundgebung und fast 3 Stunden Fu\u00dfweg wieder am Bahnhof eintrifft, schl\u00e4gt erneut Udo Past\u00f6rs Stunde. Er ergreift das Mikrofon und verspricht, er wolle nun 15 Minuten reden. Er wird sein Versprechen nicht halten. Nach einigen Wiederholungen schwenkt Past\u00f6rs wieder schnell vom Thema ab. Erneut geht es um \u201eden Staat\u201c, das \u201eliberal-kapitalistische System\u201c und sogar noch um den \u201eNationalsozialistischen Untergrund\u201c. Nach diesen Exkursen, r\u00e4umt Past\u00f6rs ein, er komme nun zur\u00fcck zum eigentlichen Thema. Ihm scheinen nun die plausiblen \u00dcberg\u00e4nge zwischen den immer wieder eingeflochtenen Themen und dem Demonstrationsmotto zu fehlen. Doch die R\u00fcckkehr h\u00e4lt nur kurz an. Der v\u00f6llig zusammenhangslosen Rede ist schwer zu folgen. Immer wieder stechen Schlagworte hervor, die den Zuh\u00f6rern den Weg durch das rhetorische Gew\u00fchl weisen. Von der \u201eRettung Europas f\u00fcr die wei\u00dfen Menschen\u201c ist nun die Rede. Die \u201eBundesrepublik Deutschland ist nicht reformierbar, so wie die DDR ab einem gewissen Zeitpunkt nicht reformierbar war\u201c f\u00fchrt der stellvertretende Bundesvorsitzende der NPD am Ende seiner Rede aus. Die Nachricht ist angekommen. Rund um den Versammlungsort, au\u00dferhalb der Absperrgitter, klatschen wieder einige Stendaler Beifall. Die Show ist vorbei.<\/p>\n","protected":false},"excerpt":{"rendered":"<p>Seit Monaten ist das Dorf Insel in Sachsen-Anhalt in den Medien. Der Grund sind zwei Sexualstraft\u00e4ter, die in das Dorf gezogen sind. Auch Rechtsextreme nutzen das Reizthema f\u00fcr sich und springen auf den Protestzug mit auf. Nun marschierten in Stendal sogar einige Inseler bei einem Aufmarsch Seite an Seite mit den Neonazis.<\/p>\n","protected":false},"author":370,"featured_media":0,"comment_status":"open","ping_status":"open","sticky":false,"template":"","format":"standard","meta":{"_jetpack_memberships_contains_paid_content":false,"footnotes":""},"categories":[1,90,1457],"tags":[17928,17926,17927,1716,17821,1827],"class_list":["post-10062","post","type-post","status-publish","format-standard","hentry","category-allgemein","category-mecklenburg-vorpommern","category-sachsen-anhalt","tag-bernadette-jaggers","tag-insel","tag-kindesmissbrauch","tag-npd","tag-sigrid-schusler","tag-udo-pastors"],"yoast_head":"<!-- This site is optimized with the Yoast SEO plugin v21.0 - https:\/\/yoast.com\/wordpress\/plugins\/seo\/ -->\n<title>B\u00fcrger und Neonazis gemeinsam - NPD-Demonstration in Stendal - St\u00f6rungsmelder<\/title>\n<meta name=\"robots\" content=\"index, follow, max-snippet:-1, max-image-preview:large, max-video-preview:-1\" \/>\n<link rel=\"canonical\" href=\"https:\/\/blog.zeit.de\/stoerungsmelder\/2012\/10\/01\/burger-und-neonazis-gemeinsam-npd-demonstration-in-stendal_10062\" \/>\n<meta property=\"og:locale\" content=\"de_DE\" \/>\n<meta property=\"og:type\" content=\"article\" \/>\n<meta property=\"og:title\" content=\"B\u00fcrger und Neonazis gemeinsam - NPD-Demonstration in Stendal - St\u00f6rungsmelder\" \/>\n<meta property=\"og:description\" content=\"Seit Monaten ist das Dorf Insel in Sachsen-Anhalt in den Medien. Der Grund sind zwei Sexualstraft\u00e4ter, die in das Dorf gezogen sind. Auch Rechtsextreme nutzen das Reizthema f\u00fcr sich und springen auf den Protestzug mit auf. Nun marschierten in Stendal sogar einige Inseler bei einem Aufmarsch Seite an Seite mit den Neonazis.\" \/>\n<meta property=\"og:url\" content=\"https:\/\/blog.zeit.de\/stoerungsmelder\/2012\/10\/01\/burger-und-neonazis-gemeinsam-npd-demonstration-in-stendal_10062\" \/>\n<meta property=\"og:site_name\" content=\"St\u00f6rungsmelder\" \/>\n<meta property=\"article:published_time\" content=\"2012-10-01T13:03:28+00:00\" \/>\n<meta property=\"article:modified_time\" content=\"2012-10-01T13:13:33+00:00\" \/>\n<meta property=\"og:image\" content=\"https:\/\/blog.zeit.de\/stoerungsmelder\/files\/2012\/10\/SM-HEAD.jpg\" \/>\n<meta name=\"author\" content=\"Benjamin Mayer\" \/>\n<meta name=\"twitter:card\" content=\"summary_large_image\" \/>\n<meta name=\"twitter:label1\" content=\"Geschrieben von\" \/>\n\t<meta name=\"twitter:data1\" content=\"Benjamin Mayer\" \/>\n\t<meta name=\"twitter:label2\" content=\"Gesch\u00e4tzte Lesezeit\" \/>\n\t<meta name=\"twitter:data2\" content=\"4\u00a0Minuten\" \/>\n<script type=\"application\/ld+json\" class=\"yoast-schema-graph\">{\"@context\":\"https:\/\/schema.org\",\"@graph\":[{\"@type\":\"WebPage\",\"@id\":\"https:\/\/blog.zeit.de\/stoerungsmelder\/2012\/10\/01\/burger-und-neonazis-gemeinsam-npd-demonstration-in-stendal_10062\",\"url\":\"https:\/\/blog.zeit.de\/stoerungsmelder\/2012\/10\/01\/burger-und-neonazis-gemeinsam-npd-demonstration-in-stendal_10062\",\"name\":\"B\u00fcrger und Neonazis gemeinsam - NPD-Demonstration in Stendal - St\u00f6rungsmelder\",\"isPartOf\":{\"@id\":\"https:\/\/blog.zeit.de\/stoerungsmelder\/#website\"},\"datePublished\":\"2012-10-01T13:03:28+00:00\",\"dateModified\":\"2012-10-01T13:13:33+00:00\",\"author\":{\"@id\":\"https:\/\/blog.zeit.de\/stoerungsmelder\/#\/schema\/person\/752315b912840af70125661cf793a733\"},\"breadcrumb\":{\"@id\":\"https:\/\/blog.zeit.de\/stoerungsmelder\/2012\/10\/01\/burger-und-neonazis-gemeinsam-npd-demonstration-in-stendal_10062#breadcrumb\"},\"inLanguage\":\"de\",\"potentialAction\":[{\"@type\":\"ReadAction\",\"target\":[\"https:\/\/blog.zeit.de\/stoerungsmelder\/2012\/10\/01\/burger-und-neonazis-gemeinsam-npd-demonstration-in-stendal_10062\"]}]},{\"@type\":\"BreadcrumbList\",\"@id\":\"https:\/\/blog.zeit.de\/stoerungsmelder\/2012\/10\/01\/burger-und-neonazis-gemeinsam-npd-demonstration-in-stendal_10062#breadcrumb\",\"itemListElement\":[{\"@type\":\"ListItem\",\"position\":1,\"name\":\"Startseite\",\"item\":\"https:\/\/blog.zeit.de\/stoerungsmelder\"},{\"@type\":\"ListItem\",\"position\":2,\"name\":\"B\u00fcrger und Neonazis gemeinsam &#8211; NPD-Demonstration in Stendal\"}]},{\"@type\":\"WebSite\",\"@id\":\"https:\/\/blog.zeit.de\/stoerungsmelder\/#website\",\"url\":\"https:\/\/blog.zeit.de\/stoerungsmelder\/\",\"name\":\"St\u00f6rungsmelder\",\"description\":\"Recherchen und Analysen \u00fcber die extreme Rechte\",\"potentialAction\":[{\"@type\":\"SearchAction\",\"target\":{\"@type\":\"EntryPoint\",\"urlTemplate\":\"https:\/\/blog.zeit.de\/stoerungsmelder\/?s={search_term_string}\"},\"query-input\":\"required name=search_term_string\"}],\"inLanguage\":\"de\"},{\"@type\":\"Person\",\"@id\":\"https:\/\/blog.zeit.de\/stoerungsmelder\/#\/schema\/person\/752315b912840af70125661cf793a733\",\"name\":\"Benjamin Mayer\",\"image\":{\"@type\":\"ImageObject\",\"inLanguage\":\"de\",\"@id\":\"https:\/\/blog.zeit.de\/stoerungsmelder\/#\/schema\/person\/image\/\",\"url\":\"https:\/\/secure.gravatar.com\/avatar\/e36d3404be40c0567f19fb2e49377010b06a4f68a363b8002e90804615d37e7d?s=96&d=mm&r=pg\",\"contentUrl\":\"https:\/\/secure.gravatar.com\/avatar\/e36d3404be40c0567f19fb2e49377010b06a4f68a363b8002e90804615d37e7d?s=96&d=mm&r=pg\",\"caption\":\"Benjamin Mayer\"},\"url\":\"https:\/\/blog.zeit.de\/stoerungsmelder\/author\/benjaminmayer\"}]}<\/script>\n<!-- \/ Yoast SEO plugin. -->","yoast_head_json":{"title":"B\u00fcrger und Neonazis gemeinsam - NPD-Demonstration in Stendal - St\u00f6rungsmelder","robots":{"index":"index","follow":"follow","max-snippet":"max-snippet:-1","max-image-preview":"max-image-preview:large","max-video-preview":"max-video-preview:-1"},"canonical":"https:\/\/blog.zeit.de\/stoerungsmelder\/2012\/10\/01\/burger-und-neonazis-gemeinsam-npd-demonstration-in-stendal_10062","og_locale":"de_DE","og_type":"article","og_title":"B\u00fcrger und Neonazis gemeinsam - NPD-Demonstration in Stendal - St\u00f6rungsmelder","og_description":"Seit Monaten ist das Dorf Insel in Sachsen-Anhalt in den Medien. Der Grund sind zwei Sexualstraft\u00e4ter, die in das Dorf gezogen sind. Auch Rechtsextreme nutzen das Reizthema f\u00fcr sich und springen auf den Protestzug mit auf. Nun marschierten in Stendal sogar einige Inseler bei einem Aufmarsch Seite an Seite mit den Neonazis.","og_url":"https:\/\/blog.zeit.de\/stoerungsmelder\/2012\/10\/01\/burger-und-neonazis-gemeinsam-npd-demonstration-in-stendal_10062","og_site_name":"St\u00f6rungsmelder","article_published_time":"2012-10-01T13:03:28+00:00","article_modified_time":"2012-10-01T13:13:33+00:00","og_image":[{"url":"https:\/\/blog.zeit.de\/stoerungsmelder\/files\/2012\/10\/SM-HEAD.jpg"}],"author":"Benjamin Mayer","twitter_card":"summary_large_image","twitter_misc":{"Geschrieben von":"Benjamin Mayer","Gesch\u00e4tzte Lesezeit":"4\u00a0Minuten"},"schema":{"@context":"https:\/\/schema.org","@graph":[{"@type":"WebPage","@id":"https:\/\/blog.zeit.de\/stoerungsmelder\/2012\/10\/01\/burger-und-neonazis-gemeinsam-npd-demonstration-in-stendal_10062","url":"https:\/\/blog.zeit.de\/stoerungsmelder\/2012\/10\/01\/burger-und-neonazis-gemeinsam-npd-demonstration-in-stendal_10062","name":"B\u00fcrger und Neonazis gemeinsam - NPD-Demonstration in Stendal - St\u00f6rungsmelder","isPartOf":{"@id":"https:\/\/blog.zeit.de\/stoerungsmelder\/#website"},"datePublished":"2012-10-01T13:03:28+00:00","dateModified":"2012-10-01T13:13:33+00:00","author":{"@id":"https:\/\/blog.zeit.de\/stoerungsmelder\/#\/schema\/person\/752315b912840af70125661cf793a733"},"breadcrumb":{"@id":"https:\/\/blog.zeit.de\/stoerungsmelder\/2012\/10\/01\/burger-und-neonazis-gemeinsam-npd-demonstration-in-stendal_10062#breadcrumb"},"inLanguage":"de","potentialAction":[{"@type":"ReadAction","target":["https:\/\/blog.zeit.de\/stoerungsmelder\/2012\/10\/01\/burger-und-neonazis-gemeinsam-npd-demonstration-in-stendal_10062"]}]},{"@type":"BreadcrumbList","@id":"https:\/\/blog.zeit.de\/stoerungsmelder\/2012\/10\/01\/burger-und-neonazis-gemeinsam-npd-demonstration-in-stendal_10062#breadcrumb","itemListElement":[{"@type":"ListItem","position":1,"name":"Startseite","item":"https:\/\/blog.zeit.de\/stoerungsmelder"},{"@type":"ListItem","position":2,"name":"B\u00fcrger und Neonazis gemeinsam &#8211; NPD-Demonstration in Stendal"}]},{"@type":"WebSite","@id":"https:\/\/blog.zeit.de\/stoerungsmelder\/#website","url":"https:\/\/blog.zeit.de\/stoerungsmelder\/","name":"St\u00f6rungsmelder","description":"Recherchen und Analysen \u00fcber die extreme Rechte","potentialAction":[{"@type":"SearchAction","target":{"@type":"EntryPoint","urlTemplate":"https:\/\/blog.zeit.de\/stoerungsmelder\/?s={search_term_string}"},"query-input":"required name=search_term_string"}],"inLanguage":"de"},{"@type":"Person","@id":"https:\/\/blog.zeit.de\/stoerungsmelder\/#\/schema\/person\/752315b912840af70125661cf793a733","name":"Benjamin Mayer","image":{"@type":"ImageObject","inLanguage":"de","@id":"https:\/\/blog.zeit.de\/stoerungsmelder\/#\/schema\/person\/image\/","url":"https:\/\/secure.gravatar.com\/avatar\/e36d3404be40c0567f19fb2e49377010b06a4f68a363b8002e90804615d37e7d?s=96&d=mm&r=pg","contentUrl":"https:\/\/secure.gravatar.com\/avatar\/e36d3404be40c0567f19fb2e49377010b06a4f68a363b8002e90804615d37e7d?s=96&d=mm&r=pg","caption":"Benjamin Mayer"},"url":"https:\/\/blog.zeit.de\/stoerungsmelder\/author\/benjaminmayer"}]}},"jetpack_featured_media_url":"","jetpack_sharing_enabled":true,"_links":{"self":[{"href":"https:\/\/blog.zeit.de\/stoerungsmelder\/wp-json\/wp\/v2\/posts\/10062","targetHints":{"allow":["GET"]}}],"collection":[{"href":"https:\/\/blog.zeit.de\/stoerungsmelder\/wp-json\/wp\/v2\/posts"}],"about":[{"href":"https:\/\/blog.zeit.de\/stoerungsmelder\/wp-json\/wp\/v2\/types\/post"}],"author":[{"embeddable":true,"href":"https:\/\/blog.zeit.de\/stoerungsmelder\/wp-json\/wp\/v2\/users\/370"}],"replies":[{"embeddable":true,"href":"https:\/\/blog.zeit.de\/stoerungsmelder\/wp-json\/wp\/v2\/comments?post=10062"}],"version-history":[{"count":16,"href":"https:\/\/blog.zeit.de\/stoerungsmelder\/wp-json\/wp\/v2\/posts\/10062\/revisions"}],"predecessor-version":[{"id":10083,"href":"https:\/\/blog.zeit.de\/stoerungsmelder\/wp-json\/wp\/v2\/posts\/10062\/revisions\/10083"}],"wp:attachment":[{"href":"https:\/\/blog.zeit.de\/stoerungsmelder\/wp-json\/wp\/v2\/media?parent=10062"}],"wp:term":[{"taxonomy":"category","embeddable":true,"href":"https:\/\/blog.zeit.de\/stoerungsmelder\/wp-json\/wp\/v2\/categories?post=10062"},{"taxonomy":"post_tag","embeddable":true,"href":"https:\/\/blog.zeit.de\/stoerungsmelder\/wp-json\/wp\/v2\/tags?post=10062"}],"curies":[{"name":"wp","href":"https:\/\/api.w.org\/{rel}","templated":true}]}}