{"id":10201,"date":"2012-10-10T16:13:27","date_gmt":"2012-10-10T14:13:27","guid":{"rendered":"http:\/\/blog.zeit.de\/stoerungsmelder\/?p=10201"},"modified":"2012-10-12T21:13:00","modified_gmt":"2012-10-12T19:13:00","slug":"mit-hitler-gedenk-tour-zum-europameistertitel","status":"publish","type":"post","link":"https:\/\/blog.zeit.de\/stoerungsmelder\/2012\/10\/10\/mit-hitler-gedenk-tour-zum-europameistertitel_10201","title":{"rendered":"Mit Hitler-Gedenk-Tour zum Europameistertitel"},"content":{"rendered":"<p>In den letzten Jahren wurden mehrfach F\u00e4lle von Neonazis im Bezug auf den regionalen Sport in S\u00fcdbrandenburg aufgedeckt. Nun gibt es erneut einen Fall, der f\u00fcr einen Skandal sorgt. Und wieder beim Kickbox-Team Cottbus 09 e.V. (KBTC). Der frisch gek\u00fcrte Europameister im Kickboxen Mario Schulze soll 2011 an einer Mallorcafahrt teilgenommen und dabei ein T-Shirt getragen haben, das sich positiv auf Adolf Hitler bezog.<\/p>\n<p><!--more--><\/p>\n<p>Aus diesem Grund bekam er einen Strafbefehl wegen Volksverhetzung, welchen er akzeptierte. Der KBTC stellt sich vor seinen Sportler. Dem Verein reicht die Aussage, dass Schulze das besagte T-Shirt nicht getragen, sondern es nur<a href=\"http:\/\/www.lr-online.de\/nachrichten\/Tagesthemen-Schatten-auf-Cottbuser-Kickboxturnier;art1065,3970882\"> im Koffer verstaut<\/a> hatte.<\/p>\n<p>Am Abend des 06.10.2012 fand in Cottbus der Europameisterkampf von Mario Schulze statt. Bei einem Sieg winkt das Profigesch\u00e4ft f\u00fcr den den K\u00e4mpfer und auch f\u00fcr den Verein bedeutet dies Mehreinnahmen, TV-\u00dcbertragungen, gro\u00dfe K\u00e4mpfe und mehr Zulauf. Das Problem mit einem rechten K\u00e4mpfer ist zeitlich daher unpassend f\u00fcr den Verein. Neben dem Verein stellt sich auch der Gesch\u00e4ftsf\u00fchrer des Vereins &#8222;Manne e.V.&#8220;, Eike Schwarz, vor den Sportler. F\u00fcr den Verein arbeitet Schulz als freier Mitarbeiter im Bereich des Anti-Gewalt-Training und leitet dort Trainingseinheiten.<\/p>\n<p>Schwarz meint, dass sich Schulze entgegen der Gruppe, mit der er unterwegs gewesen sei, verhalten habe, in dem er das T-Shirt nicht trug, sondern nur bei sich hatte und dass eben<a href=\"http:\/\/www.rbb-online.de\/brandenburgaktuell\/archiv\/index.media.%21etc%21medialib%21rbb%21rbb%21aktuell%21aktuell_20121007_schulz.html\"> dieses Verhalten Respekt verdient<\/a>. Ein Sprecher der Staatsanwaltschaft Dresden indes betont, dass aus der Akte klar hervorgeht, dass Schulz in einer Gruppe von 18 Lausitzer Sportlern am Flughafen auf dem Weg von Dresden nach Mallorca wegen des<a href=\"http:\/\/www.lr-online.de\/regionen\/cottbus\/Cottbuser-Kickboxer-hat-Verein-und-Oeffentlichkeit-offensichtlich-belogen;art1049,3974814\"> Tragens des Shirts<\/a> aufgefallen sei und dass daraufhin die Personalien der Reisenden \u00fcberpr\u00fcft wurden. Erst beim R\u00fcckflug, als die T-Shirts beschlagnahmt werden sollten, war auch das von Schulze im Koffer verstaut. F\u00fcr die politische Spitze der Stadt reicht dies scheinbar nicht aus. Sie <a href=\"http:\/\/www.lr-online.de\/regionen\/cottbus\/Eklat-um-Cottbuser-Kickboxer;art1049,3970787\">boykottieren Schulz\u2018 Kampf<\/a> und wollen erst sehen, dass es keinen \u201eHauch von rechtsradikaler Infiltration gibt\u201c, so der Beigeordnete Lothar Nicht. Mario Schulze selber distanzierte sich von Neonazis und sein Verein pflichtete ihm bei und bezeichnete ihn <a href=\"http:\/\/www.lr-online.de\/regionen\/cottbus\/Cottbuser-Kickbox-Team-stellt-sich-vor-Schulze;art1049,3972059\">\u201eals Vorbild, der t\u00e4glich Werte wie Toleranz und Demokratie lebe\u201c<\/a> Allerdings sieht das der Verfassungsschutz, welcher die Stadt Cottbus kurz vor dem Kampf auf Anfrage auf Schulz und dessen Kontakte hinwies.<\/p>\n<p>Unabh\u00e4ngig vom Tragen besagten T-Shirts fiel Schulze als Teilnehmer einer <a href=\"http:\/\/www.lr-online.de\/nachrichten\/brandenburg\/Ein-Sieg-eine-Luege-und-ein-neuer-Verdacht;art25,3975284?\">Geburtstagsfeier seines ehemaligen Kickbox-Kollegen Markus Walzuck<\/a> auf. Dieser war bereits Anfang des Jahres wegen Kontakten in die rechte Szene aus dem Verein geflogen. Diese Feier mit 40 weiteren Personen wurde von der Polizei nach Anwohnerbeschwerden wegen laut abgespielter Neonazimusik aufgel\u00f6st. Bei der anschlie\u00dfenden \u00dcberpr\u00fcfung der Personalien fiel sein Name auf, sowie die Namen von mehreren Personen der rechten Szene aus Cottbus und dem Umland, weshalb der Verfassungsschutz dies als rechte Party deklarierte.<\/p>\n<p>Bereits Anfang des Jahres warnte der brandenburgische Verfassungsschutz vor der Unterwanderung des Kampfsports in Brandenburg durch Neonazis. Festgestellt wurde, dass Neonazis \u201eden Kampfsport f\u00fcr Agitationen\u201c nutzen und gleichzeitig ein neonazistisches \u201eKampfsportmilieu herausbilden\u201c wollen. Ein Beispiel ist hier der regionale Skandal um den deutschen Kickboxmeister <a href=\"https:\/\/blog.zeit.de\/stoerungsmelder\/2012\/01\/29\/kickboxer-im-hitler-shirt_7957\">Markus Walzuck<\/a>.<\/p>\n<p>Schon die Einlaufmusik, ein Lied der Rechtsrockband \u201eBlitzkrieg\u201c, h\u00e4tte auffallen m\u00fcssen. Doch erst als im Januar 2012 ein Gerichtsverfahren gegen ihn wegen Volksverhetzung lief, horchten die lokale Politik und die Vereinswelt auf. Auf einem Flughafen wurde er 2010 nach einer Mallorcareise mit anderen Sportlern aus der Lausitz aufgegriffen, da er T-Shirts bei sich hatte, auf denen positiv Bezug auf Adolf Hitler genommen wurde.<\/p>\n<p>Cottbus\u2018 B\u00fcrgermeister Szymanski gratulierte ihm noch Ende des Jahres 2011 zum Meistertitel, obwohl er schon zu dem Zeitpunkt als Neonazi bekannt war. Beim Zweitligafu\u00dfballklub FC Energie Cottbus hatte der Kickboxer bis September 2011 ein Stadionverbot, wegen \u201erechtsextremer Handlungen im Stadion\u201c.<\/p>\n<p>Der KBTC reagierte und Walzuck musste gehen. Inzwischen hat er eine Kleidungsmarke namens \u201eLabel 23\u201c etabliert. Beliebt ist die Kleidung im Hooliganmilieu, bei Neonazis und Kampfsportlern.<\/p>\n<p>Als das Kickbox-Team im Mai 2011 eine Vereinsfahrt nach Israel durchf\u00fchrte, nahmen Walzuck und ein weiterer Sportskamerad an dieser Fahrt nicht teil. Hintergrund waren die ihm nachgesagten und inzwischen best\u00e4tigten Kontakte zur neonazistischen Szene. Die weitere Person, die nicht mitfuhr, ist bislang unbekannt.<\/p>\n<p>Doch Neonazis finden auch in ihrer neonazistischen Erlebniswelt die M\u00f6glichkeit, dem Kampfsport zu fr\u00f6nen. Das <a href=\"https:\/\/blog.zeit.de\/stoerungsmelder\/2012\/06\/19\/das-ende-der-nazi-masken-show_8923\">Neonazinetzwerk \u201eSpreelichter\u201c organisierte eigene Kampfportturniere<\/a> in S\u00fcdbrandenburg. Im November 2011 kursierte hierf\u00fcr ein Video im Internet, welches aufrief, sich beim \u201eKampfsportturnier des Widerstands 2011\u201c anzumelden. Das Netzwerk der Spreelichter erlitt Anfang des Jahres einen schweren Schlag, da es zur inzwischen verbotenen \u201eWiderstandsbewegung in S\u00fcdbrandenburg\u201c geh\u00f6rte. Objekte die unter anderem durchsucht wurden, waren eine Art Vereinssitz der \u201eSpreelichter\u201c in Cottbus sowie<a href=\"http:\/\/www.lr-online.de\/nachrichten\/brandenburg\/Ein-Sieg-eine-Luege-und-ein-neuer-Verdacht;art25,3975284?\"> die Wohnung von Walzuck<\/a>.<\/p>\n<p>Laut den Recherchen der <em>Lausitzer Rundschau<\/em> gibt es indes Hinweise, dass neben dem deutschen Meister Walzuck und dem frischgebackenen Europameister Schulz einen weiteren Sportler beim KBTC gibt, welcher direkte Kontakte in die Neonaziszene hat.<\/p>\n<p>Beobachter weisen seit Jahren auf eine gef\u00e4hrliche Mischung aus Hooliganismus und Neonaziszene in der Lausitz. Gab es bislang meist nur bei den Fans des \u00f6rtlichen <a href=\"http:\/\/www.lr-online.de\/nachrichten\/Tagesthemen-Verantwortung-bis-zum-Stadionzaun;art1065,3922390\">Fu\u00dfballverein Energie Cottbus<\/a> Probleme, steht jetzt auch endg\u00fcltig der Cottbusser Kickbox-Klub im Zugzwang. Er muss sich entscheiden, wie er mit Mitgliedern umgeht, die kein Geheimnis aus ihrer N\u00e4he zur rechtsextremen Szene machen.<\/p>\n","protected":false},"excerpt":{"rendered":"<p>In den letzten Jahren wurden mehrfach F\u00e4lle von Neonazis im Bezug auf den regionalen Sport in S\u00fcdbrandenburg aufgedeckt. Nun gibt es erneut einen Fall, der f\u00fcr einen Skandal sorgt. Und wieder beim Kickbox-Team Cottbus 09 e.V. (KBTC). Der frisch gek\u00fcrte Europameister im Kickboxen Mario Schulze soll 2011 an einer Mallorcafahrt teilgenommen und dabei ein T-Shirt [&hellip;]<\/p>\n","protected":false},"author":381,"featured_media":0,"comment_status":"open","ping_status":"open","sticky":false,"template":"","format":"standard","meta":{"_jetpack_memberships_contains_paid_content":false,"footnotes":""},"categories":[1451],"tags":[12791,22850,12790,11397,1838],"class_list":["post-10201","post","type-post","status-publish","format-standard","hentry","category-brandenburg","tag-kampfsport","tag-mario-schulz","tag-markus-walzuck","tag-spreelichter","tag-volksverhetzung"],"yoast_head":"<!-- This site is optimized with the Yoast SEO plugin v21.0 - https:\/\/yoast.com\/wordpress\/plugins\/seo\/ -->\n<title>Mit Hitler-Gedenk-Tour zum Europameistertitel - St\u00f6rungsmelder<\/title>\n<meta name=\"robots\" content=\"index, follow, max-snippet:-1, max-image-preview:large, max-video-preview:-1\" \/>\n<link rel=\"canonical\" href=\"https:\/\/blog.zeit.de\/stoerungsmelder\/2012\/10\/10\/mit-hitler-gedenk-tour-zum-europameistertitel_10201\" \/>\n<meta property=\"og:locale\" content=\"de_DE\" \/>\n<meta property=\"og:type\" content=\"article\" \/>\n<meta property=\"og:title\" content=\"Mit Hitler-Gedenk-Tour zum Europameistertitel - St\u00f6rungsmelder\" \/>\n<meta property=\"og:description\" content=\"In den letzten Jahren wurden mehrfach F\u00e4lle von Neonazis im Bezug auf den regionalen Sport in S\u00fcdbrandenburg aufgedeckt. Nun gibt es erneut einen Fall, der f\u00fcr einen Skandal sorgt. Und wieder beim Kickbox-Team Cottbus 09 e.V. (KBTC). Der frisch gek\u00fcrte Europameister im Kickboxen Mario Schulze soll 2011 an einer Mallorcafahrt teilgenommen und dabei ein T-Shirt [&hellip;]\" \/>\n<meta property=\"og:url\" content=\"https:\/\/blog.zeit.de\/stoerungsmelder\/2012\/10\/10\/mit-hitler-gedenk-tour-zum-europameistertitel_10201\" \/>\n<meta property=\"og:site_name\" content=\"St\u00f6rungsmelder\" \/>\n<meta property=\"article:published_time\" content=\"2012-10-10T14:13:27+00:00\" \/>\n<meta property=\"article:modified_time\" content=\"2012-10-12T19:13:00+00:00\" \/>\n<meta name=\"author\" content=\"S\u00f6ren Kohlhuber\" \/>\n<meta name=\"twitter:card\" content=\"summary_large_image\" \/>\n<meta name=\"twitter:label1\" content=\"Geschrieben von\" \/>\n\t<meta name=\"twitter:data1\" content=\"S\u00f6ren Kohlhuber\" \/>\n\t<meta name=\"twitter:label2\" content=\"Gesch\u00e4tzte Lesezeit\" \/>\n\t<meta name=\"twitter:data2\" content=\"4\u00a0Minuten\" \/>\n<script type=\"application\/ld+json\" class=\"yoast-schema-graph\">{\"@context\":\"https:\/\/schema.org\",\"@graph\":[{\"@type\":\"WebPage\",\"@id\":\"https:\/\/blog.zeit.de\/stoerungsmelder\/2012\/10\/10\/mit-hitler-gedenk-tour-zum-europameistertitel_10201\",\"url\":\"https:\/\/blog.zeit.de\/stoerungsmelder\/2012\/10\/10\/mit-hitler-gedenk-tour-zum-europameistertitel_10201\",\"name\":\"Mit Hitler-Gedenk-Tour zum Europameistertitel - St\u00f6rungsmelder\",\"isPartOf\":{\"@id\":\"https:\/\/blog.zeit.de\/stoerungsmelder\/#website\"},\"datePublished\":\"2012-10-10T14:13:27+00:00\",\"dateModified\":\"2012-10-12T19:13:00+00:00\",\"author\":{\"@id\":\"https:\/\/blog.zeit.de\/stoerungsmelder\/#\/schema\/person\/b1ca06317aeb9d2ed41a4bfa8e892b10\"},\"breadcrumb\":{\"@id\":\"https:\/\/blog.zeit.de\/stoerungsmelder\/2012\/10\/10\/mit-hitler-gedenk-tour-zum-europameistertitel_10201#breadcrumb\"},\"inLanguage\":\"de\",\"potentialAction\":[{\"@type\":\"ReadAction\",\"target\":[\"https:\/\/blog.zeit.de\/stoerungsmelder\/2012\/10\/10\/mit-hitler-gedenk-tour-zum-europameistertitel_10201\"]}]},{\"@type\":\"BreadcrumbList\",\"@id\":\"https:\/\/blog.zeit.de\/stoerungsmelder\/2012\/10\/10\/mit-hitler-gedenk-tour-zum-europameistertitel_10201#breadcrumb\",\"itemListElement\":[{\"@type\":\"ListItem\",\"position\":1,\"name\":\"Startseite\",\"item\":\"https:\/\/blog.zeit.de\/stoerungsmelder\"},{\"@type\":\"ListItem\",\"position\":2,\"name\":\"Mit Hitler-Gedenk-Tour zum Europameistertitel\"}]},{\"@type\":\"WebSite\",\"@id\":\"https:\/\/blog.zeit.de\/stoerungsmelder\/#website\",\"url\":\"https:\/\/blog.zeit.de\/stoerungsmelder\/\",\"name\":\"St\u00f6rungsmelder\",\"description\":\"Recherchen und Analysen \u00fcber die extreme Rechte\",\"potentialAction\":[{\"@type\":\"SearchAction\",\"target\":{\"@type\":\"EntryPoint\",\"urlTemplate\":\"https:\/\/blog.zeit.de\/stoerungsmelder\/?s={search_term_string}\"},\"query-input\":\"required name=search_term_string\"}],\"inLanguage\":\"de\"},{\"@type\":\"Person\",\"@id\":\"https:\/\/blog.zeit.de\/stoerungsmelder\/#\/schema\/person\/b1ca06317aeb9d2ed41a4bfa8e892b10\",\"name\":\"S\u00f6ren Kohlhuber\",\"image\":{\"@type\":\"ImageObject\",\"inLanguage\":\"de\",\"@id\":\"https:\/\/blog.zeit.de\/stoerungsmelder\/#\/schema\/person\/image\/\",\"url\":\"https:\/\/secure.gravatar.com\/avatar\/6601246ca1c6c8e0b794c6846b922deb3d0b722d75a984936aa887508d0e0850?s=96&d=mm&r=pg\",\"contentUrl\":\"https:\/\/secure.gravatar.com\/avatar\/6601246ca1c6c8e0b794c6846b922deb3d0b722d75a984936aa887508d0e0850?s=96&d=mm&r=pg\",\"caption\":\"S\u00f6ren Kohlhuber\"},\"description\":\"Ich bin seit 10 Jahren in verschiedenen Initiativen gegen Rechts aktiv. Momentan besch\u00e4ftige ich mich vor allem mit Neonazis in Brandenburg und teilweise in Berlin. Ausserdem bin ich als freier Fotograf t\u00e4tig und begleite verschiedene Demonstrationen und Fussballspiele.\",\"url\":\"https:\/\/blog.zeit.de\/stoerungsmelder\/author\/soerenkohlhuber\"}]}<\/script>\n<!-- \/ Yoast SEO plugin. -->","yoast_head_json":{"title":"Mit Hitler-Gedenk-Tour zum Europameistertitel - St\u00f6rungsmelder","robots":{"index":"index","follow":"follow","max-snippet":"max-snippet:-1","max-image-preview":"max-image-preview:large","max-video-preview":"max-video-preview:-1"},"canonical":"https:\/\/blog.zeit.de\/stoerungsmelder\/2012\/10\/10\/mit-hitler-gedenk-tour-zum-europameistertitel_10201","og_locale":"de_DE","og_type":"article","og_title":"Mit Hitler-Gedenk-Tour zum Europameistertitel - St\u00f6rungsmelder","og_description":"In den letzten Jahren wurden mehrfach F\u00e4lle von Neonazis im Bezug auf den regionalen Sport in S\u00fcdbrandenburg aufgedeckt. Nun gibt es erneut einen Fall, der f\u00fcr einen Skandal sorgt. Und wieder beim Kickbox-Team Cottbus 09 e.V. (KBTC). Der frisch gek\u00fcrte Europameister im Kickboxen Mario Schulze soll 2011 an einer Mallorcafahrt teilgenommen und dabei ein T-Shirt [&hellip;]","og_url":"https:\/\/blog.zeit.de\/stoerungsmelder\/2012\/10\/10\/mit-hitler-gedenk-tour-zum-europameistertitel_10201","og_site_name":"St\u00f6rungsmelder","article_published_time":"2012-10-10T14:13:27+00:00","article_modified_time":"2012-10-12T19:13:00+00:00","author":"S\u00f6ren Kohlhuber","twitter_card":"summary_large_image","twitter_misc":{"Geschrieben von":"S\u00f6ren Kohlhuber","Gesch\u00e4tzte Lesezeit":"4\u00a0Minuten"},"schema":{"@context":"https:\/\/schema.org","@graph":[{"@type":"WebPage","@id":"https:\/\/blog.zeit.de\/stoerungsmelder\/2012\/10\/10\/mit-hitler-gedenk-tour-zum-europameistertitel_10201","url":"https:\/\/blog.zeit.de\/stoerungsmelder\/2012\/10\/10\/mit-hitler-gedenk-tour-zum-europameistertitel_10201","name":"Mit Hitler-Gedenk-Tour zum Europameistertitel - St\u00f6rungsmelder","isPartOf":{"@id":"https:\/\/blog.zeit.de\/stoerungsmelder\/#website"},"datePublished":"2012-10-10T14:13:27+00:00","dateModified":"2012-10-12T19:13:00+00:00","author":{"@id":"https:\/\/blog.zeit.de\/stoerungsmelder\/#\/schema\/person\/b1ca06317aeb9d2ed41a4bfa8e892b10"},"breadcrumb":{"@id":"https:\/\/blog.zeit.de\/stoerungsmelder\/2012\/10\/10\/mit-hitler-gedenk-tour-zum-europameistertitel_10201#breadcrumb"},"inLanguage":"de","potentialAction":[{"@type":"ReadAction","target":["https:\/\/blog.zeit.de\/stoerungsmelder\/2012\/10\/10\/mit-hitler-gedenk-tour-zum-europameistertitel_10201"]}]},{"@type":"BreadcrumbList","@id":"https:\/\/blog.zeit.de\/stoerungsmelder\/2012\/10\/10\/mit-hitler-gedenk-tour-zum-europameistertitel_10201#breadcrumb","itemListElement":[{"@type":"ListItem","position":1,"name":"Startseite","item":"https:\/\/blog.zeit.de\/stoerungsmelder"},{"@type":"ListItem","position":2,"name":"Mit Hitler-Gedenk-Tour zum Europameistertitel"}]},{"@type":"WebSite","@id":"https:\/\/blog.zeit.de\/stoerungsmelder\/#website","url":"https:\/\/blog.zeit.de\/stoerungsmelder\/","name":"St\u00f6rungsmelder","description":"Recherchen und Analysen \u00fcber die extreme Rechte","potentialAction":[{"@type":"SearchAction","target":{"@type":"EntryPoint","urlTemplate":"https:\/\/blog.zeit.de\/stoerungsmelder\/?s={search_term_string}"},"query-input":"required name=search_term_string"}],"inLanguage":"de"},{"@type":"Person","@id":"https:\/\/blog.zeit.de\/stoerungsmelder\/#\/schema\/person\/b1ca06317aeb9d2ed41a4bfa8e892b10","name":"S\u00f6ren Kohlhuber","image":{"@type":"ImageObject","inLanguage":"de","@id":"https:\/\/blog.zeit.de\/stoerungsmelder\/#\/schema\/person\/image\/","url":"https:\/\/secure.gravatar.com\/avatar\/6601246ca1c6c8e0b794c6846b922deb3d0b722d75a984936aa887508d0e0850?s=96&d=mm&r=pg","contentUrl":"https:\/\/secure.gravatar.com\/avatar\/6601246ca1c6c8e0b794c6846b922deb3d0b722d75a984936aa887508d0e0850?s=96&d=mm&r=pg","caption":"S\u00f6ren Kohlhuber"},"description":"Ich bin seit 10 Jahren in verschiedenen Initiativen gegen Rechts aktiv. Momentan besch\u00e4ftige ich mich vor allem mit Neonazis in Brandenburg und teilweise in Berlin. Ausserdem bin ich als freier Fotograf t\u00e4tig und begleite verschiedene Demonstrationen und Fussballspiele.","url":"https:\/\/blog.zeit.de\/stoerungsmelder\/author\/soerenkohlhuber"}]}},"jetpack_featured_media_url":"","jetpack_sharing_enabled":true,"_links":{"self":[{"href":"https:\/\/blog.zeit.de\/stoerungsmelder\/wp-json\/wp\/v2\/posts\/10201","targetHints":{"allow":["GET"]}}],"collection":[{"href":"https:\/\/blog.zeit.de\/stoerungsmelder\/wp-json\/wp\/v2\/posts"}],"about":[{"href":"https:\/\/blog.zeit.de\/stoerungsmelder\/wp-json\/wp\/v2\/types\/post"}],"author":[{"embeddable":true,"href":"https:\/\/blog.zeit.de\/stoerungsmelder\/wp-json\/wp\/v2\/users\/381"}],"replies":[{"embeddable":true,"href":"https:\/\/blog.zeit.de\/stoerungsmelder\/wp-json\/wp\/v2\/comments?post=10201"}],"version-history":[{"count":8,"href":"https:\/\/blog.zeit.de\/stoerungsmelder\/wp-json\/wp\/v2\/posts\/10201\/revisions"}],"predecessor-version":[{"id":10212,"href":"https:\/\/blog.zeit.de\/stoerungsmelder\/wp-json\/wp\/v2\/posts\/10201\/revisions\/10212"}],"wp:attachment":[{"href":"https:\/\/blog.zeit.de\/stoerungsmelder\/wp-json\/wp\/v2\/media?parent=10201"}],"wp:term":[{"taxonomy":"category","embeddable":true,"href":"https:\/\/blog.zeit.de\/stoerungsmelder\/wp-json\/wp\/v2\/categories?post=10201"},{"taxonomy":"post_tag","embeddable":true,"href":"https:\/\/blog.zeit.de\/stoerungsmelder\/wp-json\/wp\/v2\/tags?post=10201"}],"curies":[{"name":"wp","href":"https:\/\/api.w.org\/{rel}","templated":true}]}}