{"id":10240,"date":"2012-10-14T08:34:47","date_gmt":"2012-10-14T06:34:47","guid":{"rendered":"http:\/\/blog.zeit.de\/stoerungsmelder\/?p=10240"},"modified":"2012-10-14T08:34:47","modified_gmt":"2012-10-14T06:34:47","slug":"nsu-ombudsfrau-der-regierung-fur-abschaffung-des-verfassungsschutzes","status":"publish","type":"post","link":"https:\/\/blog.zeit.de\/stoerungsmelder\/2012\/10\/14\/nsu-ombudsfrau-der-regierung-fur-abschaffung-des-verfassungsschutzes_10240","title":{"rendered":"NSU: Ombudsfrau der Regierung f\u00fcr Abschaffung des Verfassungsschutzes"},"content":{"rendered":"<p><a href=\"https:\/\/blog.zeit.de\/stoerungsmelder\/files\/2012\/10\/BfV-Wappen.gif\"><img loading=\"lazy\" decoding=\"async\" class=\"size-full wp-image-10241 alignleft\" src=\"https:\/\/blog.zeit.de\/stoerungsmelder\/files\/2012\/10\/BfV-Wappen.gif\" alt=\"\" width=\"126\" height=\"126\" \/><\/a>Die vom Bundesinnenministerium und Bundesjustizministerium eingesetzte Ombudsfrau f\u00fcr die NSU-Opferfamilien h\u00e4lt den R\u00fccktritt des Verfassungsschutzpr\u00e4sidenten und einzelner L\u00e4nderchefs f\u00fcr nicht ausreichend. Sie spricht sich f\u00fcr eine Abschaffung des Verfassungsschutzes aus.<\/p>\n<p><!--more--><\/p>\n<p>Als Ombudsfrau dient Barbara John als zentrale Anlaufstelle f\u00fcr die Opfer und Opferangeh\u00f6rigen der NSU-Terrorzelle. Sie soll betroffenen Menschen Unterst\u00fctzungsangebote aufzeigen und zu Ansprechpartnern bei den zust\u00e4ndigen Leistungserbringern in den L\u00e4ndern und bei den Bundesbeh\u00f6rden vermitteln.<\/p>\n<p><strong>Kritik an Polizei und mangelnder Opferhilfe<\/strong><\/p>\n<p><strong><\/strong>In der ersten \u00f6ffentlichen Sitzung des NSU-Untersuchungsausschusses des Bundestages kritisierte sie die falschen Verd\u00e4chtigungen seitens der Polizei, denen die Familien der Ermordeten ausgesetzt gewesen seien. Infolge solcher Mutma\u00dfungen sei das soziale Umfeld der Angeh\u00f6rigen oft zerr\u00fcttet worden, sagte sie und klagte die gesellschaftliche Ausgrenzung der Opferfamilien an. Als Schlussfolgerung daraus pl\u00e4dierte die CDU-Politikerin f\u00fcr eine unabh\u00e4ngige Clearing- und Beschwerdestelle nach dem Vorbild Irlands f\u00fcr Klagen \u00fcber polizeiliches Fehlverhalten.<\/p>\n<p>Sie forderte die von der Regierung gezahlte Opferhilfe von rund 10.000 Euro nicht mit Sozialleistungen zu verrechnen, wie dies in einigen F\u00e4llen geschehe. Manche Kinder von get\u00f6teten V\u00e4tern seien wegen dieser Taten \u201eaus dem Studium herausgerissen worden\u201c, berichtete John. Da diese bei Wiederaufnahme einer Ausbildung oder Studiums kein BAf\u00f6G mehr erhielten, sollte in solchen F\u00e4llen ein unb\u00fcrokratisches Stipendien gew\u00e4hrt werden. Dar\u00fcber hinaus setzt sie sich f\u00fcr die \u00dcbernahme der Anwaltskosten der betroffenen Familien ein.<\/p>\n<p>Die Ombudsfrau f\u00fcr die NSU-Opferfamilien ist \u00fcberzeugt davon, dass die NSU-Mordserie \u201eein Einschnitt in der Geschichte der Bundesrepublik\u201c war, der mehr Reaktionen hervorrufen m\u00fcsste. Sie bem\u00e4ngelt, dass weder eine gr\u00f6\u00dfere gesellschaftliche Bewegung noch ein Pr\u00e4ventionsprogramm entstanden sei.<\/p>\n<p><strong>Kritik am Verfassungsschutz<\/strong><\/p>\n<blockquote><p><strong><\/strong>\u201eDer R\u00fccktritt des Verfassungsschutzpr\u00e4sidenten und einzelner L\u00e4nderchefs reicht nicht aus\u201c,<\/p><\/blockquote>\n<p>so Barbara John im Gespr\u00e4ch mit dem MiGAZIN. Denn die Verantwortlichen, die diese \u201eNicht-Zusammenarbeit\u201c praktiziert haben, seien nach wie vor da und solange sich daran nichts \u00e4ndert, \u201ewerden die so weiter machen\u201c. Daher spricht sich John laut dem Vorabbericht f\u00fcr eine Abschaffung des Verfassungsschutzes aus:<\/p>\n<blockquote><p>\u201eJeder von uns B\u00fcrgern ist Verfassungssch\u00fctzer. Wir m\u00fcssen uns dessen bewusst sein, und wir m\u00fcssen f\u00fcr unsere Verfassung und unsere Werte k\u00e4mpfen. An sich braucht man keinen Inlandsgeheimdienst, der auf uns, auf die Demokraten, angesetzt ist.\u201d<\/p><\/blockquote>\n<p><strong>Kritik am Innenministerium<\/strong><\/p>\n<p>Zur umstrittenen Vermisst-Plakataktion des Bundesinnenministeriums sagt die Ombudsfrau: \u201eAls die Aktion vorgestellt wurde, war mir gleich klar, dass es so nicht geht. Erstens wurde auf den Plakaten die Ausnahme und nicht die Regel dargestellt, zweitens muss es nicht diese Dramatik haben.\u201c Man zeige mit dem Finger auf einzelne Menschen, treffe damit aber im Grunde die ganze Gruppe der Muslime. \u201eDas ist die falsche Art und Weise mit dem Problem Extremismus umzugehen, so John, die sich f\u00fcr eine engere Zusammenarbeit mit den Moscheen ausspricht.<\/p>\n<p>Das Vollst\u00e4ndige Interview erscheint am Montag auf <a href=\"http:\/\/www.migazin.de\/\" target=\"_blank\">www.migazin.de<\/a>.<\/p>\n","protected":false},"excerpt":{"rendered":"<p>Die vom Bundesinnenministerium und Bundesjustizministerium eingesetzte Ombudsfrau f\u00fcr die NSU-Opferfamilien h\u00e4lt den R\u00fccktritt des Verfassungsschutzpr\u00e4sidenten und einzelner L\u00e4nderchefs f\u00fcr nicht ausreichend. Sie spricht sich f\u00fcr eine Abschaffung des Verfassungsschutzes aus.<\/p>\n","protected":false},"author":372,"featured_media":0,"comment_status":"open","ping_status":"open","sticky":false,"template":"","format":"standard","meta":{"_jetpack_memberships_contains_paid_content":false,"footnotes":""},"categories":[1515],"tags":[22851,22852,12752,22853,1836],"class_list":["post-10240","post","type-post","status-publish","format-standard","hentry","category-bundesweit","tag-bundesinnenministerium","tag-migazin","tag-nsu","tag-ombudsfrau","tag-verfassungsschutz"],"yoast_head":"<!-- This site is optimized with the Yoast SEO plugin v21.0 - https:\/\/yoast.com\/wordpress\/plugins\/seo\/ -->\n<title>NSU: Ombudsfrau der Regierung f\u00fcr Abschaffung des Verfassungsschutzes - St\u00f6rungsmelder<\/title>\n<meta name=\"robots\" content=\"index, follow, max-snippet:-1, max-image-preview:large, max-video-preview:-1\" \/>\n<link rel=\"canonical\" href=\"https:\/\/blog.zeit.de\/stoerungsmelder\/2012\/10\/14\/nsu-ombudsfrau-der-regierung-fur-abschaffung-des-verfassungsschutzes_10240\" \/>\n<meta property=\"og:locale\" content=\"de_DE\" \/>\n<meta property=\"og:type\" content=\"article\" \/>\n<meta property=\"og:title\" content=\"NSU: Ombudsfrau der Regierung f\u00fcr Abschaffung des Verfassungsschutzes - St\u00f6rungsmelder\" \/>\n<meta property=\"og:description\" content=\"Die vom Bundesinnenministerium und Bundesjustizministerium eingesetzte Ombudsfrau f\u00fcr die NSU-Opferfamilien h\u00e4lt den R\u00fccktritt des Verfassungsschutzpr\u00e4sidenten und einzelner L\u00e4nderchefs f\u00fcr nicht ausreichend. Sie spricht sich f\u00fcr eine Abschaffung des Verfassungsschutzes aus.\" \/>\n<meta property=\"og:url\" content=\"https:\/\/blog.zeit.de\/stoerungsmelder\/2012\/10\/14\/nsu-ombudsfrau-der-regierung-fur-abschaffung-des-verfassungsschutzes_10240\" \/>\n<meta property=\"og:site_name\" content=\"St\u00f6rungsmelder\" \/>\n<meta property=\"article:published_time\" content=\"2012-10-14T06:34:47+00:00\" \/>\n<meta property=\"og:image\" content=\"https:\/\/blog.zeit.de\/stoerungsmelder\/files\/2012\/10\/BfV-Wappen.gif\" \/>\n<meta name=\"author\" content=\"Roland Sieber\" \/>\n<meta name=\"twitter:card\" content=\"summary_large_image\" \/>\n<meta name=\"twitter:label1\" content=\"Geschrieben von\" \/>\n\t<meta name=\"twitter:data1\" content=\"Roland Sieber\" \/>\n\t<meta name=\"twitter:label2\" content=\"Gesch\u00e4tzte Lesezeit\" \/>\n\t<meta name=\"twitter:data2\" content=\"2\u00a0Minuten\" \/>\n<script type=\"application\/ld+json\" class=\"yoast-schema-graph\">{\"@context\":\"https:\/\/schema.org\",\"@graph\":[{\"@type\":\"WebPage\",\"@id\":\"https:\/\/blog.zeit.de\/stoerungsmelder\/2012\/10\/14\/nsu-ombudsfrau-der-regierung-fur-abschaffung-des-verfassungsschutzes_10240\",\"url\":\"https:\/\/blog.zeit.de\/stoerungsmelder\/2012\/10\/14\/nsu-ombudsfrau-der-regierung-fur-abschaffung-des-verfassungsschutzes_10240\",\"name\":\"NSU: Ombudsfrau der Regierung f\u00fcr Abschaffung des Verfassungsschutzes - St\u00f6rungsmelder\",\"isPartOf\":{\"@id\":\"https:\/\/blog.zeit.de\/stoerungsmelder\/#website\"},\"datePublished\":\"2012-10-14T06:34:47+00:00\",\"dateModified\":\"2012-10-14T06:34:47+00:00\",\"author\":{\"@id\":\"https:\/\/blog.zeit.de\/stoerungsmelder\/#\/schema\/person\/3da908df9eb5af3ca0f9ae44ac55958f\"},\"breadcrumb\":{\"@id\":\"https:\/\/blog.zeit.de\/stoerungsmelder\/2012\/10\/14\/nsu-ombudsfrau-der-regierung-fur-abschaffung-des-verfassungsschutzes_10240#breadcrumb\"},\"inLanguage\":\"de\",\"potentialAction\":[{\"@type\":\"ReadAction\",\"target\":[\"https:\/\/blog.zeit.de\/stoerungsmelder\/2012\/10\/14\/nsu-ombudsfrau-der-regierung-fur-abschaffung-des-verfassungsschutzes_10240\"]}]},{\"@type\":\"BreadcrumbList\",\"@id\":\"https:\/\/blog.zeit.de\/stoerungsmelder\/2012\/10\/14\/nsu-ombudsfrau-der-regierung-fur-abschaffung-des-verfassungsschutzes_10240#breadcrumb\",\"itemListElement\":[{\"@type\":\"ListItem\",\"position\":1,\"name\":\"Startseite\",\"item\":\"https:\/\/blog.zeit.de\/stoerungsmelder\"},{\"@type\":\"ListItem\",\"position\":2,\"name\":\"NSU: Ombudsfrau der Regierung f\u00fcr Abschaffung des Verfassungsschutzes\"}]},{\"@type\":\"WebSite\",\"@id\":\"https:\/\/blog.zeit.de\/stoerungsmelder\/#website\",\"url\":\"https:\/\/blog.zeit.de\/stoerungsmelder\/\",\"name\":\"St\u00f6rungsmelder\",\"description\":\"Recherchen und Analysen \u00fcber die extreme Rechte\",\"potentialAction\":[{\"@type\":\"SearchAction\",\"target\":{\"@type\":\"EntryPoint\",\"urlTemplate\":\"https:\/\/blog.zeit.de\/stoerungsmelder\/?s={search_term_string}\"},\"query-input\":\"required name=search_term_string\"}],\"inLanguage\":\"de\"},{\"@type\":\"Person\",\"@id\":\"https:\/\/blog.zeit.de\/stoerungsmelder\/#\/schema\/person\/3da908df9eb5af3ca0f9ae44ac55958f\",\"name\":\"Roland Sieber\",\"image\":{\"@type\":\"ImageObject\",\"inLanguage\":\"de\",\"@id\":\"https:\/\/blog.zeit.de\/stoerungsmelder\/#\/schema\/person\/image\/\",\"url\":\"https:\/\/secure.gravatar.com\/avatar\/7e54e25047fbec700aeec5062fb9539fd29b02b98cabcfb5f310ccf413bc8856?s=96&d=mm&r=pg\",\"contentUrl\":\"https:\/\/secure.gravatar.com\/avatar\/7e54e25047fbec700aeec5062fb9539fd29b02b98cabcfb5f310ccf413bc8856?s=96&d=mm&r=pg\",\"caption\":\"Roland Sieber\"},\"description\":\"Nachdem ich einige Jahre ehrenamtlich in der Jugendverbandsarbeit aktiv war und mich in der Bildungs- und B\u00fcndnisarbeit gegen Rassismus und Nationalismus engagierte, wollte ich mir mehr theoretisches Hintergrundwissen aneignen und studierte an der Akademie der Arbeit. Meine Abschlussarbeit schrieb ich zum Thema \u201eRechtsorientierte Jugend und Gewerkschaft\u201c. Seit 2009 studiere ich in Hamburg und publiziere mehr hobby- als berufsm\u00e4\u00dfig zu neuen Entwicklungen innerhalb der politischen Rechten sowie \u00fcber Rassismus, Antisemitismus und Islamfeindlichkeit auch in Grauzonenbereichen und Mischspektren.\",\"url\":\"https:\/\/blog.zeit.de\/stoerungsmelder\/author\/rolandsieber\"}]}<\/script>\n<!-- \/ Yoast SEO plugin. -->","yoast_head_json":{"title":"NSU: Ombudsfrau der Regierung f\u00fcr Abschaffung des Verfassungsschutzes - St\u00f6rungsmelder","robots":{"index":"index","follow":"follow","max-snippet":"max-snippet:-1","max-image-preview":"max-image-preview:large","max-video-preview":"max-video-preview:-1"},"canonical":"https:\/\/blog.zeit.de\/stoerungsmelder\/2012\/10\/14\/nsu-ombudsfrau-der-regierung-fur-abschaffung-des-verfassungsschutzes_10240","og_locale":"de_DE","og_type":"article","og_title":"NSU: Ombudsfrau der Regierung f\u00fcr Abschaffung des Verfassungsschutzes - St\u00f6rungsmelder","og_description":"Die vom Bundesinnenministerium und Bundesjustizministerium eingesetzte Ombudsfrau f\u00fcr die NSU-Opferfamilien h\u00e4lt den R\u00fccktritt des Verfassungsschutzpr\u00e4sidenten und einzelner L\u00e4nderchefs f\u00fcr nicht ausreichend. Sie spricht sich f\u00fcr eine Abschaffung des Verfassungsschutzes aus.","og_url":"https:\/\/blog.zeit.de\/stoerungsmelder\/2012\/10\/14\/nsu-ombudsfrau-der-regierung-fur-abschaffung-des-verfassungsschutzes_10240","og_site_name":"St\u00f6rungsmelder","article_published_time":"2012-10-14T06:34:47+00:00","og_image":[{"url":"https:\/\/blog.zeit.de\/stoerungsmelder\/files\/2012\/10\/BfV-Wappen.gif"}],"author":"Roland Sieber","twitter_card":"summary_large_image","twitter_misc":{"Geschrieben von":"Roland Sieber","Gesch\u00e4tzte Lesezeit":"2\u00a0Minuten"},"schema":{"@context":"https:\/\/schema.org","@graph":[{"@type":"WebPage","@id":"https:\/\/blog.zeit.de\/stoerungsmelder\/2012\/10\/14\/nsu-ombudsfrau-der-regierung-fur-abschaffung-des-verfassungsschutzes_10240","url":"https:\/\/blog.zeit.de\/stoerungsmelder\/2012\/10\/14\/nsu-ombudsfrau-der-regierung-fur-abschaffung-des-verfassungsschutzes_10240","name":"NSU: Ombudsfrau der Regierung f\u00fcr Abschaffung des Verfassungsschutzes - St\u00f6rungsmelder","isPartOf":{"@id":"https:\/\/blog.zeit.de\/stoerungsmelder\/#website"},"datePublished":"2012-10-14T06:34:47+00:00","dateModified":"2012-10-14T06:34:47+00:00","author":{"@id":"https:\/\/blog.zeit.de\/stoerungsmelder\/#\/schema\/person\/3da908df9eb5af3ca0f9ae44ac55958f"},"breadcrumb":{"@id":"https:\/\/blog.zeit.de\/stoerungsmelder\/2012\/10\/14\/nsu-ombudsfrau-der-regierung-fur-abschaffung-des-verfassungsschutzes_10240#breadcrumb"},"inLanguage":"de","potentialAction":[{"@type":"ReadAction","target":["https:\/\/blog.zeit.de\/stoerungsmelder\/2012\/10\/14\/nsu-ombudsfrau-der-regierung-fur-abschaffung-des-verfassungsschutzes_10240"]}]},{"@type":"BreadcrumbList","@id":"https:\/\/blog.zeit.de\/stoerungsmelder\/2012\/10\/14\/nsu-ombudsfrau-der-regierung-fur-abschaffung-des-verfassungsschutzes_10240#breadcrumb","itemListElement":[{"@type":"ListItem","position":1,"name":"Startseite","item":"https:\/\/blog.zeit.de\/stoerungsmelder"},{"@type":"ListItem","position":2,"name":"NSU: Ombudsfrau der Regierung f\u00fcr Abschaffung des Verfassungsschutzes"}]},{"@type":"WebSite","@id":"https:\/\/blog.zeit.de\/stoerungsmelder\/#website","url":"https:\/\/blog.zeit.de\/stoerungsmelder\/","name":"St\u00f6rungsmelder","description":"Recherchen und Analysen \u00fcber die extreme Rechte","potentialAction":[{"@type":"SearchAction","target":{"@type":"EntryPoint","urlTemplate":"https:\/\/blog.zeit.de\/stoerungsmelder\/?s={search_term_string}"},"query-input":"required name=search_term_string"}],"inLanguage":"de"},{"@type":"Person","@id":"https:\/\/blog.zeit.de\/stoerungsmelder\/#\/schema\/person\/3da908df9eb5af3ca0f9ae44ac55958f","name":"Roland Sieber","image":{"@type":"ImageObject","inLanguage":"de","@id":"https:\/\/blog.zeit.de\/stoerungsmelder\/#\/schema\/person\/image\/","url":"https:\/\/secure.gravatar.com\/avatar\/7e54e25047fbec700aeec5062fb9539fd29b02b98cabcfb5f310ccf413bc8856?s=96&d=mm&r=pg","contentUrl":"https:\/\/secure.gravatar.com\/avatar\/7e54e25047fbec700aeec5062fb9539fd29b02b98cabcfb5f310ccf413bc8856?s=96&d=mm&r=pg","caption":"Roland Sieber"},"description":"Nachdem ich einige Jahre ehrenamtlich in der Jugendverbandsarbeit aktiv war und mich in der Bildungs- und B\u00fcndnisarbeit gegen Rassismus und Nationalismus engagierte, wollte ich mir mehr theoretisches Hintergrundwissen aneignen und studierte an der Akademie der Arbeit. Meine Abschlussarbeit schrieb ich zum Thema \u201eRechtsorientierte Jugend und Gewerkschaft\u201c. Seit 2009 studiere ich in Hamburg und publiziere mehr hobby- als berufsm\u00e4\u00dfig zu neuen Entwicklungen innerhalb der politischen Rechten sowie \u00fcber Rassismus, Antisemitismus und Islamfeindlichkeit auch in Grauzonenbereichen und Mischspektren.","url":"https:\/\/blog.zeit.de\/stoerungsmelder\/author\/rolandsieber"}]}},"jetpack_featured_media_url":"","jetpack_sharing_enabled":true,"_links":{"self":[{"href":"https:\/\/blog.zeit.de\/stoerungsmelder\/wp-json\/wp\/v2\/posts\/10240","targetHints":{"allow":["GET"]}}],"collection":[{"href":"https:\/\/blog.zeit.de\/stoerungsmelder\/wp-json\/wp\/v2\/posts"}],"about":[{"href":"https:\/\/blog.zeit.de\/stoerungsmelder\/wp-json\/wp\/v2\/types\/post"}],"author":[{"embeddable":true,"href":"https:\/\/blog.zeit.de\/stoerungsmelder\/wp-json\/wp\/v2\/users\/372"}],"replies":[{"embeddable":true,"href":"https:\/\/blog.zeit.de\/stoerungsmelder\/wp-json\/wp\/v2\/comments?post=10240"}],"version-history":[{"count":4,"href":"https:\/\/blog.zeit.de\/stoerungsmelder\/wp-json\/wp\/v2\/posts\/10240\/revisions"}],"predecessor-version":[{"id":10247,"href":"https:\/\/blog.zeit.de\/stoerungsmelder\/wp-json\/wp\/v2\/posts\/10240\/revisions\/10247"}],"wp:attachment":[{"href":"https:\/\/blog.zeit.de\/stoerungsmelder\/wp-json\/wp\/v2\/media?parent=10240"}],"wp:term":[{"taxonomy":"category","embeddable":true,"href":"https:\/\/blog.zeit.de\/stoerungsmelder\/wp-json\/wp\/v2\/categories?post=10240"},{"taxonomy":"post_tag","embeddable":true,"href":"https:\/\/blog.zeit.de\/stoerungsmelder\/wp-json\/wp\/v2\/tags?post=10240"}],"curies":[{"name":"wp","href":"https:\/\/api.w.org\/{rel}","templated":true}]}}