{"id":10303,"date":"2012-10-23T19:33:12","date_gmt":"2012-10-23T17:33:12","guid":{"rendered":"http:\/\/blog.zeit.de\/stoerungsmelder\/?p=10303"},"modified":"2015-10-29T16:24:14","modified_gmt":"2015-10-29T15:24:14","slug":"nazidemo-in-coburg-trotz-bundesprominez-wenig-los","status":"publish","type":"post","link":"https:\/\/blog.zeit.de\/stoerungsmelder\/2012\/10\/23\/nazidemo-in-coburg-trotz-bundesprominez-wenig-los_10303","title":{"rendered":"Nazidemo in Coburg: Trotz &#8222;Bundesprominenz&#8220; wenig los"},"content":{"rendered":"<p><figure id=\"attachment_10305\" aria-describedby=\"caption-attachment-10305\" style=\"width: 540px\" class=\"wp-caption aligncenter\"><a href=\"https:\/\/blog.zeit.de\/stoerungsmelder\/files\/2012\/10\/titelbild_coburg1.jpg\"><img loading=\"lazy\" decoding=\"async\" class=\"size-full wp-image-10305\" src=\"https:\/\/blog.zeit.de\/stoerungsmelder\/files\/2012\/10\/titelbild_coburg1.jpg\" alt=\"\" width=\"540\" height=\"300\" srcset=\"https:\/\/blog.zeit.de\/stoerungsmelder\/files\/2012\/10\/titelbild_coburg1.jpg 540w, https:\/\/blog.zeit.de\/stoerungsmelder\/files\/2012\/10\/titelbild_coburg1-300x166.jpg 300w\" sizes=\"auto, (max-width: 540px) 100vw, 540px\" \/><\/a><figcaption id=\"caption-attachment-10305\" class=\"wp-caption-text\">80 Neonazis marschierten durch Coburg \u00a9 Timo M\u00fcller<\/figcaption><\/figure><\/p>\n<p>Am Samstag den 20.Oktober, marschierten knapp 80 Neonazis aus den Reihen der NPD und ihrer Jugendorganisation, Junge Nationaldemokraten (JN), durch die Lutherstadt Coburg. Die Neonazis hatten urspr\u00fcnglich mit \u00fcber 200 Teilnehmern gerechnet. Am Ende waren es knapp 80, die dem Aufruf folgten. <!--more--><\/p>\n<p>Das Datum f\u00fcr den Aufmarsch war nicht zuf\u00e4llig gew\u00e4hlt: Am 15. Und 16. Oktober 1922 f\u00fchrte der \u201eDeutschv\u00f6lkische Schutz- und Trutzbund\u201c seinen \u201eDeutschen Tag\u201c in Coburg durch. Die NSDAP war erstmals zu dieser Gro\u00dfveranstaltung eingeladen worden. Die Anwesenheit Adolf Hitlers auf der Veranstaltung und der Marsch zur Burg f\u00fchrte zu gewaltt\u00e4tigen Auseinandersetzungen mit Gegendemonstranten.<\/p>\n<p>90 Jahre sp\u00e4ter marschieren die jungen Neonazis der parteinahen Kr\u00e4fte in Coburg auf. Kritische Juristen wei\u00dfen darauf hin, dass der Aufzug schon deswegen h\u00e4tte verboten werden k\u00f6nnen, da ein historischer Kontext zu den Tagen um den 15.\/16. Oktober herzustellen ist und dies laut Art. 15 Abs. 2.1a (BayVersG) rechtswidrig sei.<\/p>\n<p>Intern rechneten die Organisatoren der Demonstration mit 200 Teilnehmern, da sie vor allem in den angrenzenden Bundesl\u00e4ndern, Th\u00fcringen und Hessen, mobilisiert hatten. Gekommen waren dann neben den organisierenden Gruppen (JN Franken\/Oberpfalz, die neu gegr\u00fcndete JN Oberfranken) auch einige Aktivisten der \u201eJN Hessen\u201c, der \u201eAktionsgruppe Wei\u00dfenfels\u201c, der \u201eBruderschaft Hessen\u201c, dem \u201eFr\u00e4nkischen Heimatschutz\u201c (FHS), des \u201eAktionsb\u00fcndnis Nordfranken\u201c und der th\u00fcringischen Vereinigung \u201eB\u00fcndnis-Zukunft-Hildburghausen\u201c. Obwohl vor allem der FHS zu den gr\u00f6\u00dften Neonazikameradschaften Oberfrankens geh\u00f6rt, war nur ein Teil des Aktivistenstamms anwesend.<\/p>\n<p>Schon von Anfang an wirkte die Atmosph\u00e4re auf der Auftaktkundgebung sehr abstrus: Michael Sch\u00e4fer(Wernigerode), der Bundesvorsitzende der JN, bringt Frisbee Scheiben auf die Kundgebung mit, um die Stimmung anzufachen. Patrick Schr\u00f6der(Oberhof), Landeskoordinationsleiter der bayerischen NPD, wird wegen einer mitgef\u00fchrten Waffe vorl\u00e4ufig festgenommen. Angemeldet hat den Aufmarsch der Landesgesch\u00e4ftsf\u00fchrer der bayerischen NPD, Axel Michaelis (Wachenroth), der allerdings selbst nicht anwesend war.<\/p>\n<p>F\u00fchrende K\u00f6pfe der bayerischen NPD wie der stellvertretende NPD-Bundesvorsitzende, Karl Richter, waren schlie\u00dflich ebenso anwesend wie die lokalen NPD- Aktivisten Winfried Breu (Kreisgesch\u00e4ftsf\u00fchrer im KV Lichtenfels\/Kronach, Bad Staffelstein), Heidrich Klenhardt (Postbauer-Heng) und Dietmar D\u00f6ring (NPD- Kreisvorsitzender Coburg und FHS- Aktivist). Auch f\u00fchrende Aktivisten aus der NPD-nahen Kameradschaftsszene wie Marcel Marderer (Forchheim), Simon F. (N\u00fcrnberg) und Jens R\u00fcttiger (Hohenroth) sind angereist. Der Ordnerdienst wird von dem Bundesgesch\u00e4ftsf\u00fchrer der JN, Julian Monaco (Dresden), geleitet. Neben den bayerischen Aktivisten Schr\u00f6der, R\u00fcttiger und Marderer fungieren vor allem Neonazis aus anderen Bundesl\u00e4ndern um Kevin A. (Wiegersen) als Ordner. Auch der eigene Fotograf ist mit Dennis B. ein Ausw\u00e4rtiger.<\/p>\n<p>Nachdem Schr\u00f6der wieder auf freien Fu\u00df gesetzt wurde und der f\u00fchrende Aktivist der JN Franken \/Oberpfalz und Versammlungsleiter, Sven Diem (N\u00fcrnberg), die Auflagen verlesen hat setzte sich der Zug in Bewegung. Neben den \u00fcblichen Neonaziparolen hatten einige allerdings auch fanatischen Charakter: \u201eOb S\u00fcd, ob Nord Zecken t\u00f6ten ist kein Mord\u201c und \u201eEin Baum ein Strick ein Zeckengenick\u201c. Einige Neonazis riefen auch ununterbrochen \u201eVolkstod stoppen- Nazis poppen\u201c. Schon auf dem Weg in die Innenstadt wird der Demonstrationszug der Neonazis durch Sitzblockaden gestoppt. Von b\u00fcrgerlichen Nazigegnern bis hin zu Autonomen st\u00f6ren etliche Gegendemonstranten den Neonaziaufmarsch. Die Polizei hat Schwierigkeiten die Kontrolle zu behalten und kann nichts gegen die stetig wachsenende Blockade unternehmen. Die Neonazis m\u00fcssen vorerst auf der Stra\u00dfe ausharren und werden letztendlich an der Blockade vorbeigeleitet. Dabei kommt es auch zu \u00dcbergriffen seitens der Neonazis auf Antifaschisten. Michael Sch\u00e4fer, der Moderator des Aufmarsches versucht, die eigene Gefolgschaft mit anpeitschenden Redebeitr\u00e4gen zu motivieren : \u201eWir sind heute hier um ein bisschen Spa\u00df zu haben und zu zeigen, es gibt eine alternative Jugendkultur, die ihren Spa\u00df treiben wollen mit den Etablierten, die die etablierten Vollidioten vor sich hertreiben wollen\u201c. Die Gegendemonstranten tituliert er kontinuierlich als \u201everr\u00fcckte Idioten\u201c.<\/p>\n<p>W\u00e4hrend sich die Neonazis von der einen Blockade zur n\u00e4chsten Schl\u00e4ngeln m\u00fcssen erreichen sie einen Zwischenkundgebungsplatz. Ein 16-j\u00e4hriger Aktivist des \u201eAktionsb\u00fcndnis Nordfranken\u201c, der aus einem kleinen Ort im Landkreis Lichtenstein stammt versucht sich mit einer politischen Analyse der ultrarechten Bewegung \u201ePro Deutschland\u201c und betitelt diese als \u201ezionistische Partei\u201c.<\/p>\n<p>Die n\u00e4chste Kundgebung auf der Aufmarschroute befindet sich in unmittelbarer N\u00e4he zu einer Moschee. Der stellv. Landeschef der NPD- Sachsen, Maik Scheffler (Delitzsch), ist der n\u00e4chste auf der Rednerliste. \u201eEs ist mir keine Ehre \u00fcberhaupt nur in der N\u00e4he der Moschee zu sprechen, denn wenn es nach mir geht, w\u00e4re es heute auch das letzte Mal, da diese Geb\u00e4ude morgen nicht mehr hier auf deutschen Boden steht\u201c, beginnt er seine Ansprache. In seiner rassistischen und von Ressentiments durchsetzten Rede spricht er auch von \u201egrimmigen, brutalen und kaputten Gesichtern\u201c mit \u201edunkler Hautfarbe\u201c und von \u201eMuslimen und (..) kranken Gestalten, die hier versuchen in Deutschland uns zu vertreiben\u201c.<\/p>\n<p>Als letzter Redner spricht Karl Richter, der sich \u00fcber die Religionsfreiheit in Deutschland echauffiert und \u00fcber Verbrechen fabuliert, welche von vermeintlichen Migranten begangen werden. W\u00e4hrend dieser Kundgebung greifen Neonazis einen \u00e4lteren Herrn an, der am Rand der Kundgebung steht und sich kritisch \u00e4u\u00dfert.<\/p>\n<p>Nach \u00fcber f\u00fcnf Stunden wird der rechte Aufmarsch dann f\u00fcr beendet erkl\u00e4rt. Die Polizei spricht von f\u00fcnf Festnahmen, die sowohl aus dem Lager der Neonazis, als auch dem der Gegendemonstranten kommen.<\/p>\n<p>Anfang der Woche wurde zudem bekannt, dass w\u00e4hrend der Protestaktion eine junge Frau und ein 60- j\u00e4hriger Mann von Polizeibeamten verletzt worden sein sollen. Der Mann, Sohn eines KZ-Inhaftierten, hatte laut Medienberichten versucht an einer Sitzblockade teilzunehmen und wurde von Einsatzkr\u00e4ften des bayerischen Unterst\u00fctzungskommandos (USK) mit massiven Schlagstockeinsatz zur\u00fcckgedr\u00e4ngt. Ein Notarzt habe ihn mit Verdacht auf akute Lebensgefahr ins Krankenhaus gefahren. Nach zwei Tagen im Krankenhaus wurde er entlassen. Diagnose: Ein Schlag aufs Herz verursachte Herz-Rhythmus St\u00f6rungen und zwei Rippen sind gebrochen. Die Polizei k\u00fcndigte an, den Vorfall zu untersuchen.<\/p>\n","protected":false},"excerpt":{"rendered":"<p>Am Samstag den 20.Oktober, marschierten knapp 80 Neonazis aus den Reihen der NPD und ihrer Jugendorganisation, Junge Nationaldemokraten (JN), durch die Lutherstadt Coburg. Die Neonazis hatten urspr\u00fcnglich mit \u00fcber 200 Teilnehmern gerechnet. Am Ende waren es knapp 80, die dem Aufruf folgten.<\/p>\n","protected":false},"author":363,"featured_media":0,"comment_status":"open","ping_status":"open","sticky":false,"template":"","format":"standard","meta":{"_jetpack_memberships_contains_paid_content":false,"footnotes":""},"categories":[59],"tags":[12774,22862,22864,1628,22865,1636,22866,22863,1687,17935,2454,17870],"class_list":["post-10303","post","type-post","status-publish","format-standard","hentry","category-bayern","tag-aufmarsch","tag-coburg","tag-jens-ruttiger","tag-jn","tag-julian-monaco","tag-junge-nationaldemokraten","tag-kal-richter","tag-marcel-m","tag-michael-schafer","tag-neonazi-aufmarsch","tag-patrick-schroder","tag-sven-diem"],"yoast_head":"<!-- This site is optimized with the Yoast SEO plugin v21.0 - https:\/\/yoast.com\/wordpress\/plugins\/seo\/ -->\n<title>Nazidemo in Coburg: Trotz &quot;Bundesprominenz&quot; wenig los - St\u00f6rungsmelder<\/title>\n<meta name=\"robots\" content=\"index, follow, max-snippet:-1, max-image-preview:large, max-video-preview:-1\" \/>\n<link rel=\"canonical\" href=\"https:\/\/blog.zeit.de\/stoerungsmelder\/2012\/10\/23\/nazidemo-in-coburg-trotz-bundesprominez-wenig-los_10303\" \/>\n<meta property=\"og:locale\" content=\"de_DE\" \/>\n<meta property=\"og:type\" content=\"article\" \/>\n<meta property=\"og:title\" content=\"Nazidemo in Coburg: Trotz &quot;Bundesprominenz&quot; wenig los - St\u00f6rungsmelder\" \/>\n<meta property=\"og:description\" content=\"Am Samstag den 20.Oktober, marschierten knapp 80 Neonazis aus den Reihen der NPD und ihrer Jugendorganisation, Junge Nationaldemokraten (JN), durch die Lutherstadt Coburg. Die Neonazis hatten urspr\u00fcnglich mit \u00fcber 200 Teilnehmern gerechnet. Am Ende waren es knapp 80, die dem Aufruf folgten.\" \/>\n<meta property=\"og:url\" content=\"https:\/\/blog.zeit.de\/stoerungsmelder\/2012\/10\/23\/nazidemo-in-coburg-trotz-bundesprominez-wenig-los_10303\" \/>\n<meta property=\"og:site_name\" content=\"St\u00f6rungsmelder\" \/>\n<meta property=\"article:published_time\" content=\"2012-10-23T17:33:12+00:00\" \/>\n<meta property=\"article:modified_time\" content=\"2015-10-29T15:24:14+00:00\" \/>\n<meta property=\"og:image\" content=\"https:\/\/blog.zeit.de\/stoerungsmelder\/files\/2012\/10\/titelbild_coburg1.jpg\" \/>\n<meta name=\"author\" content=\"Jonas Miller\" \/>\n<meta name=\"twitter:card\" content=\"summary_large_image\" \/>\n<meta name=\"twitter:label1\" content=\"Geschrieben von\" \/>\n\t<meta name=\"twitter:data1\" content=\"Jonas Miller\" \/>\n\t<meta name=\"twitter:label2\" content=\"Gesch\u00e4tzte Lesezeit\" \/>\n\t<meta name=\"twitter:data2\" content=\"5\u00a0Minuten\" \/>\n<script type=\"application\/ld+json\" class=\"yoast-schema-graph\">{\"@context\":\"https:\/\/schema.org\",\"@graph\":[{\"@type\":\"WebPage\",\"@id\":\"https:\/\/blog.zeit.de\/stoerungsmelder\/2012\/10\/23\/nazidemo-in-coburg-trotz-bundesprominez-wenig-los_10303\",\"url\":\"https:\/\/blog.zeit.de\/stoerungsmelder\/2012\/10\/23\/nazidemo-in-coburg-trotz-bundesprominez-wenig-los_10303\",\"name\":\"Nazidemo in Coburg: Trotz \\\"Bundesprominenz\\\" wenig los - St\u00f6rungsmelder\",\"isPartOf\":{\"@id\":\"https:\/\/blog.zeit.de\/stoerungsmelder\/#website\"},\"datePublished\":\"2012-10-23T17:33:12+00:00\",\"dateModified\":\"2015-10-29T15:24:14+00:00\",\"author\":{\"@id\":\"https:\/\/blog.zeit.de\/stoerungsmelder\/#\/schema\/person\/abb0b5e2ae04ea00291f461511cf0e6b\"},\"breadcrumb\":{\"@id\":\"https:\/\/blog.zeit.de\/stoerungsmelder\/2012\/10\/23\/nazidemo-in-coburg-trotz-bundesprominez-wenig-los_10303#breadcrumb\"},\"inLanguage\":\"de\",\"potentialAction\":[{\"@type\":\"ReadAction\",\"target\":[\"https:\/\/blog.zeit.de\/stoerungsmelder\/2012\/10\/23\/nazidemo-in-coburg-trotz-bundesprominez-wenig-los_10303\"]}]},{\"@type\":\"BreadcrumbList\",\"@id\":\"https:\/\/blog.zeit.de\/stoerungsmelder\/2012\/10\/23\/nazidemo-in-coburg-trotz-bundesprominez-wenig-los_10303#breadcrumb\",\"itemListElement\":[{\"@type\":\"ListItem\",\"position\":1,\"name\":\"Startseite\",\"item\":\"https:\/\/blog.zeit.de\/stoerungsmelder\"},{\"@type\":\"ListItem\",\"position\":2,\"name\":\"Nazidemo in Coburg: Trotz &#8222;Bundesprominenz&#8220; wenig los\"}]},{\"@type\":\"WebSite\",\"@id\":\"https:\/\/blog.zeit.de\/stoerungsmelder\/#website\",\"url\":\"https:\/\/blog.zeit.de\/stoerungsmelder\/\",\"name\":\"St\u00f6rungsmelder\",\"description\":\"Recherchen und Analysen \u00fcber die extreme Rechte\",\"potentialAction\":[{\"@type\":\"SearchAction\",\"target\":{\"@type\":\"EntryPoint\",\"urlTemplate\":\"https:\/\/blog.zeit.de\/stoerungsmelder\/?s={search_term_string}\"},\"query-input\":\"required name=search_term_string\"}],\"inLanguage\":\"de\"},{\"@type\":\"Person\",\"@id\":\"https:\/\/blog.zeit.de\/stoerungsmelder\/#\/schema\/person\/abb0b5e2ae04ea00291f461511cf0e6b\",\"name\":\"Jonas Miller\",\"image\":{\"@type\":\"ImageObject\",\"inLanguage\":\"de\",\"@id\":\"https:\/\/blog.zeit.de\/stoerungsmelder\/#\/schema\/person\/image\/\",\"url\":\"https:\/\/secure.gravatar.com\/avatar\/c86a48d8af5f6cb474e5792b625c0051659345670c87ad1d34ce5dc50fecf79f?s=96&d=mm&r=pg\",\"contentUrl\":\"https:\/\/secure.gravatar.com\/avatar\/c86a48d8af5f6cb474e5792b625c0051659345670c87ad1d34ce5dc50fecf79f?s=96&d=mm&r=pg\",\"caption\":\"Jonas Miller\"},\"url\":\"https:\/\/blog.zeit.de\/stoerungsmelder\/author\/timomueller\"}]}<\/script>\n<!-- \/ Yoast SEO plugin. -->","yoast_head_json":{"title":"Nazidemo in Coburg: Trotz \"Bundesprominenz\" wenig los - St\u00f6rungsmelder","robots":{"index":"index","follow":"follow","max-snippet":"max-snippet:-1","max-image-preview":"max-image-preview:large","max-video-preview":"max-video-preview:-1"},"canonical":"https:\/\/blog.zeit.de\/stoerungsmelder\/2012\/10\/23\/nazidemo-in-coburg-trotz-bundesprominez-wenig-los_10303","og_locale":"de_DE","og_type":"article","og_title":"Nazidemo in Coburg: Trotz \"Bundesprominenz\" wenig los - St\u00f6rungsmelder","og_description":"Am Samstag den 20.Oktober, marschierten knapp 80 Neonazis aus den Reihen der NPD und ihrer Jugendorganisation, Junge Nationaldemokraten (JN), durch die Lutherstadt Coburg. Die Neonazis hatten urspr\u00fcnglich mit \u00fcber 200 Teilnehmern gerechnet. Am Ende waren es knapp 80, die dem Aufruf folgten.","og_url":"https:\/\/blog.zeit.de\/stoerungsmelder\/2012\/10\/23\/nazidemo-in-coburg-trotz-bundesprominez-wenig-los_10303","og_site_name":"St\u00f6rungsmelder","article_published_time":"2012-10-23T17:33:12+00:00","article_modified_time":"2015-10-29T15:24:14+00:00","og_image":[{"url":"https:\/\/blog.zeit.de\/stoerungsmelder\/files\/2012\/10\/titelbild_coburg1.jpg"}],"author":"Jonas Miller","twitter_card":"summary_large_image","twitter_misc":{"Geschrieben von":"Jonas Miller","Gesch\u00e4tzte Lesezeit":"5\u00a0Minuten"},"schema":{"@context":"https:\/\/schema.org","@graph":[{"@type":"WebPage","@id":"https:\/\/blog.zeit.de\/stoerungsmelder\/2012\/10\/23\/nazidemo-in-coburg-trotz-bundesprominez-wenig-los_10303","url":"https:\/\/blog.zeit.de\/stoerungsmelder\/2012\/10\/23\/nazidemo-in-coburg-trotz-bundesprominez-wenig-los_10303","name":"Nazidemo in Coburg: Trotz \"Bundesprominenz\" wenig los - St\u00f6rungsmelder","isPartOf":{"@id":"https:\/\/blog.zeit.de\/stoerungsmelder\/#website"},"datePublished":"2012-10-23T17:33:12+00:00","dateModified":"2015-10-29T15:24:14+00:00","author":{"@id":"https:\/\/blog.zeit.de\/stoerungsmelder\/#\/schema\/person\/abb0b5e2ae04ea00291f461511cf0e6b"},"breadcrumb":{"@id":"https:\/\/blog.zeit.de\/stoerungsmelder\/2012\/10\/23\/nazidemo-in-coburg-trotz-bundesprominez-wenig-los_10303#breadcrumb"},"inLanguage":"de","potentialAction":[{"@type":"ReadAction","target":["https:\/\/blog.zeit.de\/stoerungsmelder\/2012\/10\/23\/nazidemo-in-coburg-trotz-bundesprominez-wenig-los_10303"]}]},{"@type":"BreadcrumbList","@id":"https:\/\/blog.zeit.de\/stoerungsmelder\/2012\/10\/23\/nazidemo-in-coburg-trotz-bundesprominez-wenig-los_10303#breadcrumb","itemListElement":[{"@type":"ListItem","position":1,"name":"Startseite","item":"https:\/\/blog.zeit.de\/stoerungsmelder"},{"@type":"ListItem","position":2,"name":"Nazidemo in Coburg: Trotz &#8222;Bundesprominenz&#8220; wenig los"}]},{"@type":"WebSite","@id":"https:\/\/blog.zeit.de\/stoerungsmelder\/#website","url":"https:\/\/blog.zeit.de\/stoerungsmelder\/","name":"St\u00f6rungsmelder","description":"Recherchen und Analysen \u00fcber die extreme Rechte","potentialAction":[{"@type":"SearchAction","target":{"@type":"EntryPoint","urlTemplate":"https:\/\/blog.zeit.de\/stoerungsmelder\/?s={search_term_string}"},"query-input":"required name=search_term_string"}],"inLanguage":"de"},{"@type":"Person","@id":"https:\/\/blog.zeit.de\/stoerungsmelder\/#\/schema\/person\/abb0b5e2ae04ea00291f461511cf0e6b","name":"Jonas Miller","image":{"@type":"ImageObject","inLanguage":"de","@id":"https:\/\/blog.zeit.de\/stoerungsmelder\/#\/schema\/person\/image\/","url":"https:\/\/secure.gravatar.com\/avatar\/c86a48d8af5f6cb474e5792b625c0051659345670c87ad1d34ce5dc50fecf79f?s=96&d=mm&r=pg","contentUrl":"https:\/\/secure.gravatar.com\/avatar\/c86a48d8af5f6cb474e5792b625c0051659345670c87ad1d34ce5dc50fecf79f?s=96&d=mm&r=pg","caption":"Jonas Miller"},"url":"https:\/\/blog.zeit.de\/stoerungsmelder\/author\/timomueller"}]}},"jetpack_featured_media_url":"","jetpack_sharing_enabled":true,"_links":{"self":[{"href":"https:\/\/blog.zeit.de\/stoerungsmelder\/wp-json\/wp\/v2\/posts\/10303","targetHints":{"allow":["GET"]}}],"collection":[{"href":"https:\/\/blog.zeit.de\/stoerungsmelder\/wp-json\/wp\/v2\/posts"}],"about":[{"href":"https:\/\/blog.zeit.de\/stoerungsmelder\/wp-json\/wp\/v2\/types\/post"}],"author":[{"embeddable":true,"href":"https:\/\/blog.zeit.de\/stoerungsmelder\/wp-json\/wp\/v2\/users\/363"}],"replies":[{"embeddable":true,"href":"https:\/\/blog.zeit.de\/stoerungsmelder\/wp-json\/wp\/v2\/comments?post=10303"}],"version-history":[{"count":9,"href":"https:\/\/blog.zeit.de\/stoerungsmelder\/wp-json\/wp\/v2\/posts\/10303\/revisions"}],"predecessor-version":[{"id":20431,"href":"https:\/\/blog.zeit.de\/stoerungsmelder\/wp-json\/wp\/v2\/posts\/10303\/revisions\/20431"}],"wp:attachment":[{"href":"https:\/\/blog.zeit.de\/stoerungsmelder\/wp-json\/wp\/v2\/media?parent=10303"}],"wp:term":[{"taxonomy":"category","embeddable":true,"href":"https:\/\/blog.zeit.de\/stoerungsmelder\/wp-json\/wp\/v2\/categories?post=10303"},{"taxonomy":"post_tag","embeddable":true,"href":"https:\/\/blog.zeit.de\/stoerungsmelder\/wp-json\/wp\/v2\/tags?post=10303"}],"curies":[{"name":"wp","href":"https:\/\/api.w.org\/{rel}","templated":true}]}}