{"id":10326,"date":"2012-10-26T19:57:55","date_gmt":"2012-10-26T17:57:55","guid":{"rendered":"http:\/\/blog.zeit.de\/stoerungsmelder\/?p=10326"},"modified":"2012-10-26T19:57:55","modified_gmt":"2012-10-26T17:57:55","slug":"asyl-und-religionsfreiheit-sind-menschenrecht","status":"publish","type":"post","link":"https:\/\/blog.zeit.de\/stoerungsmelder\/2012\/10\/26\/asyl-und-religionsfreiheit-sind-menschenrecht_10326","title":{"rendered":"Asyl und Religionsfreiheit sind Menschenrecht"},"content":{"rendered":"<p><a href=\"https:\/\/blog.zeit.de\/stoerungsmelder\/files\/2012\/10\/ld_bsp1.png\"><img loading=\"lazy\" decoding=\"async\" class=\"alignleft size-medium wp-image-10327\" src=\"https:\/\/blog.zeit.de\/stoerungsmelder\/files\/2012\/10\/ld_bsp1-300x116.png\" alt=\"\" width=\"300\" height=\"116\" srcset=\"https:\/\/blog.zeit.de\/stoerungsmelder\/files\/2012\/10\/ld_bsp1-300x116.png 300w, https:\/\/blog.zeit.de\/stoerungsmelder\/files\/2012\/10\/ld_bsp1.png 340w\" sizes=\"auto, (max-width: 300px) 100vw, 300px\" \/><\/a>Stellungnahme des <a href=\"http:\/\/www.kulturbuero-sachsen.de\" target=\"_blank\">Kulturb\u00fcros Sachsen<\/a> zur rassistischen Anti-Asyl- und antimuslimischen Kampagne der NPD Sachsen:<\/p>\n<p>Menschenrechte sind das Fundament demokratischer Werte. Deshalb setzen sich die Unterzeichner_innen dieser Stellungnahme f\u00fcr menschenw\u00fcrdige Bedingungen f\u00fcr Asylsuchende sowie die Gew\u00e4hrleistung der Religionsfreiheit und die Wertsch\u00e4tzung der Religionen ein.<!--more--><\/p>\n<p>Rassismus ist allt\u00e4gliche Realit\u00e4t in Sachsen. Unterhalb von k\u00f6rperlicher Gewalt und (Neo)Nazi-Kampagnen erfahren People of Color* (POC &#8211; Selbstbezeichnung von Menschen nicht-wei\u00dfer Hautfarbe) und Migrant_innen z.B. auf dem Arbeits- und Wohnungsmarkt oder bei Disco-Einlass-Kontrollen rassistische Ausgrenzung und sind in gesellschaftlichen und politischen Institutionen unterrepr\u00e4sentiert.<\/p>\n<p>Die Ablehnung des Grundrechts auf Asyl und der antimuslimische Rassismus sind ein Teil dieser allt\u00e4glichen Realit\u00e4t. Die Unterzeichnenden engagieren sich f\u00fcr eine demokratische und diskriminierungsfreie Gesellschaft und solidarisieren sich mit den Betroffenen von Rassismus.<\/p>\n<p>Wir weisen die NPD-Kampagne gegen Asylsuchende sowie gegen muslimische Glaubensst\u00e4tten und Vereine in Sachsen entschieden zur\u00fcck.<\/p>\n<p>Wieder versucht die NPD, die z.T. rassistischen Debatten zu Asyl und zum Islam anzuheizen: Seit etwa einem Jahr widmet sie sich verst\u00e4rkt ihrer Anti-Asyl-Kampagne in den s\u00e4chsischen Regionen &#8211; wie etwa in Schneeberg, Leipzig, Pirna, Gr\u00f6ditz, Chemnitz oder Dresden. Parallel dazu potenzierte die NPD die weit verbreitete Muslimfeindlichkeit, so z.B. mit ihrer Kampagne gegen den Bau von Moscheen in Sachsen.<\/p>\n<p>Mit der Tour in der kommenden Woche spitzt sie ihre Strategie zu und verbindet die Ablehnung von Asyl und Islam zu einem Themenkomplex. Damit versucht sie, Resonanz in weiten Teilen der Gesellschaft zu finden. Die rassistischen Pogrome von Rostock-Lichtenhagen bzw. Hoyerswerda j\u00e4hren sich zum 20. bzw. 21. Mal. Gewaltbereite (Neo)Nazis d\u00fcrften sich durch die NPD-Tour best\u00e4rkt f\u00fchlen, ihre Ideologie in Angriffe umzusetzen. T\u00e4glich sind People of Color Ziel von rassistischen Angriffen. Ebenso Gesch\u00e4fte, Restaurants oder Imbisse, die von nicht-wei\u00dfen Menschen betrieben werden; dar\u00fcber hinaus Unterk\u00fcnfte f\u00fcr Asylsuchende sowie muslimische Vereine oder Glaubensst\u00e4tten.<\/p>\n<p>Deshalb solidarisieren wir uns mit Betroffenen von Rassismus, Asylsuchenden und Mitgliedern von muslimischen Religionsgemeinschaften.<\/p>\n<p>Auf unserer Webseite unter www.kulturbuero-sachsen.de ver\u00f6ffentlichen wir aktuelle Informationen zu geplanten Protestveranstaltungen gegen die NPD-Tour. Au\u00dferdem gibt es Downloads f\u00fcr Flyer, Infomaterial und Informationsbl\u00e4tter f\u00fcr die von der NPD-Tour direkt Betroffenen in mehreren Sprachen.<\/p>\n<p>Die Unterst\u00fctzerliste des Aufrufs wird laufend erg\u00e4nzt. Mitzeichner schreiben eine Mail an: presse@kulturbuero-sachsen.de<\/p>\n<p><strong>Stellungnahme der Zivilgesellschaft als Handzettel:<\/strong><br \/>\nZur Verbreitung des Textes in Ihrer Region k\u00f6nnen Sie ihn hier herunterladen (PDF). In das freie Feld k\u00f6nnen lokale Termine f\u00fcr Gegenveranstaltungen eingetragen werden.<br \/>\n<a href=\"https:\/\/dl.dropbox.com\/u\/18614177\/Stellungnahme_NPD-Tour.pdf\" target=\"_blank\">Download<\/a><\/p>\n<p><strong>Handzettel zur Verteilung an die direkt Betroffenen<br \/>\n<\/strong>&#8230; in den Religionsgemeinschaften, Unterk\u00fcnften etc. &#8211; in mehreren Sprachen (PDF-Format, weitere Sprachen werden folgen).<br \/>\n<a href=\"http:\/\/kulturbuero-sachsen.de\/images\/PDF\/info_arabisch.pdf\" target=\"_blank\">Download Arabisch<br \/>\n<\/a><a href=\"http:\/\/kulturbuero-sachsen.de\/images\/PDF\/info_deutsch.pdf\" target=\"_blank\">Download Deutsch<\/a><br \/>\n<a href=\"http:\/\/kulturbuero-sachsen.de\/images\/PDF\/info_persisch.pdf\" target=\"_blank\">Download Persisch<\/a><br \/>\n<a href=\"http:\/\/kulturbuero-sachsen.de\/images\/PDF\/info_serbokroatisch.pdf\" target=\"_blank\">Download Serbokroatisch<\/a><br \/>\n<a href=\"http:\/\/kulturbuero-sachsen.de\/images\/PDF\/info_tuerkisch.pdf\" target=\"_blank\">Download T\u00fcrkisch<\/a><\/p>\n<p><strong>Flyer \/ Plakate \/ Aufrufe zu verschiedenen Protest-Veranstaltungen:<br \/>\n<\/strong><a href=\"http:\/\/kulturbuero-sachsen.de\/images\/PDF\/Flyer_30_10_2012_Plauen.pdf\" target=\"_blank\">Plauen<br \/>\n<\/a><a href=\"http:\/\/kulturbuero-sachsen.de\/images\/PDF\/Aufruf_Kundgebung_1.11.2012_NPD-Brandstiftertour.pdf\" target=\"_blank\">Dresden<br \/>\n<\/a><a href=\"http:\/\/kulturbuero-sachsen.de\/images\/PDF\/flyer_30_10_2012_Chemnitz.pdf\" target=\"_blank\">Chemnitz<\/a><\/p>\n<p><strong>Initiatoren:<\/strong><\/p>\n<p>Kulturb\u00fcro Sachsen e.V.<br \/>\nS\u00e4chsischer Fl\u00fcchtlingsrat e.V.<br \/>\nS\u00e4chsischer Migrantenbeirat<\/p>\n<p><strong>Erstunterzeichner:<br \/>\n<\/strong><br \/>\nAntidiskriminierungsb\u00fcro Sachsen e.V.<br \/>\nArbeitsgemeinschaft ?Kirche f\u00fcr Demokratie ? gegen Rechtsextremismus? in Sachsen<br \/>\nNetzwerk Asyl Migration Flucht ? NAMF<br \/>\nNetzwerk f\u00fcr Demokratie und Courage (NDC) in Sachsen<br \/>\nNetzwerk Tolerantes Sachsen<br \/>\nRAA Sachsen e.V. ? Beratung f\u00fcr Betroffene rechtsmotivierter und rassistischer Gewalt<br \/>\nB\u00fcndnis 90 \/ Die Gr\u00fcnen &#8211; Landesverband Sachsen<br \/>\nEva J\u00e4hnigen, MdL, Fraktion B\u00fcndnis 90 \/ Die Gr\u00fcnen<br \/>\nFreya Maria Klinger, MdL, Fraktion Die Linke.<br \/>\nHanka Kliese, MdL, SPD-Fraktion<br \/>\nHenning Homann, MdL, SPD-Fraktion<br \/>\nMiro Jennerjahn, MdL, Fraktion B\u00fcndnis 90 \/ Die Gr\u00fcnen<br \/>\nMonika Lazar, MdB, Fraktion B\u00fcndnis 90 \/ Die Gr\u00fcnen<br \/>\nStephan K\u00fchn, MdB, Fraktion B\u00fcndnis 90 \/ Die Gr\u00fcnen<br \/>\nAG In- und Ausl\u00e4nder e.V. Chemnitz<br \/>\nAG Asylsuchende S\u00e4chsische Schweiz Osterzgebirge<br \/>\nAlternatives Kultur- und Bildungszentrum (AKuBiZ e.V.)<br \/>\nAugen auf e.V. Oberlausitz<br \/>\nAusl\u00e4nderbeauftragte der Stadt Chemnitz<br \/>\nAusl\u00e4nderrat Dresden e.V.<br \/>\nAktionsb\u00fcndnis gegen Rechts im Vogtland<br \/>\nBernhard Sonntag, DGB Regionsgesch\u00e4ftsf\u00fchrer Ostsachsen<br \/>\nBuntes B\u00fcrgerforum f\u00fcr Demokratie Limbach-Oberfrohna<br \/>\nB\u00fcndnis 90 \/ Die Gr\u00fcnen Stadtverband Chemnitz<br \/>\nB\u00fcndnis 90 \/ Die Gr\u00fcnen Stadtverband Dresden<br \/>\nBunter Schall als Widerhall Lausitz<br \/>\nB\u00fcndnis Chemnitz Nazifrei<br \/>\nDGB Region S\u00fcdwestsachsen<br \/>\nDGB Region S\u00e4chsische Schweiz Osterzgebirge<br \/>\nDie Linke. Stadtverband Chemnitz<br \/>\nForum f\u00fcr kritische Rechtsextremismusforschung (FKR), Leipzig<br \/>\nGr\u00fcne Jugend Chemnitz<br \/>\nGr\u00fcne Jugend Dresden<br \/>\nHillersche Villa gGmbH Zittau<br \/>\nJusos Chemnitz<br \/>\nNetzwerk f\u00fcr demokratische Kultur Wurzen e.V. (NDK)<br \/>\nNetzwerk f\u00fcr Kultur- und Jugendarbeit Chemnitz<br \/>\n[&#8217;solid] Chemnitz<br \/>\nSPD-Fraktion im Kreistag Mei\u00dfen<br \/>\nStephan Hennig, 1. Bevollm\u00e4chtigter IG Metall Bautzen<br \/>\nVivere e.V. &#8211; Leben f\u00fcr Vielfalt und Courage, Vogtland<\/p>\n","protected":false},"excerpt":{"rendered":"<p>Stellungnahme des Kulturb\u00fcros Sachsen zur rassistischen Anti-Asyl- und antimuslimischen Kampagne der NPD Sachsen: Menschenrechte sind das Fundament demokratischer Werte. Deshalb setzen sich die Unterzeichner_innen dieser Stellungnahme f\u00fcr menschenw\u00fcrdige Bedingungen f\u00fcr Asylsuchende sowie die Gew\u00e4hrleistung der Religionsfreiheit und die Wertsch\u00e4tzung der Religionen ein.<\/p>\n","protected":false},"author":229,"featured_media":0,"comment_status":"open","ping_status":"open","sticky":false,"template":"","format":"standard","meta":{"_jetpack_memberships_contains_paid_content":false,"footnotes":""},"categories":[1456],"tags":[1716,1752,97],"class_list":["post-10326","post","type-post","status-publish","format-standard","hentry","category-sachsen","tag-npd","tag-protest","tag-rassismus"],"yoast_head":"<!-- This site is optimized with the Yoast SEO plugin v21.0 - https:\/\/yoast.com\/wordpress\/plugins\/seo\/ -->\n<title>Asyl und Religionsfreiheit sind Menschenrecht - St\u00f6rungsmelder<\/title>\n<meta name=\"robots\" content=\"index, follow, max-snippet:-1, max-image-preview:large, max-video-preview:-1\" \/>\n<link rel=\"canonical\" href=\"https:\/\/blog.zeit.de\/stoerungsmelder\/2012\/10\/26\/asyl-und-religionsfreiheit-sind-menschenrecht_10326\" \/>\n<meta property=\"og:locale\" content=\"de_DE\" \/>\n<meta property=\"og:type\" content=\"article\" \/>\n<meta property=\"og:title\" content=\"Asyl und Religionsfreiheit sind Menschenrecht - St\u00f6rungsmelder\" \/>\n<meta property=\"og:description\" content=\"Stellungnahme des Kulturb\u00fcros Sachsen zur rassistischen Anti-Asyl- und antimuslimischen Kampagne der NPD Sachsen: Menschenrechte sind das Fundament demokratischer Werte. Deshalb setzen sich die Unterzeichner_innen dieser Stellungnahme f\u00fcr menschenw\u00fcrdige Bedingungen f\u00fcr Asylsuchende sowie die Gew\u00e4hrleistung der Religionsfreiheit und die Wertsch\u00e4tzung der Religionen ein.\" \/>\n<meta property=\"og:url\" content=\"https:\/\/blog.zeit.de\/stoerungsmelder\/2012\/10\/26\/asyl-und-religionsfreiheit-sind-menschenrecht_10326\" \/>\n<meta property=\"og:site_name\" content=\"St\u00f6rungsmelder\" \/>\n<meta property=\"article:published_time\" content=\"2012-10-26T17:57:55+00:00\" \/>\n<meta property=\"og:image\" content=\"https:\/\/blog.zeit.de\/stoerungsmelder\/files\/2012\/10\/ld_bsp1-300x116.png\" \/>\n<meta name=\"author\" content=\"St\u00f6rungsmelder\" \/>\n<meta name=\"twitter:card\" content=\"summary_large_image\" \/>\n<meta name=\"twitter:label1\" content=\"Geschrieben von\" \/>\n\t<meta name=\"twitter:data1\" content=\"St\u00f6rungsmelder\" \/>\n\t<meta name=\"twitter:label2\" content=\"Gesch\u00e4tzte Lesezeit\" \/>\n\t<meta name=\"twitter:data2\" content=\"4\u00a0Minuten\" \/>\n<script type=\"application\/ld+json\" class=\"yoast-schema-graph\">{\"@context\":\"https:\/\/schema.org\",\"@graph\":[{\"@type\":\"WebPage\",\"@id\":\"https:\/\/blog.zeit.de\/stoerungsmelder\/2012\/10\/26\/asyl-und-religionsfreiheit-sind-menschenrecht_10326\",\"url\":\"https:\/\/blog.zeit.de\/stoerungsmelder\/2012\/10\/26\/asyl-und-religionsfreiheit-sind-menschenrecht_10326\",\"name\":\"Asyl und Religionsfreiheit sind Menschenrecht - St\u00f6rungsmelder\",\"isPartOf\":{\"@id\":\"https:\/\/blog.zeit.de\/stoerungsmelder\/#website\"},\"datePublished\":\"2012-10-26T17:57:55+00:00\",\"dateModified\":\"2012-10-26T17:57:55+00:00\",\"author\":{\"@id\":\"https:\/\/blog.zeit.de\/stoerungsmelder\/#\/schema\/person\/fdd0b9818f65738672810b6d6f037f71\"},\"breadcrumb\":{\"@id\":\"https:\/\/blog.zeit.de\/stoerungsmelder\/2012\/10\/26\/asyl-und-religionsfreiheit-sind-menschenrecht_10326#breadcrumb\"},\"inLanguage\":\"de\",\"potentialAction\":[{\"@type\":\"ReadAction\",\"target\":[\"https:\/\/blog.zeit.de\/stoerungsmelder\/2012\/10\/26\/asyl-und-religionsfreiheit-sind-menschenrecht_10326\"]}]},{\"@type\":\"BreadcrumbList\",\"@id\":\"https:\/\/blog.zeit.de\/stoerungsmelder\/2012\/10\/26\/asyl-und-religionsfreiheit-sind-menschenrecht_10326#breadcrumb\",\"itemListElement\":[{\"@type\":\"ListItem\",\"position\":1,\"name\":\"Startseite\",\"item\":\"https:\/\/blog.zeit.de\/stoerungsmelder\"},{\"@type\":\"ListItem\",\"position\":2,\"name\":\"Asyl und Religionsfreiheit sind Menschenrecht\"}]},{\"@type\":\"WebSite\",\"@id\":\"https:\/\/blog.zeit.de\/stoerungsmelder\/#website\",\"url\":\"https:\/\/blog.zeit.de\/stoerungsmelder\/\",\"name\":\"St\u00f6rungsmelder\",\"description\":\"Recherchen und Analysen \u00fcber die extreme Rechte\",\"potentialAction\":[{\"@type\":\"SearchAction\",\"target\":{\"@type\":\"EntryPoint\",\"urlTemplate\":\"https:\/\/blog.zeit.de\/stoerungsmelder\/?s={search_term_string}\"},\"query-input\":\"required name=search_term_string\"}],\"inLanguage\":\"de\"},{\"@type\":\"Person\",\"@id\":\"https:\/\/blog.zeit.de\/stoerungsmelder\/#\/schema\/person\/fdd0b9818f65738672810b6d6f037f71\",\"name\":\"St\u00f6rungsmelder\",\"image\":{\"@type\":\"ImageObject\",\"inLanguage\":\"de\",\"@id\":\"https:\/\/blog.zeit.de\/stoerungsmelder\/#\/schema\/person\/image\/\",\"url\":\"https:\/\/secure.gravatar.com\/avatar\/dfa4be514c3e82a71e4f9a0020035d38192d080ccaa5e4e6d7a1472c763535c5?s=96&d=mm&r=pg\",\"contentUrl\":\"https:\/\/secure.gravatar.com\/avatar\/dfa4be514c3e82a71e4f9a0020035d38192d080ccaa5e4e6d7a1472c763535c5?s=96&d=mm&r=pg\",\"caption\":\"St\u00f6rungsmelder\"},\"url\":\"https:\/\/blog.zeit.de\/stoerungsmelder\/author\/stoerungsmelder\"}]}<\/script>\n<!-- \/ Yoast SEO plugin. -->","yoast_head_json":{"title":"Asyl und Religionsfreiheit sind Menschenrecht - St\u00f6rungsmelder","robots":{"index":"index","follow":"follow","max-snippet":"max-snippet:-1","max-image-preview":"max-image-preview:large","max-video-preview":"max-video-preview:-1"},"canonical":"https:\/\/blog.zeit.de\/stoerungsmelder\/2012\/10\/26\/asyl-und-religionsfreiheit-sind-menschenrecht_10326","og_locale":"de_DE","og_type":"article","og_title":"Asyl und Religionsfreiheit sind Menschenrecht - St\u00f6rungsmelder","og_description":"Stellungnahme des Kulturb\u00fcros Sachsen zur rassistischen Anti-Asyl- und antimuslimischen Kampagne der NPD Sachsen: Menschenrechte sind das Fundament demokratischer Werte. Deshalb setzen sich die Unterzeichner_innen dieser Stellungnahme f\u00fcr menschenw\u00fcrdige Bedingungen f\u00fcr Asylsuchende sowie die Gew\u00e4hrleistung der Religionsfreiheit und die Wertsch\u00e4tzung der Religionen ein.","og_url":"https:\/\/blog.zeit.de\/stoerungsmelder\/2012\/10\/26\/asyl-und-religionsfreiheit-sind-menschenrecht_10326","og_site_name":"St\u00f6rungsmelder","article_published_time":"2012-10-26T17:57:55+00:00","og_image":[{"url":"https:\/\/blog.zeit.de\/stoerungsmelder\/files\/2012\/10\/ld_bsp1-300x116.png"}],"author":"St\u00f6rungsmelder","twitter_card":"summary_large_image","twitter_misc":{"Geschrieben von":"St\u00f6rungsmelder","Gesch\u00e4tzte Lesezeit":"4\u00a0Minuten"},"schema":{"@context":"https:\/\/schema.org","@graph":[{"@type":"WebPage","@id":"https:\/\/blog.zeit.de\/stoerungsmelder\/2012\/10\/26\/asyl-und-religionsfreiheit-sind-menschenrecht_10326","url":"https:\/\/blog.zeit.de\/stoerungsmelder\/2012\/10\/26\/asyl-und-religionsfreiheit-sind-menschenrecht_10326","name":"Asyl und Religionsfreiheit sind Menschenrecht - St\u00f6rungsmelder","isPartOf":{"@id":"https:\/\/blog.zeit.de\/stoerungsmelder\/#website"},"datePublished":"2012-10-26T17:57:55+00:00","dateModified":"2012-10-26T17:57:55+00:00","author":{"@id":"https:\/\/blog.zeit.de\/stoerungsmelder\/#\/schema\/person\/fdd0b9818f65738672810b6d6f037f71"},"breadcrumb":{"@id":"https:\/\/blog.zeit.de\/stoerungsmelder\/2012\/10\/26\/asyl-und-religionsfreiheit-sind-menschenrecht_10326#breadcrumb"},"inLanguage":"de","potentialAction":[{"@type":"ReadAction","target":["https:\/\/blog.zeit.de\/stoerungsmelder\/2012\/10\/26\/asyl-und-religionsfreiheit-sind-menschenrecht_10326"]}]},{"@type":"BreadcrumbList","@id":"https:\/\/blog.zeit.de\/stoerungsmelder\/2012\/10\/26\/asyl-und-religionsfreiheit-sind-menschenrecht_10326#breadcrumb","itemListElement":[{"@type":"ListItem","position":1,"name":"Startseite","item":"https:\/\/blog.zeit.de\/stoerungsmelder"},{"@type":"ListItem","position":2,"name":"Asyl und Religionsfreiheit sind Menschenrecht"}]},{"@type":"WebSite","@id":"https:\/\/blog.zeit.de\/stoerungsmelder\/#website","url":"https:\/\/blog.zeit.de\/stoerungsmelder\/","name":"St\u00f6rungsmelder","description":"Recherchen und Analysen \u00fcber die extreme Rechte","potentialAction":[{"@type":"SearchAction","target":{"@type":"EntryPoint","urlTemplate":"https:\/\/blog.zeit.de\/stoerungsmelder\/?s={search_term_string}"},"query-input":"required name=search_term_string"}],"inLanguage":"de"},{"@type":"Person","@id":"https:\/\/blog.zeit.de\/stoerungsmelder\/#\/schema\/person\/fdd0b9818f65738672810b6d6f037f71","name":"St\u00f6rungsmelder","image":{"@type":"ImageObject","inLanguage":"de","@id":"https:\/\/blog.zeit.de\/stoerungsmelder\/#\/schema\/person\/image\/","url":"https:\/\/secure.gravatar.com\/avatar\/dfa4be514c3e82a71e4f9a0020035d38192d080ccaa5e4e6d7a1472c763535c5?s=96&d=mm&r=pg","contentUrl":"https:\/\/secure.gravatar.com\/avatar\/dfa4be514c3e82a71e4f9a0020035d38192d080ccaa5e4e6d7a1472c763535c5?s=96&d=mm&r=pg","caption":"St\u00f6rungsmelder"},"url":"https:\/\/blog.zeit.de\/stoerungsmelder\/author\/stoerungsmelder"}]}},"jetpack_featured_media_url":"","jetpack_sharing_enabled":true,"_links":{"self":[{"href":"https:\/\/blog.zeit.de\/stoerungsmelder\/wp-json\/wp\/v2\/posts\/10326","targetHints":{"allow":["GET"]}}],"collection":[{"href":"https:\/\/blog.zeit.de\/stoerungsmelder\/wp-json\/wp\/v2\/posts"}],"about":[{"href":"https:\/\/blog.zeit.de\/stoerungsmelder\/wp-json\/wp\/v2\/types\/post"}],"author":[{"embeddable":true,"href":"https:\/\/blog.zeit.de\/stoerungsmelder\/wp-json\/wp\/v2\/users\/229"}],"replies":[{"embeddable":true,"href":"https:\/\/blog.zeit.de\/stoerungsmelder\/wp-json\/wp\/v2\/comments?post=10326"}],"version-history":[{"count":2,"href":"https:\/\/blog.zeit.de\/stoerungsmelder\/wp-json\/wp\/v2\/posts\/10326\/revisions"}],"predecessor-version":[{"id":10329,"href":"https:\/\/blog.zeit.de\/stoerungsmelder\/wp-json\/wp\/v2\/posts\/10326\/revisions\/10329"}],"wp:attachment":[{"href":"https:\/\/blog.zeit.de\/stoerungsmelder\/wp-json\/wp\/v2\/media?parent=10326"}],"wp:term":[{"taxonomy":"category","embeddable":true,"href":"https:\/\/blog.zeit.de\/stoerungsmelder\/wp-json\/wp\/v2\/categories?post=10326"},{"taxonomy":"post_tag","embeddable":true,"href":"https:\/\/blog.zeit.de\/stoerungsmelder\/wp-json\/wp\/v2\/tags?post=10326"}],"curies":[{"name":"wp","href":"https:\/\/api.w.org\/{rel}","templated":true}]}}