{"id":10358,"date":"2012-10-30T09:51:08","date_gmt":"2012-10-30T08:51:08","guid":{"rendered":"http:\/\/blog.zeit.de\/stoerungsmelder\/?p=10358"},"modified":"2012-10-30T09:51:08","modified_gmt":"2012-10-30T08:51:08","slug":"npd-dumpelt-vor-sich-hin","status":"publish","type":"post","link":"https:\/\/blog.zeit.de\/stoerungsmelder\/2012\/10\/30\/npd-dumpelt-vor-sich-hin_10358","title":{"rendered":"NPD d\u00fcmpelt vor sich hin"},"content":{"rendered":"<p><figure id=\"attachment_7186\" aria-describedby=\"caption-attachment-7186\" style=\"width: 540px\" class=\"wp-caption aligncenter\"><a href=\"https:\/\/blog.zeit.de\/stoerungsmelder\/files\/2011\/09\/npd_f.jpg\"><img loading=\"lazy\" decoding=\"async\" class=\"size-full wp-image-7186\" src=\"https:\/\/blog.zeit.de\/stoerungsmelder\/files\/2011\/09\/npd_f.jpg\" alt=\"\" width=\"540\" height=\"298\" srcset=\"https:\/\/blog.zeit.de\/stoerungsmelder\/files\/2011\/09\/npd_f.jpg 540w, https:\/\/blog.zeit.de\/stoerungsmelder\/files\/2011\/09\/npd_f-300x165.jpg 300w\" sizes=\"auto, (max-width: 540px) 100vw, 540px\" \/><\/a><figcaption id=\"caption-attachment-7186\" class=\"wp-caption-text\">Die Stimmung bei der Parteibasis ist im Keller: NPD-Kundgebung im Wasserbomben-Hagel, bei einer Kundgebung in Berlin 2011 \u00a9 Getty<\/figcaption><\/figure><\/p>\n<p>Die NPD ist zur ostdeutschen Regionalpartei mutiert. Heute hat sie nur noch rund 6000 Mitglieder.<!--more--><\/p>\n<p><em>Von <a href=\"http:\/\/www.tagesspiegel.de\/politik\/geschichte-der-npd-die-basis-broeckelt\/7318734.html\" target=\"_blank\">Tagesspiegel<\/a>-Redaktuer Frank Jansen<\/em><\/p>\n<p>Es fehlen nur noch zwei Jahre, dann kann die NPD, sollte sie bis dahin nicht verboten sein, ihren 50. Geburtstag feiern. Im November 1964 fand in Hannover die Gr\u00fcndungsversammlung statt. Der Partei gelang ein rascher Aufstieg, bis 1968 zog sie in sieben Landtage ein. Doch ein Jahr sp\u00e4ter scheiterte die NPD mit 4,3 Prozent bei der Bundestagswahl. Es folgte ein lang anhaltender Abstieg, die Partei zerfleischte sich selbst und es wuchs Konkurrenz heran. Die DVU und sp\u00e4ter die \u201eRepublikaner\u201c \u00fcberholten die NPD, in den 1980er Jahren war sie nur noch eine Sekte, die sich weiter radikalisierte. Auch von der Wiedervereinigung und den ausl\u00e4nderfeindlichen Krawallen in Ostdeutschland konnte die NPD zun\u00e4chst nicht profitieren.<\/p>\n<p>Das \u00e4nderte sich, als Udo Voigt im Jahr 1996 Parteichef wurde. Er propagierte ein B\u00fcndnis mit Skinheads und Neonazis, die Parolen der NPD wurden zudem \u201elinks\u201c eingef\u00e4rbt. Weiteren Auftrieb erhielt die Partei, als das Bundesverfassungsgericht 2003 das Verbotsverfahren einstellte. Ein Jahr danach kam die NPD mit 9,2 Prozent in den s\u00e4chsischen Landtag und bildete eine Fraktion. In Mecklenburg-Vorpommern folgte 2006 der n\u00e4chste Wahlerfolg. Die NPD mutierte zur ostdeutschen Regionalpartei, in den westlichen Bundesl\u00e4ndern kann sie von ihren Triumphen aus den 1960er Jahren nur noch tr\u00e4umen. Aber auch \u00f6stlich der Elbe br\u00f6ckelt heute die Basis. Die \u00dcbernahme der DVU hat der NPD kaum einen Gewinn gebracht, die Zahl der Mitglieder stagniert bei 6000.<\/p>\n","protected":false},"excerpt":{"rendered":"<p>Die NPD ist zur ostdeutschen Regionalpartei mutiert. Heute hat sie nur noch rund 6000 Mitglieder.<\/p>\n","protected":false},"author":229,"featured_media":0,"comment_status":"open","ping_status":"open","sticky":false,"template":"","format":"standard","meta":{"_jetpack_memberships_contains_paid_content":false,"footnotes":""},"categories":[1515],"tags":[1605,1716,1830,955],"class_list":["post-10358","post","type-post","status-publish","format-standard","hentry","category-bundesweit","tag-holger-apfel","tag-npd","tag-udo-voigt","tag-wahlen"],"yoast_head":"<!-- This site is optimized with the Yoast SEO plugin v21.0 - https:\/\/yoast.com\/wordpress\/plugins\/seo\/ -->\n<title>NPD d\u00fcmpelt vor sich hin - St\u00f6rungsmelder<\/title>\n<meta name=\"robots\" content=\"index, follow, max-snippet:-1, max-image-preview:large, max-video-preview:-1\" \/>\n<link rel=\"canonical\" href=\"https:\/\/blog.zeit.de\/stoerungsmelder\/2012\/10\/30\/npd-dumpelt-vor-sich-hin_10358\" \/>\n<meta property=\"og:locale\" content=\"de_DE\" \/>\n<meta property=\"og:type\" content=\"article\" \/>\n<meta property=\"og:title\" content=\"NPD d\u00fcmpelt vor sich hin - St\u00f6rungsmelder\" \/>\n<meta property=\"og:description\" content=\"Die NPD ist zur ostdeutschen Regionalpartei mutiert. Heute hat sie nur noch rund 6000 Mitglieder.\" \/>\n<meta property=\"og:url\" content=\"https:\/\/blog.zeit.de\/stoerungsmelder\/2012\/10\/30\/npd-dumpelt-vor-sich-hin_10358\" \/>\n<meta property=\"og:site_name\" content=\"St\u00f6rungsmelder\" \/>\n<meta property=\"article:published_time\" content=\"2012-10-30T08:51:08+00:00\" \/>\n<meta property=\"og:image\" content=\"https:\/\/blog.zeit.de\/stoerungsmelder\/files\/2011\/09\/npd_f.jpg\" \/>\n<meta name=\"author\" content=\"St\u00f6rungsmelder\" \/>\n<meta name=\"twitter:card\" content=\"summary_large_image\" \/>\n<meta name=\"twitter:label1\" content=\"Geschrieben von\" \/>\n\t<meta name=\"twitter:data1\" content=\"St\u00f6rungsmelder\" \/>\n\t<meta name=\"twitter:label2\" content=\"Gesch\u00e4tzte Lesezeit\" \/>\n\t<meta name=\"twitter:data2\" content=\"1\u00a0Minute\" \/>\n<script type=\"application\/ld+json\" class=\"yoast-schema-graph\">{\"@context\":\"https:\/\/schema.org\",\"@graph\":[{\"@type\":\"WebPage\",\"@id\":\"https:\/\/blog.zeit.de\/stoerungsmelder\/2012\/10\/30\/npd-dumpelt-vor-sich-hin_10358\",\"url\":\"https:\/\/blog.zeit.de\/stoerungsmelder\/2012\/10\/30\/npd-dumpelt-vor-sich-hin_10358\",\"name\":\"NPD d\u00fcmpelt vor sich hin - St\u00f6rungsmelder\",\"isPartOf\":{\"@id\":\"https:\/\/blog.zeit.de\/stoerungsmelder\/#website\"},\"datePublished\":\"2012-10-30T08:51:08+00:00\",\"dateModified\":\"2012-10-30T08:51:08+00:00\",\"author\":{\"@id\":\"https:\/\/blog.zeit.de\/stoerungsmelder\/#\/schema\/person\/fdd0b9818f65738672810b6d6f037f71\"},\"breadcrumb\":{\"@id\":\"https:\/\/blog.zeit.de\/stoerungsmelder\/2012\/10\/30\/npd-dumpelt-vor-sich-hin_10358#breadcrumb\"},\"inLanguage\":\"de\",\"potentialAction\":[{\"@type\":\"ReadAction\",\"target\":[\"https:\/\/blog.zeit.de\/stoerungsmelder\/2012\/10\/30\/npd-dumpelt-vor-sich-hin_10358\"]}]},{\"@type\":\"BreadcrumbList\",\"@id\":\"https:\/\/blog.zeit.de\/stoerungsmelder\/2012\/10\/30\/npd-dumpelt-vor-sich-hin_10358#breadcrumb\",\"itemListElement\":[{\"@type\":\"ListItem\",\"position\":1,\"name\":\"Startseite\",\"item\":\"https:\/\/blog.zeit.de\/stoerungsmelder\"},{\"@type\":\"ListItem\",\"position\":2,\"name\":\"NPD d\u00fcmpelt vor sich hin\"}]},{\"@type\":\"WebSite\",\"@id\":\"https:\/\/blog.zeit.de\/stoerungsmelder\/#website\",\"url\":\"https:\/\/blog.zeit.de\/stoerungsmelder\/\",\"name\":\"St\u00f6rungsmelder\",\"description\":\"Recherchen und Analysen \u00fcber die extreme Rechte\",\"potentialAction\":[{\"@type\":\"SearchAction\",\"target\":{\"@type\":\"EntryPoint\",\"urlTemplate\":\"https:\/\/blog.zeit.de\/stoerungsmelder\/?s={search_term_string}\"},\"query-input\":\"required name=search_term_string\"}],\"inLanguage\":\"de\"},{\"@type\":\"Person\",\"@id\":\"https:\/\/blog.zeit.de\/stoerungsmelder\/#\/schema\/person\/fdd0b9818f65738672810b6d6f037f71\",\"name\":\"St\u00f6rungsmelder\",\"image\":{\"@type\":\"ImageObject\",\"inLanguage\":\"de\",\"@id\":\"https:\/\/blog.zeit.de\/stoerungsmelder\/#\/schema\/person\/image\/\",\"url\":\"https:\/\/secure.gravatar.com\/avatar\/dfa4be514c3e82a71e4f9a0020035d38192d080ccaa5e4e6d7a1472c763535c5?s=96&d=mm&r=pg\",\"contentUrl\":\"https:\/\/secure.gravatar.com\/avatar\/dfa4be514c3e82a71e4f9a0020035d38192d080ccaa5e4e6d7a1472c763535c5?s=96&d=mm&r=pg\",\"caption\":\"St\u00f6rungsmelder\"},\"url\":\"https:\/\/blog.zeit.de\/stoerungsmelder\/author\/stoerungsmelder\"}]}<\/script>\n<!-- \/ Yoast SEO plugin. -->","yoast_head_json":{"title":"NPD d\u00fcmpelt vor sich hin - St\u00f6rungsmelder","robots":{"index":"index","follow":"follow","max-snippet":"max-snippet:-1","max-image-preview":"max-image-preview:large","max-video-preview":"max-video-preview:-1"},"canonical":"https:\/\/blog.zeit.de\/stoerungsmelder\/2012\/10\/30\/npd-dumpelt-vor-sich-hin_10358","og_locale":"de_DE","og_type":"article","og_title":"NPD d\u00fcmpelt vor sich hin - St\u00f6rungsmelder","og_description":"Die NPD ist zur ostdeutschen Regionalpartei mutiert. Heute hat sie nur noch rund 6000 Mitglieder.","og_url":"https:\/\/blog.zeit.de\/stoerungsmelder\/2012\/10\/30\/npd-dumpelt-vor-sich-hin_10358","og_site_name":"St\u00f6rungsmelder","article_published_time":"2012-10-30T08:51:08+00:00","og_image":[{"url":"https:\/\/blog.zeit.de\/stoerungsmelder\/files\/2011\/09\/npd_f.jpg"}],"author":"St\u00f6rungsmelder","twitter_card":"summary_large_image","twitter_misc":{"Geschrieben von":"St\u00f6rungsmelder","Gesch\u00e4tzte Lesezeit":"1\u00a0Minute"},"schema":{"@context":"https:\/\/schema.org","@graph":[{"@type":"WebPage","@id":"https:\/\/blog.zeit.de\/stoerungsmelder\/2012\/10\/30\/npd-dumpelt-vor-sich-hin_10358","url":"https:\/\/blog.zeit.de\/stoerungsmelder\/2012\/10\/30\/npd-dumpelt-vor-sich-hin_10358","name":"NPD d\u00fcmpelt vor sich hin - St\u00f6rungsmelder","isPartOf":{"@id":"https:\/\/blog.zeit.de\/stoerungsmelder\/#website"},"datePublished":"2012-10-30T08:51:08+00:00","dateModified":"2012-10-30T08:51:08+00:00","author":{"@id":"https:\/\/blog.zeit.de\/stoerungsmelder\/#\/schema\/person\/fdd0b9818f65738672810b6d6f037f71"},"breadcrumb":{"@id":"https:\/\/blog.zeit.de\/stoerungsmelder\/2012\/10\/30\/npd-dumpelt-vor-sich-hin_10358#breadcrumb"},"inLanguage":"de","potentialAction":[{"@type":"ReadAction","target":["https:\/\/blog.zeit.de\/stoerungsmelder\/2012\/10\/30\/npd-dumpelt-vor-sich-hin_10358"]}]},{"@type":"BreadcrumbList","@id":"https:\/\/blog.zeit.de\/stoerungsmelder\/2012\/10\/30\/npd-dumpelt-vor-sich-hin_10358#breadcrumb","itemListElement":[{"@type":"ListItem","position":1,"name":"Startseite","item":"https:\/\/blog.zeit.de\/stoerungsmelder"},{"@type":"ListItem","position":2,"name":"NPD d\u00fcmpelt vor sich hin"}]},{"@type":"WebSite","@id":"https:\/\/blog.zeit.de\/stoerungsmelder\/#website","url":"https:\/\/blog.zeit.de\/stoerungsmelder\/","name":"St\u00f6rungsmelder","description":"Recherchen und Analysen \u00fcber die extreme Rechte","potentialAction":[{"@type":"SearchAction","target":{"@type":"EntryPoint","urlTemplate":"https:\/\/blog.zeit.de\/stoerungsmelder\/?s={search_term_string}"},"query-input":"required name=search_term_string"}],"inLanguage":"de"},{"@type":"Person","@id":"https:\/\/blog.zeit.de\/stoerungsmelder\/#\/schema\/person\/fdd0b9818f65738672810b6d6f037f71","name":"St\u00f6rungsmelder","image":{"@type":"ImageObject","inLanguage":"de","@id":"https:\/\/blog.zeit.de\/stoerungsmelder\/#\/schema\/person\/image\/","url":"https:\/\/secure.gravatar.com\/avatar\/dfa4be514c3e82a71e4f9a0020035d38192d080ccaa5e4e6d7a1472c763535c5?s=96&d=mm&r=pg","contentUrl":"https:\/\/secure.gravatar.com\/avatar\/dfa4be514c3e82a71e4f9a0020035d38192d080ccaa5e4e6d7a1472c763535c5?s=96&d=mm&r=pg","caption":"St\u00f6rungsmelder"},"url":"https:\/\/blog.zeit.de\/stoerungsmelder\/author\/stoerungsmelder"}]}},"jetpack_featured_media_url":"","jetpack_sharing_enabled":true,"_links":{"self":[{"href":"https:\/\/blog.zeit.de\/stoerungsmelder\/wp-json\/wp\/v2\/posts\/10358","targetHints":{"allow":["GET"]}}],"collection":[{"href":"https:\/\/blog.zeit.de\/stoerungsmelder\/wp-json\/wp\/v2\/posts"}],"about":[{"href":"https:\/\/blog.zeit.de\/stoerungsmelder\/wp-json\/wp\/v2\/types\/post"}],"author":[{"embeddable":true,"href":"https:\/\/blog.zeit.de\/stoerungsmelder\/wp-json\/wp\/v2\/users\/229"}],"replies":[{"embeddable":true,"href":"https:\/\/blog.zeit.de\/stoerungsmelder\/wp-json\/wp\/v2\/comments?post=10358"}],"version-history":[{"count":2,"href":"https:\/\/blog.zeit.de\/stoerungsmelder\/wp-json\/wp\/v2\/posts\/10358\/revisions"}],"predecessor-version":[{"id":10360,"href":"https:\/\/blog.zeit.de\/stoerungsmelder\/wp-json\/wp\/v2\/posts\/10358\/revisions\/10360"}],"wp:attachment":[{"href":"https:\/\/blog.zeit.de\/stoerungsmelder\/wp-json\/wp\/v2\/media?parent=10358"}],"wp:term":[{"taxonomy":"category","embeddable":true,"href":"https:\/\/blog.zeit.de\/stoerungsmelder\/wp-json\/wp\/v2\/categories?post=10358"},{"taxonomy":"post_tag","embeddable":true,"href":"https:\/\/blog.zeit.de\/stoerungsmelder\/wp-json\/wp\/v2\/tags?post=10358"}],"curies":[{"name":"wp","href":"https:\/\/api.w.org\/{rel}","templated":true}]}}