{"id":10368,"date":"2012-11-01T09:59:58","date_gmt":"2012-11-01T08:59:58","guid":{"rendered":"http:\/\/blog.zeit.de\/stoerungsmelder\/?p=10368"},"modified":"2012-11-01T10:03:19","modified_gmt":"2012-11-01T09:03:19","slug":"ein-jahr-nsu-bundnis-ruft-zu-budnesweiten-protestaktionen-auf","status":"publish","type":"post","link":"https:\/\/blog.zeit.de\/stoerungsmelder\/2012\/11\/01\/ein-jahr-nsu-bundnis-ruft-zu-budnesweiten-protestaktionen-auf_10368","title":{"rendered":"Ein Jahr NSU: B\u00fcndnis ruft zu bundesweiten Protestaktionen auf"},"content":{"rendered":"<p><a href=\"https:\/\/blog.zeit.de\/stoerungsmelder\/files\/2012\/11\/aktionstag2.jpg\"><img loading=\"lazy\" decoding=\"async\" class=\"aligncenter  wp-image-10369\" src=\"https:\/\/blog.zeit.de\/stoerungsmelder\/files\/2012\/11\/aktionstag2.jpg\" alt=\"\" width=\"540\" height=\"225\" srcset=\"https:\/\/blog.zeit.de\/stoerungsmelder\/files\/2012\/11\/aktionstag2.jpg 960w, https:\/\/blog.zeit.de\/stoerungsmelder\/files\/2012\/11\/aktionstag2-300x125.jpg 300w\" sizes=\"auto, (max-width: 540px) 100vw, 540px\" \/><\/a><\/p>\n<p>Das <a href=\"http:\/\/buendnis-gegen-das-schweigen.de\/\" target=\"_blank\">&#8222;B\u00fcndnis gegen das Schweigen&#8220;<\/a> ruft auf zum bundesweiten Aktionstag am 4. November 2012. In fast 30 St\u00e4dten sind bereits Kundgebungen, Demonstrationen und Veranstaltungen geplant. Der St\u00f6rungsmelder dokumentiert den Aufruf.<!--more--><\/p>\n<p>\u00bbPannenserie\u00ab, \u00bbKommunikationsprobleme\u00ab, \u00bbeine Reihe von ungl\u00fccklichen Zuf\u00e4llen\u00ab: Auch zw\u00f6lf Monate nach bekanntwerden der Taten des NSU-Trios und seiner Unterst\u00fctzerinnen und Unterst\u00fctzer werden die Strukturen, die diese Terror- und Mordserie erm\u00f6glichten und seine Aufkl\u00e4rung verhinder(te)n verharmlost und herunter gespielt.<\/p>\n<p>Das B\u00fcndnis gegen das Schweigen will den Jahrestag, den 4. November, zum bundesweiten Aktionstag machen und damit gegen den gesellschaftlichen sowie institutionellen Rassismus protestieren.<\/p>\n<p>In fast 30 St\u00e4dten sind am 4. November Demonstrationen, Kundgebungen und Aktionen geplant. In Berlin soll auf die Fassade des Bundesamtes f\u00fcr Verfassungsschutz eine Botschaft projiziert werden. In Rostock ist Kernbotschaft der Kundgebung die Forderung nach der Umbenennung einer Stra\u00dfe nach dem Opfer Mehmet Turgut. In Hamburg und K\u00f6ln, sind gro\u00dfe Demonstrationen geplant. Die Liste der St\u00e4dte in denen am und um den 4. November Aktionen geplant sind, k\u00f6nnen sie <a href=\"http:\/\/buendnis-gegen-das-schweigen.de\/liste-der-teilnehmenden-stadte\/\" target=\"_blank\">hier einsehen<\/a>.<\/p>\n<p>\u00bbDie Verwicklung der Nachrichtendienste, der katastrophale Umgang der Verfassungsschutz- und Kriminal\u00e4mter mit der extremen Rechten als bundesdeutsches Problem, die fortdauernde Behinderung der Aufkl\u00e4rungsarbeit aber auch die fehlende Sensibili\u00e4t der Gesellschaft gegen\u00fcber dem Rassismus \u2013 auf all das wollen wir mit diesem Tag aufmerksam machen\u00ab, sagt B\u00fcndnissprecher Michael Gr\u00e4fe.<\/p>\n<p>Und weiter: \u00bbDie Mitglieder des Nationalsozialistischen Untergrundes (NSU) waren keine drei Einzelt\u00e4ter_innen. Sie sind nur die Spitze einer gewaltebreiten rechten Szene, die seit Jahren und Jahrzehnten tagt\u00e4glich aktiv ist. Das NSU-Trio und seine Unterst\u00fctzerinnen und Unterst\u00fctzer f\u00fchlten sich sicher, fuhren in den Urlaub, sie sind nicht abgetaucht, wie man sich das allgemeinhein vorstellt. Sie sind nicht einfach von der Bildoberfl\u00e4che verschwunden. Die Frage ist, woher sie diese Sicherheit nahmen.\u00ab Die Antwort liege in der sogenanten Pannenserie: \u00bbDenn die Beh\u00f6rden und der ihnen eigene strukturelle Rassismus sind Teil des Problems. Bisher hat sich niemand dieser Verantwortung gestellt. Vorschl\u00e4ge, aus den Beh\u00f6rden selbst, aktive Ma\u00dfnahmen gegen falsche Vorannahmen in Ermittlungen oder der Analyse von Lagebildern zu treffen, sind bisher ausgeblieben. Stattdessen wird versucht die Ereignisse als eine ungl\u00fcckliche Verkn\u00fcpfung von Pannen darzustellen.\u00ab<\/p>\n","protected":false},"excerpt":{"rendered":"<p>Das &#8222;B\u00fcndnis gegen das Schweigen&#8220; ruft auf zum bundesweiten Aktionstag am 4. November 2012. In fast 30 St\u00e4dten sind bereits Kundgebungen, Demonstrationen und Veranstaltungen geplant. Der St\u00f6rungsmelder dokumentiert den Aufruf.<\/p>\n","protected":false},"author":229,"featured_media":0,"comment_status":"open","ping_status":"open","sticky":false,"template":"","format":"standard","meta":{"_jetpack_memberships_contains_paid_content":false,"footnotes":""},"categories":[1515],"tags":[12752,1752,97,1755,12739,1836],"class_list":["post-10368","post","type-post","status-publish","format-standard","hentry","category-bundesweit","tag-nsu","tag-protest","tag-rassismus","tag-rechte-gewalt","tag-rechtsterrorismus","tag-verfassungsschutz"],"yoast_head":"<!-- This site is optimized with the Yoast SEO plugin v21.0 - https:\/\/yoast.com\/wordpress\/plugins\/seo\/ -->\n<title>Ein Jahr NSU: B\u00fcndnis ruft zu bundesweiten Protestaktionen auf - St\u00f6rungsmelder<\/title>\n<meta name=\"robots\" content=\"index, follow, max-snippet:-1, max-image-preview:large, max-video-preview:-1\" \/>\n<link rel=\"canonical\" href=\"https:\/\/blog.zeit.de\/stoerungsmelder\/2012\/11\/01\/ein-jahr-nsu-bundnis-ruft-zu-budnesweiten-protestaktionen-auf_10368\" \/>\n<meta property=\"og:locale\" content=\"de_DE\" \/>\n<meta property=\"og:type\" content=\"article\" \/>\n<meta property=\"og:title\" content=\"Ein Jahr NSU: B\u00fcndnis ruft zu bundesweiten Protestaktionen auf - St\u00f6rungsmelder\" \/>\n<meta property=\"og:description\" content=\"Das &#8222;B\u00fcndnis gegen das Schweigen&#8220; ruft auf zum bundesweiten Aktionstag am 4. November 2012. In fast 30 St\u00e4dten sind bereits Kundgebungen, Demonstrationen und Veranstaltungen geplant. Der St\u00f6rungsmelder dokumentiert den Aufruf.\" \/>\n<meta property=\"og:url\" content=\"https:\/\/blog.zeit.de\/stoerungsmelder\/2012\/11\/01\/ein-jahr-nsu-bundnis-ruft-zu-budnesweiten-protestaktionen-auf_10368\" \/>\n<meta property=\"og:site_name\" content=\"St\u00f6rungsmelder\" \/>\n<meta property=\"article:published_time\" content=\"2012-11-01T08:59:58+00:00\" \/>\n<meta property=\"article:modified_time\" content=\"2012-11-01T09:03:19+00:00\" \/>\n<meta property=\"og:image\" content=\"https:\/\/blog.zeit.de\/stoerungsmelder\/files\/2012\/11\/aktionstag2.jpg\" \/>\n<meta name=\"author\" content=\"St\u00f6rungsmelder\" \/>\n<meta name=\"twitter:card\" content=\"summary_large_image\" \/>\n<meta name=\"twitter:label1\" content=\"Geschrieben von\" \/>\n\t<meta name=\"twitter:data1\" content=\"St\u00f6rungsmelder\" \/>\n\t<meta name=\"twitter:label2\" content=\"Gesch\u00e4tzte Lesezeit\" \/>\n\t<meta name=\"twitter:data2\" content=\"2\u00a0Minuten\" \/>\n<script type=\"application\/ld+json\" class=\"yoast-schema-graph\">{\"@context\":\"https:\/\/schema.org\",\"@graph\":[{\"@type\":\"WebPage\",\"@id\":\"https:\/\/blog.zeit.de\/stoerungsmelder\/2012\/11\/01\/ein-jahr-nsu-bundnis-ruft-zu-budnesweiten-protestaktionen-auf_10368\",\"url\":\"https:\/\/blog.zeit.de\/stoerungsmelder\/2012\/11\/01\/ein-jahr-nsu-bundnis-ruft-zu-budnesweiten-protestaktionen-auf_10368\",\"name\":\"Ein Jahr NSU: B\u00fcndnis ruft zu bundesweiten Protestaktionen auf - St\u00f6rungsmelder\",\"isPartOf\":{\"@id\":\"https:\/\/blog.zeit.de\/stoerungsmelder\/#website\"},\"datePublished\":\"2012-11-01T08:59:58+00:00\",\"dateModified\":\"2012-11-01T09:03:19+00:00\",\"author\":{\"@id\":\"https:\/\/blog.zeit.de\/stoerungsmelder\/#\/schema\/person\/fdd0b9818f65738672810b6d6f037f71\"},\"breadcrumb\":{\"@id\":\"https:\/\/blog.zeit.de\/stoerungsmelder\/2012\/11\/01\/ein-jahr-nsu-bundnis-ruft-zu-budnesweiten-protestaktionen-auf_10368#breadcrumb\"},\"inLanguage\":\"de\",\"potentialAction\":[{\"@type\":\"ReadAction\",\"target\":[\"https:\/\/blog.zeit.de\/stoerungsmelder\/2012\/11\/01\/ein-jahr-nsu-bundnis-ruft-zu-budnesweiten-protestaktionen-auf_10368\"]}]},{\"@type\":\"BreadcrumbList\",\"@id\":\"https:\/\/blog.zeit.de\/stoerungsmelder\/2012\/11\/01\/ein-jahr-nsu-bundnis-ruft-zu-budnesweiten-protestaktionen-auf_10368#breadcrumb\",\"itemListElement\":[{\"@type\":\"ListItem\",\"position\":1,\"name\":\"Startseite\",\"item\":\"https:\/\/blog.zeit.de\/stoerungsmelder\"},{\"@type\":\"ListItem\",\"position\":2,\"name\":\"Ein Jahr NSU: B\u00fcndnis ruft zu bundesweiten Protestaktionen auf\"}]},{\"@type\":\"WebSite\",\"@id\":\"https:\/\/blog.zeit.de\/stoerungsmelder\/#website\",\"url\":\"https:\/\/blog.zeit.de\/stoerungsmelder\/\",\"name\":\"St\u00f6rungsmelder\",\"description\":\"Recherchen und Analysen \u00fcber die extreme Rechte\",\"potentialAction\":[{\"@type\":\"SearchAction\",\"target\":{\"@type\":\"EntryPoint\",\"urlTemplate\":\"https:\/\/blog.zeit.de\/stoerungsmelder\/?s={search_term_string}\"},\"query-input\":\"required name=search_term_string\"}],\"inLanguage\":\"de\"},{\"@type\":\"Person\",\"@id\":\"https:\/\/blog.zeit.de\/stoerungsmelder\/#\/schema\/person\/fdd0b9818f65738672810b6d6f037f71\",\"name\":\"St\u00f6rungsmelder\",\"image\":{\"@type\":\"ImageObject\",\"inLanguage\":\"de\",\"@id\":\"https:\/\/blog.zeit.de\/stoerungsmelder\/#\/schema\/person\/image\/\",\"url\":\"https:\/\/secure.gravatar.com\/avatar\/dfa4be514c3e82a71e4f9a0020035d38192d080ccaa5e4e6d7a1472c763535c5?s=96&d=mm&r=pg\",\"contentUrl\":\"https:\/\/secure.gravatar.com\/avatar\/dfa4be514c3e82a71e4f9a0020035d38192d080ccaa5e4e6d7a1472c763535c5?s=96&d=mm&r=pg\",\"caption\":\"St\u00f6rungsmelder\"},\"url\":\"https:\/\/blog.zeit.de\/stoerungsmelder\/author\/stoerungsmelder\"}]}<\/script>\n<!-- \/ Yoast SEO plugin. -->","yoast_head_json":{"title":"Ein Jahr NSU: B\u00fcndnis ruft zu bundesweiten Protestaktionen auf - St\u00f6rungsmelder","robots":{"index":"index","follow":"follow","max-snippet":"max-snippet:-1","max-image-preview":"max-image-preview:large","max-video-preview":"max-video-preview:-1"},"canonical":"https:\/\/blog.zeit.de\/stoerungsmelder\/2012\/11\/01\/ein-jahr-nsu-bundnis-ruft-zu-budnesweiten-protestaktionen-auf_10368","og_locale":"de_DE","og_type":"article","og_title":"Ein Jahr NSU: B\u00fcndnis ruft zu bundesweiten Protestaktionen auf - St\u00f6rungsmelder","og_description":"Das &#8222;B\u00fcndnis gegen das Schweigen&#8220; ruft auf zum bundesweiten Aktionstag am 4. November 2012. In fast 30 St\u00e4dten sind bereits Kundgebungen, Demonstrationen und Veranstaltungen geplant. Der St\u00f6rungsmelder dokumentiert den Aufruf.","og_url":"https:\/\/blog.zeit.de\/stoerungsmelder\/2012\/11\/01\/ein-jahr-nsu-bundnis-ruft-zu-budnesweiten-protestaktionen-auf_10368","og_site_name":"St\u00f6rungsmelder","article_published_time":"2012-11-01T08:59:58+00:00","article_modified_time":"2012-11-01T09:03:19+00:00","og_image":[{"url":"https:\/\/blog.zeit.de\/stoerungsmelder\/files\/2012\/11\/aktionstag2.jpg"}],"author":"St\u00f6rungsmelder","twitter_card":"summary_large_image","twitter_misc":{"Geschrieben von":"St\u00f6rungsmelder","Gesch\u00e4tzte Lesezeit":"2\u00a0Minuten"},"schema":{"@context":"https:\/\/schema.org","@graph":[{"@type":"WebPage","@id":"https:\/\/blog.zeit.de\/stoerungsmelder\/2012\/11\/01\/ein-jahr-nsu-bundnis-ruft-zu-budnesweiten-protestaktionen-auf_10368","url":"https:\/\/blog.zeit.de\/stoerungsmelder\/2012\/11\/01\/ein-jahr-nsu-bundnis-ruft-zu-budnesweiten-protestaktionen-auf_10368","name":"Ein Jahr NSU: B\u00fcndnis ruft zu bundesweiten Protestaktionen auf - St\u00f6rungsmelder","isPartOf":{"@id":"https:\/\/blog.zeit.de\/stoerungsmelder\/#website"},"datePublished":"2012-11-01T08:59:58+00:00","dateModified":"2012-11-01T09:03:19+00:00","author":{"@id":"https:\/\/blog.zeit.de\/stoerungsmelder\/#\/schema\/person\/fdd0b9818f65738672810b6d6f037f71"},"breadcrumb":{"@id":"https:\/\/blog.zeit.de\/stoerungsmelder\/2012\/11\/01\/ein-jahr-nsu-bundnis-ruft-zu-budnesweiten-protestaktionen-auf_10368#breadcrumb"},"inLanguage":"de","potentialAction":[{"@type":"ReadAction","target":["https:\/\/blog.zeit.de\/stoerungsmelder\/2012\/11\/01\/ein-jahr-nsu-bundnis-ruft-zu-budnesweiten-protestaktionen-auf_10368"]}]},{"@type":"BreadcrumbList","@id":"https:\/\/blog.zeit.de\/stoerungsmelder\/2012\/11\/01\/ein-jahr-nsu-bundnis-ruft-zu-budnesweiten-protestaktionen-auf_10368#breadcrumb","itemListElement":[{"@type":"ListItem","position":1,"name":"Startseite","item":"https:\/\/blog.zeit.de\/stoerungsmelder"},{"@type":"ListItem","position":2,"name":"Ein Jahr NSU: B\u00fcndnis ruft zu bundesweiten Protestaktionen auf"}]},{"@type":"WebSite","@id":"https:\/\/blog.zeit.de\/stoerungsmelder\/#website","url":"https:\/\/blog.zeit.de\/stoerungsmelder\/","name":"St\u00f6rungsmelder","description":"Recherchen und Analysen \u00fcber die extreme Rechte","potentialAction":[{"@type":"SearchAction","target":{"@type":"EntryPoint","urlTemplate":"https:\/\/blog.zeit.de\/stoerungsmelder\/?s={search_term_string}"},"query-input":"required name=search_term_string"}],"inLanguage":"de"},{"@type":"Person","@id":"https:\/\/blog.zeit.de\/stoerungsmelder\/#\/schema\/person\/fdd0b9818f65738672810b6d6f037f71","name":"St\u00f6rungsmelder","image":{"@type":"ImageObject","inLanguage":"de","@id":"https:\/\/blog.zeit.de\/stoerungsmelder\/#\/schema\/person\/image\/","url":"https:\/\/secure.gravatar.com\/avatar\/dfa4be514c3e82a71e4f9a0020035d38192d080ccaa5e4e6d7a1472c763535c5?s=96&d=mm&r=pg","contentUrl":"https:\/\/secure.gravatar.com\/avatar\/dfa4be514c3e82a71e4f9a0020035d38192d080ccaa5e4e6d7a1472c763535c5?s=96&d=mm&r=pg","caption":"St\u00f6rungsmelder"},"url":"https:\/\/blog.zeit.de\/stoerungsmelder\/author\/stoerungsmelder"}]}},"jetpack_featured_media_url":"","jetpack_sharing_enabled":true,"_links":{"self":[{"href":"https:\/\/blog.zeit.de\/stoerungsmelder\/wp-json\/wp\/v2\/posts\/10368","targetHints":{"allow":["GET"]}}],"collection":[{"href":"https:\/\/blog.zeit.de\/stoerungsmelder\/wp-json\/wp\/v2\/posts"}],"about":[{"href":"https:\/\/blog.zeit.de\/stoerungsmelder\/wp-json\/wp\/v2\/types\/post"}],"author":[{"embeddable":true,"href":"https:\/\/blog.zeit.de\/stoerungsmelder\/wp-json\/wp\/v2\/users\/229"}],"replies":[{"embeddable":true,"href":"https:\/\/blog.zeit.de\/stoerungsmelder\/wp-json\/wp\/v2\/comments?post=10368"}],"version-history":[{"count":4,"href":"https:\/\/blog.zeit.de\/stoerungsmelder\/wp-json\/wp\/v2\/posts\/10368\/revisions"}],"predecessor-version":[{"id":10372,"href":"https:\/\/blog.zeit.de\/stoerungsmelder\/wp-json\/wp\/v2\/posts\/10368\/revisions\/10372"}],"wp:attachment":[{"href":"https:\/\/blog.zeit.de\/stoerungsmelder\/wp-json\/wp\/v2\/media?parent=10368"}],"wp:term":[{"taxonomy":"category","embeddable":true,"href":"https:\/\/blog.zeit.de\/stoerungsmelder\/wp-json\/wp\/v2\/categories?post=10368"},{"taxonomy":"post_tag","embeddable":true,"href":"https:\/\/blog.zeit.de\/stoerungsmelder\/wp-json\/wp\/v2\/tags?post=10368"}],"curies":[{"name":"wp","href":"https:\/\/api.w.org\/{rel}","templated":true}]}}