{"id":104,"date":"2007-11-13T13:05:38","date_gmt":"2007-11-13T11:05:38","guid":{"rendered":"http:\/\/blog.zeit.de\/stoerungsmelder\/2007\/11\/13\/sachsen-anhalt-bald-rauch-und-nazi-freie-gaststatten_104"},"modified":"2007-11-13T13:05:38","modified_gmt":"2007-11-13T11:05:38","slug":"sachsen-anhalt-bald-rauch-und-nazi-freie-gaststatten","status":"publish","type":"post","link":"https:\/\/blog.zeit.de\/stoerungsmelder\/2007\/11\/13\/sachsen-anhalt-bald-rauch-und-nazi-freie-gaststatten_104","title":{"rendered":"Sachsen-Anhalt: Bald Rauch- und Nazi-Freie Gastst\u00e4tten?"},"content":{"rendered":"<p>Eigentlich wollten die Neonazis `national befreite Zonen` schaffen, in denen sie faktisch das Geschehen in Stra\u00dfen, D\u00f6rfern oder Stadtvierteln entscheidend mitbestimmen. Jetzt dreht sich der Wind zusehends, die Toleranz gegen\u00fcber den Intoleranten wird immer kleiner, die gesellschaftliche Isolation immer gr\u00f6\u00dfer. Denn Neonazis m\u00fcssen in Sachsen-Anhalt laut Medienberichten damit rechnen, dass sie in Hotels keine Zimmer mehr bekommen. Sie sollen in gastronomischen Betrieben zu unerw\u00fcnschten Personen erkl\u00e4rt werden. <!--more-->Die rund 1000 Mitgliedsbetriebe des Hotel- und Gastst\u00e4ttenverbands (Dehoga) in Sachsen-Anhalt werden Anfang dieser Woche Post mit ungew\u00f6hnlichem Inhalt bekommen, berichtet die <a href=\"http:\/\/www.mz-web.de\/servlet\/ContentServer?pagename=ksta\/page&amp;atype=ksArtikel&amp;aid=1194628275711&amp;openMenu=1013016724285&amp;calledPageId=1013016724285&amp;listid=1018881578312\">Mitteldeutsche Zeitung<\/a>. Neonazis sollen, so das erkl\u00e4rte Ziel der Aktion, in keinem der Mitgliedsbetriebe mehr ein Zimmer oder einen Tagungsraum buchen k\u00f6nnen.<\/p>\n<p><strong>Sorge vor wirtschaftlichen Folgen des Nazi-Terrors<\/strong><\/p>\n<p>Dabei gehe es nicht nur um die selbstverst\u00e4ndliche politische Abgrenzung zu Rechtsextremisten, sondern auch um wirtschaftliche \u00dcberlegungen, so der Dehoga-Chef gegen\u00fcber der MZ. Touristen w\u00fcrden zunehmend durch fremdenfeindliche \u00dcbergriffe und durch die Wahlerfolge rechter Parteien wie der NPD von einem Besuch Sachsen-Anhalts abgehalten. Schildhauer zitiert in diesem Zusammenhang eine repr\u00e4sentative Umfrage des Meinungsforschungsinstituts Ipsos. Danach haben elf Prozent der Befragten erkl\u00e4rt, wegen der rechten Vorf\u00e4lle auf eine Reise nach Sachsen-Anhalt verzichten zu wollen. Bei weiteren 15 Prozent spiele dies zumindest in der Abw\u00e4gung mit anderen Reisezielen eine wichtige Rolle. Grunds\u00e4tzlich hat ein Gastwirt nach Angaben Schildhauers das Recht, eine Buchung abzulehnen. Auch in Mecklenburg-Vorpommern hatte der Tourismusverband j\u00fcngst Zahlen vorgelegt, <a href=\"https:\/\/blog.zeit.de\/stoerungsmelder\/2007\/11\/09\/was-kostet-braune-gewalt-in-euro-und-cent_84#more-84\" title=\"St\u00f6rungsmelder.org\">wonach durch die Neonazi-Aktivit\u00e4ten zahlreiche Touristen abgeschreckt w\u00fcrden.<\/a><\/p>\n<p>Auch in Brandenburg m\u00fcssen die Neonazis bald zelten gehen, h\u00e4rtet ja sowieso mehr ab. Der dortige Hotel- und Gastst\u00e4ttenverband hat Funktion\u00e4re der NPD und der DVU als G\u00e4ste in gastronomischen Betrieben schon vor einigen Wochen f\u00fcr unerw\u00fcnscht erkl\u00e4rt. Im Streitfall wird den Mitgliedsbetrieben nun unter anderem Hilfestellung in juristischen Fragen angeboten. <a href=\"http:\/\/npd-blog.info\/?p=1151\">Und in Sachsen lud ein Hotelbetreiber hohe NPD-Funktion\u00e4re aus seinem Hotel aus<\/a>. Er k\u00fcndigte an, das Geld, das NPD-Funktion\u00e4re in seinem Haus ausgeben, an die Dresdner j\u00fcdische Gemeinde spenden zu wollen.<\/p>\n<p><strong>Nazis &#8211; die Juden von heute?!?<\/strong><\/p>\n<p><a href=\"http:\/\/npd-blog.info\/?p=1173\">Der NPD-Multifunktion\u00e4r Holger Apfel schrieb zu der Ausladung aus dem Dresdner Hotel unter anderem<\/a>: \u2018Ich bin davon \u00fcberzeugt, da\u00df sich \u201cmutige\u201d Menschen Ihres Schlages [gemeint ist der Hotelbetreiber,PG] in fr\u00fcheren Zeiten wohl einer der ersten staatlichen Boykottma\u00dfnahmen gegen Minderheiten angeschlossen h\u00e4tten.\u2019  Aha, jetzt wird der Hotelbesitzer, der keine Neonazis in seinem Haus haben will, selbst zum Nazi, die NPD wird zu den Juden von heute. Und zuvor hatte die NPD in einer Pressemitteilung geschrieben, nachdem der Verfassungsschutz darauf hingewiesen hatte, dass die rechtsextreme Partei ihre `Deutsche Stimme` im Ausland drucken l\u00e4sst: Die `Pogromstimmung gegen die NPD` habe einen erneuten H\u00f6hepunkt erreicht. Diese d\u00fcnnh\u00e4utigen Reaktionen zeigen: Der \u00f6ffentliche Druck auf die NPD nimmt zu &#8211; und dies zeigt Wirkung.<\/p>\n","protected":false},"excerpt":{"rendered":"<p>Eigentlich wollten die Neonazis `national befreite Zonen` schaffen, in denen sie faktisch das Geschehen in Stra\u00dfen, D\u00f6rfern oder Stadtvierteln entscheidend mitbestimmen. Jetzt dreht sich der Wind zusehends, die Toleranz gegen\u00fcber den Intoleranten wird immer kleiner, die gesellschaftliche Isolation immer gr\u00f6\u00dfer. Denn Neonazis m\u00fcssen in Sachsen-Anhalt laut Medienberichten damit rechnen, dass sie in Hotels keine Zimmer [&hellip;]<\/p>\n","protected":false},"author":227,"featured_media":0,"comment_status":"open","ping_status":"open","sticky":false,"template":"","format":"standard","meta":{"_jetpack_memberships_contains_paid_content":false,"footnotes":""},"categories":[1451,1456,1457],"tags":[1542,1578,1716],"class_list":["post-104","post","type-post","status-publish","format-standard","hentry","category-brandenburg","category-sachsen","category-sachsen-anhalt","tag-dvu","tag-gegenstrategien","tag-npd"],"yoast_head":"<!-- This site is optimized with the Yoast SEO plugin v21.0 - https:\/\/yoast.com\/wordpress\/plugins\/seo\/ -->\n<title>Sachsen-Anhalt: Bald Rauch- und Nazi-Freie Gastst\u00e4tten? - St\u00f6rungsmelder<\/title>\n<meta name=\"robots\" content=\"index, follow, max-snippet:-1, max-image-preview:large, max-video-preview:-1\" \/>\n<link rel=\"canonical\" href=\"https:\/\/blog.zeit.de\/stoerungsmelder\/2007\/11\/13\/sachsen-anhalt-bald-rauch-und-nazi-freie-gaststatten_104\" \/>\n<meta property=\"og:locale\" content=\"de_DE\" \/>\n<meta property=\"og:type\" content=\"article\" \/>\n<meta property=\"og:title\" content=\"Sachsen-Anhalt: Bald Rauch- und Nazi-Freie Gastst\u00e4tten? - St\u00f6rungsmelder\" \/>\n<meta property=\"og:description\" content=\"Eigentlich wollten die Neonazis `national befreite Zonen` schaffen, in denen sie faktisch das Geschehen in Stra\u00dfen, D\u00f6rfern oder Stadtvierteln entscheidend mitbestimmen. Jetzt dreht sich der Wind zusehends, die Toleranz gegen\u00fcber den Intoleranten wird immer kleiner, die gesellschaftliche Isolation immer gr\u00f6\u00dfer. Denn Neonazis m\u00fcssen in Sachsen-Anhalt laut Medienberichten damit rechnen, dass sie in Hotels keine Zimmer [&hellip;]\" \/>\n<meta property=\"og:url\" content=\"https:\/\/blog.zeit.de\/stoerungsmelder\/2007\/11\/13\/sachsen-anhalt-bald-rauch-und-nazi-freie-gaststatten_104\" \/>\n<meta property=\"og:site_name\" content=\"St\u00f6rungsmelder\" \/>\n<meta property=\"article:published_time\" content=\"2007-11-13T11:05:38+00:00\" \/>\n<meta name=\"author\" content=\"Patrick Gensing\" \/>\n<meta name=\"twitter:card\" content=\"summary_large_image\" \/>\n<meta name=\"twitter:label1\" content=\"Geschrieben von\" \/>\n\t<meta name=\"twitter:data1\" content=\"Patrick Gensing\" \/>\n\t<meta name=\"twitter:label2\" content=\"Gesch\u00e4tzte Lesezeit\" \/>\n\t<meta name=\"twitter:data2\" content=\"2\u00a0Minuten\" \/>\n<script type=\"application\/ld+json\" class=\"yoast-schema-graph\">{\"@context\":\"https:\/\/schema.org\",\"@graph\":[{\"@type\":\"WebPage\",\"@id\":\"https:\/\/blog.zeit.de\/stoerungsmelder\/2007\/11\/13\/sachsen-anhalt-bald-rauch-und-nazi-freie-gaststatten_104\",\"url\":\"https:\/\/blog.zeit.de\/stoerungsmelder\/2007\/11\/13\/sachsen-anhalt-bald-rauch-und-nazi-freie-gaststatten_104\",\"name\":\"Sachsen-Anhalt: Bald Rauch- und Nazi-Freie Gastst\u00e4tten? - St\u00f6rungsmelder\",\"isPartOf\":{\"@id\":\"https:\/\/blog.zeit.de\/stoerungsmelder\/#website\"},\"datePublished\":\"2007-11-13T11:05:38+00:00\",\"dateModified\":\"2007-11-13T11:05:38+00:00\",\"author\":{\"@id\":\"https:\/\/blog.zeit.de\/stoerungsmelder\/#\/schema\/person\/1898e9a6d47b4737da2c4fca74a10552\"},\"breadcrumb\":{\"@id\":\"https:\/\/blog.zeit.de\/stoerungsmelder\/2007\/11\/13\/sachsen-anhalt-bald-rauch-und-nazi-freie-gaststatten_104#breadcrumb\"},\"inLanguage\":\"de\",\"potentialAction\":[{\"@type\":\"ReadAction\",\"target\":[\"https:\/\/blog.zeit.de\/stoerungsmelder\/2007\/11\/13\/sachsen-anhalt-bald-rauch-und-nazi-freie-gaststatten_104\"]}]},{\"@type\":\"BreadcrumbList\",\"@id\":\"https:\/\/blog.zeit.de\/stoerungsmelder\/2007\/11\/13\/sachsen-anhalt-bald-rauch-und-nazi-freie-gaststatten_104#breadcrumb\",\"itemListElement\":[{\"@type\":\"ListItem\",\"position\":1,\"name\":\"Startseite\",\"item\":\"https:\/\/blog.zeit.de\/stoerungsmelder\"},{\"@type\":\"ListItem\",\"position\":2,\"name\":\"Sachsen-Anhalt: Bald Rauch- und Nazi-Freie Gastst\u00e4tten?\"}]},{\"@type\":\"WebSite\",\"@id\":\"https:\/\/blog.zeit.de\/stoerungsmelder\/#website\",\"url\":\"https:\/\/blog.zeit.de\/stoerungsmelder\/\",\"name\":\"St\u00f6rungsmelder\",\"description\":\"Recherchen und Analysen \u00fcber die extreme Rechte\",\"potentialAction\":[{\"@type\":\"SearchAction\",\"target\":{\"@type\":\"EntryPoint\",\"urlTemplate\":\"https:\/\/blog.zeit.de\/stoerungsmelder\/?s={search_term_string}\"},\"query-input\":\"required name=search_term_string\"}],\"inLanguage\":\"de\"},{\"@type\":\"Person\",\"@id\":\"https:\/\/blog.zeit.de\/stoerungsmelder\/#\/schema\/person\/1898e9a6d47b4737da2c4fca74a10552\",\"name\":\"Patrick Gensing\",\"image\":{\"@type\":\"ImageObject\",\"inLanguage\":\"de\",\"@id\":\"https:\/\/blog.zeit.de\/stoerungsmelder\/#\/schema\/person\/image\/\",\"url\":\"https:\/\/secure.gravatar.com\/avatar\/a7a6fc628ed4dd7517525b944e2a8b13f64804f428d399d781f8dd0c4651643a?s=96&d=mm&r=pg\",\"contentUrl\":\"https:\/\/secure.gravatar.com\/avatar\/a7a6fc628ed4dd7517525b944e2a8b13f64804f428d399d781f8dd0c4651643a?s=96&d=mm&r=pg\",\"caption\":\"Patrick Gensing\"},\"description\":\"Journalist, Blogger, Buchautor - Patrick Gensing besch\u00e4ftigt sich seit seiner Jugend Ende der 1980er Jahre mit den Themen Neonazis, Rassismus und Antisemitismus. Seit rund zehn Jahren schreibt er als Journalist \u00fcber diese Themen, unter anderem bei tagesschau.de, bei Zeit-Online, in der taz - oder in dem Buch \\\"Terror von rechts\\\", das am 14. September 2012 erscheint.\",\"sameAs\":[\"http:\/\/publikative.org\"],\"url\":\"https:\/\/blog.zeit.de\/stoerungsmelder\/author\/patrick-gensing\"}]}<\/script>\n<!-- \/ Yoast SEO plugin. -->","yoast_head_json":{"title":"Sachsen-Anhalt: Bald Rauch- und Nazi-Freie Gastst\u00e4tten? - St\u00f6rungsmelder","robots":{"index":"index","follow":"follow","max-snippet":"max-snippet:-1","max-image-preview":"max-image-preview:large","max-video-preview":"max-video-preview:-1"},"canonical":"https:\/\/blog.zeit.de\/stoerungsmelder\/2007\/11\/13\/sachsen-anhalt-bald-rauch-und-nazi-freie-gaststatten_104","og_locale":"de_DE","og_type":"article","og_title":"Sachsen-Anhalt: Bald Rauch- und Nazi-Freie Gastst\u00e4tten? - St\u00f6rungsmelder","og_description":"Eigentlich wollten die Neonazis `national befreite Zonen` schaffen, in denen sie faktisch das Geschehen in Stra\u00dfen, D\u00f6rfern oder Stadtvierteln entscheidend mitbestimmen. Jetzt dreht sich der Wind zusehends, die Toleranz gegen\u00fcber den Intoleranten wird immer kleiner, die gesellschaftliche Isolation immer gr\u00f6\u00dfer. Denn Neonazis m\u00fcssen in Sachsen-Anhalt laut Medienberichten damit rechnen, dass sie in Hotels keine Zimmer [&hellip;]","og_url":"https:\/\/blog.zeit.de\/stoerungsmelder\/2007\/11\/13\/sachsen-anhalt-bald-rauch-und-nazi-freie-gaststatten_104","og_site_name":"St\u00f6rungsmelder","article_published_time":"2007-11-13T11:05:38+00:00","author":"Patrick Gensing","twitter_card":"summary_large_image","twitter_misc":{"Geschrieben von":"Patrick Gensing","Gesch\u00e4tzte Lesezeit":"2\u00a0Minuten"},"schema":{"@context":"https:\/\/schema.org","@graph":[{"@type":"WebPage","@id":"https:\/\/blog.zeit.de\/stoerungsmelder\/2007\/11\/13\/sachsen-anhalt-bald-rauch-und-nazi-freie-gaststatten_104","url":"https:\/\/blog.zeit.de\/stoerungsmelder\/2007\/11\/13\/sachsen-anhalt-bald-rauch-und-nazi-freie-gaststatten_104","name":"Sachsen-Anhalt: Bald Rauch- und Nazi-Freie Gastst\u00e4tten? - St\u00f6rungsmelder","isPartOf":{"@id":"https:\/\/blog.zeit.de\/stoerungsmelder\/#website"},"datePublished":"2007-11-13T11:05:38+00:00","dateModified":"2007-11-13T11:05:38+00:00","author":{"@id":"https:\/\/blog.zeit.de\/stoerungsmelder\/#\/schema\/person\/1898e9a6d47b4737da2c4fca74a10552"},"breadcrumb":{"@id":"https:\/\/blog.zeit.de\/stoerungsmelder\/2007\/11\/13\/sachsen-anhalt-bald-rauch-und-nazi-freie-gaststatten_104#breadcrumb"},"inLanguage":"de","potentialAction":[{"@type":"ReadAction","target":["https:\/\/blog.zeit.de\/stoerungsmelder\/2007\/11\/13\/sachsen-anhalt-bald-rauch-und-nazi-freie-gaststatten_104"]}]},{"@type":"BreadcrumbList","@id":"https:\/\/blog.zeit.de\/stoerungsmelder\/2007\/11\/13\/sachsen-anhalt-bald-rauch-und-nazi-freie-gaststatten_104#breadcrumb","itemListElement":[{"@type":"ListItem","position":1,"name":"Startseite","item":"https:\/\/blog.zeit.de\/stoerungsmelder"},{"@type":"ListItem","position":2,"name":"Sachsen-Anhalt: Bald Rauch- und Nazi-Freie Gastst\u00e4tten?"}]},{"@type":"WebSite","@id":"https:\/\/blog.zeit.de\/stoerungsmelder\/#website","url":"https:\/\/blog.zeit.de\/stoerungsmelder\/","name":"St\u00f6rungsmelder","description":"Recherchen und Analysen \u00fcber die extreme Rechte","potentialAction":[{"@type":"SearchAction","target":{"@type":"EntryPoint","urlTemplate":"https:\/\/blog.zeit.de\/stoerungsmelder\/?s={search_term_string}"},"query-input":"required name=search_term_string"}],"inLanguage":"de"},{"@type":"Person","@id":"https:\/\/blog.zeit.de\/stoerungsmelder\/#\/schema\/person\/1898e9a6d47b4737da2c4fca74a10552","name":"Patrick Gensing","image":{"@type":"ImageObject","inLanguage":"de","@id":"https:\/\/blog.zeit.de\/stoerungsmelder\/#\/schema\/person\/image\/","url":"https:\/\/secure.gravatar.com\/avatar\/a7a6fc628ed4dd7517525b944e2a8b13f64804f428d399d781f8dd0c4651643a?s=96&d=mm&r=pg","contentUrl":"https:\/\/secure.gravatar.com\/avatar\/a7a6fc628ed4dd7517525b944e2a8b13f64804f428d399d781f8dd0c4651643a?s=96&d=mm&r=pg","caption":"Patrick Gensing"},"description":"Journalist, Blogger, Buchautor - Patrick Gensing besch\u00e4ftigt sich seit seiner Jugend Ende der 1980er Jahre mit den Themen Neonazis, Rassismus und Antisemitismus. Seit rund zehn Jahren schreibt er als Journalist \u00fcber diese Themen, unter anderem bei tagesschau.de, bei Zeit-Online, in der taz - oder in dem Buch \"Terror von rechts\", das am 14. September 2012 erscheint.","sameAs":["http:\/\/publikative.org"],"url":"https:\/\/blog.zeit.de\/stoerungsmelder\/author\/patrick-gensing"}]}},"jetpack_featured_media_url":"","jetpack_sharing_enabled":true,"_links":{"self":[{"href":"https:\/\/blog.zeit.de\/stoerungsmelder\/wp-json\/wp\/v2\/posts\/104","targetHints":{"allow":["GET"]}}],"collection":[{"href":"https:\/\/blog.zeit.de\/stoerungsmelder\/wp-json\/wp\/v2\/posts"}],"about":[{"href":"https:\/\/blog.zeit.de\/stoerungsmelder\/wp-json\/wp\/v2\/types\/post"}],"author":[{"embeddable":true,"href":"https:\/\/blog.zeit.de\/stoerungsmelder\/wp-json\/wp\/v2\/users\/227"}],"replies":[{"embeddable":true,"href":"https:\/\/blog.zeit.de\/stoerungsmelder\/wp-json\/wp\/v2\/comments?post=104"}],"version-history":[{"count":0,"href":"https:\/\/blog.zeit.de\/stoerungsmelder\/wp-json\/wp\/v2\/posts\/104\/revisions"}],"wp:attachment":[{"href":"https:\/\/blog.zeit.de\/stoerungsmelder\/wp-json\/wp\/v2\/media?parent=104"}],"wp:term":[{"taxonomy":"category","embeddable":true,"href":"https:\/\/blog.zeit.de\/stoerungsmelder\/wp-json\/wp\/v2\/categories?post=104"},{"taxonomy":"post_tag","embeddable":true,"href":"https:\/\/blog.zeit.de\/stoerungsmelder\/wp-json\/wp\/v2\/tags?post=104"}],"curies":[{"name":"wp","href":"https:\/\/api.w.org\/{rel}","templated":true}]}}