{"id":10526,"date":"2012-11-15T12:13:46","date_gmt":"2012-11-15T11:13:46","guid":{"rendered":"http:\/\/blog.zeit.de\/stoerungsmelder\/?p=10526"},"modified":"2012-11-18T13:27:46","modified_gmt":"2012-11-18T12:27:46","slug":"nationalistisches-massenevent","status":"publish","type":"post","link":"https:\/\/blog.zeit.de\/stoerungsmelder\/2012\/11\/15\/nationalistisches-massenevent_10526","title":{"rendered":"Nationalistisches Massenevent"},"content":{"rendered":"<p><figure id=\"attachment_10527\" aria-describedby=\"caption-attachment-10527\" style=\"width: 540px\" class=\"wp-caption alignnone\"><a href=\"https:\/\/blog.zeit.de\/stoerungsmelder\/files\/2012\/11\/Bild1.jpg\"><img loading=\"lazy\" decoding=\"async\" class=\"size-full wp-image-10527\" src=\"https:\/\/blog.zeit.de\/stoerungsmelder\/files\/2012\/11\/Bild1.jpg\" alt=\"\" width=\"540\" height=\"300\" srcset=\"https:\/\/blog.zeit.de\/stoerungsmelder\/files\/2012\/11\/Bild1.jpg 540w, https:\/\/blog.zeit.de\/stoerungsmelder\/files\/2012\/11\/Bild1-300x166.jpg 300w\" sizes=\"auto, (max-width: 540px) 100vw, 540px\" \/><\/a><figcaption id=\"caption-attachment-10527\" class=\"wp-caption-text\">Eine Gruppe polnischer Polizisten steht randalierenden Neonazis gegen\u00fcber \u00a9 Theo Schneider<\/figcaption><\/figure><\/p>\n<p>Neonazis und Hooligans randalieren am polnischen Unabh\u00e4ngigkeitstag in Warschau. \u00dcber tausend Nazigegner protestieren dagegen zeitgleich.<\/p>\n<p><!--more--><\/p>\n<p><em>Von Theo Schneider<\/em><\/p>\n<p>Es scheint zur traurigen Tradition am 11. November in Warschau zu werden. Neben den staatsoffiziellen Zeremonien und Gedenkfeiern im ganzen Land marschieren auch tausende Nationalisten, gewaltbereite Neonazis und Hooligans bei einem eigenen \u201eMarsch der Unabh\u00e4ngigkeit\u201c am polnischen Nationalfeiertag durch Warschau und liefern sich dabei Stra\u00dfenschlachten mit der Polizei. Ziel des Marsches ist das Denkmal von Roman Dmowskiego. Er gilt als einer der V\u00e4ter des polnischen Nationalismus und organisierte 1911 als \u00fcberzeugter Antisemit einen Boykott j\u00fcdischer Unternehmen.<\/p>\n<p>Vermutlich nicht zuletzt deswegen entwickelte sich in diesem Jahr die Veranstaltung, organisiert von den nationalistischen Gruppierungen \u201eNationalradikales Lager\u201c (ONR) und \u201eAllpolnische Jugend\u201c mit rund 20.000 Teilnehmern auch zu einem Treffen diverser rechtsextremer Gruppen Europas: unter anderem Abordnungen der ungarischen Jobbik-Bewegung, Mitglieder der slowakischen SNS-Partei sowie Vertreter der italienischen Forza Nuova und serbische Neonazis liefen zum 94. Jahrestag der Unabh\u00e4ngigkeit in der polnischen Hauptstadt auf.<\/p>\n<p><figure id=\"attachment_10528\" aria-describedby=\"caption-attachment-10528\" style=\"width: 540px\" class=\"wp-caption alignnone\"><a href=\"https:\/\/blog.zeit.de\/stoerungsmelder\/files\/2012\/11\/Bild2.jpg\"><img loading=\"lazy\" decoding=\"async\" class=\"size-full wp-image-10528 \" src=\"https:\/\/blog.zeit.de\/stoerungsmelder\/files\/2012\/11\/Bild2.jpg\" alt=\"\" width=\"540\" height=\"300\" srcset=\"https:\/\/blog.zeit.de\/stoerungsmelder\/files\/2012\/11\/Bild2.jpg 540w, https:\/\/blog.zeit.de\/stoerungsmelder\/files\/2012\/11\/Bild2-300x166.jpg 300w\" sizes=\"auto, (max-width: 540px) 100vw, 540px\" \/><\/a><figcaption id=\"caption-attachment-10528\" class=\"wp-caption-text\">Ein Transparent des Nationalradikalen Lagers (ONR) mit Keltenkreuz und Parteisymbol \u00a9 Theo Schneider<\/figcaption><\/figure><\/p>\n<p>Unter ihnen auch, wie im Vorjahr \u00fcber tausend Hooligans, denen es vor allem darum geht, sich Auseinandersetzungen mit der Polizei zu liefern. Schon auf dem Weg zum Auftaktort attackierten sie die Polizei mit Steinen und Feuerwerksk\u00f6rpern, als diese verhinderte, dass die Gruppe in Richtung einer zeitgleich stattfindenden linken Demonstration \u201eZusammen gegen Faschismus und Nationalismus\u201c vordringen wollte. Im Vorfeld drohten Neonazis wiederholt mit Angriffen auf die Kundgebung der Nazigegner.<\/p>\n<p>Die Polizei versuchte in diesem Jahr eine Strategie der Deeskalation und hielt sich deswegen nach M\u00f6glichkeit im Hintergrund. Das f\u00fchrte aber lediglich dazu, dass mangels Angriffsfl\u00e4che die Teilnehmer des rechten Marsches am Warschauer Hauptbahnhof randalierten und die dortigen Sicherheitsleute attackierten. Sp\u00e4ter kam es auch zu heftigen Ausschreitungen, als der Demonstrationszug von seiner angemeldeten Route abweichen wollte und Polizisten sich dem entgegenstellten. Stundenlang wurden die eingesetzten Beamten von den Demonstrierenden mit Steinbrocken, Feuerwerksk\u00f6rpern und sogar Stra\u00dfenpollern beworfen. Eine Spezialeinheit aus vermummten Zivilpolizisten versuchte, R\u00e4delsf\u00fchrer aus der Menge zu ziehen, augenscheinlich jedoch mit bescheidenem Erfolg. Die Bilanz des Tages: 176 Festnahmen, 22 verletzte Polizisten, drei davon schwer, und acht besch\u00e4digte Polizeiautos. Der Marsch selber wurde bis zum Schluss durchgef\u00fchrt und die Veranstalter kritisierten durchgehend die Polizei wegen angeblicher \u201eProvokationen\u201c.<\/p>\n<p><figure id=\"attachment_10529\" aria-describedby=\"caption-attachment-10529\" style=\"width: 540px\" class=\"wp-caption alignnone\"><a href=\"https:\/\/blog.zeit.de\/stoerungsmelder\/files\/2012\/11\/Bild3.jpg\"><img loading=\"lazy\" decoding=\"async\" class=\"size-full wp-image-10529\" src=\"https:\/\/blog.zeit.de\/stoerungsmelder\/files\/2012\/11\/Bild3.jpg\" alt=\"\" width=\"540\" height=\"300\" srcset=\"https:\/\/blog.zeit.de\/stoerungsmelder\/files\/2012\/11\/Bild3.jpg 540w, https:\/\/blog.zeit.de\/stoerungsmelder\/files\/2012\/11\/Bild3-300x166.jpg 300w\" sizes=\"auto, (max-width: 540px) 100vw, 540px\" \/><\/a><figcaption id=\"caption-attachment-10529\" class=\"wp-caption-text\">Randalierende Neonazis werfen immer wieder Steine in Richtung Polizei \u00a9 Theo Schneider<\/figcaption><\/figure><\/p>\n<p>Eine zeitgleich stattfindende Demonstration linker Gruppen unter dem Motto \u201eZusammen gegen Nationalismus und Faschismus\u201c verlief trotz der Drohungen im Vorfeld friedlich mit rund 1000 Personen. Den Angriffsversuch der Hooligans bemerkten die Teilnehmer nicht einmal. Im vergangenen Jahr hatte die Blockade des rechten Marsches f\u00fcr die heftigsten Ausschreitungen in der Geschichte des 11. November-Feiertags in Warschau. Fast 50 verletzte Polizisten, \u00fcber 200 Festnahmen und immense Sachsch\u00e4den waren das Resultat. In diesem Jahr verzichteten die Nazigegner auf einen Blockadeversuch, da das Zahlen- und Kr\u00e4fteverh\u00e4ltnis bereits im letzten Jahr deutlich gegen sie sprach.<\/p>\n<p><figure id=\"attachment_10530\" aria-describedby=\"caption-attachment-10530\" style=\"width: 540px\" class=\"wp-caption alignnone\"><a href=\"https:\/\/blog.zeit.de\/stoerungsmelder\/files\/2012\/11\/Bild4.jpg\"><img loading=\"lazy\" decoding=\"async\" class=\"size-full wp-image-10530\" src=\"https:\/\/blog.zeit.de\/stoerungsmelder\/files\/2012\/11\/Bild4.jpg\" alt=\"\" width=\"540\" height=\"300\" srcset=\"https:\/\/blog.zeit.de\/stoerungsmelder\/files\/2012\/11\/Bild4.jpg 540w, https:\/\/blog.zeit.de\/stoerungsmelder\/files\/2012\/11\/Bild4-300x166.jpg 300w\" sizes=\"auto, (max-width: 540px) 100vw, 540px\" \/><\/a><figcaption id=\"caption-attachment-10530\" class=\"wp-caption-text\">Ein Antifaschist h\u00e4lt ein Schild mit dem durchgestrichenen Symbol der ONR Partei \u00a9 Theo Schneider<\/figcaption><\/figure><\/p>\n<p>Aber auch die polnischen Beh\u00f6rden zogen Konsequenzen aus der Gewalt im Vorjahr und versch\u00e4rften j\u00fcngst das Versammlungsgesetz. Allerdings kam es am Sonntag noch nicht zur Anwendung, da es im Parlament lange Zeit umstritten war und erst letzte Woche endg\u00fcltig beschlossen wurde. Das Abbrennen von Feuerwerksk\u00f6rpern auf Demonstrationen ist k\u00fcnftig verboten, die Polizei hat die M\u00f6glichkeit Versammlungen \u00f6rtlich zu verschieben oder gar zu verbieten, wenn verfeindete Gruppen sich zu nahe kommen k\u00f6nnten. Nach den diesj\u00e4hrigen Ausschreitungen ist nun auch ein Vermummungsverbot in der Diskussion. Ob allerdings eine immer weitere Versch\u00e4rfung des Versammlungsgesetzes eine ad\u00e4quate Antwort auf das rechtsextremes Massenevent mit internationaler Beteiligung ist?<\/p>\n<p><div id='gallery-1' class='gallery galleryid-10526 gallery-columns-2 gallery-size-thumbnail'><figure class='gallery-item'>\n\t\t\t<div class='gallery-icon landscape'>\n\t\t\t\t<a href='https:\/\/blog.zeit.de\/stoerungsmelder\/2012\/11\/15\/nationalistisches-massenevent_10526\/bild8'><img loading=\"lazy\" decoding=\"async\" width=\"150\" height=\"150\" src=\"https:\/\/blog.zeit.de\/stoerungsmelder\/files\/2012\/11\/Bild8-150x150.jpg\" class=\"attachment-thumbnail size-thumbnail\" alt=\"\" \/><\/a>\n\t\t\t<\/div><\/figure><figure class='gallery-item'>\n\t\t\t<div class='gallery-icon landscape'>\n\t\t\t\t<a href='https:\/\/blog.zeit.de\/stoerungsmelder\/2012\/11\/15\/nationalistisches-massenevent_10526\/bild7'><img loading=\"lazy\" decoding=\"async\" width=\"150\" height=\"150\" src=\"https:\/\/blog.zeit.de\/stoerungsmelder\/files\/2012\/11\/Bild7-150x150.jpg\" class=\"attachment-thumbnail size-thumbnail\" alt=\"\" \/><\/a>\n\t\t\t<\/div><\/figure><figure class='gallery-item'>\n\t\t\t<div class='gallery-icon landscape'>\n\t\t\t\t<a href='https:\/\/blog.zeit.de\/stoerungsmelder\/2012\/11\/15\/nationalistisches-massenevent_10526\/bild6'><img loading=\"lazy\" decoding=\"async\" width=\"150\" height=\"150\" src=\"https:\/\/blog.zeit.de\/stoerungsmelder\/files\/2012\/11\/Bild6-150x150.jpg\" class=\"attachment-thumbnail size-thumbnail\" alt=\"\" \/><\/a>\n\t\t\t<\/div><\/figure><figure class='gallery-item'>\n\t\t\t<div class='gallery-icon landscape'>\n\t\t\t\t<a href='https:\/\/blog.zeit.de\/stoerungsmelder\/2012\/11\/15\/nationalistisches-massenevent_10526\/bild5'><img loading=\"lazy\" decoding=\"async\" width=\"150\" height=\"150\" src=\"https:\/\/blog.zeit.de\/stoerungsmelder\/files\/2012\/11\/Bild5-150x150.jpg\" class=\"attachment-thumbnail size-thumbnail\" alt=\"\" \/><\/a>\n\t\t\t<\/div><\/figure><figure class='gallery-item'>\n\t\t\t<div class='gallery-icon landscape'>\n\t\t\t\t<a href='https:\/\/blog.zeit.de\/stoerungsmelder\/2012\/11\/15\/nationalistisches-massenevent_10526\/bild4'><img loading=\"lazy\" decoding=\"async\" width=\"150\" height=\"150\" src=\"https:\/\/blog.zeit.de\/stoerungsmelder\/files\/2012\/11\/Bild4-150x150.jpg\" class=\"attachment-thumbnail size-thumbnail\" alt=\"\" \/><\/a>\n\t\t\t<\/div><\/figure><figure class='gallery-item'>\n\t\t\t<div class='gallery-icon landscape'>\n\t\t\t\t<a href='https:\/\/blog.zeit.de\/stoerungsmelder\/2012\/11\/15\/nationalistisches-massenevent_10526\/bild3'><img loading=\"lazy\" decoding=\"async\" width=\"150\" height=\"150\" src=\"https:\/\/blog.zeit.de\/stoerungsmelder\/files\/2012\/11\/Bild3-150x150.jpg\" class=\"attachment-thumbnail size-thumbnail\" alt=\"\" \/><\/a>\n\t\t\t<\/div><\/figure><figure class='gallery-item'>\n\t\t\t<div class='gallery-icon landscape'>\n\t\t\t\t<a href='https:\/\/blog.zeit.de\/stoerungsmelder\/2012\/11\/15\/nationalistisches-massenevent_10526\/bild2'><img loading=\"lazy\" decoding=\"async\" width=\"150\" height=\"150\" src=\"https:\/\/blog.zeit.de\/stoerungsmelder\/files\/2012\/11\/Bild2-150x150.jpg\" class=\"attachment-thumbnail size-thumbnail\" alt=\"\" \/><\/a>\n\t\t\t<\/div><\/figure><figure class='gallery-item'>\n\t\t\t<div class='gallery-icon landscape'>\n\t\t\t\t<a href='https:\/\/blog.zeit.de\/stoerungsmelder\/2012\/11\/15\/nationalistisches-massenevent_10526\/bild1'><img loading=\"lazy\" decoding=\"async\" width=\"150\" height=\"150\" src=\"https:\/\/blog.zeit.de\/stoerungsmelder\/files\/2012\/11\/Bild1-150x150.jpg\" class=\"attachment-thumbnail size-thumbnail\" alt=\"\" \/><\/a>\n\t\t\t<\/div><\/figure>\n\t\t<\/div>\n<\/p>\n","protected":false},"excerpt":{"rendered":"<p>Neonazis und Hooligans randalieren am polnischen Unabh\u00e4ngigkeitstag in Warschau. \u00dcber tausend Nazigegner protestieren dagegen zeitgleich.<\/p>\n","protected":false},"author":389,"featured_media":0,"comment_status":"open","ping_status":"open","sticky":false,"template":"","format":"standard","meta":{"_jetpack_memberships_contains_paid_content":false,"footnotes":""},"categories":[1515],"tags":[22902,22903,22042,22907,1587,1995,1707,22900,15823,1755,22906,22905,22904],"class_list":["post-10526","post","type-post","status-publish","format-standard","hentry","category-bundesweit","tag-11-listopada","tag-allpolnische-jugend","tag-ausschreitungen","tag-forza-nuova","tag-gewalt","tag-jobbik","tag-naziaufmarsch","tag-onr","tag-polen","tag-rechte-gewalt","tag-sns","tag-unabhangigkeitstag","tag-warschau"],"yoast_head":"<!-- This site is optimized with the Yoast SEO plugin v21.0 - https:\/\/yoast.com\/wordpress\/plugins\/seo\/ -->\n<title>Nationalistisches Massenevent - St\u00f6rungsmelder<\/title>\n<meta name=\"robots\" content=\"index, follow, max-snippet:-1, max-image-preview:large, max-video-preview:-1\" \/>\n<link rel=\"canonical\" href=\"https:\/\/blog.zeit.de\/stoerungsmelder\/2012\/11\/15\/nationalistisches-massenevent_10526\" \/>\n<meta property=\"og:locale\" content=\"de_DE\" \/>\n<meta property=\"og:type\" content=\"article\" \/>\n<meta property=\"og:title\" content=\"Nationalistisches Massenevent - St\u00f6rungsmelder\" \/>\n<meta property=\"og:description\" content=\"Neonazis und Hooligans randalieren am polnischen Unabh\u00e4ngigkeitstag in Warschau. \u00dcber tausend Nazigegner protestieren dagegen zeitgleich.\" \/>\n<meta property=\"og:url\" content=\"https:\/\/blog.zeit.de\/stoerungsmelder\/2012\/11\/15\/nationalistisches-massenevent_10526\" \/>\n<meta property=\"og:site_name\" content=\"St\u00f6rungsmelder\" \/>\n<meta property=\"article:published_time\" content=\"2012-11-15T11:13:46+00:00\" \/>\n<meta property=\"article:modified_time\" content=\"2012-11-18T12:27:46+00:00\" \/>\n<meta property=\"og:image\" content=\"https:\/\/blog.zeit.de\/stoerungsmelder\/files\/2012\/11\/Bild8-150x150.jpg\" \/>\n<meta name=\"author\" content=\"Theo Schneider\" \/>\n<meta name=\"twitter:card\" content=\"summary_large_image\" \/>\n<meta name=\"twitter:label1\" content=\"Geschrieben von\" \/>\n\t<meta name=\"twitter:data1\" content=\"Theo Schneider\" \/>\n\t<meta name=\"twitter:label2\" content=\"Gesch\u00e4tzte Lesezeit\" \/>\n\t<meta name=\"twitter:data2\" content=\"3\u00a0Minuten\" \/>\n<script type=\"application\/ld+json\" class=\"yoast-schema-graph\">{\"@context\":\"https:\/\/schema.org\",\"@graph\":[{\"@type\":\"WebPage\",\"@id\":\"https:\/\/blog.zeit.de\/stoerungsmelder\/2012\/11\/15\/nationalistisches-massenevent_10526\",\"url\":\"https:\/\/blog.zeit.de\/stoerungsmelder\/2012\/11\/15\/nationalistisches-massenevent_10526\",\"name\":\"Nationalistisches Massenevent - St\u00f6rungsmelder\",\"isPartOf\":{\"@id\":\"https:\/\/blog.zeit.de\/stoerungsmelder\/#website\"},\"datePublished\":\"2012-11-15T11:13:46+00:00\",\"dateModified\":\"2012-11-18T12:27:46+00:00\",\"author\":{\"@id\":\"https:\/\/blog.zeit.de\/stoerungsmelder\/#\/schema\/person\/b626c794a205b599e37781d4c34ea71c\"},\"breadcrumb\":{\"@id\":\"https:\/\/blog.zeit.de\/stoerungsmelder\/2012\/11\/15\/nationalistisches-massenevent_10526#breadcrumb\"},\"inLanguage\":\"de\",\"potentialAction\":[{\"@type\":\"ReadAction\",\"target\":[\"https:\/\/blog.zeit.de\/stoerungsmelder\/2012\/11\/15\/nationalistisches-massenevent_10526\"]}]},{\"@type\":\"BreadcrumbList\",\"@id\":\"https:\/\/blog.zeit.de\/stoerungsmelder\/2012\/11\/15\/nationalistisches-massenevent_10526#breadcrumb\",\"itemListElement\":[{\"@type\":\"ListItem\",\"position\":1,\"name\":\"Startseite\",\"item\":\"https:\/\/blog.zeit.de\/stoerungsmelder\"},{\"@type\":\"ListItem\",\"position\":2,\"name\":\"Nationalistisches Massenevent\"}]},{\"@type\":\"WebSite\",\"@id\":\"https:\/\/blog.zeit.de\/stoerungsmelder\/#website\",\"url\":\"https:\/\/blog.zeit.de\/stoerungsmelder\/\",\"name\":\"St\u00f6rungsmelder\",\"description\":\"Recherchen und Analysen \u00fcber die extreme Rechte\",\"potentialAction\":[{\"@type\":\"SearchAction\",\"target\":{\"@type\":\"EntryPoint\",\"urlTemplate\":\"https:\/\/blog.zeit.de\/stoerungsmelder\/?s={search_term_string}\"},\"query-input\":\"required name=search_term_string\"}],\"inLanguage\":\"de\"},{\"@type\":\"Person\",\"@id\":\"https:\/\/blog.zeit.de\/stoerungsmelder\/#\/schema\/person\/b626c794a205b599e37781d4c34ea71c\",\"name\":\"Theo Schneider\",\"image\":{\"@type\":\"ImageObject\",\"inLanguage\":\"de\",\"@id\":\"https:\/\/blog.zeit.de\/stoerungsmelder\/#\/schema\/person\/image\/\",\"url\":\"https:\/\/secure.gravatar.com\/avatar\/30c9f7cef1f5d9c6b383208e332bc9f722c0b390bcf0234795787c9a45df46fd?s=96&d=mm&r=pg\",\"contentUrl\":\"https:\/\/secure.gravatar.com\/avatar\/30c9f7cef1f5d9c6b383208e332bc9f722c0b390bcf0234795787c9a45df46fd?s=96&d=mm&r=pg\",\"caption\":\"Theo Schneider\"},\"url\":\"https:\/\/blog.zeit.de\/stoerungsmelder\/author\/theoschneider\"}]}<\/script>\n<!-- \/ Yoast SEO plugin. -->","yoast_head_json":{"title":"Nationalistisches Massenevent - St\u00f6rungsmelder","robots":{"index":"index","follow":"follow","max-snippet":"max-snippet:-1","max-image-preview":"max-image-preview:large","max-video-preview":"max-video-preview:-1"},"canonical":"https:\/\/blog.zeit.de\/stoerungsmelder\/2012\/11\/15\/nationalistisches-massenevent_10526","og_locale":"de_DE","og_type":"article","og_title":"Nationalistisches Massenevent - St\u00f6rungsmelder","og_description":"Neonazis und Hooligans randalieren am polnischen Unabh\u00e4ngigkeitstag in Warschau. \u00dcber tausend Nazigegner protestieren dagegen zeitgleich.","og_url":"https:\/\/blog.zeit.de\/stoerungsmelder\/2012\/11\/15\/nationalistisches-massenevent_10526","og_site_name":"St\u00f6rungsmelder","article_published_time":"2012-11-15T11:13:46+00:00","article_modified_time":"2012-11-18T12:27:46+00:00","og_image":[{"url":"https:\/\/blog.zeit.de\/stoerungsmelder\/files\/2012\/11\/Bild8-150x150.jpg"}],"author":"Theo Schneider","twitter_card":"summary_large_image","twitter_misc":{"Geschrieben von":"Theo Schneider","Gesch\u00e4tzte Lesezeit":"3\u00a0Minuten"},"schema":{"@context":"https:\/\/schema.org","@graph":[{"@type":"WebPage","@id":"https:\/\/blog.zeit.de\/stoerungsmelder\/2012\/11\/15\/nationalistisches-massenevent_10526","url":"https:\/\/blog.zeit.de\/stoerungsmelder\/2012\/11\/15\/nationalistisches-massenevent_10526","name":"Nationalistisches Massenevent - St\u00f6rungsmelder","isPartOf":{"@id":"https:\/\/blog.zeit.de\/stoerungsmelder\/#website"},"datePublished":"2012-11-15T11:13:46+00:00","dateModified":"2012-11-18T12:27:46+00:00","author":{"@id":"https:\/\/blog.zeit.de\/stoerungsmelder\/#\/schema\/person\/b626c794a205b599e37781d4c34ea71c"},"breadcrumb":{"@id":"https:\/\/blog.zeit.de\/stoerungsmelder\/2012\/11\/15\/nationalistisches-massenevent_10526#breadcrumb"},"inLanguage":"de","potentialAction":[{"@type":"ReadAction","target":["https:\/\/blog.zeit.de\/stoerungsmelder\/2012\/11\/15\/nationalistisches-massenevent_10526"]}]},{"@type":"BreadcrumbList","@id":"https:\/\/blog.zeit.de\/stoerungsmelder\/2012\/11\/15\/nationalistisches-massenevent_10526#breadcrumb","itemListElement":[{"@type":"ListItem","position":1,"name":"Startseite","item":"https:\/\/blog.zeit.de\/stoerungsmelder"},{"@type":"ListItem","position":2,"name":"Nationalistisches Massenevent"}]},{"@type":"WebSite","@id":"https:\/\/blog.zeit.de\/stoerungsmelder\/#website","url":"https:\/\/blog.zeit.de\/stoerungsmelder\/","name":"St\u00f6rungsmelder","description":"Recherchen und Analysen \u00fcber die extreme Rechte","potentialAction":[{"@type":"SearchAction","target":{"@type":"EntryPoint","urlTemplate":"https:\/\/blog.zeit.de\/stoerungsmelder\/?s={search_term_string}"},"query-input":"required name=search_term_string"}],"inLanguage":"de"},{"@type":"Person","@id":"https:\/\/blog.zeit.de\/stoerungsmelder\/#\/schema\/person\/b626c794a205b599e37781d4c34ea71c","name":"Theo Schneider","image":{"@type":"ImageObject","inLanguage":"de","@id":"https:\/\/blog.zeit.de\/stoerungsmelder\/#\/schema\/person\/image\/","url":"https:\/\/secure.gravatar.com\/avatar\/30c9f7cef1f5d9c6b383208e332bc9f722c0b390bcf0234795787c9a45df46fd?s=96&d=mm&r=pg","contentUrl":"https:\/\/secure.gravatar.com\/avatar\/30c9f7cef1f5d9c6b383208e332bc9f722c0b390bcf0234795787c9a45df46fd?s=96&d=mm&r=pg","caption":"Theo Schneider"},"url":"https:\/\/blog.zeit.de\/stoerungsmelder\/author\/theoschneider"}]}},"jetpack_featured_media_url":"","jetpack_sharing_enabled":true,"_links":{"self":[{"href":"https:\/\/blog.zeit.de\/stoerungsmelder\/wp-json\/wp\/v2\/posts\/10526","targetHints":{"allow":["GET"]}}],"collection":[{"href":"https:\/\/blog.zeit.de\/stoerungsmelder\/wp-json\/wp\/v2\/posts"}],"about":[{"href":"https:\/\/blog.zeit.de\/stoerungsmelder\/wp-json\/wp\/v2\/types\/post"}],"author":[{"embeddable":true,"href":"https:\/\/blog.zeit.de\/stoerungsmelder\/wp-json\/wp\/v2\/users\/389"}],"replies":[{"embeddable":true,"href":"https:\/\/blog.zeit.de\/stoerungsmelder\/wp-json\/wp\/v2\/comments?post=10526"}],"version-history":[{"count":11,"href":"https:\/\/blog.zeit.de\/stoerungsmelder\/wp-json\/wp\/v2\/posts\/10526\/revisions"}],"predecessor-version":[{"id":10542,"href":"https:\/\/blog.zeit.de\/stoerungsmelder\/wp-json\/wp\/v2\/posts\/10526\/revisions\/10542"}],"wp:attachment":[{"href":"https:\/\/blog.zeit.de\/stoerungsmelder\/wp-json\/wp\/v2\/media?parent=10526"}],"wp:term":[{"taxonomy":"category","embeddable":true,"href":"https:\/\/blog.zeit.de\/stoerungsmelder\/wp-json\/wp\/v2\/categories?post=10526"},{"taxonomy":"post_tag","embeddable":true,"href":"https:\/\/blog.zeit.de\/stoerungsmelder\/wp-json\/wp\/v2\/tags?post=10526"}],"curies":[{"name":"wp","href":"https:\/\/api.w.org\/{rel}","templated":true}]}}