{"id":10634,"date":"2012-11-24T08:32:54","date_gmt":"2012-11-24T07:32:54","guid":{"rendered":"http:\/\/blog.zeit.de\/stoerungsmelder\/?p=10634"},"modified":"2012-11-24T14:14:09","modified_gmt":"2012-11-24T13:14:09","slug":"wenn-die-rechte-mit-donermorden-kontert","status":"publish","type":"post","link":"https:\/\/blog.zeit.de\/stoerungsmelder\/2012\/11\/24\/wenn-die-rechte-mit-donermorden-kontert_10634","title":{"rendered":"Wenn die Rechte mit \u201cD\u00f6nermorden\u201d kontert"},"content":{"rendered":"<p><figure id=\"attachment_10636\" aria-describedby=\"caption-attachment-10636\" style=\"width: 417px\" class=\"wp-caption aligncenter\"><a href=\"https:\/\/blog.zeit.de\/stoerungsmelder\/files\/2012\/11\/bpb-Extremismusvideo.jpg\"><img loading=\"lazy\" decoding=\"async\" class=\" wp-image-10636   \" src=\"https:\/\/blog.zeit.de\/stoerungsmelder\/files\/2012\/11\/bpb-Extremismusvideo.jpg\" alt=\"\" width=\"417\" height=\"300\" \/><\/a><figcaption id=\"caption-attachment-10636\" class=\"wp-caption-text\">Screenshot von der Homepage der Bundeszentrale f\u00fcr politische Bildung<\/figcaption><\/figure><\/p>\n<p>F\u00fcr Bombenstimmung sorgt die Bundeszentrale f\u00fcr politische Bildung aktuell mit einem vermeintlichen Aufkl\u00e4rungsvideo: \u201eDie Linken fackeln Luxuskarossen ab\u2026 und die Rechten kontern mit den sogenannten D\u00f6nermorden\u201c, hei\u00dft es in dem mit Bildmaterial unterlegten Text. Ein krasses Beispiel daf\u00fcr, wie einfach sich eine rassistische Mordserie im Land der Extremismustheorie verkl\u00e4ren l\u00e4sst.<!--more--><\/p>\n<p><em>Von <a href=\"http:\/\/www.publikative.org\/2012\/11\/23\/wenn-die-rechte-mit-donermorden-kontert\/\" target=\"_blank\">Publikative.org<\/a><\/em><\/p>\n<p>Die Extremismustheorie wurde auf Basis der Totalitarismustheorie politisch durchgesetzt. Welche Bl\u00fcten die Gleichsetzung von Links- mit Rechtsextremismus treibt, zeigt der j\u00fcngste Verfassungsschutzbericht von Mecklenburg-Vorpommern, in dem die Punkband \u201eFeine Sahne Fischfilet\u201c mehr Zeilen als der rechtsterroristische \u201eNationalsozialistische Untergrund\u201c (NSU) bekommt.<\/p>\n<p>Doch auch die wegen ihren analytischen Publikationen anerkannte Bundeszentrale f\u00fcr politische Bildung scheint mit der Erkl\u00e4rung der umstrittenen Extremismus-Doktrin \u00fcberfordert zu sein, wie dieses Video anhand der versuchten Gleichsetzung von verschiedenen angeblichen Extremismen zeigt:<\/p>\n\n<div class=\"embed-wrapper embed-wrapper--blocked js-embed-consent\" data-method=\"iframe\">\n<script class=\"raw__source\" type=\"text\/template\"><iframe loading=\"lazy\" frameborder=\"0\" height=\"304\" src=\"http:\/\/www.youtube.com\/embed\/5PdHHiUq-1Y?rel=0\" width=\"540\"><\/iframe><\/script>\n<div class=\"embed-wrapper__inner\">\n<div class=\"embed-wrapper__text\">\n<h3>Empfohlener redaktioneller Inhalt<\/h3>\n<p data-replace=\"no\">An dieser Stelle finden Sie externen Inhalt, der den Artikel erg\u00e4nzt. Sie k\u00f6nnen sich externe Inhalte mit einem Klick anzeigen lassen und wieder ausblenden.<noscript>Bitte aktivieren Sie JavaScript damit Sie diesen Inhalt anzeigen k\u00f6nnen.<\/noscript><\/p>\n<\/div>\n<div class=\"embed-consent\">\n<label class=\"embed-consent__toggle\">\n<input class=\"js-embed-consent__toggle\" type=\"checkbox\" autocomplete=\"off\">\n<span><\/span>\nExterner Inhalt\n<\/label>\n<a href=\"https:\/\/www.zeit.de\/hilfe\/datenschutz\" target=\"_blank\" class=\"embed-consent__datalink-when-active\">Datenschutzerkl\u00e4rung<\/a>\n<\/div>\n<div class=\"embed-wrapper__footer\">\n<p data-replace=\"no\">\nIch bin damit einverstanden, dass mir externe Inhalte angezeigt werden. Damit k\u00f6nnen personenbezogene Daten an Drittplattformen \u00fcbermittelt werden. <a href=\"https:\/\/www.zeit.de\/hilfe\/datenschutz\" target=\"_blank\">Mehr dazu in unserer Datenschutzerkl\u00e4rung.<\/a>\n<\/p>\n<\/div>\n<\/div>\n<\/div>\n<p>Die Bundeszentrale f\u00fcr politische Bildung hat das <a href=\"http:\/\/www.youtube.com\/watch?v=h85oupZnc5E\" target=\"_blank\">Video<\/a> Freitagnachmittag durch einen Platzhalter ersetzt und <a href=\"http:\/\/www.bpb.de\/mediathek\/143856\/ahnungslos-2012-bonusmaterial-extremismus\" target=\"_blank\">angek\u00fcndigt<\/a> es zu \u00fcberarbeiten. Einen videodokumentarischen Auszug hat der Watchblog <a href=\"http:\/\/www.politblogger.eu\/files\/bpb231112.flv\" target=\"_blank\">Politblogger.eu<\/a> erstellt. Wir dokumentieren hier den\u00a0vollst\u00e4ndigen\u00a0Text des Videos (mit Dank an <a href=\"http:\/\/www.netz-gegen-nazis.de\/\" target=\"_blank\">Netz-gegen-Nazis.de<\/a>):<\/p>\n<blockquote><p>Es herrscht Bombenstimmung in Deutschland. Die Linken fackeln Luxuskarossen ab und die Rechten kontern mit den sogenannten D\u00f6nermorden. Dazu kommen Sprengstoffg\u00fcrtel aus einer ganz anderen Ecke. Aber warum zur H\u00f6lle m\u00fcssen diese Extremisten ihren Privatkrieg hier im Restaurant an der Ecke oder an der n\u00e4chsten Bushaltestelle abziehen? Wie sehen die eigentlich aus und wie erkennt man sie?<\/p>\n<p>Die von rechts waren bisher immer leicht zu erkennen. Meist kurze bis sehr kurze Haare, festes Schuhwerk und Jacken, die sie irgendwie f\u00fclliger aussehen lie\u00dfen als sie waren. Mittlerweile haben die sich den Normalos oder sogar den Linken angepasst und gehen mit ihrem neuen Look auf Mitgliederfang. Die Linken riechen ein bisschen besser, weil sie bei den h\u00e4ufigen Demonstrationen eine kostenlose Ganzk\u00f6rperdusche genie\u00dfen. Und der fr\u00fcher beliebte \u201eAtomkraft \u2013 Nein Danke!\u201c-Button ist bei denen auch l\u00e4nger schon nicht mehr Up-To-Date.<\/p>\n<p>Apropos Button \u2013 auf den Z\u00fcndungsknopf ihrer selbstgebastelten Rohrbomben dr\u00fccken auch nicht nur b\u00e4rtige M\u00e4nner mit Turban. Es wird also zunehmend schwieriger, die Extremisten unser uns zu erkennen.<\/p>\n<p>Generell unterscheidet man Rechtsextremisten und Linksextremisten. Die beiden Gruppen sind also an den R\u00e4ndern der Gesellschaft. Damit sind die zwar sehr wenige, daf\u00fcr aber umso lauter und aufmerksamkeitsbed\u00fcrftiger.<\/p>\n<p>Au\u00dferdem gibt es da noch die religi\u00f6sen Extremisten. Seit dem 11. September 2001 sind vor allem die Islamisten in Erscheinung getreten, die an Allah als einzigen Gott glauben und auch keine andere Ordnung als die ihrer Religion, des Islams, tolerieren. Manche amerikanische Hardliner-Christen sind allerdings auch nicht ohne.<\/p>\n<p>Vor dem Grundgesetz sind alle gleich. Extremisten sind aber davon \u00fcberzeugt, dass ihre \u00dcberzeugung die allein g\u00fcltige, wahre, selig-machende ist. Und manche von ihnen sind eben auch bereit, diese mit Gewalt durchzusetzen. Die anderen geh\u00f6ren ihrer Meinung nach rausgeschmissen, oder eingesperrt, oder sogar noch schlimmeres. Und das steht im Widerspruch zum Grundgesetz.<\/p>\n<p>Ein Grundproblem besteht darin, dass manche Extremisten ihre Ansichten nicht durch \u00dcberzeugungsarbeit umsetzen wollen, da sie diese demokratischen Verfahren ihrer Meinung nach zu sehr einschr\u00e4nken. Genau die Fehleinsch\u00e4tzung schr\u00e4nkt sie allerdings meist noch viel st\u00e4rker ein, als sie erwartet h\u00e4tten.<\/p><\/blockquote>\n<p>So wird die rassistische Mord- und Terrorserie des NSU als vermeintlich rechtsextreme Antwort auf das vermeintlich linksextreme Abfackeln von Luxuskarossen verharmlost. Dabei werden die Klischeebilder von den \u201eNormalos\u201c als die gute Mitte und den \u201elinksextremen\u201c Punkern sowie den \u201erechtsextremen\u201c Skinheads aufgew\u00e4rmt, auch wenn diese sich mittlerweile laut Video \u00e4u\u00dferlich den \u201eNormalos\u201c anpassen.<\/p>\n<p>Klischeehaft auch die Darstellung des angeblichen islamisistischen Terroristen als b\u00e4rtigen Mann mit Turban, was auch durch das hinzuf\u00fcgen von \u201eamerikanischen Hardlinerchristen\u201c nicht relativiert wird.<\/p>\n<p>Ziel der Videoreihe \u201eAhnungslos 2012\u201c sei es, bei Menschen, die bisher kaum f\u00fcr eine Auseinandersetzung mit politischen Themen zu gewinnen waren, Aufmerksamkeit f\u00fcr bestimmte politische Themen oder Missst\u00e4nde zu schaffen, erkl\u00e4rt die Bundeszentrale f\u00fcr politische Bildung unter dem YouTube-Video als Antwort auf kritische Kommentare.<\/p>\n<p><strong>Doktrin blockiert Ursachenanalyse<\/strong><\/p>\n<p>Politologische und soziologische Studien wie z.B. die \u201e<a href=\"https:\/\/blog.zeit.de\/stoerungsmelder\/2011\/01\/23\/menschenfeindliche-einstellungen-die-mitte-am-rand_5443\" target=\"_blank\">Mitte-Studien<\/a>\u201c der FES und die Heitmeyer-Studien \u201eDeutsche Zust\u00e4nde\u201c haben l\u00e4ngst ergeben, aber auch wie Wolfgang Wippermann und Christoph Butterwegge in \u201eTotal Extrem\u201c erl\u00e4utern, dass der Extremismusbegriff zu ungenau f\u00fcr eine wissenschaftliche Analyse f\u00fcr Antisemitismus, Rassismus und (National-) Chauvinismus sei.<\/p>\n<p>So ist vermeintliche linke Gewalt und Terror nicht mit rassistischen Gewalt und den NS-Verbrechen gleichzusetzen. Der Extremismusbegriff erschwert eine sachliche und ehrliche Analyse und Aufarbeitung von Antisemitismus und Rassismus, die eben auch in der so genannten Mitte der Gesellschaft verbreitet sind, aber auch eine ehrliche Ursachenanalyse von politisch motivierter Gewalt.<\/p>\n","protected":false},"excerpt":{"rendered":"<p>F\u00fcr Bombenstimmung sorgt die Bundeszentrale f\u00fcr politische Bildung aktuell mit einem vermeintlichen Aufkl\u00e4rungsvideo: \u201eDie Linken fackeln Luxuskarossen ab\u2026 und die Rechten kontern mit den sogenannten D\u00f6nermorden\u201c, hei\u00dft es in dem mit Bildmaterial unterlegten Text. Ein krasses Beispiel daf\u00fcr, wie einfach sich eine rassistische Mordserie im Land der Extremismustheorie verkl\u00e4ren l\u00e4sst.<\/p>\n","protected":false},"author":372,"featured_media":0,"comment_status":"open","ping_status":"open","sticky":false,"template":"","format":"standard","meta":{"_jetpack_memberships_contains_paid_content":false,"footnotes":""},"categories":[1515],"tags":[22912,6356,22913],"class_list":["post-10634","post","type-post","status-publish","format-standard","hentry","category-bundesweit","tag-extremismus-doktrin","tag-extremismustheorie","tag-totalitarismustheorie"],"yoast_head":"<!-- This site is optimized with the Yoast SEO plugin v21.0 - https:\/\/yoast.com\/wordpress\/plugins\/seo\/ -->\n<title>Wenn die Rechte mit \u201cD\u00f6nermorden\u201d kontert - St\u00f6rungsmelder<\/title>\n<meta name=\"robots\" content=\"index, follow, max-snippet:-1, max-image-preview:large, max-video-preview:-1\" \/>\n<link rel=\"canonical\" href=\"https:\/\/blog.zeit.de\/stoerungsmelder\/2012\/11\/24\/wenn-die-rechte-mit-donermorden-kontert_10634\" \/>\n<meta property=\"og:locale\" content=\"de_DE\" \/>\n<meta property=\"og:type\" content=\"article\" \/>\n<meta property=\"og:title\" content=\"Wenn die Rechte mit \u201cD\u00f6nermorden\u201d kontert - St\u00f6rungsmelder\" \/>\n<meta property=\"og:description\" content=\"F\u00fcr Bombenstimmung sorgt die Bundeszentrale f\u00fcr politische Bildung aktuell mit einem vermeintlichen Aufkl\u00e4rungsvideo: \u201eDie Linken fackeln Luxuskarossen ab\u2026 und die Rechten kontern mit den sogenannten D\u00f6nermorden\u201c, hei\u00dft es in dem mit Bildmaterial unterlegten Text. Ein krasses Beispiel daf\u00fcr, wie einfach sich eine rassistische Mordserie im Land der Extremismustheorie verkl\u00e4ren l\u00e4sst.\" \/>\n<meta property=\"og:url\" content=\"https:\/\/blog.zeit.de\/stoerungsmelder\/2012\/11\/24\/wenn-die-rechte-mit-donermorden-kontert_10634\" \/>\n<meta property=\"og:site_name\" content=\"St\u00f6rungsmelder\" \/>\n<meta property=\"article:published_time\" content=\"2012-11-24T07:32:54+00:00\" \/>\n<meta property=\"article:modified_time\" content=\"2012-11-24T13:14:09+00:00\" \/>\n<meta property=\"og:image\" content=\"https:\/\/blog.zeit.de\/stoerungsmelder\/files\/2012\/11\/bpb-Extremismusvideo.jpg\" \/>\n<meta name=\"author\" content=\"Roland Sieber\" \/>\n<meta name=\"twitter:card\" content=\"summary_large_image\" \/>\n<meta name=\"twitter:label1\" content=\"Geschrieben von\" \/>\n\t<meta name=\"twitter:data1\" content=\"Roland Sieber\" \/>\n\t<meta name=\"twitter:label2\" content=\"Gesch\u00e4tzte Lesezeit\" \/>\n\t<meta name=\"twitter:data2\" content=\"4\u00a0Minuten\" \/>\n<script type=\"application\/ld+json\" class=\"yoast-schema-graph\">{\"@context\":\"https:\/\/schema.org\",\"@graph\":[{\"@type\":\"WebPage\",\"@id\":\"https:\/\/blog.zeit.de\/stoerungsmelder\/2012\/11\/24\/wenn-die-rechte-mit-donermorden-kontert_10634\",\"url\":\"https:\/\/blog.zeit.de\/stoerungsmelder\/2012\/11\/24\/wenn-die-rechte-mit-donermorden-kontert_10634\",\"name\":\"Wenn die Rechte mit \u201cD\u00f6nermorden\u201d kontert - St\u00f6rungsmelder\",\"isPartOf\":{\"@id\":\"https:\/\/blog.zeit.de\/stoerungsmelder\/#website\"},\"datePublished\":\"2012-11-24T07:32:54+00:00\",\"dateModified\":\"2012-11-24T13:14:09+00:00\",\"author\":{\"@id\":\"https:\/\/blog.zeit.de\/stoerungsmelder\/#\/schema\/person\/3da908df9eb5af3ca0f9ae44ac55958f\"},\"breadcrumb\":{\"@id\":\"https:\/\/blog.zeit.de\/stoerungsmelder\/2012\/11\/24\/wenn-die-rechte-mit-donermorden-kontert_10634#breadcrumb\"},\"inLanguage\":\"de\",\"potentialAction\":[{\"@type\":\"ReadAction\",\"target\":[\"https:\/\/blog.zeit.de\/stoerungsmelder\/2012\/11\/24\/wenn-die-rechte-mit-donermorden-kontert_10634\"]}]},{\"@type\":\"BreadcrumbList\",\"@id\":\"https:\/\/blog.zeit.de\/stoerungsmelder\/2012\/11\/24\/wenn-die-rechte-mit-donermorden-kontert_10634#breadcrumb\",\"itemListElement\":[{\"@type\":\"ListItem\",\"position\":1,\"name\":\"Startseite\",\"item\":\"https:\/\/blog.zeit.de\/stoerungsmelder\"},{\"@type\":\"ListItem\",\"position\":2,\"name\":\"Wenn die Rechte mit \u201cD\u00f6nermorden\u201d kontert\"}]},{\"@type\":\"WebSite\",\"@id\":\"https:\/\/blog.zeit.de\/stoerungsmelder\/#website\",\"url\":\"https:\/\/blog.zeit.de\/stoerungsmelder\/\",\"name\":\"St\u00f6rungsmelder\",\"description\":\"Recherchen und Analysen \u00fcber die extreme Rechte\",\"potentialAction\":[{\"@type\":\"SearchAction\",\"target\":{\"@type\":\"EntryPoint\",\"urlTemplate\":\"https:\/\/blog.zeit.de\/stoerungsmelder\/?s={search_term_string}\"},\"query-input\":\"required name=search_term_string\"}],\"inLanguage\":\"de\"},{\"@type\":\"Person\",\"@id\":\"https:\/\/blog.zeit.de\/stoerungsmelder\/#\/schema\/person\/3da908df9eb5af3ca0f9ae44ac55958f\",\"name\":\"Roland Sieber\",\"image\":{\"@type\":\"ImageObject\",\"inLanguage\":\"de\",\"@id\":\"https:\/\/blog.zeit.de\/stoerungsmelder\/#\/schema\/person\/image\/\",\"url\":\"https:\/\/secure.gravatar.com\/avatar\/7e54e25047fbec700aeec5062fb9539fd29b02b98cabcfb5f310ccf413bc8856?s=96&d=mm&r=pg\",\"contentUrl\":\"https:\/\/secure.gravatar.com\/avatar\/7e54e25047fbec700aeec5062fb9539fd29b02b98cabcfb5f310ccf413bc8856?s=96&d=mm&r=pg\",\"caption\":\"Roland Sieber\"},\"description\":\"Nachdem ich einige Jahre ehrenamtlich in der Jugendverbandsarbeit aktiv war und mich in der Bildungs- und B\u00fcndnisarbeit gegen Rassismus und Nationalismus engagierte, wollte ich mir mehr theoretisches Hintergrundwissen aneignen und studierte an der Akademie der Arbeit. Meine Abschlussarbeit schrieb ich zum Thema \u201eRechtsorientierte Jugend und Gewerkschaft\u201c. Seit 2009 studiere ich in Hamburg und publiziere mehr hobby- als berufsm\u00e4\u00dfig zu neuen Entwicklungen innerhalb der politischen Rechten sowie \u00fcber Rassismus, Antisemitismus und Islamfeindlichkeit auch in Grauzonenbereichen und Mischspektren.\",\"url\":\"https:\/\/blog.zeit.de\/stoerungsmelder\/author\/rolandsieber\"}]}<\/script>\n<!-- \/ Yoast SEO plugin. -->","yoast_head_json":{"title":"Wenn die Rechte mit \u201cD\u00f6nermorden\u201d kontert - St\u00f6rungsmelder","robots":{"index":"index","follow":"follow","max-snippet":"max-snippet:-1","max-image-preview":"max-image-preview:large","max-video-preview":"max-video-preview:-1"},"canonical":"https:\/\/blog.zeit.de\/stoerungsmelder\/2012\/11\/24\/wenn-die-rechte-mit-donermorden-kontert_10634","og_locale":"de_DE","og_type":"article","og_title":"Wenn die Rechte mit \u201cD\u00f6nermorden\u201d kontert - St\u00f6rungsmelder","og_description":"F\u00fcr Bombenstimmung sorgt die Bundeszentrale f\u00fcr politische Bildung aktuell mit einem vermeintlichen Aufkl\u00e4rungsvideo: \u201eDie Linken fackeln Luxuskarossen ab\u2026 und die Rechten kontern mit den sogenannten D\u00f6nermorden\u201c, hei\u00dft es in dem mit Bildmaterial unterlegten Text. Ein krasses Beispiel daf\u00fcr, wie einfach sich eine rassistische Mordserie im Land der Extremismustheorie verkl\u00e4ren l\u00e4sst.","og_url":"https:\/\/blog.zeit.de\/stoerungsmelder\/2012\/11\/24\/wenn-die-rechte-mit-donermorden-kontert_10634","og_site_name":"St\u00f6rungsmelder","article_published_time":"2012-11-24T07:32:54+00:00","article_modified_time":"2012-11-24T13:14:09+00:00","og_image":[{"url":"https:\/\/blog.zeit.de\/stoerungsmelder\/files\/2012\/11\/bpb-Extremismusvideo.jpg"}],"author":"Roland Sieber","twitter_card":"summary_large_image","twitter_misc":{"Geschrieben von":"Roland Sieber","Gesch\u00e4tzte Lesezeit":"4\u00a0Minuten"},"schema":{"@context":"https:\/\/schema.org","@graph":[{"@type":"WebPage","@id":"https:\/\/blog.zeit.de\/stoerungsmelder\/2012\/11\/24\/wenn-die-rechte-mit-donermorden-kontert_10634","url":"https:\/\/blog.zeit.de\/stoerungsmelder\/2012\/11\/24\/wenn-die-rechte-mit-donermorden-kontert_10634","name":"Wenn die Rechte mit \u201cD\u00f6nermorden\u201d kontert - St\u00f6rungsmelder","isPartOf":{"@id":"https:\/\/blog.zeit.de\/stoerungsmelder\/#website"},"datePublished":"2012-11-24T07:32:54+00:00","dateModified":"2012-11-24T13:14:09+00:00","author":{"@id":"https:\/\/blog.zeit.de\/stoerungsmelder\/#\/schema\/person\/3da908df9eb5af3ca0f9ae44ac55958f"},"breadcrumb":{"@id":"https:\/\/blog.zeit.de\/stoerungsmelder\/2012\/11\/24\/wenn-die-rechte-mit-donermorden-kontert_10634#breadcrumb"},"inLanguage":"de","potentialAction":[{"@type":"ReadAction","target":["https:\/\/blog.zeit.de\/stoerungsmelder\/2012\/11\/24\/wenn-die-rechte-mit-donermorden-kontert_10634"]}]},{"@type":"BreadcrumbList","@id":"https:\/\/blog.zeit.de\/stoerungsmelder\/2012\/11\/24\/wenn-die-rechte-mit-donermorden-kontert_10634#breadcrumb","itemListElement":[{"@type":"ListItem","position":1,"name":"Startseite","item":"https:\/\/blog.zeit.de\/stoerungsmelder"},{"@type":"ListItem","position":2,"name":"Wenn die Rechte mit \u201cD\u00f6nermorden\u201d kontert"}]},{"@type":"WebSite","@id":"https:\/\/blog.zeit.de\/stoerungsmelder\/#website","url":"https:\/\/blog.zeit.de\/stoerungsmelder\/","name":"St\u00f6rungsmelder","description":"Recherchen und Analysen \u00fcber die extreme Rechte","potentialAction":[{"@type":"SearchAction","target":{"@type":"EntryPoint","urlTemplate":"https:\/\/blog.zeit.de\/stoerungsmelder\/?s={search_term_string}"},"query-input":"required name=search_term_string"}],"inLanguage":"de"},{"@type":"Person","@id":"https:\/\/blog.zeit.de\/stoerungsmelder\/#\/schema\/person\/3da908df9eb5af3ca0f9ae44ac55958f","name":"Roland Sieber","image":{"@type":"ImageObject","inLanguage":"de","@id":"https:\/\/blog.zeit.de\/stoerungsmelder\/#\/schema\/person\/image\/","url":"https:\/\/secure.gravatar.com\/avatar\/7e54e25047fbec700aeec5062fb9539fd29b02b98cabcfb5f310ccf413bc8856?s=96&d=mm&r=pg","contentUrl":"https:\/\/secure.gravatar.com\/avatar\/7e54e25047fbec700aeec5062fb9539fd29b02b98cabcfb5f310ccf413bc8856?s=96&d=mm&r=pg","caption":"Roland Sieber"},"description":"Nachdem ich einige Jahre ehrenamtlich in der Jugendverbandsarbeit aktiv war und mich in der Bildungs- und B\u00fcndnisarbeit gegen Rassismus und Nationalismus engagierte, wollte ich mir mehr theoretisches Hintergrundwissen aneignen und studierte an der Akademie der Arbeit. Meine Abschlussarbeit schrieb ich zum Thema \u201eRechtsorientierte Jugend und Gewerkschaft\u201c. Seit 2009 studiere ich in Hamburg und publiziere mehr hobby- als berufsm\u00e4\u00dfig zu neuen Entwicklungen innerhalb der politischen Rechten sowie \u00fcber Rassismus, Antisemitismus und Islamfeindlichkeit auch in Grauzonenbereichen und Mischspektren.","url":"https:\/\/blog.zeit.de\/stoerungsmelder\/author\/rolandsieber"}]}},"jetpack_featured_media_url":"","jetpack_sharing_enabled":true,"_links":{"self":[{"href":"https:\/\/blog.zeit.de\/stoerungsmelder\/wp-json\/wp\/v2\/posts\/10634","targetHints":{"allow":["GET"]}}],"collection":[{"href":"https:\/\/blog.zeit.de\/stoerungsmelder\/wp-json\/wp\/v2\/posts"}],"about":[{"href":"https:\/\/blog.zeit.de\/stoerungsmelder\/wp-json\/wp\/v2\/types\/post"}],"author":[{"embeddable":true,"href":"https:\/\/blog.zeit.de\/stoerungsmelder\/wp-json\/wp\/v2\/users\/372"}],"replies":[{"embeddable":true,"href":"https:\/\/blog.zeit.de\/stoerungsmelder\/wp-json\/wp\/v2\/comments?post=10634"}],"version-history":[{"count":13,"href":"https:\/\/blog.zeit.de\/stoerungsmelder\/wp-json\/wp\/v2\/posts\/10634\/revisions"}],"predecessor-version":[{"id":10648,"href":"https:\/\/blog.zeit.de\/stoerungsmelder\/wp-json\/wp\/v2\/posts\/10634\/revisions\/10648"}],"wp:attachment":[{"href":"https:\/\/blog.zeit.de\/stoerungsmelder\/wp-json\/wp\/v2\/media?parent=10634"}],"wp:term":[{"taxonomy":"category","embeddable":true,"href":"https:\/\/blog.zeit.de\/stoerungsmelder\/wp-json\/wp\/v2\/categories?post=10634"},{"taxonomy":"post_tag","embeddable":true,"href":"https:\/\/blog.zeit.de\/stoerungsmelder\/wp-json\/wp\/v2\/tags?post=10634"}],"curies":[{"name":"wp","href":"https:\/\/api.w.org\/{rel}","templated":true}]}}