{"id":10652,"date":"2012-11-27T07:33:06","date_gmt":"2012-11-27T06:33:06","guid":{"rendered":"http:\/\/blog.zeit.de\/stoerungsmelder\/?p=10652"},"modified":"2012-11-27T07:33:06","modified_gmt":"2012-11-27T06:33:06","slug":"npd-mitglied-darf-entlassen-werden","status":"publish","type":"post","link":"https:\/\/blog.zeit.de\/stoerungsmelder\/2012\/11\/27\/npd-mitglied-darf-entlassen-werden_10652","title":{"rendered":"NPD-Mitglied darf entlassen werden"},"content":{"rendered":"<p><a href=\"https:\/\/blog.zeit.de\/stoerungsmelder\/files\/2012\/06\/verdi.jpg\"><img loading=\"lazy\" decoding=\"async\" class=\"alignleft size-medium wp-image-8699\" src=\"https:\/\/blog.zeit.de\/stoerungsmelder\/files\/2012\/06\/verdi-300x113.jpg\" alt=\"\" width=\"300\" height=\"113\" srcset=\"https:\/\/blog.zeit.de\/stoerungsmelder\/files\/2012\/06\/verdi-300x113.jpg 300w, https:\/\/blog.zeit.de\/stoerungsmelder\/files\/2012\/06\/verdi.jpg 388w\" sizes=\"auto, (max-width: 300px) 100vw, 300px\" \/><\/a><\/p>\n<p>Ein Beamter in Sachsen-Anhalt rief zum gewaltt\u00e4tigen Umsturz auf und hetzte in antisemitischer Manier gegen den Staat. Seine schlussendlich ausgesprochene K\u00fcndigung hat nun das Bundesarbeitsgericht (BAG) best\u00e4tigt. Angestellte des \u00f6ffentlichen Dienstes haben ein gewisses Mindestma\u00df an Verfassungstreue aufzubringen, so die Urteilsbegr\u00fcndung.<!--more--><\/p>\n<p><em><a href=\"http:\/\/www.aktiv-gegen-diskriminierung.info\/blog\/npd-mitglied-darf-entlassen-werden\">Ein Gastbeitrag der ver.di-Jugend<\/a><\/em><\/p>\n<p>Das BAG entschied: Die K\u00fcndigung eines Staatsbediensteten, der in einem Rundschreiben zu gewaltsamem Volksaufstand aufgefordert hat, ist rechtens. Ein Staatsdiener &#8222;d\u00fcrfe nicht dazu aufrufen, den Staat, die Verfassung oder deren Organe zu beseitigen, zu beschimpfen oder ver\u00e4chtlich zu machen.&#8220; Damit best\u00e4tigte der Zweite Senat des BAG die Entlassung eines Mannes aus dem Landesdienst Sachsen-Anhalts.<\/p>\n<p><strong>Ein Nazi im Staatsdienst<\/strong><\/p>\n<p>Vor dem BAG hatte ein Neonazi gegen seine K\u00fcndigung geklagt. Er war seit 2003 in der Finanzverwaltung Sachsen-Anhalts angestellt und in seiner Freizeit als Mitglied in der NPD aktiv sowie in deren Jugendorganisation, den Jungen Nationaldemokraten (JN).<\/p>\n<p>Mittels Newsletter und Infoveranstaltungen rief er zu gewaltsamen Demonstrationen auf. Seine Rundschreiben enthielten Parolen wie &#8222;17. Juni: Ein Volk steht auf und k\u00e4mpft sich frei \u2013 Zeit, einen neuen Aufstand zu wagen&#8220; oder forderten, &#8222;diesmal Tote nicht bei den Demonstranten, sondern bei den etablierten Meinungsdiktatoren zu verzeichnen \u2013 dem Volk w\u00e4r\u00b4s recht!&#8220;<\/p>\n<p><strong>NPD-Aktivit\u00e4t vs. demokratische Grundordnung<\/strong><\/p>\n<p>Als der Arbeitgeber von der Parteizugeh\u00f6rigkeit seines Angestellten erfuhr, erteilte er im Oktober 2007 eine Abmahnung. Darin wurde dem Staatsdiener vorgeworfen, seine NPD-Aktivit\u00e4ten verschwiegen zu haben. Zudem h\u00e4tte er bei Aufnahme des Arbeitsverh\u00e4ltnisses im \u00f6ffentlichen Dienst ein bewusst falsches Bekenntnis zu den Grunds\u00e4tzen der freiheitlichen und demokratischen Grundordnung abgegeben.<\/p>\n<p>Nachdem der Mitarbeiter nach seiner Abmahnung auf einer Veranstaltung der NPD gesichtet wurde, erhielt er im Mai 2008 die K\u00fcndigung. Begr\u00fcndung daf\u00fcr war seine Teilnahme an einer Gedenkveranstaltung der NPD, wodurch er erneut seine politische Treuepflicht verletzt habe. Der Mann legte Widerspruch ein und der Fall kam vor das BAG.<\/p>\n<p>Allerdings: Laut BAG-Urteil stehen allein die Mitgliedschaft in der NPD oder Aktivit\u00e4ten f\u00fcr sie oder ihre Jugendorganisation (JN) einer Weiterbesch\u00e4ftigung im \u00f6ffentlichen Dienst nicht generell entgegen. Die NPD-Mitgliedschaft reicht auch dann nicht als K\u00fcndigungsgrund aus, wenn man der Partei verfassungsfeindliche Bestrebungen unterstellt. Schlie\u00dflich wurde diese bis dato nicht vom Bundesverfassungsgericht als verfassungswidrig eingestuft und somit verboten.<\/p>\n<p><strong>ver.di Jugend bef\u00fcrwortet Richterspruch<\/strong><\/p>\n<p>Der angeklagte Staatsdiener hatte bei seiner T\u00e4tigkeit im Finanzamt Zugriff auf personenbezogene Daten, was die Gefahr ihrer Verunglimpfung birgt. Nazis stellen seit Jahren Listen politischer Gegner_innen zusammen und organisieren sich in der so genannten Anti-Antifa. Nach ihrem &#8222;Outing&#8220; anhand einer solchen Liste werden Lokalpolitiker_innen, Antifaschist_innen und Journalist_innen nicht selten bedroht und \u00fcberfallen.<\/p>\n<p>Somit begr\u00fc\u00dft die ver.di Jugend den Gerichtsentscheid, selbst wenn ein Verbot der NPD l\u00e4ngst \u00fcberf\u00e4llig ist. Dieses BAG-Urteil setzt Richtlinien f\u00fcr den \u00f6ffentlichen Dienst und erh\u00f6ht den Druck auf Neonazis und ihre Organisationen.<\/p>\n","protected":false},"excerpt":{"rendered":"<p>Ein Beamter in Sachsen-Anhalt rief zum gewaltt\u00e4tigen Umsturz auf und hetzte in antisemitischer Manier gegen den Staat. Seine schlussendlich ausgesprochene K\u00fcndigung hat nun das Bundesarbeitsgericht (BAG) best\u00e4tigt. Angestellte des \u00f6ffentlichen Dienstes haben ein gewisses Mindestma\u00df an Verfassungstreue aufzubringen, so die Urteilsbegr\u00fcndung.<\/p>\n","protected":false},"author":229,"featured_media":0,"comment_status":"open","ping_status":"open","sticky":false,"template":"","format":"standard","meta":{"_jetpack_memberships_contains_paid_content":false,"footnotes":""},"categories":[1457],"tags":[1638,1716],"class_list":["post-10652","post","type-post","status-publish","format-standard","hentry","category-sachsen-anhalt","tag-justiz","tag-npd"],"yoast_head":"<!-- This site is optimized with the Yoast SEO plugin v21.0 - https:\/\/yoast.com\/wordpress\/plugins\/seo\/ -->\n<title>NPD-Mitglied darf entlassen werden - St\u00f6rungsmelder<\/title>\n<meta name=\"robots\" content=\"index, follow, max-snippet:-1, max-image-preview:large, max-video-preview:-1\" \/>\n<link rel=\"canonical\" href=\"https:\/\/blog.zeit.de\/stoerungsmelder\/2012\/11\/27\/npd-mitglied-darf-entlassen-werden_10652\" \/>\n<meta property=\"og:locale\" content=\"de_DE\" \/>\n<meta property=\"og:type\" content=\"article\" \/>\n<meta property=\"og:title\" content=\"NPD-Mitglied darf entlassen werden - St\u00f6rungsmelder\" \/>\n<meta property=\"og:description\" content=\"Ein Beamter in Sachsen-Anhalt rief zum gewaltt\u00e4tigen Umsturz auf und hetzte in antisemitischer Manier gegen den Staat. Seine schlussendlich ausgesprochene K\u00fcndigung hat nun das Bundesarbeitsgericht (BAG) best\u00e4tigt. Angestellte des \u00f6ffentlichen Dienstes haben ein gewisses Mindestma\u00df an Verfassungstreue aufzubringen, so die Urteilsbegr\u00fcndung.\" \/>\n<meta property=\"og:url\" content=\"https:\/\/blog.zeit.de\/stoerungsmelder\/2012\/11\/27\/npd-mitglied-darf-entlassen-werden_10652\" \/>\n<meta property=\"og:site_name\" content=\"St\u00f6rungsmelder\" \/>\n<meta property=\"article:published_time\" content=\"2012-11-27T06:33:06+00:00\" \/>\n<meta property=\"og:image\" content=\"https:\/\/blog.zeit.de\/stoerungsmelder\/files\/2012\/06\/verdi-300x113.jpg\" \/>\n<meta name=\"author\" content=\"St\u00f6rungsmelder\" \/>\n<meta name=\"twitter:card\" content=\"summary_large_image\" \/>\n<meta name=\"twitter:label1\" content=\"Geschrieben von\" \/>\n\t<meta name=\"twitter:data1\" content=\"St\u00f6rungsmelder\" \/>\n\t<meta name=\"twitter:label2\" content=\"Gesch\u00e4tzte Lesezeit\" \/>\n\t<meta name=\"twitter:data2\" content=\"2\u00a0Minuten\" \/>\n<script type=\"application\/ld+json\" class=\"yoast-schema-graph\">{\"@context\":\"https:\/\/schema.org\",\"@graph\":[{\"@type\":\"WebPage\",\"@id\":\"https:\/\/blog.zeit.de\/stoerungsmelder\/2012\/11\/27\/npd-mitglied-darf-entlassen-werden_10652\",\"url\":\"https:\/\/blog.zeit.de\/stoerungsmelder\/2012\/11\/27\/npd-mitglied-darf-entlassen-werden_10652\",\"name\":\"NPD-Mitglied darf entlassen werden - St\u00f6rungsmelder\",\"isPartOf\":{\"@id\":\"https:\/\/blog.zeit.de\/stoerungsmelder\/#website\"},\"datePublished\":\"2012-11-27T06:33:06+00:00\",\"dateModified\":\"2012-11-27T06:33:06+00:00\",\"author\":{\"@id\":\"https:\/\/blog.zeit.de\/stoerungsmelder\/#\/schema\/person\/fdd0b9818f65738672810b6d6f037f71\"},\"breadcrumb\":{\"@id\":\"https:\/\/blog.zeit.de\/stoerungsmelder\/2012\/11\/27\/npd-mitglied-darf-entlassen-werden_10652#breadcrumb\"},\"inLanguage\":\"de\",\"potentialAction\":[{\"@type\":\"ReadAction\",\"target\":[\"https:\/\/blog.zeit.de\/stoerungsmelder\/2012\/11\/27\/npd-mitglied-darf-entlassen-werden_10652\"]}]},{\"@type\":\"BreadcrumbList\",\"@id\":\"https:\/\/blog.zeit.de\/stoerungsmelder\/2012\/11\/27\/npd-mitglied-darf-entlassen-werden_10652#breadcrumb\",\"itemListElement\":[{\"@type\":\"ListItem\",\"position\":1,\"name\":\"Startseite\",\"item\":\"https:\/\/blog.zeit.de\/stoerungsmelder\"},{\"@type\":\"ListItem\",\"position\":2,\"name\":\"NPD-Mitglied darf entlassen werden\"}]},{\"@type\":\"WebSite\",\"@id\":\"https:\/\/blog.zeit.de\/stoerungsmelder\/#website\",\"url\":\"https:\/\/blog.zeit.de\/stoerungsmelder\/\",\"name\":\"St\u00f6rungsmelder\",\"description\":\"Recherchen und Analysen \u00fcber die extreme Rechte\",\"potentialAction\":[{\"@type\":\"SearchAction\",\"target\":{\"@type\":\"EntryPoint\",\"urlTemplate\":\"https:\/\/blog.zeit.de\/stoerungsmelder\/?s={search_term_string}\"},\"query-input\":\"required name=search_term_string\"}],\"inLanguage\":\"de\"},{\"@type\":\"Person\",\"@id\":\"https:\/\/blog.zeit.de\/stoerungsmelder\/#\/schema\/person\/fdd0b9818f65738672810b6d6f037f71\",\"name\":\"St\u00f6rungsmelder\",\"image\":{\"@type\":\"ImageObject\",\"inLanguage\":\"de\",\"@id\":\"https:\/\/blog.zeit.de\/stoerungsmelder\/#\/schema\/person\/image\/\",\"url\":\"https:\/\/secure.gravatar.com\/avatar\/dfa4be514c3e82a71e4f9a0020035d38192d080ccaa5e4e6d7a1472c763535c5?s=96&d=mm&r=pg\",\"contentUrl\":\"https:\/\/secure.gravatar.com\/avatar\/dfa4be514c3e82a71e4f9a0020035d38192d080ccaa5e4e6d7a1472c763535c5?s=96&d=mm&r=pg\",\"caption\":\"St\u00f6rungsmelder\"},\"url\":\"https:\/\/blog.zeit.de\/stoerungsmelder\/author\/stoerungsmelder\"}]}<\/script>\n<!-- \/ Yoast SEO plugin. -->","yoast_head_json":{"title":"NPD-Mitglied darf entlassen werden - St\u00f6rungsmelder","robots":{"index":"index","follow":"follow","max-snippet":"max-snippet:-1","max-image-preview":"max-image-preview:large","max-video-preview":"max-video-preview:-1"},"canonical":"https:\/\/blog.zeit.de\/stoerungsmelder\/2012\/11\/27\/npd-mitglied-darf-entlassen-werden_10652","og_locale":"de_DE","og_type":"article","og_title":"NPD-Mitglied darf entlassen werden - St\u00f6rungsmelder","og_description":"Ein Beamter in Sachsen-Anhalt rief zum gewaltt\u00e4tigen Umsturz auf und hetzte in antisemitischer Manier gegen den Staat. Seine schlussendlich ausgesprochene K\u00fcndigung hat nun das Bundesarbeitsgericht (BAG) best\u00e4tigt. Angestellte des \u00f6ffentlichen Dienstes haben ein gewisses Mindestma\u00df an Verfassungstreue aufzubringen, so die Urteilsbegr\u00fcndung.","og_url":"https:\/\/blog.zeit.de\/stoerungsmelder\/2012\/11\/27\/npd-mitglied-darf-entlassen-werden_10652","og_site_name":"St\u00f6rungsmelder","article_published_time":"2012-11-27T06:33:06+00:00","og_image":[{"url":"https:\/\/blog.zeit.de\/stoerungsmelder\/files\/2012\/06\/verdi-300x113.jpg"}],"author":"St\u00f6rungsmelder","twitter_card":"summary_large_image","twitter_misc":{"Geschrieben von":"St\u00f6rungsmelder","Gesch\u00e4tzte Lesezeit":"2\u00a0Minuten"},"schema":{"@context":"https:\/\/schema.org","@graph":[{"@type":"WebPage","@id":"https:\/\/blog.zeit.de\/stoerungsmelder\/2012\/11\/27\/npd-mitglied-darf-entlassen-werden_10652","url":"https:\/\/blog.zeit.de\/stoerungsmelder\/2012\/11\/27\/npd-mitglied-darf-entlassen-werden_10652","name":"NPD-Mitglied darf entlassen werden - St\u00f6rungsmelder","isPartOf":{"@id":"https:\/\/blog.zeit.de\/stoerungsmelder\/#website"},"datePublished":"2012-11-27T06:33:06+00:00","dateModified":"2012-11-27T06:33:06+00:00","author":{"@id":"https:\/\/blog.zeit.de\/stoerungsmelder\/#\/schema\/person\/fdd0b9818f65738672810b6d6f037f71"},"breadcrumb":{"@id":"https:\/\/blog.zeit.de\/stoerungsmelder\/2012\/11\/27\/npd-mitglied-darf-entlassen-werden_10652#breadcrumb"},"inLanguage":"de","potentialAction":[{"@type":"ReadAction","target":["https:\/\/blog.zeit.de\/stoerungsmelder\/2012\/11\/27\/npd-mitglied-darf-entlassen-werden_10652"]}]},{"@type":"BreadcrumbList","@id":"https:\/\/blog.zeit.de\/stoerungsmelder\/2012\/11\/27\/npd-mitglied-darf-entlassen-werden_10652#breadcrumb","itemListElement":[{"@type":"ListItem","position":1,"name":"Startseite","item":"https:\/\/blog.zeit.de\/stoerungsmelder"},{"@type":"ListItem","position":2,"name":"NPD-Mitglied darf entlassen werden"}]},{"@type":"WebSite","@id":"https:\/\/blog.zeit.de\/stoerungsmelder\/#website","url":"https:\/\/blog.zeit.de\/stoerungsmelder\/","name":"St\u00f6rungsmelder","description":"Recherchen und Analysen \u00fcber die extreme Rechte","potentialAction":[{"@type":"SearchAction","target":{"@type":"EntryPoint","urlTemplate":"https:\/\/blog.zeit.de\/stoerungsmelder\/?s={search_term_string}"},"query-input":"required name=search_term_string"}],"inLanguage":"de"},{"@type":"Person","@id":"https:\/\/blog.zeit.de\/stoerungsmelder\/#\/schema\/person\/fdd0b9818f65738672810b6d6f037f71","name":"St\u00f6rungsmelder","image":{"@type":"ImageObject","inLanguage":"de","@id":"https:\/\/blog.zeit.de\/stoerungsmelder\/#\/schema\/person\/image\/","url":"https:\/\/secure.gravatar.com\/avatar\/dfa4be514c3e82a71e4f9a0020035d38192d080ccaa5e4e6d7a1472c763535c5?s=96&d=mm&r=pg","contentUrl":"https:\/\/secure.gravatar.com\/avatar\/dfa4be514c3e82a71e4f9a0020035d38192d080ccaa5e4e6d7a1472c763535c5?s=96&d=mm&r=pg","caption":"St\u00f6rungsmelder"},"url":"https:\/\/blog.zeit.de\/stoerungsmelder\/author\/stoerungsmelder"}]}},"jetpack_featured_media_url":"","jetpack_sharing_enabled":true,"_links":{"self":[{"href":"https:\/\/blog.zeit.de\/stoerungsmelder\/wp-json\/wp\/v2\/posts\/10652","targetHints":{"allow":["GET"]}}],"collection":[{"href":"https:\/\/blog.zeit.de\/stoerungsmelder\/wp-json\/wp\/v2\/posts"}],"about":[{"href":"https:\/\/blog.zeit.de\/stoerungsmelder\/wp-json\/wp\/v2\/types\/post"}],"author":[{"embeddable":true,"href":"https:\/\/blog.zeit.de\/stoerungsmelder\/wp-json\/wp\/v2\/users\/229"}],"replies":[{"embeddable":true,"href":"https:\/\/blog.zeit.de\/stoerungsmelder\/wp-json\/wp\/v2\/comments?post=10652"}],"version-history":[{"count":1,"href":"https:\/\/blog.zeit.de\/stoerungsmelder\/wp-json\/wp\/v2\/posts\/10652\/revisions"}],"predecessor-version":[{"id":10653,"href":"https:\/\/blog.zeit.de\/stoerungsmelder\/wp-json\/wp\/v2\/posts\/10652\/revisions\/10653"}],"wp:attachment":[{"href":"https:\/\/blog.zeit.de\/stoerungsmelder\/wp-json\/wp\/v2\/media?parent=10652"}],"wp:term":[{"taxonomy":"category","embeddable":true,"href":"https:\/\/blog.zeit.de\/stoerungsmelder\/wp-json\/wp\/v2\/categories?post=10652"},{"taxonomy":"post_tag","embeddable":true,"href":"https:\/\/blog.zeit.de\/stoerungsmelder\/wp-json\/wp\/v2\/tags?post=10652"}],"curies":[{"name":"wp","href":"https:\/\/api.w.org\/{rel}","templated":true}]}}