{"id":107,"date":"2007-11-14T17:56:00","date_gmt":"2007-11-14T16:56:00","guid":{"rendered":"http:\/\/blog.zeit.de\/stoerungsmelder\/2007\/11\/14\/neonazis-auslander-und-linksextreme-sind-doch-mindestens-genauso-schlimm_107"},"modified":"2007-11-14T17:56:00","modified_gmt":"2007-11-14T16:56:00","slug":"neonazis-auslander-und-linksextreme-sind-doch-mindestens-genauso-schlimm","status":"publish","type":"post","link":"https:\/\/blog.zeit.de\/stoerungsmelder\/2007\/11\/14\/neonazis-auslander-und-linksextreme-sind-doch-mindestens-genauso-schlimm_107","title":{"rendered":"&#8222;Neonazis? Ausl\u00e4nder und Linksextreme sind doch mindestens genauso schlimm!&#8220;"},"content":{"rendered":"<p class=\"MsoNormal\" style=\"text-align: justify; line-height: 150%\"><strong>Warum Relativieren gef\u00e4hrlich ist.<\/strong><\/p>\n<p class=\"MsoNormal\" style=\"text-align: justify; line-height: 150%\">Aus aktuellem Anla\u00df m\u00f6chte ich ein paar Zeilen zu den ersten Reaktionen schreiben, die mir hier besonders aufgefallen sind. Ich betone, da\u00df folgendes keine offizielle Stellungnahme vom St\u00f6rungsmelder ist, sondern meine pers\u00f6nliche Meinung.<o:p><\/o:p><\/p>\n<p><u1:p><\/u1:p><!--more--><\/p>\n<p class=\"MsoNormal\" style=\"text-align: justify; line-height: 150%\">Abgesehen von den Rechtsextremen, die sich leider auch hier tummeln und offensichtlich nur p\u00f6beln wollen, scheint es auch viele andere Besucher zu geben, durch deren unzerst\u00f6rbaren &#8222;Aber die Ausl\u00e4nder und Linken k\u00f6nnen auch gewaltt\u00e4tig sein, warum schreibt ihr nichts davon!&#8220;-Reflex jegliche vern\u00fcnftige Diskussion im Keim erstickt wird, die die <a href=\"http:\/\/www.bpb.de\/themen\/R2IRZM,0,Rechtsextremismus.html\">durchaus vorhandene<\/a> Neonazi-Problematik und die M\u00f6glichkeiten f\u00fcr deren Bek\u00e4mpfung thematisiert. Und genau darum, und nur darum soll es in diesem Blog gehen, wie man auch im Header und in den <a href=\"https:\/\/blog.zeit.de\/stoerungsmelder\/blog-regeln\">Blog-Regeln<\/a> mehr als deutlich lesen kann. <o:p><\/o:p><\/p>\n<p><u1:p><\/u1:p><\/p>\n<p class=\"MsoNormal\" style=\"text-align: justify; line-height: 150%\">Es steht jedem, der den Anspruch dieser Initiative f\u00fcr ungerechtfertigt oder einseitig h\u00e4lt, frei, eine Initiative gegen Ausl\u00e4nderkriminalit\u00e4t und\/oder Linksextremismus zu gr\u00fcnden und dort die damit verbundene Problematik zu er\u00f6rtern. Unsere Aufgabe hier soll das nicht sein.<o:p><\/o:p><\/p>\n<p class=\"MsoNormal\" style=\"text-align: justify; line-height: 150%\"><!--[if gte vml 1]><v:shapetype id=\"_x0000_t75\"  coordsize=\"21600,21600\" o:spt=\"75\" o:preferrelative=\"t\" path=\"m@4@5l@4@11@9@11@9@5xe\"  filled=\"f\" stroked=\"f\">  <v:stroke joinstyle=\"miter\"\/>  <v:formulas>   <v:f eqn=\"if lineDrawn pixelLineWidth 0\"\/>   <v:f eqn=\"sum @0 1 0\"\/>   <v:f eqn=\"sum 0 0 @1\"\/>   <v:f eqn=\"prod @2 1 2\"\/>   <v:f eqn=\"prod @3 21600 pixelWidth\"\/>   <v:f eqn=\"prod @3 21600 pixelHeight\"\/>   <v:f eqn=\"sum @0 0 1\"\/>   <v:f eqn=\"prod @6 1 2\"\/>   <v:f eqn=\"prod @7 21600 pixelWidth\"\/>   <v:f eqn=\"sum @8 21600 0\"\/>   <v:f eqn=\"prod @7 21600 pixelHeight\"\/>   <v:f eqn=\"sum @10 21600 0\"\/>  <\/v:formulas>  <v:path o:extrusionok=\"f\" gradientshapeok=\"t\" o:connecttype=\"rect\"\/>  <o:lock v:ext=\"edit\" aspectratio=\"t\"\/> <\/v:shapetype><v:shape id=\"_x0000_i1025\" type=\"#_x0000_t75\" alt=\"More...\"  style='width:49.5pt;height:7.5pt'>  <v:imagedata src=\"file:\/\/\/D:\\DOKUME~1\\barts01\\LOKALE~1\\Temp\\msohtml1\\01\\clip_image001.gif\"   o:href=\"https:\/\/blog.zeit.de\/stoerungsmelder\/wp-includes\/js\/tinymce\/themes\/advanced\/images\/spacer.gif\"\/> <\/v:shape><![endif]--><!--[if !vml]--><!--more--><!--[endif]--><o:p><\/o:p><\/p>\n<p class=\"MsoNormal\" style=\"text-align: justify; line-height: 150%\">Die Relativierung von Rechtsextremismus in einer Diskussion \u00fcber ebendiesen ist darum so verdammt gef\u00e4hrlich, weil ein Gleichsetzen von rechts(extrem) motivierten Gewalttaten mit anderen Delikten der oft zitierte \u00c4pfel-Birnen-Vergleich ist. Denn dabei wird der riesige und wichtige Unterschied unterschlagen, da\u00df bei rechtsextremen\/nationalen Ideologien die W\u00fcrde jedes Einzelnen NICHT gleich viel wert ist: <o:p><\/o:p><\/p>\n<p><u1:p><\/u1:p><\/p>\n<p class=\"MsoNormal\" style=\"margin-left: 36pt; text-align: justify; text-indent: -18pt; line-height: 150%\">&#8211;<span style=\"font-size-adjust: none\"> <\/span>Sie propagieren ein Weltbild, das u.a. von Rassismus, Antisemitismus und Sexismus gepr\u00e4gt ist und widersprechen damit dem mittlerweile weltweit herrschenden und hart erk\u00e4mpften Grundkonsens, da\u00df jeder Mensch das gleiche Recht auf Leben hat.<o:p><\/o:p><\/p>\n<p class=\"MsoNormal\" style=\"margin-left: 36pt; text-align: justify; text-indent: -18pt; line-height: 150%\">&#8211;<span style=\"font-size-adjust: none\"> <\/span>Sie stellen die Herrschaft einer Gruppe (&#8222;Rasse&#8220;) Menschen \u00fcber alle anderen als w\u00fcnschenswerte und einzig wahre Staatsordnung dar, unterscheiden \u201edie Anderen\u201c sich nun durch \u00e4u\u00dferliche oder weltanschauliche Merkmale von ihnen selbst. <o:p><\/o:p><\/p>\n<p><u1:p><\/u1:p><\/p>\n<p class=\"MsoNormal\" style=\"margin-left: 36pt; text-align: justify; text-indent: -18pt; line-height: 150%\">&#8211;<span style=\"font-size-adjust: none\"> <\/span>Sie sind eine konstante Bedrohung f\u00fcr eine freiheitlich-demokratische Ordnung, deren Grundrechte wie Meinungsfreiheit, Versammlungsfreiheit etc. sie zur Verbreitung ihrer menschenverachtenden Denkweise paradoxerweise f\u00fcr sich selbst einfordern, die sie aber in der Wunschvorstellung ihrer Gesellschaftsordnung allen Andersdenkenden sofort absprechen und jene &#8211; einfach nur aufgrund deren &#8222;Andersartigkeit&#8220; \u2013 verfolgen, bestrafen, wenn nicht sogar t\u00f6ten w\u00fcrden.  Sie streben damit ein homogenes und totalit\u00e4res politisches und  gesellschaftliches System an.<o:p><\/o:p><\/p>\n<p><u1:p><\/u1:p><\/p>\n<p class=\"MsoNormal\" style=\"text-align: justify; line-height: 150%\">Mit dem st\u00e4ndigen Verweis auf von Linken oder Ausl\u00e4ndern begangene Verbrechen k\u00f6nnen politisch rechts motivierte Straftaten nicht aufgewogen oder ausgeglichen werden!<o:p><\/o:p><\/p>\n<p><u1:p><\/u1:p><\/p>\n<p class=\"MsoNormal\" style=\"text-align: justify; line-height: 150%\">Jeder, der bei der Fragestellung &#8222;Was kann man gegen Rechtsextremismus tun?&#8220; sofort auf eine andere Problematik verweist und damit abzulenken versucht, beweist damit nur noch mehr die absolute Notwendigkeit von Initiativen gegen rechte Gewalt, denn derjenige verschlie\u00dft dann wie so viele andere leider auch die Augen vor der Bedrohung durch rechte\/nationale Ideologien. Rechtsextreme einfach gew\u00e4hren zu lassen mit der Begr\u00fcndung &#8222;Wir haben doch mit den Ausl\u00e4ndern und Linksextremen viel mehr Probleme.&#8220; bedeutet, unsere Demokratie nicht zu sch\u00fctzen. Doch genau das ist unsere Pflicht.<\/p>\n<p class=\"MsoNormal\" style=\"text-align: justify; line-height: 150%\"><span style=\"font-size: 10pt; line-height: 150%; font-family: Verdana\"><o:p><\/o:p><\/span><\/p>\n<p class=\"MsoNormal\" style=\"text-align: justify; line-height: 150%\"><strong><span style=\"font-size: 10pt; line-height: 150%; font-family: Verdana\"><o:p> <\/o:p><\/span><\/strong><\/p>\n<p class=\"MsoNormal\" style=\"text-align: justify; line-height: 150%\"><span style=\"font-family: Bembo\"><\/span><span style=\"font-family: Bembo\"><o:p><\/o:p><\/span><\/p>\n","protected":false},"excerpt":{"rendered":"<p>Warum Relativieren gef\u00e4hrlich ist. Aus aktuellem Anla\u00df m\u00f6chte ich ein paar Zeilen zu den ersten Reaktionen schreiben, die mir hier besonders aufgefallen sind. Ich betone, da\u00df folgendes keine offizielle Stellungnahme vom St\u00f6rungsmelder ist, sondern meine pers\u00f6nliche Meinung.<\/p>\n","protected":false},"author":229,"featured_media":0,"comment_status":"open","ping_status":"open","sticky":false,"template":"","format":"standard","meta":{"_jetpack_memberships_contains_paid_content":false,"footnotes":""},"categories":[1515],"tags":[99],"class_list":["post-107","post","type-post","status-publish","format-standard","hentry","category-bundesweit","tag-rechtsextremismus"],"yoast_head":"<!-- This site is optimized with the Yoast SEO plugin v21.0 - https:\/\/yoast.com\/wordpress\/plugins\/seo\/ -->\n<title>&quot;Neonazis? Ausl\u00e4nder und Linksextreme sind doch mindestens genauso schlimm!&quot; - St\u00f6rungsmelder<\/title>\n<meta name=\"robots\" content=\"index, follow, max-snippet:-1, max-image-preview:large, max-video-preview:-1\" \/>\n<link rel=\"canonical\" href=\"https:\/\/blog.zeit.de\/stoerungsmelder\/2007\/11\/14\/neonazis-auslander-und-linksextreme-sind-doch-mindestens-genauso-schlimm_107\" \/>\n<meta property=\"og:locale\" content=\"de_DE\" \/>\n<meta property=\"og:type\" content=\"article\" \/>\n<meta property=\"og:title\" content=\"&quot;Neonazis? Ausl\u00e4nder und Linksextreme sind doch mindestens genauso schlimm!&quot; - St\u00f6rungsmelder\" \/>\n<meta property=\"og:description\" content=\"Warum Relativieren gef\u00e4hrlich ist. Aus aktuellem Anla\u00df m\u00f6chte ich ein paar Zeilen zu den ersten Reaktionen schreiben, die mir hier besonders aufgefallen sind. Ich betone, da\u00df folgendes keine offizielle Stellungnahme vom St\u00f6rungsmelder ist, sondern meine pers\u00f6nliche Meinung.\" \/>\n<meta property=\"og:url\" content=\"https:\/\/blog.zeit.de\/stoerungsmelder\/2007\/11\/14\/neonazis-auslander-und-linksextreme-sind-doch-mindestens-genauso-schlimm_107\" \/>\n<meta property=\"og:site_name\" content=\"St\u00f6rungsmelder\" \/>\n<meta property=\"article:published_time\" content=\"2007-11-14T16:56:00+00:00\" \/>\n<meta name=\"author\" content=\"St\u00f6rungsmelder\" \/>\n<meta name=\"twitter:card\" content=\"summary_large_image\" \/>\n<meta name=\"twitter:label1\" content=\"Geschrieben von\" \/>\n\t<meta name=\"twitter:data1\" content=\"St\u00f6rungsmelder\" \/>\n\t<meta name=\"twitter:label2\" content=\"Gesch\u00e4tzte Lesezeit\" \/>\n\t<meta name=\"twitter:data2\" content=\"2\u00a0Minuten\" \/>\n<script type=\"application\/ld+json\" class=\"yoast-schema-graph\">{\"@context\":\"https:\/\/schema.org\",\"@graph\":[{\"@type\":\"WebPage\",\"@id\":\"https:\/\/blog.zeit.de\/stoerungsmelder\/2007\/11\/14\/neonazis-auslander-und-linksextreme-sind-doch-mindestens-genauso-schlimm_107\",\"url\":\"https:\/\/blog.zeit.de\/stoerungsmelder\/2007\/11\/14\/neonazis-auslander-und-linksextreme-sind-doch-mindestens-genauso-schlimm_107\",\"name\":\"\\\"Neonazis? Ausl\u00e4nder und Linksextreme sind doch mindestens genauso schlimm!\\\" - St\u00f6rungsmelder\",\"isPartOf\":{\"@id\":\"https:\/\/blog.zeit.de\/stoerungsmelder\/#website\"},\"datePublished\":\"2007-11-14T16:56:00+00:00\",\"dateModified\":\"2007-11-14T16:56:00+00:00\",\"author\":{\"@id\":\"https:\/\/blog.zeit.de\/stoerungsmelder\/#\/schema\/person\/fdd0b9818f65738672810b6d6f037f71\"},\"breadcrumb\":{\"@id\":\"https:\/\/blog.zeit.de\/stoerungsmelder\/2007\/11\/14\/neonazis-auslander-und-linksextreme-sind-doch-mindestens-genauso-schlimm_107#breadcrumb\"},\"inLanguage\":\"de\",\"potentialAction\":[{\"@type\":\"ReadAction\",\"target\":[\"https:\/\/blog.zeit.de\/stoerungsmelder\/2007\/11\/14\/neonazis-auslander-und-linksextreme-sind-doch-mindestens-genauso-schlimm_107\"]}]},{\"@type\":\"BreadcrumbList\",\"@id\":\"https:\/\/blog.zeit.de\/stoerungsmelder\/2007\/11\/14\/neonazis-auslander-und-linksextreme-sind-doch-mindestens-genauso-schlimm_107#breadcrumb\",\"itemListElement\":[{\"@type\":\"ListItem\",\"position\":1,\"name\":\"Startseite\",\"item\":\"https:\/\/blog.zeit.de\/stoerungsmelder\"},{\"@type\":\"ListItem\",\"position\":2,\"name\":\"&#8222;Neonazis? Ausl\u00e4nder und Linksextreme sind doch mindestens genauso schlimm!&#8220;\"}]},{\"@type\":\"WebSite\",\"@id\":\"https:\/\/blog.zeit.de\/stoerungsmelder\/#website\",\"url\":\"https:\/\/blog.zeit.de\/stoerungsmelder\/\",\"name\":\"St\u00f6rungsmelder\",\"description\":\"Recherchen und Analysen \u00fcber die extreme Rechte\",\"potentialAction\":[{\"@type\":\"SearchAction\",\"target\":{\"@type\":\"EntryPoint\",\"urlTemplate\":\"https:\/\/blog.zeit.de\/stoerungsmelder\/?s={search_term_string}\"},\"query-input\":\"required name=search_term_string\"}],\"inLanguage\":\"de\"},{\"@type\":\"Person\",\"@id\":\"https:\/\/blog.zeit.de\/stoerungsmelder\/#\/schema\/person\/fdd0b9818f65738672810b6d6f037f71\",\"name\":\"St\u00f6rungsmelder\",\"image\":{\"@type\":\"ImageObject\",\"inLanguage\":\"de\",\"@id\":\"https:\/\/blog.zeit.de\/stoerungsmelder\/#\/schema\/person\/image\/\",\"url\":\"https:\/\/secure.gravatar.com\/avatar\/dfa4be514c3e82a71e4f9a0020035d38192d080ccaa5e4e6d7a1472c763535c5?s=96&d=mm&r=pg\",\"contentUrl\":\"https:\/\/secure.gravatar.com\/avatar\/dfa4be514c3e82a71e4f9a0020035d38192d080ccaa5e4e6d7a1472c763535c5?s=96&d=mm&r=pg\",\"caption\":\"St\u00f6rungsmelder\"},\"url\":\"https:\/\/blog.zeit.de\/stoerungsmelder\/author\/stoerungsmelder\"}]}<\/script>\n<!-- \/ Yoast SEO plugin. -->","yoast_head_json":{"title":"\"Neonazis? Ausl\u00e4nder und Linksextreme sind doch mindestens genauso schlimm!\" - St\u00f6rungsmelder","robots":{"index":"index","follow":"follow","max-snippet":"max-snippet:-1","max-image-preview":"max-image-preview:large","max-video-preview":"max-video-preview:-1"},"canonical":"https:\/\/blog.zeit.de\/stoerungsmelder\/2007\/11\/14\/neonazis-auslander-und-linksextreme-sind-doch-mindestens-genauso-schlimm_107","og_locale":"de_DE","og_type":"article","og_title":"\"Neonazis? Ausl\u00e4nder und Linksextreme sind doch mindestens genauso schlimm!\" - St\u00f6rungsmelder","og_description":"Warum Relativieren gef\u00e4hrlich ist. Aus aktuellem Anla\u00df m\u00f6chte ich ein paar Zeilen zu den ersten Reaktionen schreiben, die mir hier besonders aufgefallen sind. Ich betone, da\u00df folgendes keine offizielle Stellungnahme vom St\u00f6rungsmelder ist, sondern meine pers\u00f6nliche Meinung.","og_url":"https:\/\/blog.zeit.de\/stoerungsmelder\/2007\/11\/14\/neonazis-auslander-und-linksextreme-sind-doch-mindestens-genauso-schlimm_107","og_site_name":"St\u00f6rungsmelder","article_published_time":"2007-11-14T16:56:00+00:00","author":"St\u00f6rungsmelder","twitter_card":"summary_large_image","twitter_misc":{"Geschrieben von":"St\u00f6rungsmelder","Gesch\u00e4tzte Lesezeit":"2\u00a0Minuten"},"schema":{"@context":"https:\/\/schema.org","@graph":[{"@type":"WebPage","@id":"https:\/\/blog.zeit.de\/stoerungsmelder\/2007\/11\/14\/neonazis-auslander-und-linksextreme-sind-doch-mindestens-genauso-schlimm_107","url":"https:\/\/blog.zeit.de\/stoerungsmelder\/2007\/11\/14\/neonazis-auslander-und-linksextreme-sind-doch-mindestens-genauso-schlimm_107","name":"\"Neonazis? Ausl\u00e4nder und Linksextreme sind doch mindestens genauso schlimm!\" - St\u00f6rungsmelder","isPartOf":{"@id":"https:\/\/blog.zeit.de\/stoerungsmelder\/#website"},"datePublished":"2007-11-14T16:56:00+00:00","dateModified":"2007-11-14T16:56:00+00:00","author":{"@id":"https:\/\/blog.zeit.de\/stoerungsmelder\/#\/schema\/person\/fdd0b9818f65738672810b6d6f037f71"},"breadcrumb":{"@id":"https:\/\/blog.zeit.de\/stoerungsmelder\/2007\/11\/14\/neonazis-auslander-und-linksextreme-sind-doch-mindestens-genauso-schlimm_107#breadcrumb"},"inLanguage":"de","potentialAction":[{"@type":"ReadAction","target":["https:\/\/blog.zeit.de\/stoerungsmelder\/2007\/11\/14\/neonazis-auslander-und-linksextreme-sind-doch-mindestens-genauso-schlimm_107"]}]},{"@type":"BreadcrumbList","@id":"https:\/\/blog.zeit.de\/stoerungsmelder\/2007\/11\/14\/neonazis-auslander-und-linksextreme-sind-doch-mindestens-genauso-schlimm_107#breadcrumb","itemListElement":[{"@type":"ListItem","position":1,"name":"Startseite","item":"https:\/\/blog.zeit.de\/stoerungsmelder"},{"@type":"ListItem","position":2,"name":"&#8222;Neonazis? Ausl\u00e4nder und Linksextreme sind doch mindestens genauso schlimm!&#8220;"}]},{"@type":"WebSite","@id":"https:\/\/blog.zeit.de\/stoerungsmelder\/#website","url":"https:\/\/blog.zeit.de\/stoerungsmelder\/","name":"St\u00f6rungsmelder","description":"Recherchen und Analysen \u00fcber die extreme Rechte","potentialAction":[{"@type":"SearchAction","target":{"@type":"EntryPoint","urlTemplate":"https:\/\/blog.zeit.de\/stoerungsmelder\/?s={search_term_string}"},"query-input":"required name=search_term_string"}],"inLanguage":"de"},{"@type":"Person","@id":"https:\/\/blog.zeit.de\/stoerungsmelder\/#\/schema\/person\/fdd0b9818f65738672810b6d6f037f71","name":"St\u00f6rungsmelder","image":{"@type":"ImageObject","inLanguage":"de","@id":"https:\/\/blog.zeit.de\/stoerungsmelder\/#\/schema\/person\/image\/","url":"https:\/\/secure.gravatar.com\/avatar\/dfa4be514c3e82a71e4f9a0020035d38192d080ccaa5e4e6d7a1472c763535c5?s=96&d=mm&r=pg","contentUrl":"https:\/\/secure.gravatar.com\/avatar\/dfa4be514c3e82a71e4f9a0020035d38192d080ccaa5e4e6d7a1472c763535c5?s=96&d=mm&r=pg","caption":"St\u00f6rungsmelder"},"url":"https:\/\/blog.zeit.de\/stoerungsmelder\/author\/stoerungsmelder"}]}},"jetpack_featured_media_url":"","jetpack_sharing_enabled":true,"_links":{"self":[{"href":"https:\/\/blog.zeit.de\/stoerungsmelder\/wp-json\/wp\/v2\/posts\/107","targetHints":{"allow":["GET"]}}],"collection":[{"href":"https:\/\/blog.zeit.de\/stoerungsmelder\/wp-json\/wp\/v2\/posts"}],"about":[{"href":"https:\/\/blog.zeit.de\/stoerungsmelder\/wp-json\/wp\/v2\/types\/post"}],"author":[{"embeddable":true,"href":"https:\/\/blog.zeit.de\/stoerungsmelder\/wp-json\/wp\/v2\/users\/229"}],"replies":[{"embeddable":true,"href":"https:\/\/blog.zeit.de\/stoerungsmelder\/wp-json\/wp\/v2\/comments?post=107"}],"version-history":[{"count":0,"href":"https:\/\/blog.zeit.de\/stoerungsmelder\/wp-json\/wp\/v2\/posts\/107\/revisions"}],"wp:attachment":[{"href":"https:\/\/blog.zeit.de\/stoerungsmelder\/wp-json\/wp\/v2\/media?parent=107"}],"wp:term":[{"taxonomy":"category","embeddable":true,"href":"https:\/\/blog.zeit.de\/stoerungsmelder\/wp-json\/wp\/v2\/categories?post=107"},{"taxonomy":"post_tag","embeddable":true,"href":"https:\/\/blog.zeit.de\/stoerungsmelder\/wp-json\/wp\/v2\/tags?post=107"}],"curies":[{"name":"wp","href":"https:\/\/api.w.org\/{rel}","templated":true}]}}