{"id":10813,"date":"2012-12-12T11:06:09","date_gmt":"2012-12-12T10:06:09","guid":{"rendered":"http:\/\/blog.zeit.de\/stoerungsmelder\/?p=10813"},"modified":"2012-12-12T11:06:33","modified_gmt":"2012-12-12T10:06:33","slug":"neue-webseite-zu-naziaktivitaten-in-der-region-chemnitz","status":"publish","type":"post","link":"https:\/\/blog.zeit.de\/stoerungsmelder\/2012\/12\/12\/neue-webseite-zu-naziaktivitaten-in-der-region-chemnitz_10813","title":{"rendered":"Neue Webseite zu Naziaktivit\u00e4ten in der Region Chemnitz"},"content":{"rendered":"<p>Eine chronologische Aufarbeitung &#8222;rechter Aktivit\u00e4ten&#8220; erg\u00e4nzt seit heute das Informationsportal &#8222;Rechts sind doch die anderen?!&#8220; auf der Internetseite <a href=\"http:\/\/www.wachsam-in-chemnitz.de\" target=\"_blank\">www.wachsam-in-chemnitz.de<\/a>.<!--more--><\/p>\n<p>Die Chronik enth\u00e4lt eine kontinuierliche Dokumentation &#8222;rechter Aktivit\u00e4ten&#8220; in Chemnitz ab 2009. Daneben werden auch Aktivit\u00e4ten im Chemnitzer Umland einbezogen, welche Bez\u00fcge bzw. einen Kontext zu Chemnitz erkennen lassen. Damit l\u00e4sst sich veranschaulichen, inwieweit die Strukturen der rechten Szene auch f\u00fcr \u00fcberregionale Aktivit\u00e4ten Bedeutung haben.<\/p>\n<p>Inhalte der bisher 415 Beitr\u00e4ge sind neben Veranstaltungen und Aktivit\u00e4ten der rechten Szene u.a. Bedrohungen, K\u00f6rperverletzungen, Propagandadelikte, Sachbesch\u00e4digungen.<\/p>\n<p>Als Quelle dienen Unterlagen des s\u00e4chsischen Landtages und Polizeiberichte, vor allem aber auch Augenzeug\/innen und Berichte von Betroffenen. Des Weiteren werden Informationen anderer Internetseiten, wie bspw. der Opferberatung herangezogen. H\u00e4ufig werden die Vorf\u00e4lle hierbei erst durch die Zusammenf\u00fchrung mehrerer Quellen in den richtigen Kontext ger\u00fcckt.<\/p>\n<p>Anhand der Chronik l\u00e4sst sich der Entwicklung der lokalen rechten Parteien und Gruppierungen nachvollziehen. U.a. wird hier deutlich, dass die Gewalt von &#8222;Rechts&#8220; nicht abrei\u00dft und trotz Streitigkeiten innerhalb der &#8222;rechten&#8220; Szene weiterhin zahlreiche neurechte und neonazistische Veranstaltungen organisiert werden.<\/p>\n<p>Mit der Chronik werden aktuelle Informationen zur Verf\u00fcgung gestellt, auf die sonst nur bedingt zugegriffen werden kann. Eine chronologische Dokumentation &#8222;rechter Aktivit\u00e4ten&#8220; in Chemnitz gibt es bisher nicht. Mit solch einer Sammlung der Aktivit\u00e4ten wird auf aktuelle Geschehnisse aufmerksam gemacht und damit f\u00fcr das Thema sensibilisiert. Zudem lassen sich Schwerpunkte f\u00fcr geeignete Ans\u00e4tze zur Pr\u00e4vention herausarbeiten. Dar\u00fcber hinaus wird die Reaktionsf\u00e4higkeit gegen\u00fcber &#8222;rechten&#8220; Aktivit\u00e4ten erh\u00f6ht. Nicht zuletzt um Unterst\u00fctzung f\u00fcr die Betroffenen von Ausgrenzung und rassistischer Gewalt zu erreichen.<\/p>\n<p>Die Chronik wird stetig erweitert. Vorf\u00e4lle k\u00f6nnen gemeldet werden an: <a href=\"mailto:redaktion@wachsam-in-chemnitz.de\">redaktion@wachsam-in-chemnitz.de<\/a><\/p>\n<p><strong>HINTERGRUND<\/strong><\/p>\n<p>2011 wurde die Internetplattform mit dem Titel <a href=\"www.wachsam-in-chemnitz.de\" target=\"_blank\">&#8222;Rechts&#8220; sind doch die anderen?!&#8220;<\/a>\u00a0 online geschaltet. Die Internetseite besteht aus den Rubriken: Begriffskl\u00e4rung, Alltagsrassismus, Institutioneller Rassismus, Strukturen und Personen und Was kann ich tun? und gibt damit einen \u00dcberblick \u00fcber Begrifflichkeiten, Alltagsrassismus und menschenverachtende Einstellungen in Alltag und auf institutioneller Ebene.<\/p>\n<p>Ein Schwerpunkt des Informationsportals ist die Rubrik &#8222;organisierte Neonazis und die &#8222;Neue Rechte&#8220; in Chemnitz&#8220;. Neben den vorhandenen Strukturen und Ideologien wird auch die &#8222;Gewalt&#8220;, die von &#8222;Rechts&#8220; ausgeht, betrachtet sowie Chemnitzer Initiativen, die sich gegen Rassismus engagieren, vorgestellt.<\/p>\n","protected":false},"excerpt":{"rendered":"<p>Eine chronologische Aufarbeitung &#8222;rechter Aktivit\u00e4ten&#8220; erg\u00e4nzt seit heute das Informationsportal &#8222;Rechts sind doch die anderen?!&#8220; auf der Internetseite www.wachsam-in-chemnitz.de.<\/p>\n","protected":false},"author":229,"featured_media":0,"comment_status":"open","ping_status":"open","sticky":false,"template":"","format":"standard","meta":{"_jetpack_memberships_contains_paid_content":false,"footnotes":""},"categories":[1456],"tags":[24505,1716,1752,1755],"class_list":["post-10813","post","type-post","status-publish","format-standard","hentry","category-sachsen","tag-chronik","tag-npd","tag-protest","tag-rechte-gewalt"],"yoast_head":"<!-- This site is optimized with the Yoast SEO plugin v21.0 - https:\/\/yoast.com\/wordpress\/plugins\/seo\/ -->\n<title>Neue Webseite zu Naziaktivit\u00e4ten in der Region Chemnitz - St\u00f6rungsmelder<\/title>\n<meta name=\"robots\" content=\"index, follow, max-snippet:-1, max-image-preview:large, max-video-preview:-1\" \/>\n<link rel=\"canonical\" href=\"https:\/\/blog.zeit.de\/stoerungsmelder\/2012\/12\/12\/neue-webseite-zu-naziaktivitaten-in-der-region-chemnitz_10813\" \/>\n<meta property=\"og:locale\" content=\"de_DE\" \/>\n<meta property=\"og:type\" content=\"article\" \/>\n<meta property=\"og:title\" content=\"Neue Webseite zu Naziaktivit\u00e4ten in der Region Chemnitz - St\u00f6rungsmelder\" \/>\n<meta property=\"og:description\" content=\"Eine chronologische Aufarbeitung &#8222;rechter Aktivit\u00e4ten&#8220; erg\u00e4nzt seit heute das Informationsportal &#8222;Rechts sind doch die anderen?!&#8220; auf der Internetseite www.wachsam-in-chemnitz.de.\" \/>\n<meta property=\"og:url\" content=\"https:\/\/blog.zeit.de\/stoerungsmelder\/2012\/12\/12\/neue-webseite-zu-naziaktivitaten-in-der-region-chemnitz_10813\" \/>\n<meta property=\"og:site_name\" content=\"St\u00f6rungsmelder\" \/>\n<meta property=\"article:published_time\" content=\"2012-12-12T10:06:09+00:00\" \/>\n<meta property=\"article:modified_time\" content=\"2012-12-12T10:06:33+00:00\" \/>\n<meta name=\"author\" content=\"St\u00f6rungsmelder\" \/>\n<meta name=\"twitter:card\" content=\"summary_large_image\" \/>\n<meta name=\"twitter:label1\" content=\"Geschrieben von\" \/>\n\t<meta name=\"twitter:data1\" content=\"St\u00f6rungsmelder\" \/>\n\t<meta name=\"twitter:label2\" content=\"Gesch\u00e4tzte Lesezeit\" \/>\n\t<meta name=\"twitter:data2\" content=\"2\u00a0Minuten\" \/>\n<script type=\"application\/ld+json\" class=\"yoast-schema-graph\">{\"@context\":\"https:\/\/schema.org\",\"@graph\":[{\"@type\":\"WebPage\",\"@id\":\"https:\/\/blog.zeit.de\/stoerungsmelder\/2012\/12\/12\/neue-webseite-zu-naziaktivitaten-in-der-region-chemnitz_10813\",\"url\":\"https:\/\/blog.zeit.de\/stoerungsmelder\/2012\/12\/12\/neue-webseite-zu-naziaktivitaten-in-der-region-chemnitz_10813\",\"name\":\"Neue Webseite zu Naziaktivit\u00e4ten in der Region Chemnitz - St\u00f6rungsmelder\",\"isPartOf\":{\"@id\":\"https:\/\/blog.zeit.de\/stoerungsmelder\/#website\"},\"datePublished\":\"2012-12-12T10:06:09+00:00\",\"dateModified\":\"2012-12-12T10:06:33+00:00\",\"author\":{\"@id\":\"https:\/\/blog.zeit.de\/stoerungsmelder\/#\/schema\/person\/fdd0b9818f65738672810b6d6f037f71\"},\"breadcrumb\":{\"@id\":\"https:\/\/blog.zeit.de\/stoerungsmelder\/2012\/12\/12\/neue-webseite-zu-naziaktivitaten-in-der-region-chemnitz_10813#breadcrumb\"},\"inLanguage\":\"de\",\"potentialAction\":[{\"@type\":\"ReadAction\",\"target\":[\"https:\/\/blog.zeit.de\/stoerungsmelder\/2012\/12\/12\/neue-webseite-zu-naziaktivitaten-in-der-region-chemnitz_10813\"]}]},{\"@type\":\"BreadcrumbList\",\"@id\":\"https:\/\/blog.zeit.de\/stoerungsmelder\/2012\/12\/12\/neue-webseite-zu-naziaktivitaten-in-der-region-chemnitz_10813#breadcrumb\",\"itemListElement\":[{\"@type\":\"ListItem\",\"position\":1,\"name\":\"Startseite\",\"item\":\"https:\/\/blog.zeit.de\/stoerungsmelder\"},{\"@type\":\"ListItem\",\"position\":2,\"name\":\"Neue Webseite zu Naziaktivit\u00e4ten in der Region Chemnitz\"}]},{\"@type\":\"WebSite\",\"@id\":\"https:\/\/blog.zeit.de\/stoerungsmelder\/#website\",\"url\":\"https:\/\/blog.zeit.de\/stoerungsmelder\/\",\"name\":\"St\u00f6rungsmelder\",\"description\":\"Recherchen und Analysen \u00fcber die extreme Rechte\",\"potentialAction\":[{\"@type\":\"SearchAction\",\"target\":{\"@type\":\"EntryPoint\",\"urlTemplate\":\"https:\/\/blog.zeit.de\/stoerungsmelder\/?s={search_term_string}\"},\"query-input\":\"required name=search_term_string\"}],\"inLanguage\":\"de\"},{\"@type\":\"Person\",\"@id\":\"https:\/\/blog.zeit.de\/stoerungsmelder\/#\/schema\/person\/fdd0b9818f65738672810b6d6f037f71\",\"name\":\"St\u00f6rungsmelder\",\"image\":{\"@type\":\"ImageObject\",\"inLanguage\":\"de\",\"@id\":\"https:\/\/blog.zeit.de\/stoerungsmelder\/#\/schema\/person\/image\/\",\"url\":\"https:\/\/secure.gravatar.com\/avatar\/dfa4be514c3e82a71e4f9a0020035d38192d080ccaa5e4e6d7a1472c763535c5?s=96&d=mm&r=pg\",\"contentUrl\":\"https:\/\/secure.gravatar.com\/avatar\/dfa4be514c3e82a71e4f9a0020035d38192d080ccaa5e4e6d7a1472c763535c5?s=96&d=mm&r=pg\",\"caption\":\"St\u00f6rungsmelder\"},\"url\":\"https:\/\/blog.zeit.de\/stoerungsmelder\/author\/stoerungsmelder\"}]}<\/script>\n<!-- \/ Yoast SEO plugin. -->","yoast_head_json":{"title":"Neue Webseite zu Naziaktivit\u00e4ten in der Region Chemnitz - St\u00f6rungsmelder","robots":{"index":"index","follow":"follow","max-snippet":"max-snippet:-1","max-image-preview":"max-image-preview:large","max-video-preview":"max-video-preview:-1"},"canonical":"https:\/\/blog.zeit.de\/stoerungsmelder\/2012\/12\/12\/neue-webseite-zu-naziaktivitaten-in-der-region-chemnitz_10813","og_locale":"de_DE","og_type":"article","og_title":"Neue Webseite zu Naziaktivit\u00e4ten in der Region Chemnitz - St\u00f6rungsmelder","og_description":"Eine chronologische Aufarbeitung &#8222;rechter Aktivit\u00e4ten&#8220; erg\u00e4nzt seit heute das Informationsportal &#8222;Rechts sind doch die anderen?!&#8220; auf der Internetseite www.wachsam-in-chemnitz.de.","og_url":"https:\/\/blog.zeit.de\/stoerungsmelder\/2012\/12\/12\/neue-webseite-zu-naziaktivitaten-in-der-region-chemnitz_10813","og_site_name":"St\u00f6rungsmelder","article_published_time":"2012-12-12T10:06:09+00:00","article_modified_time":"2012-12-12T10:06:33+00:00","author":"St\u00f6rungsmelder","twitter_card":"summary_large_image","twitter_misc":{"Geschrieben von":"St\u00f6rungsmelder","Gesch\u00e4tzte Lesezeit":"2\u00a0Minuten"},"schema":{"@context":"https:\/\/schema.org","@graph":[{"@type":"WebPage","@id":"https:\/\/blog.zeit.de\/stoerungsmelder\/2012\/12\/12\/neue-webseite-zu-naziaktivitaten-in-der-region-chemnitz_10813","url":"https:\/\/blog.zeit.de\/stoerungsmelder\/2012\/12\/12\/neue-webseite-zu-naziaktivitaten-in-der-region-chemnitz_10813","name":"Neue Webseite zu Naziaktivit\u00e4ten in der Region Chemnitz - St\u00f6rungsmelder","isPartOf":{"@id":"https:\/\/blog.zeit.de\/stoerungsmelder\/#website"},"datePublished":"2012-12-12T10:06:09+00:00","dateModified":"2012-12-12T10:06:33+00:00","author":{"@id":"https:\/\/blog.zeit.de\/stoerungsmelder\/#\/schema\/person\/fdd0b9818f65738672810b6d6f037f71"},"breadcrumb":{"@id":"https:\/\/blog.zeit.de\/stoerungsmelder\/2012\/12\/12\/neue-webseite-zu-naziaktivitaten-in-der-region-chemnitz_10813#breadcrumb"},"inLanguage":"de","potentialAction":[{"@type":"ReadAction","target":["https:\/\/blog.zeit.de\/stoerungsmelder\/2012\/12\/12\/neue-webseite-zu-naziaktivitaten-in-der-region-chemnitz_10813"]}]},{"@type":"BreadcrumbList","@id":"https:\/\/blog.zeit.de\/stoerungsmelder\/2012\/12\/12\/neue-webseite-zu-naziaktivitaten-in-der-region-chemnitz_10813#breadcrumb","itemListElement":[{"@type":"ListItem","position":1,"name":"Startseite","item":"https:\/\/blog.zeit.de\/stoerungsmelder"},{"@type":"ListItem","position":2,"name":"Neue Webseite zu Naziaktivit\u00e4ten in der Region Chemnitz"}]},{"@type":"WebSite","@id":"https:\/\/blog.zeit.de\/stoerungsmelder\/#website","url":"https:\/\/blog.zeit.de\/stoerungsmelder\/","name":"St\u00f6rungsmelder","description":"Recherchen und Analysen \u00fcber die extreme Rechte","potentialAction":[{"@type":"SearchAction","target":{"@type":"EntryPoint","urlTemplate":"https:\/\/blog.zeit.de\/stoerungsmelder\/?s={search_term_string}"},"query-input":"required name=search_term_string"}],"inLanguage":"de"},{"@type":"Person","@id":"https:\/\/blog.zeit.de\/stoerungsmelder\/#\/schema\/person\/fdd0b9818f65738672810b6d6f037f71","name":"St\u00f6rungsmelder","image":{"@type":"ImageObject","inLanguage":"de","@id":"https:\/\/blog.zeit.de\/stoerungsmelder\/#\/schema\/person\/image\/","url":"https:\/\/secure.gravatar.com\/avatar\/dfa4be514c3e82a71e4f9a0020035d38192d080ccaa5e4e6d7a1472c763535c5?s=96&d=mm&r=pg","contentUrl":"https:\/\/secure.gravatar.com\/avatar\/dfa4be514c3e82a71e4f9a0020035d38192d080ccaa5e4e6d7a1472c763535c5?s=96&d=mm&r=pg","caption":"St\u00f6rungsmelder"},"url":"https:\/\/blog.zeit.de\/stoerungsmelder\/author\/stoerungsmelder"}]}},"jetpack_featured_media_url":"","jetpack_sharing_enabled":true,"_links":{"self":[{"href":"https:\/\/blog.zeit.de\/stoerungsmelder\/wp-json\/wp\/v2\/posts\/10813","targetHints":{"allow":["GET"]}}],"collection":[{"href":"https:\/\/blog.zeit.de\/stoerungsmelder\/wp-json\/wp\/v2\/posts"}],"about":[{"href":"https:\/\/blog.zeit.de\/stoerungsmelder\/wp-json\/wp\/v2\/types\/post"}],"author":[{"embeddable":true,"href":"https:\/\/blog.zeit.de\/stoerungsmelder\/wp-json\/wp\/v2\/users\/229"}],"replies":[{"embeddable":true,"href":"https:\/\/blog.zeit.de\/stoerungsmelder\/wp-json\/wp\/v2\/comments?post=10813"}],"version-history":[{"count":3,"href":"https:\/\/blog.zeit.de\/stoerungsmelder\/wp-json\/wp\/v2\/posts\/10813\/revisions"}],"predecessor-version":[{"id":10816,"href":"https:\/\/blog.zeit.de\/stoerungsmelder\/wp-json\/wp\/v2\/posts\/10813\/revisions\/10816"}],"wp:attachment":[{"href":"https:\/\/blog.zeit.de\/stoerungsmelder\/wp-json\/wp\/v2\/media?parent=10813"}],"wp:term":[{"taxonomy":"category","embeddable":true,"href":"https:\/\/blog.zeit.de\/stoerungsmelder\/wp-json\/wp\/v2\/categories?post=10813"},{"taxonomy":"post_tag","embeddable":true,"href":"https:\/\/blog.zeit.de\/stoerungsmelder\/wp-json\/wp\/v2\/tags?post=10813"}],"curies":[{"name":"wp","href":"https:\/\/api.w.org\/{rel}","templated":true}]}}