{"id":10828,"date":"2012-12-16T12:15:42","date_gmt":"2012-12-16T11:15:42","guid":{"rendered":"http:\/\/blog.zeit.de\/stoerungsmelder\/?p=10828"},"modified":"2012-12-17T03:28:06","modified_gmt":"2012-12-17T02:28:06","slug":"neonazis-ubernehmen-die-identitare-bewegung","status":"publish","type":"post","link":"https:\/\/blog.zeit.de\/stoerungsmelder\/2012\/12\/16\/neonazis-ubernehmen-die-identitare-bewegung_10828","title":{"rendered":"Neonazis \u00fcbernehmen die &#8222;Identit\u00e4re Bewegung&#8220;"},"content":{"rendered":"<p><figure id=\"attachment_10830\" aria-describedby=\"caption-attachment-10830\" style=\"width: 543px\" class=\"wp-caption aligncenter\"><a href=\"https:\/\/blog.zeit.de\/stoerungsmelder\/files\/2012\/12\/NPD-Identit\u00e4t.jpg\"><img loading=\"lazy\" decoding=\"async\" class=\" wp-image-10830    \" src=\"https:\/\/blog.zeit.de\/stoerungsmelder\/files\/2012\/12\/NPD-Identit\u00e4t.jpg\" alt=\"\" width=\"543\" height=\"247\" \/><\/a><figcaption id=\"caption-attachment-10830\" class=\"wp-caption-text\">JN-Kampagne \u201eIdentit\u00e4t - Werde, wer Du bist\u201c \u00a9 Screenshot von der NPD-Homepage<\/figcaption><\/figure><\/p>\n<p>Mit poppiger Jugendkultur mischen junge Rassisten europaweit die althergebrachte rechte Szene auf. Russische Nazi-Hools &#8222;bassen&#8220; gegen die Antifa, w\u00e4hrend italienische Faschisten gegen Sparpolitik &#8222;flashmobben&#8220;. Die v\u00f6lkische Rechte in Deutschland dagegen besetzt Begriffe und bleibt dennoch in ihrer Ideologie gefangen. Gerade erst \u00fcbernahmen neurechte Aktivisten die Meinungsf\u00fchrerschaft der deutschen Variante der franz\u00f6sischen \u201eIdentit\u00e4ren\u201c, schon startet die NPD-Jugend eine gleichlautende Kampagne.<!--more--><\/p>\n<p><a title=\"&quot;Identit\u00e4r&quot; - das neue Modewort der Rassisten \" href=\"https:\/\/blog.zeit.de\/stoerungsmelder\/2012\/11\/14\/identitar-das-neue-modewort-der-rassisten_10485\" target=\"_blank\">Jung, aktionsorientiert und modern<\/a>\u00a0gibt sich die franz\u00f6sische \u201eG\u00e9n\u00e9ration identitaire\u201c. Mit neuer Fassade wollen sie mit altem Rassismus zur Bewegung werden. In Deutschland haben scheinbar die neurechten Akteure G\u00f6tz Kubitschek und Felix Menzel <a href=\"http:\/\/www.publikative.org\/2012\/12\/14\/volkische-deutsche-okkupieren-identitaire-ideologie\/\" target=\"_blank\">die Z\u00fcgel in die Hand genommen<\/a>\u00a0und schlie\u00dfen damit an die Strategien der \u201eKonservativ-subversiven Aktion\u201c (ksa) an.<\/p>\n<p>Die erste identit\u00e4re Aktion in Deutschland kommt aus der Neonaziszene: Widerstand muss auch Spa\u00df machen, meinten die \u201eNationalen Sozialisten Rostock\u201c und tanzten im August mit Masken verkleidet einige Minuten vom Kr\u00f6peliner Tor bis zum Rathaus und nannten das ganze \u201eHardbass gegen Demokraten\u201c.<\/p>\n<p><figure id=\"attachment_10836\" aria-describedby=\"caption-attachment-10836\" style=\"width: 300px\" class=\"wp-caption aligncenter\"><a href=\"https:\/\/blog.zeit.de\/stoerungsmelder\/files\/2012\/12\/YouTube-NS-Rostock.jpg\"><img loading=\"lazy\" decoding=\"async\" class=\"size-medium wp-image-10836 \" src=\"https:\/\/blog.zeit.de\/stoerungsmelder\/files\/2012\/12\/YouTube-NS-Rostock-300x228.jpg\" alt=\"\" width=\"300\" height=\"228\" srcset=\"https:\/\/blog.zeit.de\/stoerungsmelder\/files\/2012\/12\/YouTube-NS-Rostock-300x228.jpg 300w, https:\/\/blog.zeit.de\/stoerungsmelder\/files\/2012\/12\/YouTube-NS-Rostock.jpg 584w\" sizes=\"auto, (max-width: 300px) 100vw, 300px\" \/><\/a><figcaption id=\"caption-attachment-10836\" class=\"wp-caption-text\">Tanzende Neonazis \u00a9 Screenshot von YouTube<\/figcaption><\/figure><\/p>\n<p>Diese Aktionsform russischer Neonazis breitet sich seit einem Jahr \u00fcber Europa aus. Mit Parolen wie \u201eDemokratie = Volkstod\u201c, \u201eNS Fetzt!\u201c und \u201eVerboten Gut\u201c, sollte in Rostock an die medienwirksamen Flashmobs der \u201eUnsterblichen\u201c der im Juli verbotenen \u201e<a title=\"Das Ende der Nazi-Masken-Show \" href=\"https:\/\/blog.zeit.de\/stoerungsmelder\/2012\/06\/19\/das-ende-der-nazi-masken-show_8923\" target=\"_blank\">Spreelichter<\/a>\u201c angekn\u00fcpft werden. Mit derselben Musik und rassistischen Parolen\u00a0umzingelten\u00a0daraufhin im Oktober die \u201eIdentit\u00e4ren Wien\u201c den Caritas-Workshops \u201eTanz f\u00fcr Toleranz\u201c, bevor vier Wochen sp\u00e4ter f\u00fcnf Personen mit dieser Aktionsform die Er\u00f6ffnungsveranstaltung der \u201einterkulturellen Wochen\u201c in Frankfurt am Main st\u00f6rten.<\/p>\n<p><strong>Alte Ideologie unter neuen Namen<\/strong><\/p>\n<p><strong><\/strong>Bereits im September 2010 erstellte die selbsternannte \u201eSarrazin-Bewegung\u201c \u2013 eine kulturrassistische Splittergruppe, die sich auf Thilo Sarrazins Buch \u201eDeutschland schafft sich ab\u201c beruft \u2013 die Facebookseite \u201eIdentit\u00e4re Bewegung &#8222;100% Identit\u00e4r &#8211; 0% xenophobisch&#8220;\u201c und kn\u00fcpften damit an die neurechte Ideologie einer angeblichem kollektiven \u201eIdentit\u00e4t\u201c an, die auf der kulturellen und regionalen Herkunft beruhe. Die Betonung auf das \u201eEigene\u201c, aber angeblich ohne Rassismus. \u201eEthnopluralistische Vielfalt\u201c statt \u201ekultureller Einheitsbrei\u201c \u2013 Mit der \u00dcberh\u00f6hung des Regionalen durch den franz\u00f6sischen \u201e<a href=\"http:\/\/www.publikative.org\/2012\/11\/18\/der-konvent-der-identitaren-bewegung\/\" target=\"_blank\">Bloc identitaire<\/a>\u201c\u00a0klingt dies auch nicht sofort nach dem \u201eVolkstod\u201c und der damit verbundenen altbackenen v\u00f6lkischen \u201eBlut-und-Boden-Ideologie\u201c wie bei der NPD.<\/p>\n<p>Der Widerspruch, an dem eine einheitliche gesamteurop\u00e4ische rechte Bewegung bisher scheiterte, scheint mit dem Dreiklang aus \u201eRegion, Nation und Europ\u00e4isch\u201c aufgehoben: \u201eIdentit\u00e4r\u201c ist, wer sich zu seiner regionalen, nationalen und kulturellen Herkunft bekennt. Die Grenzen zwischen Kulturalismus und Rassismus verschwimmen. Der Begriff \u201eIdentit\u00e4t\u201c wird v\u00f6lkisch besetzt, aber kulturalistisch umschrieben.<\/p>\n<p><figure id=\"attachment_10843\" aria-describedby=\"caption-attachment-10843\" style=\"width: 300px\" class=\"wp-caption aligncenter\"><a href=\"https:\/\/blog.zeit.de\/stoerungsmelder\/files\/2012\/12\/Identitaere-Bewegung.jpg\"><img loading=\"lazy\" decoding=\"async\" class=\"size-medium wp-image-10843\" src=\"https:\/\/blog.zeit.de\/stoerungsmelder\/files\/2012\/12\/Identitaere-Bewegung-300x226.jpg\" alt=\"\" width=\"300\" height=\"226\" srcset=\"https:\/\/blog.zeit.de\/stoerungsmelder\/files\/2012\/12\/Identitaere-Bewegung-300x226.jpg 300w, https:\/\/blog.zeit.de\/stoerungsmelder\/files\/2012\/12\/Identitaere-Bewegung.jpg 977w\" sizes=\"auto, (max-width: 300px) 100vw, 300px\" \/><\/a><figcaption id=\"caption-attachment-10843\" class=\"wp-caption-text\">Die Homepage der \u201eIdentit\u00e4re Bewegung\u201c \u00a9 Screenshot<\/figcaption><\/figure><\/p>\n<p>Das Konzept von \u201eEthnopluralismus\u201c und \u201eIdentit\u00e4t\u201c speist sich aus der Ideologie der \u201eNeuen Rechten\u201c der 70er und 80er Jahre. Ganz nach dem neurechten Vordenker Alain de Benoist erobert diese Ideologie scheinbar vermittelt \u00fcber Musik, Videos und dem Partypatriotismus der Fu\u00dfball-WM den vorpolitischen und kulturellen Raum, unterschl\u00e4gt dabei aber, dass die Beziehungen der Menschen untereinander auf Sozialisation und sozialen Normen basiert und nicht auf naturalisierter Herkunft, es sei denn, diese wird zur sozialen Norm. So endet die vordergr\u00fcndige \u201eethnopluralistische Vielfalt\u201c wieder im stumpfen Rassismus.<\/p>\n<p><strong>Rassismus mit oder ohne \u201eHeil Hitler\u201c?<\/strong><\/p>\n<p>Da die Neonaziszene seit Jahren versucht ihre menschenverachtende Ideologie wieder gesellschaftsf\u00e4hig zu machen, wundert es nicht, dass Nazis auf den Zug aufspringen. Die \u201eIdentit\u00e4re Gruppe Frankfurt\u201d wurde 2010 von den \u201eNationalen Sozialisten Rhein-Main\u201c und aus dem \u201eFreien Netz Hessen\u201c heraus initiiert. Im M\u00e4rz 2011 erstellte der neurechte \u201eBlock Identit\u00e4t\u201c (BI) seine Facebookpr\u00e4senz und folgte damit Blog und Twitter-Account, die bereits davor online gingen. Ende Juli desselben Jahres dann ein erstes BI-Treffen im Ruhrgebiet. F\u00fcr den August letzten Jahres rief der NPD-Stadtrat und Anf\u00fchrer der \u201eNationalen Sozialisten Geithain\u201c (NSG), Manuel Tripp, zum Geithainer \u201eTag der Identit\u00e4t\u201c auf. Nach Eigenbeschreibung vertreibt er in seinem Shop \u201eidentit\u00e4re Kleidungsst\u00fccke\u201c. Die s\u00e4chsische Neonaziszene n\u00e4herte sich ideologisch den \u201eNeurechten\u201c an. Thorsten Thomsen, Pressesprecher der s\u00e4chsischen NPD-Fraktion und Arne Schimmer, NPD-Abgeordneter im S\u00e4chsischen Landtag nahmen im Oktober an der von G\u00f6tz Kubitschek und Felix Menzel organisierten neurechte Messe in Berlin teil. Schimmer soll bereits Jahre zuvor an Schulungen des neurechten \u201eThink Tank\u201c \u2013 dem Institut f\u00fcr Staatspolitik (IfS) \u2013 teilgenommen haben.<\/p>\n<p><figure id=\"attachment_10840\" aria-describedby=\"caption-attachment-10840\" style=\"width: 150px\" class=\"wp-caption alignleft\"><a href=\"https:\/\/blog.zeit.de\/stoerungsmelder\/files\/2012\/12\/IBD-Kampf-um-unsere-Identitait.jpg\"><img loading=\"lazy\" decoding=\"async\" class=\"size-thumbnail wp-image-10840 \" src=\"https:\/\/blog.zeit.de\/stoerungsmelder\/files\/2012\/12\/IBD-Kampf-um-unsere-Identitait-150x150.jpg\" alt=\"\" width=\"150\" height=\"150\" \/><\/a><figcaption id=\"caption-attachment-10840\" class=\"wp-caption-text\">Screenshot von FB<\/figcaption><\/figure><\/p>\n<p>Am 10. Oktober diesen Jahres dann, ging die Facebookseite \u201eIdentit\u00e4re Bewegung Deutschland\u201c als zentrale deutsche Plattform \u2013 inspiriert durch die \u201eGeneration Identitaire\u201c in Frankreich und der \u201eIdentit\u00e4re Bewegung \u00d6sterreich\u201c \u2013 online und hat aktuell \u00fcber 4.000 \u201eGef\u00e4llt mir\u201c-Angaben. Erstes Posting ist das Video der franz\u00f6sischen Kriegserkl\u00e4rung der \u201eG\u00e9n\u00e9ration Identitaire\u201c gegen die vermeintliche von der 68er-Bewegung gepr\u00e4gte \u201emultikulturellen Gesellschaft\u201c sowie gegen die angebliche \u201eIslamisierung\u201c Europas. Die \u201eidentit\u00e4re\u201c Kriegserkl\u00e4rung wird vier Tage sp\u00e4ter auch in der Internetsendung des neonazistischen FSN-TV vorgestellt, noch bevor am 20. Oktober 60 aus ganz Frankreich angereiste antimuslimische Rassisten das Dach einer Moschee in Poitiers besetzen. Die Polizei beendete den Protest nach sechs Stunden und nahm drei Personen wegen Anstachelung zum Rassenhass und Sachbesch\u00e4digung fest.<\/p>\n<p>G\u00f6tz Kubitschek und Martin Lichtmesz, beides Aktivisten der \u201eKonservativ-subversiven Aktion\u201c, nehmen daraufhin am ersten Novemberwochenende am Konvent des \u201eBloc identitaire\u201c in der s\u00fcdfranz\u00f6sischen Stadt Orange teil. Danach gab Kubitschek Handlungsempfehlungen f\u00fcr eine deutsche \u201eIdentit\u00e4re Bewegung\u201c heraus, indem er die Aktionsorientierung bekr\u00e4ftigt: <em>\u201eAgieren, agieren, agieren: Aktion verbindet, Reden trennt\u201d<\/em>. Den Aktivisten soll durch verpflichtende Richtlinien vorgeschrieben werden, wie diese sich bei Aktionen zu kleiden haben und welche Symbole verwendet werden. Zudem schl\u00e4gt er die Formulierung eines \u201eManifests\u201c nach dem franz\u00f6sischen Vorbild vor, im Bewusstsein der Vorbelastung des Begriffs durch Breivik. Kubitscheks autorit\u00e4re Z\u00fcge werden \u00fcberdeutlich. So spricht er von \u201ebrauchbaren regionalen F\u00fchrungsk\u00f6pfen\u201c und empfiehlt:<\/p>\n<ul>\n<li><em>F\u00fcr einen extrem raschen Aufwuchs des eigenen Projekts und die damit veerbundene [sic!] Sog-Entwicklung sorgen, die es m\u00f6glichen identit\u00e4ren Konkurrenten nahelegt, sich einzuordnen oder zu verschwinden. Dies bedeutet, die Z\u00fcgel in die Hand zu nehmen, nicht auf basisdemokratische F\u00fchrungsmodelle reinzufallen, sondern andersherum: unterhalb einer straffen Organisation regionale Kreativit\u00e4t zuzulassen und zu f\u00f6rdern, ohne sich in generelle Streitereien zu verwickeln und Runde Tische zu bilden<\/em><\/li>\n<li><em>Sich klar dar\u00fcber sein, da\u00df es schiefgehen kann, da\u00df aber der eigene Name danach so oder so einen Stempel tr\u00e4gt und da\u00df es kein Mitleid f\u00fcr gescheiterte \u201eNazis\u201c gibt (zumindest in Deutschland nicht). \u00dcber diese m\u00f6glichen Konsequenzen gr\u00fcndlich nachdenken und lieber gleich sagen: Das ist nichts f\u00fcr mich.<\/em><\/li>\n<\/ul>\n<p>Letzteres d\u00fcrfte mit ein Grund daf\u00fcr sein, warum sich nach anf\u00e4nglichen Richtungsstreitigkeiten die \u201eIdentit\u00e4re Bewegung Deutschland\u201c sich inzwischen oberfl\u00e4chlich von der NS-bezogenen Szene und der NPD distanziert. Dies hinderte die \u201eJungen Nationaldemokraten (JN)\u201c nicht daran mit Unterst\u00fctzung der Mutterpartei NPD die Kampagne \u201eIdentit\u00e4t &#8211; Werde, wer Du bist\u201c ins Leben zu rufen:<\/p>\n<blockquote><p>\u201eDas EIGENE bedingungslos verteidigen! Die WEISSE HAND ist unser Zeichen gegen alle, die unsere IDENTIT\u00c4T zerst\u00f6ren. WIR sagen: Bis hierhin und nicht weiter\u201c.<\/p><\/blockquote>\n<p>Hier wieder das \u201eEigene\u201c, das einer kollektiven \u201eIdentit\u00e4t\u201c angeh\u00f6ren soll, dass mit dem \u201eWir\u201c betont wird. Das hier die Worte \u201eRasse\u201c und \u201eVolk\u201c nur vermieden werden, um nicht sofort an die historischen Vorbilder mit ihrer \u201eBlut-und-Boden-Ideologie\u201c sowie an die nationalsozialistische Parole \u201eDu bist nichts, dein Volk ist alles\u201c zu erinnern, ist offensichtlich.<\/p>\n<p>W\u00e4hrend die rassistische \u201eidentit\u00e4re\u201c Ideologie sich im vorpolitischen und kulturellen Raum weiter ausbreitet, scheitert die organisierte deutsche Rechte dennoch an sich selbst. Die sogenannte \u201eIdentit\u00e4re Bewegung Deutschland\u201c mit dem gelben Lambda als Symbol, schafft zwar die str\u00f6mungs\u00fcbergreifende B\u00fcndelung von jungen Aktivisten aus der antimuslimischen und \u201eNeuen\u201c Rechten, ist sich aber uneins dar\u00fcber inwieweit Neonazis mit dazu geh\u00f6ren und gibt sich trotz professionellen Marketings und jugendorientierter Agitprop zu radikal v\u00f6lkisch-rassistisch um neue Zielgruppen zu erreichen.<\/p>\n","protected":false},"excerpt":{"rendered":"<p>Mit poppiger Jugendkultur mischen junge Rassisten europaweit die althergebrachte rechte Szene auf. Russische Nazi-Hools &#8222;bassen&#8220; gegen die Antifa, w\u00e4hrend italienische Faschisten gegen Sparpolitik &#8222;flashmobben&#8220;. Die v\u00f6lkische Rechte in Deutschland dagegen besetzt Begriffe und bleibt dennoch in ihrer Ideologie gefangen. Gerade erst \u00fcbernahmen neurechte Aktivisten die Meinungsf\u00fchrerschaft der deutschen Variante der franz\u00f6sischen \u201eIdentit\u00e4ren\u201c, schon startet die [&hellip;]<\/p>\n","protected":false},"author":372,"featured_media":0,"comment_status":"open","ping_status":"open","sticky":false,"template":"","format":"standard","meta":{"_jetpack_memberships_contains_paid_content":false,"footnotes":""},"categories":[1515],"tags":[1506,1553,1559,24510,24509,1628,24508,1713,1716,97],"class_list":["post-10828","post","type-post","status-publish","format-standard","hentry","category-bundesweit","tag-blaue-narzisse","tag-ethnopluralismus","tag-felix-menzel","tag-gotz-kubitschek","tag-identitare-bewegung","tag-jn","tag-konservativ-subversive-aktion","tag-neue-rechte","tag-npd","tag-rassismus"],"yoast_head":"<!-- This site is optimized with the Yoast SEO plugin v21.0 - https:\/\/yoast.com\/wordpress\/plugins\/seo\/ -->\n<title>Neonazis \u00fcbernehmen die &quot;Identit\u00e4re Bewegung&quot; - St\u00f6rungsmelder<\/title>\n<meta name=\"robots\" content=\"index, follow, max-snippet:-1, max-image-preview:large, max-video-preview:-1\" \/>\n<link rel=\"canonical\" href=\"https:\/\/blog.zeit.de\/stoerungsmelder\/2012\/12\/16\/neonazis-ubernehmen-die-identitare-bewegung_10828\" \/>\n<meta property=\"og:locale\" content=\"de_DE\" \/>\n<meta property=\"og:type\" content=\"article\" \/>\n<meta property=\"og:title\" content=\"Neonazis \u00fcbernehmen die &quot;Identit\u00e4re Bewegung&quot; - St\u00f6rungsmelder\" \/>\n<meta property=\"og:description\" content=\"Mit poppiger Jugendkultur mischen junge Rassisten europaweit die althergebrachte rechte Szene auf. Russische Nazi-Hools &#8222;bassen&#8220; gegen die Antifa, w\u00e4hrend italienische Faschisten gegen Sparpolitik &#8222;flashmobben&#8220;. Die v\u00f6lkische Rechte in Deutschland dagegen besetzt Begriffe und bleibt dennoch in ihrer Ideologie gefangen. Gerade erst \u00fcbernahmen neurechte Aktivisten die Meinungsf\u00fchrerschaft der deutschen Variante der franz\u00f6sischen \u201eIdentit\u00e4ren\u201c, schon startet die [&hellip;]\" \/>\n<meta property=\"og:url\" content=\"https:\/\/blog.zeit.de\/stoerungsmelder\/2012\/12\/16\/neonazis-ubernehmen-die-identitare-bewegung_10828\" \/>\n<meta property=\"og:site_name\" content=\"St\u00f6rungsmelder\" \/>\n<meta property=\"article:published_time\" content=\"2012-12-16T11:15:42+00:00\" \/>\n<meta property=\"article:modified_time\" content=\"2012-12-17T02:28:06+00:00\" \/>\n<meta property=\"og:image\" content=\"https:\/\/blog.zeit.de\/stoerungsmelder\/files\/2012\/12\/YouTube-NS-Rostock-300x228.jpg\" \/>\n<meta name=\"author\" content=\"Roland Sieber\" \/>\n<meta name=\"twitter:card\" content=\"summary_large_image\" \/>\n<meta name=\"twitter:label1\" content=\"Geschrieben von\" \/>\n\t<meta name=\"twitter:data1\" content=\"Roland Sieber\" \/>\n\t<meta name=\"twitter:label2\" content=\"Gesch\u00e4tzte Lesezeit\" \/>\n\t<meta name=\"twitter:data2\" content=\"7\u00a0Minuten\" \/>\n<script type=\"application\/ld+json\" class=\"yoast-schema-graph\">{\"@context\":\"https:\/\/schema.org\",\"@graph\":[{\"@type\":\"WebPage\",\"@id\":\"https:\/\/blog.zeit.de\/stoerungsmelder\/2012\/12\/16\/neonazis-ubernehmen-die-identitare-bewegung_10828\",\"url\":\"https:\/\/blog.zeit.de\/stoerungsmelder\/2012\/12\/16\/neonazis-ubernehmen-die-identitare-bewegung_10828\",\"name\":\"Neonazis \u00fcbernehmen die \\\"Identit\u00e4re Bewegung\\\" - St\u00f6rungsmelder\",\"isPartOf\":{\"@id\":\"https:\/\/blog.zeit.de\/stoerungsmelder\/#website\"},\"datePublished\":\"2012-12-16T11:15:42+00:00\",\"dateModified\":\"2012-12-17T02:28:06+00:00\",\"author\":{\"@id\":\"https:\/\/blog.zeit.de\/stoerungsmelder\/#\/schema\/person\/3da908df9eb5af3ca0f9ae44ac55958f\"},\"breadcrumb\":{\"@id\":\"https:\/\/blog.zeit.de\/stoerungsmelder\/2012\/12\/16\/neonazis-ubernehmen-die-identitare-bewegung_10828#breadcrumb\"},\"inLanguage\":\"de\",\"potentialAction\":[{\"@type\":\"ReadAction\",\"target\":[\"https:\/\/blog.zeit.de\/stoerungsmelder\/2012\/12\/16\/neonazis-ubernehmen-die-identitare-bewegung_10828\"]}]},{\"@type\":\"BreadcrumbList\",\"@id\":\"https:\/\/blog.zeit.de\/stoerungsmelder\/2012\/12\/16\/neonazis-ubernehmen-die-identitare-bewegung_10828#breadcrumb\",\"itemListElement\":[{\"@type\":\"ListItem\",\"position\":1,\"name\":\"Startseite\",\"item\":\"https:\/\/blog.zeit.de\/stoerungsmelder\"},{\"@type\":\"ListItem\",\"position\":2,\"name\":\"Neonazis \u00fcbernehmen die &#8222;Identit\u00e4re Bewegung&#8220;\"}]},{\"@type\":\"WebSite\",\"@id\":\"https:\/\/blog.zeit.de\/stoerungsmelder\/#website\",\"url\":\"https:\/\/blog.zeit.de\/stoerungsmelder\/\",\"name\":\"St\u00f6rungsmelder\",\"description\":\"Recherchen und Analysen \u00fcber die extreme Rechte\",\"potentialAction\":[{\"@type\":\"SearchAction\",\"target\":{\"@type\":\"EntryPoint\",\"urlTemplate\":\"https:\/\/blog.zeit.de\/stoerungsmelder\/?s={search_term_string}\"},\"query-input\":\"required name=search_term_string\"}],\"inLanguage\":\"de\"},{\"@type\":\"Person\",\"@id\":\"https:\/\/blog.zeit.de\/stoerungsmelder\/#\/schema\/person\/3da908df9eb5af3ca0f9ae44ac55958f\",\"name\":\"Roland Sieber\",\"image\":{\"@type\":\"ImageObject\",\"inLanguage\":\"de\",\"@id\":\"https:\/\/blog.zeit.de\/stoerungsmelder\/#\/schema\/person\/image\/\",\"url\":\"https:\/\/secure.gravatar.com\/avatar\/7e54e25047fbec700aeec5062fb9539fd29b02b98cabcfb5f310ccf413bc8856?s=96&d=mm&r=pg\",\"contentUrl\":\"https:\/\/secure.gravatar.com\/avatar\/7e54e25047fbec700aeec5062fb9539fd29b02b98cabcfb5f310ccf413bc8856?s=96&d=mm&r=pg\",\"caption\":\"Roland Sieber\"},\"description\":\"Nachdem ich einige Jahre ehrenamtlich in der Jugendverbandsarbeit aktiv war und mich in der Bildungs- und B\u00fcndnisarbeit gegen Rassismus und Nationalismus engagierte, wollte ich mir mehr theoretisches Hintergrundwissen aneignen und studierte an der Akademie der Arbeit. Meine Abschlussarbeit schrieb ich zum Thema \u201eRechtsorientierte Jugend und Gewerkschaft\u201c. Seit 2009 studiere ich in Hamburg und publiziere mehr hobby- als berufsm\u00e4\u00dfig zu neuen Entwicklungen innerhalb der politischen Rechten sowie \u00fcber Rassismus, Antisemitismus und Islamfeindlichkeit auch in Grauzonenbereichen und Mischspektren.\",\"url\":\"https:\/\/blog.zeit.de\/stoerungsmelder\/author\/rolandsieber\"}]}<\/script>\n<!-- \/ Yoast SEO plugin. -->","yoast_head_json":{"title":"Neonazis \u00fcbernehmen die \"Identit\u00e4re Bewegung\" - St\u00f6rungsmelder","robots":{"index":"index","follow":"follow","max-snippet":"max-snippet:-1","max-image-preview":"max-image-preview:large","max-video-preview":"max-video-preview:-1"},"canonical":"https:\/\/blog.zeit.de\/stoerungsmelder\/2012\/12\/16\/neonazis-ubernehmen-die-identitare-bewegung_10828","og_locale":"de_DE","og_type":"article","og_title":"Neonazis \u00fcbernehmen die \"Identit\u00e4re Bewegung\" - St\u00f6rungsmelder","og_description":"Mit poppiger Jugendkultur mischen junge Rassisten europaweit die althergebrachte rechte Szene auf. Russische Nazi-Hools &#8222;bassen&#8220; gegen die Antifa, w\u00e4hrend italienische Faschisten gegen Sparpolitik &#8222;flashmobben&#8220;. Die v\u00f6lkische Rechte in Deutschland dagegen besetzt Begriffe und bleibt dennoch in ihrer Ideologie gefangen. Gerade erst \u00fcbernahmen neurechte Aktivisten die Meinungsf\u00fchrerschaft der deutschen Variante der franz\u00f6sischen \u201eIdentit\u00e4ren\u201c, schon startet die [&hellip;]","og_url":"https:\/\/blog.zeit.de\/stoerungsmelder\/2012\/12\/16\/neonazis-ubernehmen-die-identitare-bewegung_10828","og_site_name":"St\u00f6rungsmelder","article_published_time":"2012-12-16T11:15:42+00:00","article_modified_time":"2012-12-17T02:28:06+00:00","og_image":[{"url":"https:\/\/blog.zeit.de\/stoerungsmelder\/files\/2012\/12\/YouTube-NS-Rostock-300x228.jpg"}],"author":"Roland Sieber","twitter_card":"summary_large_image","twitter_misc":{"Geschrieben von":"Roland Sieber","Gesch\u00e4tzte Lesezeit":"7\u00a0Minuten"},"schema":{"@context":"https:\/\/schema.org","@graph":[{"@type":"WebPage","@id":"https:\/\/blog.zeit.de\/stoerungsmelder\/2012\/12\/16\/neonazis-ubernehmen-die-identitare-bewegung_10828","url":"https:\/\/blog.zeit.de\/stoerungsmelder\/2012\/12\/16\/neonazis-ubernehmen-die-identitare-bewegung_10828","name":"Neonazis \u00fcbernehmen die \"Identit\u00e4re Bewegung\" - St\u00f6rungsmelder","isPartOf":{"@id":"https:\/\/blog.zeit.de\/stoerungsmelder\/#website"},"datePublished":"2012-12-16T11:15:42+00:00","dateModified":"2012-12-17T02:28:06+00:00","author":{"@id":"https:\/\/blog.zeit.de\/stoerungsmelder\/#\/schema\/person\/3da908df9eb5af3ca0f9ae44ac55958f"},"breadcrumb":{"@id":"https:\/\/blog.zeit.de\/stoerungsmelder\/2012\/12\/16\/neonazis-ubernehmen-die-identitare-bewegung_10828#breadcrumb"},"inLanguage":"de","potentialAction":[{"@type":"ReadAction","target":["https:\/\/blog.zeit.de\/stoerungsmelder\/2012\/12\/16\/neonazis-ubernehmen-die-identitare-bewegung_10828"]}]},{"@type":"BreadcrumbList","@id":"https:\/\/blog.zeit.de\/stoerungsmelder\/2012\/12\/16\/neonazis-ubernehmen-die-identitare-bewegung_10828#breadcrumb","itemListElement":[{"@type":"ListItem","position":1,"name":"Startseite","item":"https:\/\/blog.zeit.de\/stoerungsmelder"},{"@type":"ListItem","position":2,"name":"Neonazis \u00fcbernehmen die &#8222;Identit\u00e4re Bewegung&#8220;"}]},{"@type":"WebSite","@id":"https:\/\/blog.zeit.de\/stoerungsmelder\/#website","url":"https:\/\/blog.zeit.de\/stoerungsmelder\/","name":"St\u00f6rungsmelder","description":"Recherchen und Analysen \u00fcber die extreme Rechte","potentialAction":[{"@type":"SearchAction","target":{"@type":"EntryPoint","urlTemplate":"https:\/\/blog.zeit.de\/stoerungsmelder\/?s={search_term_string}"},"query-input":"required name=search_term_string"}],"inLanguage":"de"},{"@type":"Person","@id":"https:\/\/blog.zeit.de\/stoerungsmelder\/#\/schema\/person\/3da908df9eb5af3ca0f9ae44ac55958f","name":"Roland Sieber","image":{"@type":"ImageObject","inLanguage":"de","@id":"https:\/\/blog.zeit.de\/stoerungsmelder\/#\/schema\/person\/image\/","url":"https:\/\/secure.gravatar.com\/avatar\/7e54e25047fbec700aeec5062fb9539fd29b02b98cabcfb5f310ccf413bc8856?s=96&d=mm&r=pg","contentUrl":"https:\/\/secure.gravatar.com\/avatar\/7e54e25047fbec700aeec5062fb9539fd29b02b98cabcfb5f310ccf413bc8856?s=96&d=mm&r=pg","caption":"Roland Sieber"},"description":"Nachdem ich einige Jahre ehrenamtlich in der Jugendverbandsarbeit aktiv war und mich in der Bildungs- und B\u00fcndnisarbeit gegen Rassismus und Nationalismus engagierte, wollte ich mir mehr theoretisches Hintergrundwissen aneignen und studierte an der Akademie der Arbeit. Meine Abschlussarbeit schrieb ich zum Thema \u201eRechtsorientierte Jugend und Gewerkschaft\u201c. Seit 2009 studiere ich in Hamburg und publiziere mehr hobby- als berufsm\u00e4\u00dfig zu neuen Entwicklungen innerhalb der politischen Rechten sowie \u00fcber Rassismus, Antisemitismus und Islamfeindlichkeit auch in Grauzonenbereichen und Mischspektren.","url":"https:\/\/blog.zeit.de\/stoerungsmelder\/author\/rolandsieber"}]}},"jetpack_featured_media_url":"","jetpack_sharing_enabled":true,"_links":{"self":[{"href":"https:\/\/blog.zeit.de\/stoerungsmelder\/wp-json\/wp\/v2\/posts\/10828","targetHints":{"allow":["GET"]}}],"collection":[{"href":"https:\/\/blog.zeit.de\/stoerungsmelder\/wp-json\/wp\/v2\/posts"}],"about":[{"href":"https:\/\/blog.zeit.de\/stoerungsmelder\/wp-json\/wp\/v2\/types\/post"}],"author":[{"embeddable":true,"href":"https:\/\/blog.zeit.de\/stoerungsmelder\/wp-json\/wp\/v2\/users\/372"}],"replies":[{"embeddable":true,"href":"https:\/\/blog.zeit.de\/stoerungsmelder\/wp-json\/wp\/v2\/comments?post=10828"}],"version-history":[{"count":26,"href":"https:\/\/blog.zeit.de\/stoerungsmelder\/wp-json\/wp\/v2\/posts\/10828\/revisions"}],"predecessor-version":[{"id":10871,"href":"https:\/\/blog.zeit.de\/stoerungsmelder\/wp-json\/wp\/v2\/posts\/10828\/revisions\/10871"}],"wp:attachment":[{"href":"https:\/\/blog.zeit.de\/stoerungsmelder\/wp-json\/wp\/v2\/media?parent=10828"}],"wp:term":[{"taxonomy":"category","embeddable":true,"href":"https:\/\/blog.zeit.de\/stoerungsmelder\/wp-json\/wp\/v2\/categories?post=10828"},{"taxonomy":"post_tag","embeddable":true,"href":"https:\/\/blog.zeit.de\/stoerungsmelder\/wp-json\/wp\/v2\/tags?post=10828"}],"curies":[{"name":"wp","href":"https:\/\/api.w.org\/{rel}","templated":true}]}}