{"id":10895,"date":"2012-12-19T16:25:59","date_gmt":"2012-12-19T15:25:59","guid":{"rendered":"http:\/\/blog.zeit.de\/stoerungsmelder\/?p=10895"},"modified":"2012-12-20T09:57:38","modified_gmt":"2012-12-20T08:57:38","slug":"bundesverwaltungsgericht-bestatigt-hng-verbot","status":"publish","type":"post","link":"https:\/\/blog.zeit.de\/stoerungsmelder\/2012\/12\/19\/bundesverwaltungsgericht-bestatigt-hng-verbot_10895","title":{"rendered":"Bundesverwaltungsgericht best\u00e4tigt HNG-Verbot"},"content":{"rendered":"<p><figure id=\"attachment_10902\" aria-describedby=\"caption-attachment-10902\" style=\"width: 150px\" class=\"wp-caption alignleft\"><a href=\"https:\/\/blog.zeit.de\/stoerungsmelder\/files\/2012\/12\/hng-logo_sm2.jpg\"><img loading=\"lazy\" decoding=\"async\" class=\"size-thumbnail wp-image-10902\" src=\"https:\/\/blog.zeit.de\/stoerungsmelder\/files\/2012\/12\/hng-logo_sm2-150x150.jpg\" alt=\"Logo der verbotenen HNG\" width=\"150\" height=\"150\" \/><\/a><figcaption id=\"caption-attachment-10902\" class=\"wp-caption-text\">Logo der verbotenen HNG<\/figcaption><\/figure><\/p>\n<p align=\"LEFT\">Der extrem rechte Verein \u201eHilfsorganisation f\u00fcr nationale politische Gefangene und deren Angeh\u00f6rige\u201c (HNG) war mit seiner Klage gegen das Vereinsverbot vor dem Bundesverwaltungsgericht erfolglos. Nach der Entscheidung der Leipziger Richter ist das Verbot rechtm\u00e4\u00dfig: der Verein richte sich gegen die verfassungsm\u00e4\u00dfige Ordnung, seine Zwecke und seine T\u00e4tigkeit liefen dem Strafgesetzbuch zuwider.<!--more--><\/p>\n<p align=\"LEFT\">Die Pr\u00fcfung des HNG-Verbotes war bereits 2010 eingeleitet worden, vor diesem Hintergrund war es auf Veranlassung des Bundesinnenministers in neun Bundesl\u00e4ndern zu Durchsuchungen bei Personen aus der neonazistischen Szene gekommen, unter anderem am Wohnsitz von Ursula M\u00fcller, der damaligen HNG-Vorsitzenden, in Mainz-Gonsenheim. Das dabei sichergestellte Beweismaterial verdeutlichte nach Angaben der Beh\u00f6rden: die 1979 gegr\u00fcndete HNG hatte sich dem \u201eaktiven Kampf gegen die freiheitliche demokratische Grundordnung\u201c verschrieben. Die vermeintlich karitative Betreuung von Rechtsextremen in der Haft habe der Verein als Deckmantel genutzt, um sie in ihrer \u00dcberzeugung zu best\u00e4rken und sie weiter zu motivieren. Ein Jahr sp\u00e4ter folgten das Verbot und Durchsuchungen von R\u00e4umlichkeiten in Bayern, Niedersachsen, Nordrhein-Westfalen und Rheinland-Pfalz. Bundesinnenminister Friedrich erkl\u00e4rte dazu, die HNG versuche, \u201eaus Ablehnung des demokratischen Rechtsstaats sowie der Verherrlichung des Nationalsozialismus rechtsextreme Straft\u00e4ter in der Szene zu halten. Die HNG hat zur verzeichnenden Radikalisierung der Neonaziszene beigetragen. Mit Solidarit\u00e4tsbekundungen und finanzieller Unterst\u00fctzung st\u00e4rkte und festigte die HNG \u00fcber den einzelnen inhaftierten Rechtsextremisten hinaus zugleich auch die rechtsextremistische Szene als Ganzes\u201c. Eine Reaktion der bis dahin mitgliederst\u00e4rksten Organisation der extremen Rechten lie\u00df nicht lange auf sich warten: der langj\u00e4hrig aktive Neonazi und stellvertretende HNG-Vorsitzende Christian Malcoci k\u00fcndigte ein offensives Vorgehen gegen das Bundesinnenministerium an, die letzte Vereinsvorsitzende Daniela Wagner nannte das Verbot einen \u201evolksfeindlichen Weg\u201c und erkl\u00e4rte, man werde nicht kampflos aufgeben.<\/p>\n<p align=\"LEFT\">\u201e<strong>Verfestigung einer fanatisch-aggressiven Grundhaltung\u201c<\/strong><\/p>\n<p align=\"LEFT\">In seiner Entscheidung vom 19.12.2012 weist das Bundesverwaltungsgericht die Klage der HNG in letzter Instanz ab und stellt fest, der Verein weise eine Wesensverwandtschaft mit dem Nationalsozialismus auf und bekenne sich zur ehemaligen \u201eNationalsozialistischen Deutschen Arbeiterpartei\u201c (NSDAP). In der Begr\u00fcndung hei\u00dft es unter anderem, die HNG \u201emacht die demokratische Staatsform ver\u00e4chtlich, propagiert eine mit dem Diskriminierungsverbot des Art.\u00a03\u00a0Abs.\u00a03 GG unvereinbare Rassenlehre und strebt eine entsprechende \u00dcberwindung der verfassungsm\u00e4\u00dfigen Ordnung an. (&#8230;) Die Briefe von Strafgefangenen, die von dem Verein unterst\u00fctzt werden, belegen, dass die Aktivit\u00e4ten des Vereins bei diesen Personen zur Verfestigung einer fanatisch-aggressiven Grundhaltung f\u00fchren, die weitere einschl\u00e4gige Straftaten erwarten lassen. Diese Straftaten geh\u00f6ren zum Kampf gegen das abgelehnte System, den der Verein propagiert\u201c. Die HNG umfasste zuletzt rund 600 Mitglieder und betreute Nazi-Straft\u00e4ter wie den Polizisten-M\u00f6rder Kay Diesner und den NS-Kriegsverbrecher Erich Priebke. In den meist monatlich erschienenen &#8222;Nachrichten der HNG&#8220; ver\u00f6ffentlichte der Verein eine Liste der inhaftierten Neonazis im In- und Ausland mit deren Haftadressen.<\/p>\n<p align=\"LEFT\"><strong>Ausweichorganisation schon in Sicht<\/strong><\/p>\n<p align=\"LEFT\">Das Verbot und die Durchsuchungen waren f\u00fcr die HNG-Aktivisten gewiss nicht unerwartet gekommen, denn bereits im Juni 2009 hatte die FDP im Bundestag beantragt, ein solches Vereinsverbot zu pr\u00fcfen. Bis zum endg\u00fcltigen Verbot war f\u00fcr die prominenten Neonazis gen\u00fcgend Zeit, um sich \u00e4hnlich wie bei anderen Verbotsverfahren Gedanken um eine Ausweichorganisation zu machen. Die Aufgaben der HNG hat nun offenbar der so genannte \u201eGefangenenhilfe Freundeskreis\u201c mit Sitz in Stockholm \u00fcbernommen, der in seiner Selbstdarstellung ank\u00fcndigt: \u201eJahrelange Erfahrung in der Betreuung von Gefangenen und ihrer Angeh\u00f6riger geben uns einen guten \u00dcberblick dar\u00fcber, wie wir am Effektivsten helfen k\u00f6nnen\u201c. F\u00fcr Spenden k\u00f6nnen unter anderem T-Shirts f\u00fcr &#8222;unseren Freund Wolle&#8220; bestellt werden, gemeint ist Ralf Wohlleben, der mutma\u00dfliche Unterst\u00fctzer des NSU-Terrornetzwerks. Auch beim so genannten \u201eNationalen Frakentag\u201c im September 2012 war die \u201eGefangenenhilfe\u201c mit einem Infostand vertreten.<\/p>\n","protected":false},"excerpt":{"rendered":"<p>Der extrem rechte Verein \u201eHilfsorganisation f\u00fcr nationale politische Gefangene und deren Angeh\u00f6rige\u201c (HNG) war mit seiner Klage gegen das Vereinsverbot vor dem Bundesverwaltungsgericht erfolglos. Nach der Entscheidung der Leipziger Richter ist das Verbot rechtm\u00e4\u00dfig: der Verein richte sich gegen die verfassungsm\u00e4\u00dfige Ordnung, seine Zwecke und seine T\u00e4tigkeit liefen dem Strafgesetzbuch zuwider.<\/p>\n","protected":false},"author":254,"featured_media":0,"comment_status":"open","ping_status":"open","sticky":false,"template":"","format":"standard","meta":{"_jetpack_memberships_contains_paid_content":false,"footnotes":""},"categories":[1515],"tags":[24517,24516,1603,1638,11378],"class_list":["post-10895","post","type-post","status-publish","format-standard","hentry","category-bundesweit","tag-christian-malcoci","tag-daniela-wagner","tag-hng","tag-justiz","tag-verbot"],"yoast_head":"<!-- This site is optimized with the Yoast SEO plugin v21.0 - https:\/\/yoast.com\/wordpress\/plugins\/seo\/ -->\n<title>Bundesverwaltungsgericht best\u00e4tigt HNG-Verbot  - St\u00f6rungsmelder<\/title>\n<meta name=\"robots\" content=\"index, follow, max-snippet:-1, max-image-preview:large, max-video-preview:-1\" \/>\n<link rel=\"canonical\" href=\"https:\/\/blog.zeit.de\/stoerungsmelder\/2012\/12\/19\/bundesverwaltungsgericht-bestatigt-hng-verbot_10895\" \/>\n<meta property=\"og:locale\" content=\"de_DE\" \/>\n<meta property=\"og:type\" content=\"article\" \/>\n<meta property=\"og:title\" content=\"Bundesverwaltungsgericht best\u00e4tigt HNG-Verbot  - St\u00f6rungsmelder\" \/>\n<meta property=\"og:description\" content=\"Der extrem rechte Verein \u201eHilfsorganisation f\u00fcr nationale politische Gefangene und deren Angeh\u00f6rige\u201c (HNG) war mit seiner Klage gegen das Vereinsverbot vor dem Bundesverwaltungsgericht erfolglos. Nach der Entscheidung der Leipziger Richter ist das Verbot rechtm\u00e4\u00dfig: der Verein richte sich gegen die verfassungsm\u00e4\u00dfige Ordnung, seine Zwecke und seine T\u00e4tigkeit liefen dem Strafgesetzbuch zuwider.\" \/>\n<meta property=\"og:url\" content=\"https:\/\/blog.zeit.de\/stoerungsmelder\/2012\/12\/19\/bundesverwaltungsgericht-bestatigt-hng-verbot_10895\" \/>\n<meta property=\"og:site_name\" content=\"St\u00f6rungsmelder\" \/>\n<meta property=\"article:published_time\" content=\"2012-12-19T15:25:59+00:00\" \/>\n<meta property=\"article:modified_time\" content=\"2012-12-20T08:57:38+00:00\" \/>\n<meta property=\"og:image\" content=\"https:\/\/blog.zeit.de\/stoerungsmelder\/files\/2012\/12\/hng-logo_sm2-150x150.jpg\" \/>\n<meta name=\"author\" content=\"Kai Budler\" \/>\n<meta name=\"twitter:card\" content=\"summary_large_image\" \/>\n<meta name=\"twitter:label1\" content=\"Geschrieben von\" \/>\n\t<meta name=\"twitter:data1\" content=\"Kai Budler\" \/>\n\t<meta name=\"twitter:label2\" content=\"Gesch\u00e4tzte Lesezeit\" \/>\n\t<meta name=\"twitter:data2\" content=\"3\u00a0Minuten\" \/>\n<script type=\"application\/ld+json\" class=\"yoast-schema-graph\">{\"@context\":\"https:\/\/schema.org\",\"@graph\":[{\"@type\":\"WebPage\",\"@id\":\"https:\/\/blog.zeit.de\/stoerungsmelder\/2012\/12\/19\/bundesverwaltungsgericht-bestatigt-hng-verbot_10895\",\"url\":\"https:\/\/blog.zeit.de\/stoerungsmelder\/2012\/12\/19\/bundesverwaltungsgericht-bestatigt-hng-verbot_10895\",\"name\":\"Bundesverwaltungsgericht best\u00e4tigt HNG-Verbot - St\u00f6rungsmelder\",\"isPartOf\":{\"@id\":\"https:\/\/blog.zeit.de\/stoerungsmelder\/#website\"},\"datePublished\":\"2012-12-19T15:25:59+00:00\",\"dateModified\":\"2012-12-20T08:57:38+00:00\",\"author\":{\"@id\":\"https:\/\/blog.zeit.de\/stoerungsmelder\/#\/schema\/person\/58f28fa43c55337b17b93e3622cc8b37\"},\"breadcrumb\":{\"@id\":\"https:\/\/blog.zeit.de\/stoerungsmelder\/2012\/12\/19\/bundesverwaltungsgericht-bestatigt-hng-verbot_10895#breadcrumb\"},\"inLanguage\":\"de\",\"potentialAction\":[{\"@type\":\"ReadAction\",\"target\":[\"https:\/\/blog.zeit.de\/stoerungsmelder\/2012\/12\/19\/bundesverwaltungsgericht-bestatigt-hng-verbot_10895\"]}]},{\"@type\":\"BreadcrumbList\",\"@id\":\"https:\/\/blog.zeit.de\/stoerungsmelder\/2012\/12\/19\/bundesverwaltungsgericht-bestatigt-hng-verbot_10895#breadcrumb\",\"itemListElement\":[{\"@type\":\"ListItem\",\"position\":1,\"name\":\"Startseite\",\"item\":\"https:\/\/blog.zeit.de\/stoerungsmelder\"},{\"@type\":\"ListItem\",\"position\":2,\"name\":\"Bundesverwaltungsgericht best\u00e4tigt HNG-Verbot\"}]},{\"@type\":\"WebSite\",\"@id\":\"https:\/\/blog.zeit.de\/stoerungsmelder\/#website\",\"url\":\"https:\/\/blog.zeit.de\/stoerungsmelder\/\",\"name\":\"St\u00f6rungsmelder\",\"description\":\"Recherchen und Analysen \u00fcber die extreme Rechte\",\"potentialAction\":[{\"@type\":\"SearchAction\",\"target\":{\"@type\":\"EntryPoint\",\"urlTemplate\":\"https:\/\/blog.zeit.de\/stoerungsmelder\/?s={search_term_string}\"},\"query-input\":\"required name=search_term_string\"}],\"inLanguage\":\"de\"},{\"@type\":\"Person\",\"@id\":\"https:\/\/blog.zeit.de\/stoerungsmelder\/#\/schema\/person\/58f28fa43c55337b17b93e3622cc8b37\",\"name\":\"Kai Budler\",\"image\":{\"@type\":\"ImageObject\",\"inLanguage\":\"de\",\"@id\":\"https:\/\/blog.zeit.de\/stoerungsmelder\/#\/schema\/person\/image\/\",\"url\":\"https:\/\/secure.gravatar.com\/avatar\/126c2f44b51c178dc1db1bb6e040fcff157c88000cfae96c983070e6153484e3?s=96&d=mm&r=pg\",\"contentUrl\":\"https:\/\/secure.gravatar.com\/avatar\/126c2f44b51c178dc1db1bb6e040fcff157c88000cfae96c983070e6153484e3?s=96&d=mm&r=pg\",\"caption\":\"Kai Budler\"},\"url\":\"https:\/\/blog.zeit.de\/stoerungsmelder\/author\/kai-budler\"}]}<\/script>\n<!-- \/ Yoast SEO plugin. -->","yoast_head_json":{"title":"Bundesverwaltungsgericht best\u00e4tigt HNG-Verbot  - St\u00f6rungsmelder","robots":{"index":"index","follow":"follow","max-snippet":"max-snippet:-1","max-image-preview":"max-image-preview:large","max-video-preview":"max-video-preview:-1"},"canonical":"https:\/\/blog.zeit.de\/stoerungsmelder\/2012\/12\/19\/bundesverwaltungsgericht-bestatigt-hng-verbot_10895","og_locale":"de_DE","og_type":"article","og_title":"Bundesverwaltungsgericht best\u00e4tigt HNG-Verbot  - St\u00f6rungsmelder","og_description":"Der extrem rechte Verein \u201eHilfsorganisation f\u00fcr nationale politische Gefangene und deren Angeh\u00f6rige\u201c (HNG) war mit seiner Klage gegen das Vereinsverbot vor dem Bundesverwaltungsgericht erfolglos. Nach der Entscheidung der Leipziger Richter ist das Verbot rechtm\u00e4\u00dfig: der Verein richte sich gegen die verfassungsm\u00e4\u00dfige Ordnung, seine Zwecke und seine T\u00e4tigkeit liefen dem Strafgesetzbuch zuwider.","og_url":"https:\/\/blog.zeit.de\/stoerungsmelder\/2012\/12\/19\/bundesverwaltungsgericht-bestatigt-hng-verbot_10895","og_site_name":"St\u00f6rungsmelder","article_published_time":"2012-12-19T15:25:59+00:00","article_modified_time":"2012-12-20T08:57:38+00:00","og_image":[{"url":"https:\/\/blog.zeit.de\/stoerungsmelder\/files\/2012\/12\/hng-logo_sm2-150x150.jpg"}],"author":"Kai Budler","twitter_card":"summary_large_image","twitter_misc":{"Geschrieben von":"Kai Budler","Gesch\u00e4tzte Lesezeit":"3\u00a0Minuten"},"schema":{"@context":"https:\/\/schema.org","@graph":[{"@type":"WebPage","@id":"https:\/\/blog.zeit.de\/stoerungsmelder\/2012\/12\/19\/bundesverwaltungsgericht-bestatigt-hng-verbot_10895","url":"https:\/\/blog.zeit.de\/stoerungsmelder\/2012\/12\/19\/bundesverwaltungsgericht-bestatigt-hng-verbot_10895","name":"Bundesverwaltungsgericht best\u00e4tigt HNG-Verbot - St\u00f6rungsmelder","isPartOf":{"@id":"https:\/\/blog.zeit.de\/stoerungsmelder\/#website"},"datePublished":"2012-12-19T15:25:59+00:00","dateModified":"2012-12-20T08:57:38+00:00","author":{"@id":"https:\/\/blog.zeit.de\/stoerungsmelder\/#\/schema\/person\/58f28fa43c55337b17b93e3622cc8b37"},"breadcrumb":{"@id":"https:\/\/blog.zeit.de\/stoerungsmelder\/2012\/12\/19\/bundesverwaltungsgericht-bestatigt-hng-verbot_10895#breadcrumb"},"inLanguage":"de","potentialAction":[{"@type":"ReadAction","target":["https:\/\/blog.zeit.de\/stoerungsmelder\/2012\/12\/19\/bundesverwaltungsgericht-bestatigt-hng-verbot_10895"]}]},{"@type":"BreadcrumbList","@id":"https:\/\/blog.zeit.de\/stoerungsmelder\/2012\/12\/19\/bundesverwaltungsgericht-bestatigt-hng-verbot_10895#breadcrumb","itemListElement":[{"@type":"ListItem","position":1,"name":"Startseite","item":"https:\/\/blog.zeit.de\/stoerungsmelder"},{"@type":"ListItem","position":2,"name":"Bundesverwaltungsgericht best\u00e4tigt HNG-Verbot"}]},{"@type":"WebSite","@id":"https:\/\/blog.zeit.de\/stoerungsmelder\/#website","url":"https:\/\/blog.zeit.de\/stoerungsmelder\/","name":"St\u00f6rungsmelder","description":"Recherchen und Analysen \u00fcber die extreme Rechte","potentialAction":[{"@type":"SearchAction","target":{"@type":"EntryPoint","urlTemplate":"https:\/\/blog.zeit.de\/stoerungsmelder\/?s={search_term_string}"},"query-input":"required name=search_term_string"}],"inLanguage":"de"},{"@type":"Person","@id":"https:\/\/blog.zeit.de\/stoerungsmelder\/#\/schema\/person\/58f28fa43c55337b17b93e3622cc8b37","name":"Kai Budler","image":{"@type":"ImageObject","inLanguage":"de","@id":"https:\/\/blog.zeit.de\/stoerungsmelder\/#\/schema\/person\/image\/","url":"https:\/\/secure.gravatar.com\/avatar\/126c2f44b51c178dc1db1bb6e040fcff157c88000cfae96c983070e6153484e3?s=96&d=mm&r=pg","contentUrl":"https:\/\/secure.gravatar.com\/avatar\/126c2f44b51c178dc1db1bb6e040fcff157c88000cfae96c983070e6153484e3?s=96&d=mm&r=pg","caption":"Kai Budler"},"url":"https:\/\/blog.zeit.de\/stoerungsmelder\/author\/kai-budler"}]}},"jetpack_featured_media_url":"","jetpack_sharing_enabled":true,"_links":{"self":[{"href":"https:\/\/blog.zeit.de\/stoerungsmelder\/wp-json\/wp\/v2\/posts\/10895","targetHints":{"allow":["GET"]}}],"collection":[{"href":"https:\/\/blog.zeit.de\/stoerungsmelder\/wp-json\/wp\/v2\/posts"}],"about":[{"href":"https:\/\/blog.zeit.de\/stoerungsmelder\/wp-json\/wp\/v2\/types\/post"}],"author":[{"embeddable":true,"href":"https:\/\/blog.zeit.de\/stoerungsmelder\/wp-json\/wp\/v2\/users\/254"}],"replies":[{"embeddable":true,"href":"https:\/\/blog.zeit.de\/stoerungsmelder\/wp-json\/wp\/v2\/comments?post=10895"}],"version-history":[{"count":12,"href":"https:\/\/blog.zeit.de\/stoerungsmelder\/wp-json\/wp\/v2\/posts\/10895\/revisions"}],"predecessor-version":[{"id":10910,"href":"https:\/\/blog.zeit.de\/stoerungsmelder\/wp-json\/wp\/v2\/posts\/10895\/revisions\/10910"}],"wp:attachment":[{"href":"https:\/\/blog.zeit.de\/stoerungsmelder\/wp-json\/wp\/v2\/media?parent=10895"}],"wp:term":[{"taxonomy":"category","embeddable":true,"href":"https:\/\/blog.zeit.de\/stoerungsmelder\/wp-json\/wp\/v2\/categories?post=10895"},{"taxonomy":"post_tag","embeddable":true,"href":"https:\/\/blog.zeit.de\/stoerungsmelder\/wp-json\/wp\/v2\/tags?post=10895"}],"curies":[{"name":"wp","href":"https:\/\/api.w.org\/{rel}","templated":true}]}}