{"id":10948,"date":"2013-01-06T17:50:41","date_gmt":"2013-01-06T16:50:41","guid":{"rendered":"http:\/\/blog.zeit.de\/stoerungsmelder\/?p=10948"},"modified":"2013-01-06T17:53:02","modified_gmt":"2013-01-06T16:53:02","slug":"berliner-neonazis-verprugeln-sich-gegenseitig","status":"publish","type":"post","link":"https:\/\/blog.zeit.de\/stoerungsmelder\/2013\/01\/06\/berliner-neonazis-verprugeln-sich-gegenseitig_10948","title":{"rendered":"Berliner Neonazis verpr\u00fcgeln sich gegenseitig"},"content":{"rendered":"<p>K\u00f6rperverletzung: Ein 46-j\u00e4hriger Neonazi ist am Samstagnachmittag in einer Lichtenberger Gastst\u00e4tte verletzt worden &#8211; von Neonazis.<!--more--><\/p>\n<p><em>Von <a href=\"http:\/\/www.tagesspiegel.de\/berlin\/polizei-justiz\/lichtenberg-kneipenschlaegerei-unter-nazis\/7592950.html#kommentare\" target=\"_blank\">Tagesspiegel.de<\/a><\/em><\/p>\n<p>Prellungen, Sch\u00fcrfwunden und 1,1 Promille &#8211; das ist die Bilanz f\u00fcr einen 46-j\u00e4hrigen Mann, der am Samstagnachmittag in einer Lichtenberger Gastst\u00e4tte in der R\u00fcdigerstra\u00dfe aus einer sechsk\u00f6pfigen Gruppe Rechtsextremer angegriffen wurde. Umso erstaunlicher, da sich der Angegriffene vorher gut mit den Rechtsextremen verstanden hatte, die lautstark &#8222;Sieg Heil&#8220; sowie fremdenfeindliche und antisemitische Spr\u00fcche skandierten. Pl\u00f6tzlich bekam der Mann von einem 28-J\u00e4hrigen mehrere Faustschl\u00e4ge an den Kopf, woraufhin die Polizei alarmiert wurde.<\/p>\n<p>Als die Polizei an der Gastst\u00e4tte eintraf, wurde sie von einem anderen 28-J\u00e4hrigen mit fremdenfeindlichen Spr\u00fcchen begr\u00fc\u00dft.<em> <\/em>F\u00fcnf Personen wurden von den Beamten erkennungsdienstlich behandelt. Dabei fanden sie bei dem Angreifer Aufkleber &#8222;mit Bezug zur rechten Szene&#8220;, wie die Polizei mitteilte. Sie leitete Strafverfahren wegen K\u00f6rperverletzung und Verwenden von Kennzeichen verfassungswidriger Organisationen ein.<\/p>\n<p>Auf eine \u00e4rztliche Behandlung verzichtete der Angegriffene, die freiwillig durchgef\u00fchrte Atemalkoholkontrolle ergab bei ihm 1,1 Promille. Sein Angreifer kam auf einen Wert von 1,9 Promille, den Rekord in der Gruppe hielt ein Mann mit 2,7 Promille, teilte die Polizei mit. (tri)<\/p>\n","protected":false},"excerpt":{"rendered":"<p>K\u00f6rperverletzung: Ein 46-j\u00e4hriger Neonazi ist am Samstagnachmittag in einer Lichtenberger Gastst\u00e4tte verletzt worden &#8211; von Neonazis.<\/p>\n","protected":false},"author":229,"featured_media":0,"comment_status":"open","ping_status":"open","sticky":false,"template":"","format":"standard","meta":{"_jetpack_memberships_contains_paid_content":false,"footnotes":""},"categories":[249],"tags":[1755],"class_list":["post-10948","post","type-post","status-publish","format-standard","hentry","category-berlin","tag-rechte-gewalt"],"yoast_head":"<!-- This site is optimized with the Yoast SEO plugin v21.0 - https:\/\/yoast.com\/wordpress\/plugins\/seo\/ -->\n<title>Berliner Neonazis verpr\u00fcgeln sich gegenseitig - St\u00f6rungsmelder<\/title>\n<meta name=\"robots\" content=\"index, follow, max-snippet:-1, max-image-preview:large, max-video-preview:-1\" \/>\n<link rel=\"canonical\" href=\"https:\/\/blog.zeit.de\/stoerungsmelder\/2013\/01\/06\/berliner-neonazis-verprugeln-sich-gegenseitig_10948\" \/>\n<meta property=\"og:locale\" content=\"de_DE\" \/>\n<meta property=\"og:type\" content=\"article\" \/>\n<meta property=\"og:title\" content=\"Berliner Neonazis verpr\u00fcgeln sich gegenseitig - St\u00f6rungsmelder\" \/>\n<meta property=\"og:description\" content=\"K\u00f6rperverletzung: Ein 46-j\u00e4hriger Neonazi ist am Samstagnachmittag in einer Lichtenberger Gastst\u00e4tte verletzt worden &#8211; von Neonazis.\" \/>\n<meta property=\"og:url\" content=\"https:\/\/blog.zeit.de\/stoerungsmelder\/2013\/01\/06\/berliner-neonazis-verprugeln-sich-gegenseitig_10948\" \/>\n<meta property=\"og:site_name\" content=\"St\u00f6rungsmelder\" \/>\n<meta property=\"article:published_time\" content=\"2013-01-06T16:50:41+00:00\" \/>\n<meta property=\"article:modified_time\" content=\"2013-01-06T16:53:02+00:00\" \/>\n<meta name=\"author\" content=\"St\u00f6rungsmelder\" \/>\n<meta name=\"twitter:card\" content=\"summary_large_image\" \/>\n<meta name=\"twitter:label1\" content=\"Geschrieben von\" \/>\n\t<meta name=\"twitter:data1\" content=\"St\u00f6rungsmelder\" \/>\n\t<meta name=\"twitter:label2\" content=\"Gesch\u00e4tzte Lesezeit\" \/>\n\t<meta name=\"twitter:data2\" content=\"1\u00a0Minute\" \/>\n<script type=\"application\/ld+json\" class=\"yoast-schema-graph\">{\"@context\":\"https:\/\/schema.org\",\"@graph\":[{\"@type\":\"WebPage\",\"@id\":\"https:\/\/blog.zeit.de\/stoerungsmelder\/2013\/01\/06\/berliner-neonazis-verprugeln-sich-gegenseitig_10948\",\"url\":\"https:\/\/blog.zeit.de\/stoerungsmelder\/2013\/01\/06\/berliner-neonazis-verprugeln-sich-gegenseitig_10948\",\"name\":\"Berliner Neonazis verpr\u00fcgeln sich gegenseitig - St\u00f6rungsmelder\",\"isPartOf\":{\"@id\":\"https:\/\/blog.zeit.de\/stoerungsmelder\/#website\"},\"datePublished\":\"2013-01-06T16:50:41+00:00\",\"dateModified\":\"2013-01-06T16:53:02+00:00\",\"author\":{\"@id\":\"https:\/\/blog.zeit.de\/stoerungsmelder\/#\/schema\/person\/fdd0b9818f65738672810b6d6f037f71\"},\"breadcrumb\":{\"@id\":\"https:\/\/blog.zeit.de\/stoerungsmelder\/2013\/01\/06\/berliner-neonazis-verprugeln-sich-gegenseitig_10948#breadcrumb\"},\"inLanguage\":\"de\",\"potentialAction\":[{\"@type\":\"ReadAction\",\"target\":[\"https:\/\/blog.zeit.de\/stoerungsmelder\/2013\/01\/06\/berliner-neonazis-verprugeln-sich-gegenseitig_10948\"]}]},{\"@type\":\"BreadcrumbList\",\"@id\":\"https:\/\/blog.zeit.de\/stoerungsmelder\/2013\/01\/06\/berliner-neonazis-verprugeln-sich-gegenseitig_10948#breadcrumb\",\"itemListElement\":[{\"@type\":\"ListItem\",\"position\":1,\"name\":\"Startseite\",\"item\":\"https:\/\/blog.zeit.de\/stoerungsmelder\"},{\"@type\":\"ListItem\",\"position\":2,\"name\":\"Berliner Neonazis verpr\u00fcgeln sich gegenseitig\"}]},{\"@type\":\"WebSite\",\"@id\":\"https:\/\/blog.zeit.de\/stoerungsmelder\/#website\",\"url\":\"https:\/\/blog.zeit.de\/stoerungsmelder\/\",\"name\":\"St\u00f6rungsmelder\",\"description\":\"Recherchen und Analysen \u00fcber die extreme Rechte\",\"potentialAction\":[{\"@type\":\"SearchAction\",\"target\":{\"@type\":\"EntryPoint\",\"urlTemplate\":\"https:\/\/blog.zeit.de\/stoerungsmelder\/?s={search_term_string}\"},\"query-input\":\"required name=search_term_string\"}],\"inLanguage\":\"de\"},{\"@type\":\"Person\",\"@id\":\"https:\/\/blog.zeit.de\/stoerungsmelder\/#\/schema\/person\/fdd0b9818f65738672810b6d6f037f71\",\"name\":\"St\u00f6rungsmelder\",\"image\":{\"@type\":\"ImageObject\",\"inLanguage\":\"de\",\"@id\":\"https:\/\/blog.zeit.de\/stoerungsmelder\/#\/schema\/person\/image\/\",\"url\":\"https:\/\/secure.gravatar.com\/avatar\/dfa4be514c3e82a71e4f9a0020035d38192d080ccaa5e4e6d7a1472c763535c5?s=96&d=mm&r=pg\",\"contentUrl\":\"https:\/\/secure.gravatar.com\/avatar\/dfa4be514c3e82a71e4f9a0020035d38192d080ccaa5e4e6d7a1472c763535c5?s=96&d=mm&r=pg\",\"caption\":\"St\u00f6rungsmelder\"},\"url\":\"https:\/\/blog.zeit.de\/stoerungsmelder\/author\/stoerungsmelder\"}]}<\/script>\n<!-- \/ Yoast SEO plugin. -->","yoast_head_json":{"title":"Berliner Neonazis verpr\u00fcgeln sich gegenseitig - St\u00f6rungsmelder","robots":{"index":"index","follow":"follow","max-snippet":"max-snippet:-1","max-image-preview":"max-image-preview:large","max-video-preview":"max-video-preview:-1"},"canonical":"https:\/\/blog.zeit.de\/stoerungsmelder\/2013\/01\/06\/berliner-neonazis-verprugeln-sich-gegenseitig_10948","og_locale":"de_DE","og_type":"article","og_title":"Berliner Neonazis verpr\u00fcgeln sich gegenseitig - St\u00f6rungsmelder","og_description":"K\u00f6rperverletzung: Ein 46-j\u00e4hriger Neonazi ist am Samstagnachmittag in einer Lichtenberger Gastst\u00e4tte verletzt worden &#8211; von Neonazis.","og_url":"https:\/\/blog.zeit.de\/stoerungsmelder\/2013\/01\/06\/berliner-neonazis-verprugeln-sich-gegenseitig_10948","og_site_name":"St\u00f6rungsmelder","article_published_time":"2013-01-06T16:50:41+00:00","article_modified_time":"2013-01-06T16:53:02+00:00","author":"St\u00f6rungsmelder","twitter_card":"summary_large_image","twitter_misc":{"Geschrieben von":"St\u00f6rungsmelder","Gesch\u00e4tzte Lesezeit":"1\u00a0Minute"},"schema":{"@context":"https:\/\/schema.org","@graph":[{"@type":"WebPage","@id":"https:\/\/blog.zeit.de\/stoerungsmelder\/2013\/01\/06\/berliner-neonazis-verprugeln-sich-gegenseitig_10948","url":"https:\/\/blog.zeit.de\/stoerungsmelder\/2013\/01\/06\/berliner-neonazis-verprugeln-sich-gegenseitig_10948","name":"Berliner Neonazis verpr\u00fcgeln sich gegenseitig - St\u00f6rungsmelder","isPartOf":{"@id":"https:\/\/blog.zeit.de\/stoerungsmelder\/#website"},"datePublished":"2013-01-06T16:50:41+00:00","dateModified":"2013-01-06T16:53:02+00:00","author":{"@id":"https:\/\/blog.zeit.de\/stoerungsmelder\/#\/schema\/person\/fdd0b9818f65738672810b6d6f037f71"},"breadcrumb":{"@id":"https:\/\/blog.zeit.de\/stoerungsmelder\/2013\/01\/06\/berliner-neonazis-verprugeln-sich-gegenseitig_10948#breadcrumb"},"inLanguage":"de","potentialAction":[{"@type":"ReadAction","target":["https:\/\/blog.zeit.de\/stoerungsmelder\/2013\/01\/06\/berliner-neonazis-verprugeln-sich-gegenseitig_10948"]}]},{"@type":"BreadcrumbList","@id":"https:\/\/blog.zeit.de\/stoerungsmelder\/2013\/01\/06\/berliner-neonazis-verprugeln-sich-gegenseitig_10948#breadcrumb","itemListElement":[{"@type":"ListItem","position":1,"name":"Startseite","item":"https:\/\/blog.zeit.de\/stoerungsmelder"},{"@type":"ListItem","position":2,"name":"Berliner Neonazis verpr\u00fcgeln sich gegenseitig"}]},{"@type":"WebSite","@id":"https:\/\/blog.zeit.de\/stoerungsmelder\/#website","url":"https:\/\/blog.zeit.de\/stoerungsmelder\/","name":"St\u00f6rungsmelder","description":"Recherchen und Analysen \u00fcber die extreme Rechte","potentialAction":[{"@type":"SearchAction","target":{"@type":"EntryPoint","urlTemplate":"https:\/\/blog.zeit.de\/stoerungsmelder\/?s={search_term_string}"},"query-input":"required name=search_term_string"}],"inLanguage":"de"},{"@type":"Person","@id":"https:\/\/blog.zeit.de\/stoerungsmelder\/#\/schema\/person\/fdd0b9818f65738672810b6d6f037f71","name":"St\u00f6rungsmelder","image":{"@type":"ImageObject","inLanguage":"de","@id":"https:\/\/blog.zeit.de\/stoerungsmelder\/#\/schema\/person\/image\/","url":"https:\/\/secure.gravatar.com\/avatar\/dfa4be514c3e82a71e4f9a0020035d38192d080ccaa5e4e6d7a1472c763535c5?s=96&d=mm&r=pg","contentUrl":"https:\/\/secure.gravatar.com\/avatar\/dfa4be514c3e82a71e4f9a0020035d38192d080ccaa5e4e6d7a1472c763535c5?s=96&d=mm&r=pg","caption":"St\u00f6rungsmelder"},"url":"https:\/\/blog.zeit.de\/stoerungsmelder\/author\/stoerungsmelder"}]}},"jetpack_featured_media_url":"","jetpack_sharing_enabled":true,"_links":{"self":[{"href":"https:\/\/blog.zeit.de\/stoerungsmelder\/wp-json\/wp\/v2\/posts\/10948","targetHints":{"allow":["GET"]}}],"collection":[{"href":"https:\/\/blog.zeit.de\/stoerungsmelder\/wp-json\/wp\/v2\/posts"}],"about":[{"href":"https:\/\/blog.zeit.de\/stoerungsmelder\/wp-json\/wp\/v2\/types\/post"}],"author":[{"embeddable":true,"href":"https:\/\/blog.zeit.de\/stoerungsmelder\/wp-json\/wp\/v2\/users\/229"}],"replies":[{"embeddable":true,"href":"https:\/\/blog.zeit.de\/stoerungsmelder\/wp-json\/wp\/v2\/comments?post=10948"}],"version-history":[{"count":3,"href":"https:\/\/blog.zeit.de\/stoerungsmelder\/wp-json\/wp\/v2\/posts\/10948\/revisions"}],"predecessor-version":[{"id":10950,"href":"https:\/\/blog.zeit.de\/stoerungsmelder\/wp-json\/wp\/v2\/posts\/10948\/revisions\/10950"}],"wp:attachment":[{"href":"https:\/\/blog.zeit.de\/stoerungsmelder\/wp-json\/wp\/v2\/media?parent=10948"}],"wp:term":[{"taxonomy":"category","embeddable":true,"href":"https:\/\/blog.zeit.de\/stoerungsmelder\/wp-json\/wp\/v2\/categories?post=10948"},{"taxonomy":"post_tag","embeddable":true,"href":"https:\/\/blog.zeit.de\/stoerungsmelder\/wp-json\/wp\/v2\/tags?post=10948"}],"curies":[{"name":"wp","href":"https:\/\/api.w.org\/{rel}","templated":true}]}}