{"id":10972,"date":"2013-01-08T19:12:09","date_gmt":"2013-01-08T18:12:09","guid":{"rendered":"http:\/\/blog.zeit.de\/stoerungsmelder\/?p=10972"},"modified":"2017-07-08T16:35:24","modified_gmt":"2017-07-08T14:35:24","slug":"crowdfunding-aktion-fur-deutschlandatlas-zu-neonaziaktivitaten","status":"publish","type":"post","link":"https:\/\/blog.zeit.de\/stoerungsmelder\/2013\/01\/08\/crowdfunding-aktion-fur-deutschlandatlas-zu-neonaziaktivitaten_10972","title":{"rendered":"Crowdfunding-Aktion f\u00fcr Deutschlandatlas zu Neonaziaktivit\u00e4ten"},"content":{"rendered":"<p>[youtube https:\/\/www.youtube.com\/watch?v=XJLEam_vtLw?rel=0]<br \/>\nEinen neuen Zugang zum Wissen \u00fcber Neonazis plant das <a href=\"http:\/\/www.startnext.de\/rechtesland\" target=\"_blank\">Projekt \u201eRechtes Land\u201c<\/a> des <a href=\"http:\/\/www.apabiz.de\">Antifaschistischen Pressearchivs und Bildungszentrums aus Berlin (apabiz)<\/a>. Auf einer Karte im Internet sollen Orte, Strukturen und Aktivit\u00e4ten von rechten Gruppen und Rechtsextremisten dargestellt werden. Geplant ist dabei, in erster Linie bereits vorhandenes Wissen zu b\u00fcndeln und dieses mit einem lokalen Bezug abzubilden. So kann ein \u00dcberblick gegeben werden, wo Aufm\u00e4rsche von Neonazis stattfinden, in welcher Region sich \u00dcbergriffe h\u00e4ufen und wo rechte Parteien auf kommunaler Ebene aktiv sind.<!--more--><\/p>\n<p>Bei der Finanzierung des Projektes gehen die Macher ungewohnte Wege. Seit Anfang des Monats sammeln sie Geld auf der <a href=\"http:\/\/www.startnext.de\/rechtesland\" target=\"_blank\">Crowdfunding-Plattform Startnext<\/a>. Mit Kleinbetr\u00e4gen sollen die erforderlichen 5.000 Euro f\u00fcr eine Startfinanzierung gesammelt werden. Mit dem Geld werden dann Redakteure besch\u00e4ftigt, um die Informationen zu recherchieren und die Karte zu verwalten.<\/p>\n<p><em><strong>Hier die ausf\u00fchrliche Projektbeschreibung<\/strong><\/em><\/p>\n<p><strong>Worum geht es in diesem Projekt?<\/strong><br \/>\nDeutschlandweit sind Neonazis am Werk. Das Wissen \u00fcber sie ist regional verteilt; sich ein Gesamtbild zu verschaffen ist alles andere einfach.<br \/>\nDer Atlas Rechtes Land will die Orte der extremen Rechten, ihre Verb\u00e4nde, ihre Morde, ihre \u00dcberf\u00e4lle, ihre Termine und aktuelle Vorhaben kartieren. Um sie f\u00fcr alle sichtbar zu machen. Online, auf eine praktische und handhabbare Weise \u00fcber eine interaktive Karte im Browser.<\/p>\n<p>Es werden aber auch Widerstand und Engagement verzeichnet. Und nicht zuletzt geht es darum, Orte des Erinnerns an die Nazivergangenheit zu zeigen und die \u00fcber 100 Jahre alte Geschichte von Faschisten und Rechten im Land zu dokumentieren. Zudem soll ein Recherchewiki aufgebaut werden, das zwar \u00f6ffentlich zug\u00e4nglich ist, aber nicht von jedem mitgeschrieben werden kann. Szene-KennerInnen und AutorInnen aus dem Umfeld des apabiz e.V. werden dazu eingeladen, es mit zu bef\u00fcllen und zu pflegen.<\/p>\n<p><strong>Was sind die Ziele und wer die Zielgruppe?<\/strong><br \/>\nZum einen richtet sich das Projekt an jeden interessierten Menschen. Das an den Atlas angeschlossene Wiki soll zudem AktivistInnen, ForscherInnen, JournalistInnen, PolitikerInnen etc. helfen, nicht den \u00dcberblick zu verlieren.<\/p>\n<p><strong>Warum sollte man dieses Projekt unterst\u00fctzen?<\/strong><br \/>\nDamit es eine unabh\u00e4ngige leicht zug\u00e4nglicher Quellensammlung rund um extreme Rechte und Nazivergangenheit gibt. F\u00fcr eine nicht- oder kaum-kommerzielle Nutzung werden die Inhalte und Daten unter einer relativ freien Lizenz stehen (CC BY-NC) und wo m\u00f6glich als Open Data ver\u00f6ffentlicht.<\/p>\n<p><strong>Was passiert mit dem Geld bei erfolgreicher Finanzierung?<\/strong><br \/>\nWir brauchen mindestens 5000 Euro, um einen Grundstock zu recherchieren, Datens\u00e4tze aus verschiedenen Quellen zusammenzuf\u00fchren und diese dann in den Atlas einzupflegen. Daf\u00fcr sollen zwei Personen f\u00fcr einige Zeit besch\u00e4ftigt werden, die auch das Wiki aufbauen werden. Wenn wir eine Summe von mehr als 8000 EUR \u00fcberschreiten, flie\u00dft das \u00fcbersch\u00fcssige Geld in den Topf f\u00fcr die Beobachtung des NSU-Prozesses, der im kommenden Jahr in M\u00fcnchen beginnt.<\/p>\n","protected":false},"excerpt":{"rendered":"<p>[youtube https:\/\/www.youtube.com\/watch?v=XJLEam_vtLw?rel=0] Einen neuen Zugang zum Wissen \u00fcber Neonazis plant das Projekt \u201eRechtes Land\u201c des Antifaschistischen Pressearchivs und Bildungszentrums aus Berlin (apabiz). Auf einer Karte im Internet sollen Orte, Strukturen und Aktivit\u00e4ten von rechten Gruppen und Rechtsextremisten dargestellt werden. Geplant ist dabei, in erster Linie bereits vorhandenes Wissen zu b\u00fcndeln und dieses mit einem lokalen [&hellip;]<\/p>\n","protected":false},"author":229,"featured_media":0,"comment_status":"open","ping_status":"open","sticky":false,"template":"","format":"standard","meta":{"_jetpack_memberships_contains_paid_content":false,"footnotes":""},"categories":[1515],"tags":[1092,2440,1755],"class_list":["post-10972","post","type-post","status-publish","format-standard","hentry","category-bundesweit","tag-journalismus","tag-recherche","tag-rechte-gewalt"],"yoast_head":"<!-- This site is optimized with the Yoast SEO plugin v21.0 - https:\/\/yoast.com\/wordpress\/plugins\/seo\/ -->\n<title>Crowdfunding-Aktion f\u00fcr Deutschlandatlas zu Neonaziaktivit\u00e4ten - St\u00f6rungsmelder<\/title>\n<meta name=\"robots\" content=\"index, follow, max-snippet:-1, max-image-preview:large, max-video-preview:-1\" \/>\n<link rel=\"canonical\" href=\"https:\/\/blog.zeit.de\/stoerungsmelder\/2013\/01\/08\/crowdfunding-aktion-fur-deutschlandatlas-zu-neonaziaktivitaten_10972\" \/>\n<meta property=\"og:locale\" content=\"de_DE\" \/>\n<meta property=\"og:type\" content=\"article\" \/>\n<meta property=\"og:title\" content=\"Crowdfunding-Aktion f\u00fcr Deutschlandatlas zu Neonaziaktivit\u00e4ten - St\u00f6rungsmelder\" \/>\n<meta property=\"og:description\" content=\"[youtube https:\/\/www.youtube.com\/watch?v=XJLEam_vtLw?rel=0] Einen neuen Zugang zum Wissen \u00fcber Neonazis plant das Projekt \u201eRechtes Land\u201c des Antifaschistischen Pressearchivs und Bildungszentrums aus Berlin (apabiz). Auf einer Karte im Internet sollen Orte, Strukturen und Aktivit\u00e4ten von rechten Gruppen und Rechtsextremisten dargestellt werden. Geplant ist dabei, in erster Linie bereits vorhandenes Wissen zu b\u00fcndeln und dieses mit einem lokalen [&hellip;]\" \/>\n<meta property=\"og:url\" content=\"https:\/\/blog.zeit.de\/stoerungsmelder\/2013\/01\/08\/crowdfunding-aktion-fur-deutschlandatlas-zu-neonaziaktivitaten_10972\" \/>\n<meta property=\"og:site_name\" content=\"St\u00f6rungsmelder\" \/>\n<meta property=\"article:published_time\" content=\"2013-01-08T18:12:09+00:00\" \/>\n<meta property=\"article:modified_time\" content=\"2017-07-08T14:35:24+00:00\" \/>\n<meta name=\"author\" content=\"St\u00f6rungsmelder\" \/>\n<meta name=\"twitter:card\" content=\"summary_large_image\" \/>\n<meta name=\"twitter:label1\" content=\"Geschrieben von\" \/>\n\t<meta name=\"twitter:data1\" content=\"St\u00f6rungsmelder\" \/>\n\t<meta name=\"twitter:label2\" content=\"Gesch\u00e4tzte Lesezeit\" \/>\n\t<meta name=\"twitter:data2\" content=\"2\u00a0Minuten\" \/>\n<script type=\"application\/ld+json\" class=\"yoast-schema-graph\">{\"@context\":\"https:\/\/schema.org\",\"@graph\":[{\"@type\":\"WebPage\",\"@id\":\"https:\/\/blog.zeit.de\/stoerungsmelder\/2013\/01\/08\/crowdfunding-aktion-fur-deutschlandatlas-zu-neonaziaktivitaten_10972\",\"url\":\"https:\/\/blog.zeit.de\/stoerungsmelder\/2013\/01\/08\/crowdfunding-aktion-fur-deutschlandatlas-zu-neonaziaktivitaten_10972\",\"name\":\"Crowdfunding-Aktion f\u00fcr Deutschlandatlas zu Neonaziaktivit\u00e4ten - St\u00f6rungsmelder\",\"isPartOf\":{\"@id\":\"https:\/\/blog.zeit.de\/stoerungsmelder\/#website\"},\"datePublished\":\"2013-01-08T18:12:09+00:00\",\"dateModified\":\"2017-07-08T14:35:24+00:00\",\"author\":{\"@id\":\"https:\/\/blog.zeit.de\/stoerungsmelder\/#\/schema\/person\/fdd0b9818f65738672810b6d6f037f71\"},\"breadcrumb\":{\"@id\":\"https:\/\/blog.zeit.de\/stoerungsmelder\/2013\/01\/08\/crowdfunding-aktion-fur-deutschlandatlas-zu-neonaziaktivitaten_10972#breadcrumb\"},\"inLanguage\":\"de\",\"potentialAction\":[{\"@type\":\"ReadAction\",\"target\":[\"https:\/\/blog.zeit.de\/stoerungsmelder\/2013\/01\/08\/crowdfunding-aktion-fur-deutschlandatlas-zu-neonaziaktivitaten_10972\"]}]},{\"@type\":\"BreadcrumbList\",\"@id\":\"https:\/\/blog.zeit.de\/stoerungsmelder\/2013\/01\/08\/crowdfunding-aktion-fur-deutschlandatlas-zu-neonaziaktivitaten_10972#breadcrumb\",\"itemListElement\":[{\"@type\":\"ListItem\",\"position\":1,\"name\":\"Startseite\",\"item\":\"https:\/\/blog.zeit.de\/stoerungsmelder\"},{\"@type\":\"ListItem\",\"position\":2,\"name\":\"Crowdfunding-Aktion f\u00fcr Deutschlandatlas zu Neonaziaktivit\u00e4ten\"}]},{\"@type\":\"WebSite\",\"@id\":\"https:\/\/blog.zeit.de\/stoerungsmelder\/#website\",\"url\":\"https:\/\/blog.zeit.de\/stoerungsmelder\/\",\"name\":\"St\u00f6rungsmelder\",\"description\":\"Recherchen und Analysen \u00fcber die extreme Rechte\",\"potentialAction\":[{\"@type\":\"SearchAction\",\"target\":{\"@type\":\"EntryPoint\",\"urlTemplate\":\"https:\/\/blog.zeit.de\/stoerungsmelder\/?s={search_term_string}\"},\"query-input\":\"required name=search_term_string\"}],\"inLanguage\":\"de\"},{\"@type\":\"Person\",\"@id\":\"https:\/\/blog.zeit.de\/stoerungsmelder\/#\/schema\/person\/fdd0b9818f65738672810b6d6f037f71\",\"name\":\"St\u00f6rungsmelder\",\"image\":{\"@type\":\"ImageObject\",\"inLanguage\":\"de\",\"@id\":\"https:\/\/blog.zeit.de\/stoerungsmelder\/#\/schema\/person\/image\/\",\"url\":\"https:\/\/secure.gravatar.com\/avatar\/dfa4be514c3e82a71e4f9a0020035d38192d080ccaa5e4e6d7a1472c763535c5?s=96&d=mm&r=pg\",\"contentUrl\":\"https:\/\/secure.gravatar.com\/avatar\/dfa4be514c3e82a71e4f9a0020035d38192d080ccaa5e4e6d7a1472c763535c5?s=96&d=mm&r=pg\",\"caption\":\"St\u00f6rungsmelder\"},\"url\":\"https:\/\/blog.zeit.de\/stoerungsmelder\/author\/stoerungsmelder\"}]}<\/script>\n<!-- \/ Yoast SEO plugin. -->","yoast_head_json":{"title":"Crowdfunding-Aktion f\u00fcr Deutschlandatlas zu Neonaziaktivit\u00e4ten - St\u00f6rungsmelder","robots":{"index":"index","follow":"follow","max-snippet":"max-snippet:-1","max-image-preview":"max-image-preview:large","max-video-preview":"max-video-preview:-1"},"canonical":"https:\/\/blog.zeit.de\/stoerungsmelder\/2013\/01\/08\/crowdfunding-aktion-fur-deutschlandatlas-zu-neonaziaktivitaten_10972","og_locale":"de_DE","og_type":"article","og_title":"Crowdfunding-Aktion f\u00fcr Deutschlandatlas zu Neonaziaktivit\u00e4ten - St\u00f6rungsmelder","og_description":"[youtube https:\/\/www.youtube.com\/watch?v=XJLEam_vtLw?rel=0] Einen neuen Zugang zum Wissen \u00fcber Neonazis plant das Projekt \u201eRechtes Land\u201c des Antifaschistischen Pressearchivs und Bildungszentrums aus Berlin (apabiz). Auf einer Karte im Internet sollen Orte, Strukturen und Aktivit\u00e4ten von rechten Gruppen und Rechtsextremisten dargestellt werden. Geplant ist dabei, in erster Linie bereits vorhandenes Wissen zu b\u00fcndeln und dieses mit einem lokalen [&hellip;]","og_url":"https:\/\/blog.zeit.de\/stoerungsmelder\/2013\/01\/08\/crowdfunding-aktion-fur-deutschlandatlas-zu-neonaziaktivitaten_10972","og_site_name":"St\u00f6rungsmelder","article_published_time":"2013-01-08T18:12:09+00:00","article_modified_time":"2017-07-08T14:35:24+00:00","author":"St\u00f6rungsmelder","twitter_card":"summary_large_image","twitter_misc":{"Geschrieben von":"St\u00f6rungsmelder","Gesch\u00e4tzte Lesezeit":"2\u00a0Minuten"},"schema":{"@context":"https:\/\/schema.org","@graph":[{"@type":"WebPage","@id":"https:\/\/blog.zeit.de\/stoerungsmelder\/2013\/01\/08\/crowdfunding-aktion-fur-deutschlandatlas-zu-neonaziaktivitaten_10972","url":"https:\/\/blog.zeit.de\/stoerungsmelder\/2013\/01\/08\/crowdfunding-aktion-fur-deutschlandatlas-zu-neonaziaktivitaten_10972","name":"Crowdfunding-Aktion f\u00fcr Deutschlandatlas zu Neonaziaktivit\u00e4ten - St\u00f6rungsmelder","isPartOf":{"@id":"https:\/\/blog.zeit.de\/stoerungsmelder\/#website"},"datePublished":"2013-01-08T18:12:09+00:00","dateModified":"2017-07-08T14:35:24+00:00","author":{"@id":"https:\/\/blog.zeit.de\/stoerungsmelder\/#\/schema\/person\/fdd0b9818f65738672810b6d6f037f71"},"breadcrumb":{"@id":"https:\/\/blog.zeit.de\/stoerungsmelder\/2013\/01\/08\/crowdfunding-aktion-fur-deutschlandatlas-zu-neonaziaktivitaten_10972#breadcrumb"},"inLanguage":"de","potentialAction":[{"@type":"ReadAction","target":["https:\/\/blog.zeit.de\/stoerungsmelder\/2013\/01\/08\/crowdfunding-aktion-fur-deutschlandatlas-zu-neonaziaktivitaten_10972"]}]},{"@type":"BreadcrumbList","@id":"https:\/\/blog.zeit.de\/stoerungsmelder\/2013\/01\/08\/crowdfunding-aktion-fur-deutschlandatlas-zu-neonaziaktivitaten_10972#breadcrumb","itemListElement":[{"@type":"ListItem","position":1,"name":"Startseite","item":"https:\/\/blog.zeit.de\/stoerungsmelder"},{"@type":"ListItem","position":2,"name":"Crowdfunding-Aktion f\u00fcr Deutschlandatlas zu Neonaziaktivit\u00e4ten"}]},{"@type":"WebSite","@id":"https:\/\/blog.zeit.de\/stoerungsmelder\/#website","url":"https:\/\/blog.zeit.de\/stoerungsmelder\/","name":"St\u00f6rungsmelder","description":"Recherchen und Analysen \u00fcber die extreme Rechte","potentialAction":[{"@type":"SearchAction","target":{"@type":"EntryPoint","urlTemplate":"https:\/\/blog.zeit.de\/stoerungsmelder\/?s={search_term_string}"},"query-input":"required name=search_term_string"}],"inLanguage":"de"},{"@type":"Person","@id":"https:\/\/blog.zeit.de\/stoerungsmelder\/#\/schema\/person\/fdd0b9818f65738672810b6d6f037f71","name":"St\u00f6rungsmelder","image":{"@type":"ImageObject","inLanguage":"de","@id":"https:\/\/blog.zeit.de\/stoerungsmelder\/#\/schema\/person\/image\/","url":"https:\/\/secure.gravatar.com\/avatar\/dfa4be514c3e82a71e4f9a0020035d38192d080ccaa5e4e6d7a1472c763535c5?s=96&d=mm&r=pg","contentUrl":"https:\/\/secure.gravatar.com\/avatar\/dfa4be514c3e82a71e4f9a0020035d38192d080ccaa5e4e6d7a1472c763535c5?s=96&d=mm&r=pg","caption":"St\u00f6rungsmelder"},"url":"https:\/\/blog.zeit.de\/stoerungsmelder\/author\/stoerungsmelder"}]}},"jetpack_featured_media_url":"","jetpack_sharing_enabled":true,"_links":{"self":[{"href":"https:\/\/blog.zeit.de\/stoerungsmelder\/wp-json\/wp\/v2\/posts\/10972","targetHints":{"allow":["GET"]}}],"collection":[{"href":"https:\/\/blog.zeit.de\/stoerungsmelder\/wp-json\/wp\/v2\/posts"}],"about":[{"href":"https:\/\/blog.zeit.de\/stoerungsmelder\/wp-json\/wp\/v2\/types\/post"}],"author":[{"embeddable":true,"href":"https:\/\/blog.zeit.de\/stoerungsmelder\/wp-json\/wp\/v2\/users\/229"}],"replies":[{"embeddable":true,"href":"https:\/\/blog.zeit.de\/stoerungsmelder\/wp-json\/wp\/v2\/comments?post=10972"}],"version-history":[{"count":5,"href":"https:\/\/blog.zeit.de\/stoerungsmelder\/wp-json\/wp\/v2\/posts\/10972\/revisions"}],"predecessor-version":[{"id":24092,"href":"https:\/\/blog.zeit.de\/stoerungsmelder\/wp-json\/wp\/v2\/posts\/10972\/revisions\/24092"}],"wp:attachment":[{"href":"https:\/\/blog.zeit.de\/stoerungsmelder\/wp-json\/wp\/v2\/media?parent=10972"}],"wp:term":[{"taxonomy":"category","embeddable":true,"href":"https:\/\/blog.zeit.de\/stoerungsmelder\/wp-json\/wp\/v2\/categories?post=10972"},{"taxonomy":"post_tag","embeddable":true,"href":"https:\/\/blog.zeit.de\/stoerungsmelder\/wp-json\/wp\/v2\/tags?post=10972"}],"curies":[{"name":"wp","href":"https:\/\/api.w.org\/{rel}","templated":true}]}}