{"id":11066,"date":"2013-01-14T07:36:56","date_gmt":"2013-01-14T06:36:56","guid":{"rendered":"http:\/\/blog.zeit.de\/stoerungsmelder\/?p=11066"},"modified":"2013-01-14T07:38:17","modified_gmt":"2013-01-14T06:38:17","slug":"naziangriff-nach-magdeburg-aufmarsch","status":"publish","type":"post","link":"https:\/\/blog.zeit.de\/stoerungsmelder\/2013\/01\/14\/naziangriff-nach-magdeburg-aufmarsch_11066","title":{"rendered":"Naziangriff nach Magdeburg-Aufmarsch"},"content":{"rendered":"<p><figure id=\"attachment_3389\" aria-describedby=\"caption-attachment-3389\" style=\"width: 201px\" class=\"wp-caption alignleft\"><a href=\"https:\/\/blog.zeit.de\/stoerungsmelder\/2010\/05\/19\/1-mai-nazis-wollten-zum-holocaust-mahnmal_3387\/kudamm2\" rel=\"attachment wp-att-3389\"><img loading=\"lazy\" decoding=\"async\" class=\"size-full wp-image-3389\" alt=\"Von der Polizei beschlagnahmtes Pfefferspray und China-B\u00f6ller am Rande eines Naziaufmarsches 2010\" src=\"https:\/\/blog.zeit.de\/stoerungsmelder\/files\/2010\/05\/kudamm2.jpg\" width=\"201\" height=\"219\" srcset=\"https:\/\/blog.zeit.de\/stoerungsmelder\/files\/2010\/05\/kudamm2.jpg 386w, https:\/\/blog.zeit.de\/stoerungsmelder\/files\/2010\/05\/kudamm2-275x300.jpg 275w\" sizes=\"auto, (max-width: 201px) 100vw, 201px\" \/><\/a><figcaption id=\"caption-attachment-3389\" class=\"wp-caption-text\">Von der Polizei beschlagnahmtes Pfefferspray am Rande eines Naziaufmarsches 2010 in Berlin<\/figcaption><\/figure><\/p>\n<p>In den Abendstunden des 12. Januar 2013 kam es in Burg (Sachsen-Anhalt) zu einem \u00dcbergriff durch mehrere Neonazis und rechten Hooligans auf eine kleine Gruppe von Antifaschistinnen und Antifaschisten. Die Angreifer fl\u00fcchteten anschlie\u00dfend mit Autos. Einige der Angegriffenen wurden verletzt und mussten ambulant<br \/>\nbehandelt werden.<!--more--><\/p>\n<p><strong>Die <a href=\"http:\/\/burg.blogsport.de\/\" target=\"_blank\">Antifaschistische Aktion Burg<\/a> berichtet:<\/strong><\/p>\n<p><em>Nachdem die antifaschistischen Aktionen gegen den Nazigro\u00dfaufmarsch am 12. Januar 2013 in Magdeburg beendet wurden, reiste eine gr\u00f6\u00dfere Gruppe von Antifaschistinnen und Antifaschisten zur\u00fcck nach Burg. Am Zielbahnhof angekommen, sahen sie bereits ein Auto eines bekannten Neonazis aus dem Jerichower Land. Das Fahrzeug entfernte sich allerdings. Kurze Zeit sp\u00e4ter griffen in der August-Bebel-Stra\u00dfe\/Ecke Gorkistra\u00dfe etwa 20-25 Neonazis und Mitglieder der ehemaligen \u201eBlue White Street Elite\u201c (BWSE) eine kleine Gruppe von AntifaschistInnen an. Dabei st\u00fcrmten die Angreifer mit den Rufen \u201eKommt her ihr schei\u00df Zecken!\u201c auf die kleine Gruppe zu und schlugen und traten auf die Personen ein. Die Angreifer, die zum Teil namentlich bekannt sind, eilten wenig sp\u00e4ter in Richtung Gorkistra\u00dfe, wo sie in mehreren Autos die Flucht antraten. Bereits vor wenigen Wochen kam es in der Bahnhofstra\u00dfe in Burg zu einem \u00e4hnlichen Angriff durch zum Teil gleichen Personen.<\/em><\/p>\n<p><em>Mia Sommer, Pressesprecherin der Antifaschistischen Aktion Burg [AAB] <\/em><em>erkl\u00e4rt dazu: \u201eWenn die Polizei erst mit Wasserwerfern, Pfefferspray<\/em> <em>und massiver Gewalt gegen alle Menschen vorgeht, die sich den Nazis in <\/em><em>Magdeburg in den Weg stellen wollen und dazu noch eine<\/em> <em>Zwischenkundgebung vor dem \u201eLibert\u00e4ren Zentrum\u201c m\u00f6glich macht, ist es<\/em> <em>kein Wunder, dass sich die Neonazis\u00a0 ermutigt f\u00fchlten, im Anschluss an <\/em><em>den Aufmarsch noch weitere Aktionen wie den \u00dcbergriff in Burg <\/em><em>durchzuf\u00fchren.\u201c<br \/>\n<\/em><\/p>\n","protected":false},"excerpt":{"rendered":"<p>In den Abendstunden des 12. Januar 2013 kam es in Burg (Sachsen-Anhalt) zu einem \u00dcbergriff durch mehrere Neonazis und rechten Hooligans auf eine kleine Gruppe von Antifaschistinnen und Antifaschisten. Die Angreifer fl\u00fcchteten anschlie\u00dfend mit Autos. Einige der Angegriffenen wurden verletzt und mussten ambulant behandelt werden.<\/p>\n","protected":false},"author":229,"featured_media":0,"comment_status":"open","ping_status":"open","sticky":false,"template":"","format":"standard","meta":{"_jetpack_memberships_contains_paid_content":false,"footnotes":""},"categories":[1457],"tags":[24539,1755],"class_list":["post-11066","post","type-post","status-publish","format-standard","hentry","category-sachsen-anhalt","tag-blue-white-street-elite","tag-rechte-gewalt"],"yoast_head":"<!-- This site is optimized with the Yoast SEO plugin v21.0 - https:\/\/yoast.com\/wordpress\/plugins\/seo\/ -->\n<title>Naziangriff nach Magdeburg-Aufmarsch - St\u00f6rungsmelder<\/title>\n<meta name=\"robots\" content=\"index, follow, max-snippet:-1, max-image-preview:large, max-video-preview:-1\" \/>\n<link rel=\"canonical\" href=\"https:\/\/blog.zeit.de\/stoerungsmelder\/2013\/01\/14\/naziangriff-nach-magdeburg-aufmarsch_11066\" \/>\n<meta property=\"og:locale\" content=\"de_DE\" \/>\n<meta property=\"og:type\" content=\"article\" \/>\n<meta property=\"og:title\" content=\"Naziangriff nach Magdeburg-Aufmarsch - St\u00f6rungsmelder\" \/>\n<meta property=\"og:description\" content=\"In den Abendstunden des 12. Januar 2013 kam es in Burg (Sachsen-Anhalt) zu einem \u00dcbergriff durch mehrere Neonazis und rechten Hooligans auf eine kleine Gruppe von Antifaschistinnen und Antifaschisten. Die Angreifer fl\u00fcchteten anschlie\u00dfend mit Autos. Einige der Angegriffenen wurden verletzt und mussten ambulant behandelt werden.\" \/>\n<meta property=\"og:url\" content=\"https:\/\/blog.zeit.de\/stoerungsmelder\/2013\/01\/14\/naziangriff-nach-magdeburg-aufmarsch_11066\" \/>\n<meta property=\"og:site_name\" content=\"St\u00f6rungsmelder\" \/>\n<meta property=\"article:published_time\" content=\"2013-01-14T06:36:56+00:00\" \/>\n<meta property=\"article:modified_time\" content=\"2013-01-14T06:38:17+00:00\" \/>\n<meta property=\"og:image\" content=\"https:\/\/blog.zeit.de\/stoerungsmelder\/files\/2010\/05\/kudamm2.jpg\" \/>\n<meta name=\"author\" content=\"St\u00f6rungsmelder\" \/>\n<meta name=\"twitter:card\" content=\"summary_large_image\" \/>\n<meta name=\"twitter:label1\" content=\"Geschrieben von\" \/>\n\t<meta name=\"twitter:data1\" content=\"St\u00f6rungsmelder\" \/>\n\t<meta name=\"twitter:label2\" content=\"Gesch\u00e4tzte Lesezeit\" \/>\n\t<meta name=\"twitter:data2\" content=\"1\u00a0Minute\" \/>\n<script type=\"application\/ld+json\" class=\"yoast-schema-graph\">{\"@context\":\"https:\/\/schema.org\",\"@graph\":[{\"@type\":\"WebPage\",\"@id\":\"https:\/\/blog.zeit.de\/stoerungsmelder\/2013\/01\/14\/naziangriff-nach-magdeburg-aufmarsch_11066\",\"url\":\"https:\/\/blog.zeit.de\/stoerungsmelder\/2013\/01\/14\/naziangriff-nach-magdeburg-aufmarsch_11066\",\"name\":\"Naziangriff nach Magdeburg-Aufmarsch - St\u00f6rungsmelder\",\"isPartOf\":{\"@id\":\"https:\/\/blog.zeit.de\/stoerungsmelder\/#website\"},\"datePublished\":\"2013-01-14T06:36:56+00:00\",\"dateModified\":\"2013-01-14T06:38:17+00:00\",\"author\":{\"@id\":\"https:\/\/blog.zeit.de\/stoerungsmelder\/#\/schema\/person\/fdd0b9818f65738672810b6d6f037f71\"},\"breadcrumb\":{\"@id\":\"https:\/\/blog.zeit.de\/stoerungsmelder\/2013\/01\/14\/naziangriff-nach-magdeburg-aufmarsch_11066#breadcrumb\"},\"inLanguage\":\"de\",\"potentialAction\":[{\"@type\":\"ReadAction\",\"target\":[\"https:\/\/blog.zeit.de\/stoerungsmelder\/2013\/01\/14\/naziangriff-nach-magdeburg-aufmarsch_11066\"]}]},{\"@type\":\"BreadcrumbList\",\"@id\":\"https:\/\/blog.zeit.de\/stoerungsmelder\/2013\/01\/14\/naziangriff-nach-magdeburg-aufmarsch_11066#breadcrumb\",\"itemListElement\":[{\"@type\":\"ListItem\",\"position\":1,\"name\":\"Startseite\",\"item\":\"https:\/\/blog.zeit.de\/stoerungsmelder\"},{\"@type\":\"ListItem\",\"position\":2,\"name\":\"Naziangriff nach Magdeburg-Aufmarsch\"}]},{\"@type\":\"WebSite\",\"@id\":\"https:\/\/blog.zeit.de\/stoerungsmelder\/#website\",\"url\":\"https:\/\/blog.zeit.de\/stoerungsmelder\/\",\"name\":\"St\u00f6rungsmelder\",\"description\":\"Recherchen und Analysen \u00fcber die extreme Rechte\",\"potentialAction\":[{\"@type\":\"SearchAction\",\"target\":{\"@type\":\"EntryPoint\",\"urlTemplate\":\"https:\/\/blog.zeit.de\/stoerungsmelder\/?s={search_term_string}\"},\"query-input\":\"required name=search_term_string\"}],\"inLanguage\":\"de\"},{\"@type\":\"Person\",\"@id\":\"https:\/\/blog.zeit.de\/stoerungsmelder\/#\/schema\/person\/fdd0b9818f65738672810b6d6f037f71\",\"name\":\"St\u00f6rungsmelder\",\"image\":{\"@type\":\"ImageObject\",\"inLanguage\":\"de\",\"@id\":\"https:\/\/blog.zeit.de\/stoerungsmelder\/#\/schema\/person\/image\/\",\"url\":\"https:\/\/secure.gravatar.com\/avatar\/dfa4be514c3e82a71e4f9a0020035d38192d080ccaa5e4e6d7a1472c763535c5?s=96&d=mm&r=pg\",\"contentUrl\":\"https:\/\/secure.gravatar.com\/avatar\/dfa4be514c3e82a71e4f9a0020035d38192d080ccaa5e4e6d7a1472c763535c5?s=96&d=mm&r=pg\",\"caption\":\"St\u00f6rungsmelder\"},\"url\":\"https:\/\/blog.zeit.de\/stoerungsmelder\/author\/stoerungsmelder\"}]}<\/script>\n<!-- \/ Yoast SEO plugin. -->","yoast_head_json":{"title":"Naziangriff nach Magdeburg-Aufmarsch - St\u00f6rungsmelder","robots":{"index":"index","follow":"follow","max-snippet":"max-snippet:-1","max-image-preview":"max-image-preview:large","max-video-preview":"max-video-preview:-1"},"canonical":"https:\/\/blog.zeit.de\/stoerungsmelder\/2013\/01\/14\/naziangriff-nach-magdeburg-aufmarsch_11066","og_locale":"de_DE","og_type":"article","og_title":"Naziangriff nach Magdeburg-Aufmarsch - St\u00f6rungsmelder","og_description":"In den Abendstunden des 12. Januar 2013 kam es in Burg (Sachsen-Anhalt) zu einem \u00dcbergriff durch mehrere Neonazis und rechten Hooligans auf eine kleine Gruppe von Antifaschistinnen und Antifaschisten. Die Angreifer fl\u00fcchteten anschlie\u00dfend mit Autos. Einige der Angegriffenen wurden verletzt und mussten ambulant behandelt werden.","og_url":"https:\/\/blog.zeit.de\/stoerungsmelder\/2013\/01\/14\/naziangriff-nach-magdeburg-aufmarsch_11066","og_site_name":"St\u00f6rungsmelder","article_published_time":"2013-01-14T06:36:56+00:00","article_modified_time":"2013-01-14T06:38:17+00:00","og_image":[{"url":"https:\/\/blog.zeit.de\/stoerungsmelder\/files\/2010\/05\/kudamm2.jpg"}],"author":"St\u00f6rungsmelder","twitter_card":"summary_large_image","twitter_misc":{"Geschrieben von":"St\u00f6rungsmelder","Gesch\u00e4tzte Lesezeit":"1\u00a0Minute"},"schema":{"@context":"https:\/\/schema.org","@graph":[{"@type":"WebPage","@id":"https:\/\/blog.zeit.de\/stoerungsmelder\/2013\/01\/14\/naziangriff-nach-magdeburg-aufmarsch_11066","url":"https:\/\/blog.zeit.de\/stoerungsmelder\/2013\/01\/14\/naziangriff-nach-magdeburg-aufmarsch_11066","name":"Naziangriff nach Magdeburg-Aufmarsch - St\u00f6rungsmelder","isPartOf":{"@id":"https:\/\/blog.zeit.de\/stoerungsmelder\/#website"},"datePublished":"2013-01-14T06:36:56+00:00","dateModified":"2013-01-14T06:38:17+00:00","author":{"@id":"https:\/\/blog.zeit.de\/stoerungsmelder\/#\/schema\/person\/fdd0b9818f65738672810b6d6f037f71"},"breadcrumb":{"@id":"https:\/\/blog.zeit.de\/stoerungsmelder\/2013\/01\/14\/naziangriff-nach-magdeburg-aufmarsch_11066#breadcrumb"},"inLanguage":"de","potentialAction":[{"@type":"ReadAction","target":["https:\/\/blog.zeit.de\/stoerungsmelder\/2013\/01\/14\/naziangriff-nach-magdeburg-aufmarsch_11066"]}]},{"@type":"BreadcrumbList","@id":"https:\/\/blog.zeit.de\/stoerungsmelder\/2013\/01\/14\/naziangriff-nach-magdeburg-aufmarsch_11066#breadcrumb","itemListElement":[{"@type":"ListItem","position":1,"name":"Startseite","item":"https:\/\/blog.zeit.de\/stoerungsmelder"},{"@type":"ListItem","position":2,"name":"Naziangriff nach Magdeburg-Aufmarsch"}]},{"@type":"WebSite","@id":"https:\/\/blog.zeit.de\/stoerungsmelder\/#website","url":"https:\/\/blog.zeit.de\/stoerungsmelder\/","name":"St\u00f6rungsmelder","description":"Recherchen und Analysen \u00fcber die extreme Rechte","potentialAction":[{"@type":"SearchAction","target":{"@type":"EntryPoint","urlTemplate":"https:\/\/blog.zeit.de\/stoerungsmelder\/?s={search_term_string}"},"query-input":"required name=search_term_string"}],"inLanguage":"de"},{"@type":"Person","@id":"https:\/\/blog.zeit.de\/stoerungsmelder\/#\/schema\/person\/fdd0b9818f65738672810b6d6f037f71","name":"St\u00f6rungsmelder","image":{"@type":"ImageObject","inLanguage":"de","@id":"https:\/\/blog.zeit.de\/stoerungsmelder\/#\/schema\/person\/image\/","url":"https:\/\/secure.gravatar.com\/avatar\/dfa4be514c3e82a71e4f9a0020035d38192d080ccaa5e4e6d7a1472c763535c5?s=96&d=mm&r=pg","contentUrl":"https:\/\/secure.gravatar.com\/avatar\/dfa4be514c3e82a71e4f9a0020035d38192d080ccaa5e4e6d7a1472c763535c5?s=96&d=mm&r=pg","caption":"St\u00f6rungsmelder"},"url":"https:\/\/blog.zeit.de\/stoerungsmelder\/author\/stoerungsmelder"}]}},"jetpack_featured_media_url":"","jetpack_sharing_enabled":true,"_links":{"self":[{"href":"https:\/\/blog.zeit.de\/stoerungsmelder\/wp-json\/wp\/v2\/posts\/11066","targetHints":{"allow":["GET"]}}],"collection":[{"href":"https:\/\/blog.zeit.de\/stoerungsmelder\/wp-json\/wp\/v2\/posts"}],"about":[{"href":"https:\/\/blog.zeit.de\/stoerungsmelder\/wp-json\/wp\/v2\/types\/post"}],"author":[{"embeddable":true,"href":"https:\/\/blog.zeit.de\/stoerungsmelder\/wp-json\/wp\/v2\/users\/229"}],"replies":[{"embeddable":true,"href":"https:\/\/blog.zeit.de\/stoerungsmelder\/wp-json\/wp\/v2\/comments?post=11066"}],"version-history":[{"count":3,"href":"https:\/\/blog.zeit.de\/stoerungsmelder\/wp-json\/wp\/v2\/posts\/11066\/revisions"}],"predecessor-version":[{"id":11069,"href":"https:\/\/blog.zeit.de\/stoerungsmelder\/wp-json\/wp\/v2\/posts\/11066\/revisions\/11069"}],"wp:attachment":[{"href":"https:\/\/blog.zeit.de\/stoerungsmelder\/wp-json\/wp\/v2\/media?parent=11066"}],"wp:term":[{"taxonomy":"category","embeddable":true,"href":"https:\/\/blog.zeit.de\/stoerungsmelder\/wp-json\/wp\/v2\/categories?post=11066"},{"taxonomy":"post_tag","embeddable":true,"href":"https:\/\/blog.zeit.de\/stoerungsmelder\/wp-json\/wp\/v2\/tags?post=11066"}],"curies":[{"name":"wp","href":"https:\/\/api.w.org\/{rel}","templated":true}]}}