{"id":11080,"date":"2013-01-15T08:22:58","date_gmt":"2013-01-15T07:22:58","guid":{"rendered":"http:\/\/blog.zeit.de\/stoerungsmelder\/?p=11080"},"modified":"2013-01-15T08:23:41","modified_gmt":"2013-01-15T07:23:41","slug":"nazis-sind-gefahrlicher-als-nacktkontrollen","status":"publish","type":"post","link":"https:\/\/blog.zeit.de\/stoerungsmelder\/2013\/01\/15\/nazis-sind-gefahrlicher-als-nacktkontrollen_11080","title":{"rendered":"Nazis sind gef\u00e4hrlicher als Nacktkontrollen"},"content":{"rendered":"<div><img loading=\"lazy\" decoding=\"async\" alt=\"Aachen-Fans und Banner der Karlsbande bei einem Zweitligaspiel im August 2010\" src=\"https:\/\/img.zeit.de\/sport\/2013-01\/aachen-karlsbande\/aachen-karlsbande-540x304.jpg\" width=\"540\" height=\"304\" \/><em>Aachen-Fans und Banner der Karlsbande bei einem Zweitligaspiel im August 2010 \u00a9 Getty<\/em><\/div>\n<p>Die Aachen Ultras haben sich aufgel\u00f6st, weil sie von Rechtsextremen gejagt wurden. Nun braucht es unter Fans einen \u00e4hnlichen Aufschrei wie Ende des Jahres.<!--more--><\/p>\n<p>Was hat die Fanszene <a href=\"http:\/\/www.zeit.de\/sport\/2012-12\/dfl-sicherheitskonzept-ultras-fussball\" target=\"_blank\">Ende vergangenen Jahres<\/a> nicht alles auf die Beine gestellt: Demonstrationen, kreativen Protest, einen landesweiten Stimmungsboykott. Dabei ging es nie ums gro\u00dfe Ganze, wie die organisierten Fans immer behaupteten, sondern streng genommen nur um Kleinigkeiten: Wer bei Ausw\u00e4rtsspielen wie viele Karten bekommt, solche Sachen. Jetzt geht es um mehr.<\/p>\n<p>Die Fangruppierung &#8222;Aachen Ultras&#8220; (ACU) <a href=\"http:\/\/www.spiegel.de\/sport\/fussball\/aachen-ultras-loesen-sich-auf-a-877215.html\" target=\"_blank\">hat sich am Wochenende aufgel\u00f6st<\/a>. Die linksorientierte ACU, die sich dem Kampf gegen Rassismus, Faschismus und Homophobie verschrieben hat, wird nicht mehr die Spiele ihrer Alemannia besuchen, weil sie von Anh\u00e4ngern der Aachener &#8222;Karlsbande&#8220; aus der Kurve gedr\u00e4ngt wurde. Das gab es noch nie. Immer wieder wurden ACU-Ultras von Mitgliedern der &#8222;Karlsbande&#8220;, die sich als unpolitisch darstellt, aber auch NPD-Kadern ein Zuhause gibt, <a href=\"http:\/\/www.zeit.de\/sport\/2012-02\/aachen-karlsbande-ultras-alemannia\" target=\"_blank\">bedroht, gejagt und verpr\u00fcgelt<\/a>. Damit geht ein wichtiges Korrektiv der Aachner Fanszene verloren.<\/p>\n<p>Nun ist es Zeit f\u00fcr einen Aufschrei, am Besten gleich zum R\u00fcckrundenauftakt der Bundesliga am Wochenende. Es braucht Demonstrationen, Boykotte, Proteste, Solidarit\u00e4tsbekundungen an die Adresse der ACU. Nicht nur, weil jeder rechtsextreme Dummkopf in einem Fu\u00dfballstadion einer zu viel ist. Sondern auch, weil die Fans erkennen m\u00fcssen, dass Rechte in den Kurven derzeit ihr gr\u00f6\u00dftes Problem sind. Es ist so gro\u00df, dass die Existenz der Ultrabewegung auf dem Spiel steht. Nazis sind gef\u00e4hrlicher als Nacktkontrollen.<\/p>\n<div>\n<div>Christian Spiller<\/div>\n<p><img loading=\"lazy\" decoding=\"async\" class=\"alignleft\" alt=\"Christian Spiller\" src=\"https:\/\/img.zeit.de\/administratives\/autoreninfos\/bilder\/christian-spiller.jpg\" width=\"180\" height=\"180\" \/><\/p>\n<div>\u00a9 ZEIT ONLINE<\/div>\n<div>\n<p><em>Christian Spiller ist Redakteur im Ressort Sport bei ZEIT\u00a0ONLINE. <a href=\"http:\/\/community.zeit.de\/user\/christian-spiller\">Seine Profilseite finden Sie hier<\/a>.<\/em><\/p>\n<p>Nicht nur in Aachen, auch in Braunschweig, Dortmund, D\u00fcsseldorf und anderswo <a href=\"http:\/\/www.zeit.de\/sport\/2012-11\/nazi-neonazi-aachen-braunschweig\" target=\"_blank\">mischt sich die rechte Szene ins Stadion<\/a>. Neonazis entdecken die Kurven wieder f\u00fcr sich, zeigen sich, rekrutieren oder verbreiten dreist ihre Parolen wie zum Saisonbeginn Anh\u00e4nger von Borussia Dortmund, die mittels Spruchband <a href=\"http:\/\/www.focus.de\/sport\/fussball\/rechte-gesinnung-im-fanblock-dortmund-fans-hissen-nazi-plakat_aid_808065.html\" target=\"_blank\">Unterst\u00fctzung mit einer verbotenen, rechtsextremen Gruppierung zeigten<\/a>.<\/p>\n<\/div>\n<\/div>\n<p>Nat\u00fcrlich ist es nicht allein Aufgabe der organisierten Fans, das Problem anzugehen. Auch die Politik, Polizei, Verb\u00e4nde und Vereine sind gefordert. Vor allem letztere agieren bis jetzt oft noch hilflos bis ignorant. Doch die Fans haben im Dezember gezeigt, welche Macht sie haben, welche Wirkung sie medial erzielen k\u00f6nnen.<\/p>\n<p>Etwa 250 Ultras aus ganz Deutschland waren am Wochenende zum symbolischen letzten Auftritt der ACU ins K\u00f6lner Flughafenstadion gekommen. Doch das reicht nicht aus. Noch ist die Solidarit\u00e4t mit rechten Fu\u00dfballfans viel gr\u00f6\u00dfer, als sie sein d\u00fcrfte. Zu oft schauen Fans noch weg, nach dem Motto: &#8222;Die waren doch schon immer da. Und die wollen wie wir doch nur Fu\u00dfball gucken.&#8220; Eine Einstellung, die auch auf den Haupttrib\u00fcnen dieses Landes mehrheitsf\u00e4hig sein k\u00f6nnte.<\/p>\n<p>Im Vergleich zu den gro\u00dfen Ligen Europas, zu England und Spanien, haben die Fans in den Kurven hierzulande noch immer einen gro\u00dfen Freiraum. Wollen sie den nicht verlieren, m\u00fcssen sie gegen Rechtsextreme in ihren Reihen vorgehen, die genau diese Freiheiten missbrauchen. Sonst werden irgendwann Vereine und Liga eingreifen und mit ihren Ma\u00dfnahmen alle Fans treffen.<\/p>\n<p>Sp\u00e4testens dann wird wieder flei\u00dfig demonstriert werden. Aber dann k\u00f6nnte es zu sp\u00e4t sein.<\/p>\n","protected":false},"excerpt":{"rendered":"<p>Aachen-Fans und Banner der Karlsbande bei einem Zweitligaspiel im August 2010 \u00a9 Getty Die Aachen Ultras haben sich aufgel\u00f6st, weil sie von Rechtsextremen gejagt wurden. Nun braucht es unter Fans einen \u00e4hnlichen Aufschrei wie Ende des Jahres.<\/p>\n","protected":false},"author":229,"featured_media":0,"comment_status":"open","ping_status":"open","sticky":false,"template":"","format":"standard","meta":{"_jetpack_memberships_contains_paid_content":false,"footnotes":""},"categories":[1291],"tags":[666],"class_list":["post-11080","post","type-post","status-publish","format-standard","hentry","category-nordrhein-westfalen","tag-fusball"],"yoast_head":"<!-- This site is optimized with the Yoast SEO plugin v21.0 - https:\/\/yoast.com\/wordpress\/plugins\/seo\/ -->\n<title>Nazis sind gef\u00e4hrlicher als Nacktkontrollen - St\u00f6rungsmelder<\/title>\n<meta name=\"robots\" content=\"index, follow, max-snippet:-1, max-image-preview:large, max-video-preview:-1\" \/>\n<link rel=\"canonical\" href=\"https:\/\/blog.zeit.de\/stoerungsmelder\/2013\/01\/15\/nazis-sind-gefahrlicher-als-nacktkontrollen_11080\" \/>\n<meta property=\"og:locale\" content=\"de_DE\" \/>\n<meta property=\"og:type\" content=\"article\" \/>\n<meta property=\"og:title\" content=\"Nazis sind gef\u00e4hrlicher als Nacktkontrollen - St\u00f6rungsmelder\" \/>\n<meta property=\"og:description\" content=\"Aachen-Fans und Banner der Karlsbande bei einem Zweitligaspiel im August 2010 \u00a9 Getty Die Aachen Ultras haben sich aufgel\u00f6st, weil sie von Rechtsextremen gejagt wurden. Nun braucht es unter Fans einen \u00e4hnlichen Aufschrei wie Ende des Jahres.\" \/>\n<meta property=\"og:url\" content=\"https:\/\/blog.zeit.de\/stoerungsmelder\/2013\/01\/15\/nazis-sind-gefahrlicher-als-nacktkontrollen_11080\" \/>\n<meta property=\"og:site_name\" content=\"St\u00f6rungsmelder\" \/>\n<meta property=\"article:published_time\" content=\"2013-01-15T07:22:58+00:00\" \/>\n<meta property=\"article:modified_time\" content=\"2013-01-15T07:23:41+00:00\" \/>\n<meta property=\"og:image\" content=\"https:\/\/img.zeit.de\/sport\/2013-01\/aachen-karlsbande\/aachen-karlsbande-540x304.jpg\" \/>\n<meta name=\"author\" content=\"St\u00f6rungsmelder\" \/>\n<meta name=\"twitter:card\" content=\"summary_large_image\" \/>\n<meta name=\"twitter:label1\" content=\"Geschrieben von\" \/>\n\t<meta name=\"twitter:data1\" content=\"St\u00f6rungsmelder\" \/>\n\t<meta name=\"twitter:label2\" content=\"Gesch\u00e4tzte Lesezeit\" \/>\n\t<meta name=\"twitter:data2\" content=\"3\u00a0Minuten\" \/>\n<script type=\"application\/ld+json\" class=\"yoast-schema-graph\">{\"@context\":\"https:\/\/schema.org\",\"@graph\":[{\"@type\":\"WebPage\",\"@id\":\"https:\/\/blog.zeit.de\/stoerungsmelder\/2013\/01\/15\/nazis-sind-gefahrlicher-als-nacktkontrollen_11080\",\"url\":\"https:\/\/blog.zeit.de\/stoerungsmelder\/2013\/01\/15\/nazis-sind-gefahrlicher-als-nacktkontrollen_11080\",\"name\":\"Nazis sind gef\u00e4hrlicher als Nacktkontrollen - St\u00f6rungsmelder\",\"isPartOf\":{\"@id\":\"https:\/\/blog.zeit.de\/stoerungsmelder\/#website\"},\"datePublished\":\"2013-01-15T07:22:58+00:00\",\"dateModified\":\"2013-01-15T07:23:41+00:00\",\"author\":{\"@id\":\"https:\/\/blog.zeit.de\/stoerungsmelder\/#\/schema\/person\/fdd0b9818f65738672810b6d6f037f71\"},\"breadcrumb\":{\"@id\":\"https:\/\/blog.zeit.de\/stoerungsmelder\/2013\/01\/15\/nazis-sind-gefahrlicher-als-nacktkontrollen_11080#breadcrumb\"},\"inLanguage\":\"de\",\"potentialAction\":[{\"@type\":\"ReadAction\",\"target\":[\"https:\/\/blog.zeit.de\/stoerungsmelder\/2013\/01\/15\/nazis-sind-gefahrlicher-als-nacktkontrollen_11080\"]}]},{\"@type\":\"BreadcrumbList\",\"@id\":\"https:\/\/blog.zeit.de\/stoerungsmelder\/2013\/01\/15\/nazis-sind-gefahrlicher-als-nacktkontrollen_11080#breadcrumb\",\"itemListElement\":[{\"@type\":\"ListItem\",\"position\":1,\"name\":\"Startseite\",\"item\":\"https:\/\/blog.zeit.de\/stoerungsmelder\"},{\"@type\":\"ListItem\",\"position\":2,\"name\":\"Nazis sind gef\u00e4hrlicher als Nacktkontrollen\"}]},{\"@type\":\"WebSite\",\"@id\":\"https:\/\/blog.zeit.de\/stoerungsmelder\/#website\",\"url\":\"https:\/\/blog.zeit.de\/stoerungsmelder\/\",\"name\":\"St\u00f6rungsmelder\",\"description\":\"Recherchen und Analysen \u00fcber die extreme Rechte\",\"potentialAction\":[{\"@type\":\"SearchAction\",\"target\":{\"@type\":\"EntryPoint\",\"urlTemplate\":\"https:\/\/blog.zeit.de\/stoerungsmelder\/?s={search_term_string}\"},\"query-input\":\"required name=search_term_string\"}],\"inLanguage\":\"de\"},{\"@type\":\"Person\",\"@id\":\"https:\/\/blog.zeit.de\/stoerungsmelder\/#\/schema\/person\/fdd0b9818f65738672810b6d6f037f71\",\"name\":\"St\u00f6rungsmelder\",\"image\":{\"@type\":\"ImageObject\",\"inLanguage\":\"de\",\"@id\":\"https:\/\/blog.zeit.de\/stoerungsmelder\/#\/schema\/person\/image\/\",\"url\":\"https:\/\/secure.gravatar.com\/avatar\/dfa4be514c3e82a71e4f9a0020035d38192d080ccaa5e4e6d7a1472c763535c5?s=96&d=mm&r=pg\",\"contentUrl\":\"https:\/\/secure.gravatar.com\/avatar\/dfa4be514c3e82a71e4f9a0020035d38192d080ccaa5e4e6d7a1472c763535c5?s=96&d=mm&r=pg\",\"caption\":\"St\u00f6rungsmelder\"},\"url\":\"https:\/\/blog.zeit.de\/stoerungsmelder\/author\/stoerungsmelder\"}]}<\/script>\n<!-- \/ Yoast SEO plugin. -->","yoast_head_json":{"title":"Nazis sind gef\u00e4hrlicher als Nacktkontrollen - St\u00f6rungsmelder","robots":{"index":"index","follow":"follow","max-snippet":"max-snippet:-1","max-image-preview":"max-image-preview:large","max-video-preview":"max-video-preview:-1"},"canonical":"https:\/\/blog.zeit.de\/stoerungsmelder\/2013\/01\/15\/nazis-sind-gefahrlicher-als-nacktkontrollen_11080","og_locale":"de_DE","og_type":"article","og_title":"Nazis sind gef\u00e4hrlicher als Nacktkontrollen - St\u00f6rungsmelder","og_description":"Aachen-Fans und Banner der Karlsbande bei einem Zweitligaspiel im August 2010 \u00a9 Getty Die Aachen Ultras haben sich aufgel\u00f6st, weil sie von Rechtsextremen gejagt wurden. Nun braucht es unter Fans einen \u00e4hnlichen Aufschrei wie Ende des Jahres.","og_url":"https:\/\/blog.zeit.de\/stoerungsmelder\/2013\/01\/15\/nazis-sind-gefahrlicher-als-nacktkontrollen_11080","og_site_name":"St\u00f6rungsmelder","article_published_time":"2013-01-15T07:22:58+00:00","article_modified_time":"2013-01-15T07:23:41+00:00","og_image":[{"url":"https:\/\/img.zeit.de\/sport\/2013-01\/aachen-karlsbande\/aachen-karlsbande-540x304.jpg"}],"author":"St\u00f6rungsmelder","twitter_card":"summary_large_image","twitter_misc":{"Geschrieben von":"St\u00f6rungsmelder","Gesch\u00e4tzte Lesezeit":"3\u00a0Minuten"},"schema":{"@context":"https:\/\/schema.org","@graph":[{"@type":"WebPage","@id":"https:\/\/blog.zeit.de\/stoerungsmelder\/2013\/01\/15\/nazis-sind-gefahrlicher-als-nacktkontrollen_11080","url":"https:\/\/blog.zeit.de\/stoerungsmelder\/2013\/01\/15\/nazis-sind-gefahrlicher-als-nacktkontrollen_11080","name":"Nazis sind gef\u00e4hrlicher als Nacktkontrollen - St\u00f6rungsmelder","isPartOf":{"@id":"https:\/\/blog.zeit.de\/stoerungsmelder\/#website"},"datePublished":"2013-01-15T07:22:58+00:00","dateModified":"2013-01-15T07:23:41+00:00","author":{"@id":"https:\/\/blog.zeit.de\/stoerungsmelder\/#\/schema\/person\/fdd0b9818f65738672810b6d6f037f71"},"breadcrumb":{"@id":"https:\/\/blog.zeit.de\/stoerungsmelder\/2013\/01\/15\/nazis-sind-gefahrlicher-als-nacktkontrollen_11080#breadcrumb"},"inLanguage":"de","potentialAction":[{"@type":"ReadAction","target":["https:\/\/blog.zeit.de\/stoerungsmelder\/2013\/01\/15\/nazis-sind-gefahrlicher-als-nacktkontrollen_11080"]}]},{"@type":"BreadcrumbList","@id":"https:\/\/blog.zeit.de\/stoerungsmelder\/2013\/01\/15\/nazis-sind-gefahrlicher-als-nacktkontrollen_11080#breadcrumb","itemListElement":[{"@type":"ListItem","position":1,"name":"Startseite","item":"https:\/\/blog.zeit.de\/stoerungsmelder"},{"@type":"ListItem","position":2,"name":"Nazis sind gef\u00e4hrlicher als Nacktkontrollen"}]},{"@type":"WebSite","@id":"https:\/\/blog.zeit.de\/stoerungsmelder\/#website","url":"https:\/\/blog.zeit.de\/stoerungsmelder\/","name":"St\u00f6rungsmelder","description":"Recherchen und Analysen \u00fcber die extreme Rechte","potentialAction":[{"@type":"SearchAction","target":{"@type":"EntryPoint","urlTemplate":"https:\/\/blog.zeit.de\/stoerungsmelder\/?s={search_term_string}"},"query-input":"required name=search_term_string"}],"inLanguage":"de"},{"@type":"Person","@id":"https:\/\/blog.zeit.de\/stoerungsmelder\/#\/schema\/person\/fdd0b9818f65738672810b6d6f037f71","name":"St\u00f6rungsmelder","image":{"@type":"ImageObject","inLanguage":"de","@id":"https:\/\/blog.zeit.de\/stoerungsmelder\/#\/schema\/person\/image\/","url":"https:\/\/secure.gravatar.com\/avatar\/dfa4be514c3e82a71e4f9a0020035d38192d080ccaa5e4e6d7a1472c763535c5?s=96&d=mm&r=pg","contentUrl":"https:\/\/secure.gravatar.com\/avatar\/dfa4be514c3e82a71e4f9a0020035d38192d080ccaa5e4e6d7a1472c763535c5?s=96&d=mm&r=pg","caption":"St\u00f6rungsmelder"},"url":"https:\/\/blog.zeit.de\/stoerungsmelder\/author\/stoerungsmelder"}]}},"jetpack_featured_media_url":"","jetpack_sharing_enabled":true,"_links":{"self":[{"href":"https:\/\/blog.zeit.de\/stoerungsmelder\/wp-json\/wp\/v2\/posts\/11080","targetHints":{"allow":["GET"]}}],"collection":[{"href":"https:\/\/blog.zeit.de\/stoerungsmelder\/wp-json\/wp\/v2\/posts"}],"about":[{"href":"https:\/\/blog.zeit.de\/stoerungsmelder\/wp-json\/wp\/v2\/types\/post"}],"author":[{"embeddable":true,"href":"https:\/\/blog.zeit.de\/stoerungsmelder\/wp-json\/wp\/v2\/users\/229"}],"replies":[{"embeddable":true,"href":"https:\/\/blog.zeit.de\/stoerungsmelder\/wp-json\/wp\/v2\/comments?post=11080"}],"version-history":[{"count":2,"href":"https:\/\/blog.zeit.de\/stoerungsmelder\/wp-json\/wp\/v2\/posts\/11080\/revisions"}],"predecessor-version":[{"id":11082,"href":"https:\/\/blog.zeit.de\/stoerungsmelder\/wp-json\/wp\/v2\/posts\/11080\/revisions\/11082"}],"wp:attachment":[{"href":"https:\/\/blog.zeit.de\/stoerungsmelder\/wp-json\/wp\/v2\/media?parent=11080"}],"wp:term":[{"taxonomy":"category","embeddable":true,"href":"https:\/\/blog.zeit.de\/stoerungsmelder\/wp-json\/wp\/v2\/categories?post=11080"},{"taxonomy":"post_tag","embeddable":true,"href":"https:\/\/blog.zeit.de\/stoerungsmelder\/wp-json\/wp\/v2\/tags?post=11080"}],"curies":[{"name":"wp","href":"https:\/\/api.w.org\/{rel}","templated":true}]}}