{"id":11156,"date":"2013-01-24T09:38:38","date_gmt":"2013-01-24T08:38:38","guid":{"rendered":"http:\/\/blog.zeit.de\/stoerungsmelder\/?p=11156"},"modified":"2013-01-24T09:38:38","modified_gmt":"2013-01-24T08:38:38","slug":"milde-urteile-nach-brutalen-naziangriffen","status":"publish","type":"post","link":"https:\/\/blog.zeit.de\/stoerungsmelder\/2013\/01\/24\/milde-urteile-nach-brutalen-naziangriffen_11156","title":{"rendered":"Milde Urteile nach brutalen Naziangriffen"},"content":{"rendered":"<p><figure id=\"attachment_11158\" aria-describedby=\"caption-attachment-11158\" style=\"width: 540px\" class=\"wp-caption aligncenter\"><a href=\"https:\/\/blog.zeit.de\/stoerungsmelder\/2013\/01\/24\/milde-urteile-nach-brutalen-naziangriffen_11156\/tddz-hamburg-2\" rel=\"attachment wp-att-11158\"><img loading=\"lazy\" decoding=\"async\" class=\"size-full wp-image-11158 \" alt=\"TddZ Hamburg\" src=\"https:\/\/blog.zeit.de\/stoerungsmelder\/files\/2013\/01\/TddZ-Hamburg-e1358963192711.jpg\" width=\"540\" height=\"360\" \/><\/a><figcaption id=\"caption-attachment-11158\" class=\"wp-caption-text\">Die Neonazi-Szene in Barsinghausen ist f\u00fcr regelm\u00e4\u00dfige Gewalttaten bekannt \u00a9 monitorex<\/figcaption><\/figure><\/p>\n<p>Unter verst\u00e4rkten Sicherheitsvorkehrungen fand am heutigen Mittwoch eine Verhandlung vor dem Amtsgericht Wennigsen (Deister) gegen mehrere Personen der rechten Szene in Barsinghausen (Region Hannnover) statt. Angeklagt waren sechs Personen, denen gleich eine Vielzahl von Straftaten vorgeworfen wurde. Die Palette der Anklagen reichte von Sachbesch\u00e4digungen \u00fcber Beleidigungen und Verwendung verfassungswidriger Kennzeichen bis hin zu gef\u00e4hrlicher K\u00f6rperverletzung. So griff eine Gruppe Neonazis im Mai 2011 einen PKW einer Gruppe von politischen Gegnern an. Und in einem weiteren Fall wurde im November 2010 ein Mitarbeiter der Bahnsicherheit von einer Gruppe erst beleidigt und dann von einem Neonazi auf die Gleise vor eine wartende S-Bahn geschubst.<!--more--><\/p>\n<p><em>Ein Gastbeitrag von monitorex<\/em><\/p>\n<p>Der zu erwartende langwierige Prozess mit insgesamt 18 Zeug_innen und vier Nebenkl\u00e4gern ging dann jedoch sehr schnell \u00fcber die B\u00fchne, da man sich vor Beginn der Hauptverhandlung in einem Rechtsgespr\u00e4ch einigte. Die Folge der Verst\u00e4ndigung: drei Angeklagte mit weniger schweren Straftaten kamen ungeschoren davon, ihre Verfahren wurden eingestellt. Die verbleibenden drei Angeklagten mussten sich nur noch f\u00fcr zwei unterschiedliche Angriffe verantworten, auch bei ihnen wurden geringf\u00fcgigere Anklagepunkte fallen gelassen. Daf\u00fcr sicherten die drei zu, die verbleibenden Vorw\u00fcrfe vollumfassend zu gestehen. Alle drei sind dem Gericht keine Unbekannten und alle drei sind in der Vergangenheit als Aktivisten der rechten Szene von Barsinghausen in Erscheinung getreten. Aufgrund ihrer Gest\u00e4ndnisse bekamen die jungen M\u00e4nner vergleichsweise geringe Strafen, nach Auffassung der Nebenklagevertretung und der Opfer der Rechten zu milde Strafen, da viele Delikte fallen gelassen wurden.<\/p>\n<p><strong>Mildes Strafma\u00df<\/strong><\/p>\n<p>Kevin S. wurde wegen gef\u00e4hrlicher K\u00f6rperverletzung zu sechs Monaten auf drei Jahre Bew\u00e4hrung verurteilt. Er gestand, aus einer Gruppe heraus einen PKW angegriffen zu haben, dessen Fahrzeuginsassen den lokalen Neonazis als Linke bekannt sind. Die Gruppe der Rechten ging, nachdem sie hinter dem Bahnhof auf ihre Opfer stie\u00dfen, sofort auf den PKW los. Sie umringten ihn, bedrohten und beleidigten die Personen im Auto und besch\u00e4digten den Wagen mit Tritten und Schl\u00e4gen. Dabei soll die Gruppe der Angreifer unter anderem gerufen haben &#8222;Wir machen euch Linke kalt!&#8220; Der Angriff gipfelte in einem Flaschenwurf, der so stark war, dass eine Bierflasche das Fenster durchschlug und dabei eine Person im Wagen am Jochbein verletzte und weitere Mitfahrer Schnittverletzungen erlitten. Dementsprechend kamen zum Strafma\u00df auch noch Schmerzensgeldzahlungen hinzu.<\/p>\n<p><figure id=\"attachment_11157\" aria-describedby=\"caption-attachment-11157\" style=\"width: 300px\" class=\"wp-caption alignleft\"><a href=\"https:\/\/blog.zeit.de\/stoerungsmelder\/2013\/01\/24\/milde-urteile-nach-brutalen-naziangriffen_11156\/naziparole-barsinghausen\" rel=\"attachment wp-att-11157\"><img loading=\"lazy\" decoding=\"async\" class=\"size-full wp-image-11157 \" alt=\"Naziparole Barsinghausen\" src=\"https:\/\/blog.zeit.de\/stoerungsmelder\/files\/2013\/01\/Naziparole-Barsinghausen-e1358963303548.jpg\" width=\"300\" height=\"200\" \/><\/a><figcaption id=\"caption-attachment-11157\" class=\"wp-caption-text\">Alltag in Barsinghausen &#8211; Naziaprolen an einer Hauswand \u00a9 monitorex<\/figcaption><\/figure><\/p>\n<p>Zwei weitere Neonazis wurden nach Jugendstrafrecht verurteilt. Auch sie gestanden und r\u00e4umten die Vorw\u00fcrfe der Anklage ein. Demnach hatte der Angeklagte R. zun\u00e4chst in einer S-Bahn nach Barsinghausen aus einer Gruppe heraus die Schaffnerin aufs \u00dcbelste sexistisch beleidigt und in der Folge zur Hilfe eilende Mitarbeiter des Bahnsicherheitsdienstes ebenfalls angep\u00f6belt und einen der Mitarbeiter versucht anzugehen. Die Situation eskalierte dann auf dem Bahnsteig im Bahnhof von Barsinghausen, nachdem die rechte Gruppe aus der S-Bahn gedr\u00e4ngt wurde. Hier griff der dritte verbleibende Angeklagte F. einen der beiden Wachm\u00e4nner an, indem er ihn mit voller Wucht vom Bahnsteig vor die wartende S-Bahn auf die Gleise schubste. Der S-Bahnfahrer bekam den Tumult auf dem Bahnsteig gl\u00fccklicherweise mit, so dass der Zug noch nicht wieder anfuhr. Der ins Gleisbett gest\u00fcrzte Bahnmitarbeiter verletzte sich so stark am Knie, dass er zwei Wochen dienstunf\u00e4hig war. Die Folge f\u00fcr die beiden T\u00e4ter sind 500 Euro Geldstrafe f\u00fcr die Beleidigungen f\u00fcr den Angeklagten R. und Freizeitarrest f\u00fcr F. f\u00fcr den gef\u00e4hrlichen Angriff auf den Wachmann.<\/p>\n<p><strong>Jung, brutal und skrupellos<\/strong><\/p>\n<p>Angriffe und Bedrohungen von Neonazis in der S-Bahn und im Bahnhofsumfeld sind in Barsinghausen nach Schilderungen von Betroffenen keine Seltenheit. Alternative und linke Jugendliche berichten immer wieder von Drohungen, so dass viele die S-Bahn zu bestimmten Zeiten meiden oder nur noch mit mehreren Personen Bahn fahren. Ver\u00e4ngstigte Fahrg\u00e4ste und in die Scheiben der S-Bahnen eingeritzte Nazisymbole zeugen von der Drohkulisse, die die lokale rechte Szene dort aufbaut. Eine weitere urspr\u00fcnglich angeklagte Straftat wurde im Zuge der Verfahrensstraffung des heutigen Prozesses nicht mehr mitverhandelt: Einer der angeklagten Neonazis soll seine Freunde vor dem Bahnhof unter den Augen der Polizei mit &#8222;Heil Hitler&#8220; gegr\u00fc\u00dft haben. Genau dieses politische Umfeld steht auch in Verdacht, f\u00fcr einen weiteren Angriff verantwortlich zu sein. Im Februar letzten Jahres wurden zwei Frauen aus Ruanda von einer Gruppe Neonazis in der S-Bahn zun\u00e4chst angep\u00f6belt und dann mit Reizgas angegriffen. Die T\u00e4ter wurden im Bahnhof Barsinghausen von der Polizei gestellt, hier steht ein Gerichtsprozess noch aus. In einem weiteren Ermittlungsverfahren wird einer der Neonazis aus Barsinghausen beschuldigt, politische Gegner mit einem Messer angegriffen zu haben.<\/p>\n","protected":false},"excerpt":{"rendered":"<p>Unter verst\u00e4rkten Sicherheitsvorkehrungen fand am heutigen Mittwoch eine Verhandlung vor dem Amtsgericht Wennigsen (Deister) gegen mehrere Personen der rechten Szene in Barsinghausen (Region Hannnover) statt. Angeklagt waren sechs Personen, denen gleich eine Vielzahl von Straftaten vorgeworfen wurde. Die Palette der Anklagen reichte von Sachbesch\u00e4digungen \u00fcber Beleidigungen und Verwendung verfassungswidriger Kennzeichen bis hin zu gef\u00e4hrlicher K\u00f6rperverletzung. [&hellip;]<\/p>\n","protected":false},"author":229,"featured_media":0,"comment_status":"open","ping_status":"open","sticky":false,"template":"","format":"standard","meta":{"_jetpack_memberships_contains_paid_content":false,"footnotes":""},"categories":[1454],"tags":[1638,1755,6388],"class_list":["post-11156","post","type-post","status-publish","format-standard","hentry","category-niedersachsen","tag-justiz","tag-rechte-gewalt","tag-urteil"],"yoast_head":"<!-- This site is optimized with the Yoast SEO plugin v21.0 - https:\/\/yoast.com\/wordpress\/plugins\/seo\/ -->\n<title>Milde Urteile nach brutalen Naziangriffen - St\u00f6rungsmelder<\/title>\n<meta name=\"robots\" content=\"index, follow, max-snippet:-1, max-image-preview:large, max-video-preview:-1\" \/>\n<link rel=\"canonical\" href=\"https:\/\/blog.zeit.de\/stoerungsmelder\/2013\/01\/24\/milde-urteile-nach-brutalen-naziangriffen_11156\" \/>\n<meta property=\"og:locale\" content=\"de_DE\" \/>\n<meta property=\"og:type\" content=\"article\" \/>\n<meta property=\"og:title\" content=\"Milde Urteile nach brutalen Naziangriffen - St\u00f6rungsmelder\" \/>\n<meta property=\"og:description\" content=\"Unter verst\u00e4rkten Sicherheitsvorkehrungen fand am heutigen Mittwoch eine Verhandlung vor dem Amtsgericht Wennigsen (Deister) gegen mehrere Personen der rechten Szene in Barsinghausen (Region Hannnover) statt. Angeklagt waren sechs Personen, denen gleich eine Vielzahl von Straftaten vorgeworfen wurde. Die Palette der Anklagen reichte von Sachbesch\u00e4digungen \u00fcber Beleidigungen und Verwendung verfassungswidriger Kennzeichen bis hin zu gef\u00e4hrlicher K\u00f6rperverletzung. [&hellip;]\" \/>\n<meta property=\"og:url\" content=\"https:\/\/blog.zeit.de\/stoerungsmelder\/2013\/01\/24\/milde-urteile-nach-brutalen-naziangriffen_11156\" \/>\n<meta property=\"og:site_name\" content=\"St\u00f6rungsmelder\" \/>\n<meta property=\"article:published_time\" content=\"2013-01-24T08:38:38+00:00\" \/>\n<meta property=\"og:image\" content=\"https:\/\/blog.zeit.de\/stoerungsmelder\/files\/2013\/01\/TddZ-Hamburg-e1358963192711.jpg\" \/>\n<meta name=\"author\" content=\"St\u00f6rungsmelder\" \/>\n<meta name=\"twitter:card\" content=\"summary_large_image\" \/>\n<meta name=\"twitter:label1\" content=\"Geschrieben von\" \/>\n\t<meta name=\"twitter:data1\" content=\"St\u00f6rungsmelder\" \/>\n\t<meta name=\"twitter:label2\" content=\"Gesch\u00e4tzte Lesezeit\" \/>\n\t<meta name=\"twitter:data2\" content=\"4\u00a0Minuten\" \/>\n<script type=\"application\/ld+json\" class=\"yoast-schema-graph\">{\"@context\":\"https:\/\/schema.org\",\"@graph\":[{\"@type\":\"WebPage\",\"@id\":\"https:\/\/blog.zeit.de\/stoerungsmelder\/2013\/01\/24\/milde-urteile-nach-brutalen-naziangriffen_11156\",\"url\":\"https:\/\/blog.zeit.de\/stoerungsmelder\/2013\/01\/24\/milde-urteile-nach-brutalen-naziangriffen_11156\",\"name\":\"Milde Urteile nach brutalen Naziangriffen - St\u00f6rungsmelder\",\"isPartOf\":{\"@id\":\"https:\/\/blog.zeit.de\/stoerungsmelder\/#website\"},\"datePublished\":\"2013-01-24T08:38:38+00:00\",\"dateModified\":\"2013-01-24T08:38:38+00:00\",\"author\":{\"@id\":\"https:\/\/blog.zeit.de\/stoerungsmelder\/#\/schema\/person\/fdd0b9818f65738672810b6d6f037f71\"},\"breadcrumb\":{\"@id\":\"https:\/\/blog.zeit.de\/stoerungsmelder\/2013\/01\/24\/milde-urteile-nach-brutalen-naziangriffen_11156#breadcrumb\"},\"inLanguage\":\"de\",\"potentialAction\":[{\"@type\":\"ReadAction\",\"target\":[\"https:\/\/blog.zeit.de\/stoerungsmelder\/2013\/01\/24\/milde-urteile-nach-brutalen-naziangriffen_11156\"]}]},{\"@type\":\"BreadcrumbList\",\"@id\":\"https:\/\/blog.zeit.de\/stoerungsmelder\/2013\/01\/24\/milde-urteile-nach-brutalen-naziangriffen_11156#breadcrumb\",\"itemListElement\":[{\"@type\":\"ListItem\",\"position\":1,\"name\":\"Startseite\",\"item\":\"https:\/\/blog.zeit.de\/stoerungsmelder\"},{\"@type\":\"ListItem\",\"position\":2,\"name\":\"Milde Urteile nach brutalen Naziangriffen\"}]},{\"@type\":\"WebSite\",\"@id\":\"https:\/\/blog.zeit.de\/stoerungsmelder\/#website\",\"url\":\"https:\/\/blog.zeit.de\/stoerungsmelder\/\",\"name\":\"St\u00f6rungsmelder\",\"description\":\"Recherchen und Analysen \u00fcber die extreme Rechte\",\"potentialAction\":[{\"@type\":\"SearchAction\",\"target\":{\"@type\":\"EntryPoint\",\"urlTemplate\":\"https:\/\/blog.zeit.de\/stoerungsmelder\/?s={search_term_string}\"},\"query-input\":\"required name=search_term_string\"}],\"inLanguage\":\"de\"},{\"@type\":\"Person\",\"@id\":\"https:\/\/blog.zeit.de\/stoerungsmelder\/#\/schema\/person\/fdd0b9818f65738672810b6d6f037f71\",\"name\":\"St\u00f6rungsmelder\",\"image\":{\"@type\":\"ImageObject\",\"inLanguage\":\"de\",\"@id\":\"https:\/\/blog.zeit.de\/stoerungsmelder\/#\/schema\/person\/image\/\",\"url\":\"https:\/\/secure.gravatar.com\/avatar\/dfa4be514c3e82a71e4f9a0020035d38192d080ccaa5e4e6d7a1472c763535c5?s=96&d=mm&r=pg\",\"contentUrl\":\"https:\/\/secure.gravatar.com\/avatar\/dfa4be514c3e82a71e4f9a0020035d38192d080ccaa5e4e6d7a1472c763535c5?s=96&d=mm&r=pg\",\"caption\":\"St\u00f6rungsmelder\"},\"url\":\"https:\/\/blog.zeit.de\/stoerungsmelder\/author\/stoerungsmelder\"}]}<\/script>\n<!-- \/ Yoast SEO plugin. -->","yoast_head_json":{"title":"Milde Urteile nach brutalen Naziangriffen - St\u00f6rungsmelder","robots":{"index":"index","follow":"follow","max-snippet":"max-snippet:-1","max-image-preview":"max-image-preview:large","max-video-preview":"max-video-preview:-1"},"canonical":"https:\/\/blog.zeit.de\/stoerungsmelder\/2013\/01\/24\/milde-urteile-nach-brutalen-naziangriffen_11156","og_locale":"de_DE","og_type":"article","og_title":"Milde Urteile nach brutalen Naziangriffen - St\u00f6rungsmelder","og_description":"Unter verst\u00e4rkten Sicherheitsvorkehrungen fand am heutigen Mittwoch eine Verhandlung vor dem Amtsgericht Wennigsen (Deister) gegen mehrere Personen der rechten Szene in Barsinghausen (Region Hannnover) statt. Angeklagt waren sechs Personen, denen gleich eine Vielzahl von Straftaten vorgeworfen wurde. Die Palette der Anklagen reichte von Sachbesch\u00e4digungen \u00fcber Beleidigungen und Verwendung verfassungswidriger Kennzeichen bis hin zu gef\u00e4hrlicher K\u00f6rperverletzung. [&hellip;]","og_url":"https:\/\/blog.zeit.de\/stoerungsmelder\/2013\/01\/24\/milde-urteile-nach-brutalen-naziangriffen_11156","og_site_name":"St\u00f6rungsmelder","article_published_time":"2013-01-24T08:38:38+00:00","og_image":[{"url":"https:\/\/blog.zeit.de\/stoerungsmelder\/files\/2013\/01\/TddZ-Hamburg-e1358963192711.jpg"}],"author":"St\u00f6rungsmelder","twitter_card":"summary_large_image","twitter_misc":{"Geschrieben von":"St\u00f6rungsmelder","Gesch\u00e4tzte Lesezeit":"4\u00a0Minuten"},"schema":{"@context":"https:\/\/schema.org","@graph":[{"@type":"WebPage","@id":"https:\/\/blog.zeit.de\/stoerungsmelder\/2013\/01\/24\/milde-urteile-nach-brutalen-naziangriffen_11156","url":"https:\/\/blog.zeit.de\/stoerungsmelder\/2013\/01\/24\/milde-urteile-nach-brutalen-naziangriffen_11156","name":"Milde Urteile nach brutalen Naziangriffen - St\u00f6rungsmelder","isPartOf":{"@id":"https:\/\/blog.zeit.de\/stoerungsmelder\/#website"},"datePublished":"2013-01-24T08:38:38+00:00","dateModified":"2013-01-24T08:38:38+00:00","author":{"@id":"https:\/\/blog.zeit.de\/stoerungsmelder\/#\/schema\/person\/fdd0b9818f65738672810b6d6f037f71"},"breadcrumb":{"@id":"https:\/\/blog.zeit.de\/stoerungsmelder\/2013\/01\/24\/milde-urteile-nach-brutalen-naziangriffen_11156#breadcrumb"},"inLanguage":"de","potentialAction":[{"@type":"ReadAction","target":["https:\/\/blog.zeit.de\/stoerungsmelder\/2013\/01\/24\/milde-urteile-nach-brutalen-naziangriffen_11156"]}]},{"@type":"BreadcrumbList","@id":"https:\/\/blog.zeit.de\/stoerungsmelder\/2013\/01\/24\/milde-urteile-nach-brutalen-naziangriffen_11156#breadcrumb","itemListElement":[{"@type":"ListItem","position":1,"name":"Startseite","item":"https:\/\/blog.zeit.de\/stoerungsmelder"},{"@type":"ListItem","position":2,"name":"Milde Urteile nach brutalen Naziangriffen"}]},{"@type":"WebSite","@id":"https:\/\/blog.zeit.de\/stoerungsmelder\/#website","url":"https:\/\/blog.zeit.de\/stoerungsmelder\/","name":"St\u00f6rungsmelder","description":"Recherchen und Analysen \u00fcber die extreme Rechte","potentialAction":[{"@type":"SearchAction","target":{"@type":"EntryPoint","urlTemplate":"https:\/\/blog.zeit.de\/stoerungsmelder\/?s={search_term_string}"},"query-input":"required name=search_term_string"}],"inLanguage":"de"},{"@type":"Person","@id":"https:\/\/blog.zeit.de\/stoerungsmelder\/#\/schema\/person\/fdd0b9818f65738672810b6d6f037f71","name":"St\u00f6rungsmelder","image":{"@type":"ImageObject","inLanguage":"de","@id":"https:\/\/blog.zeit.de\/stoerungsmelder\/#\/schema\/person\/image\/","url":"https:\/\/secure.gravatar.com\/avatar\/dfa4be514c3e82a71e4f9a0020035d38192d080ccaa5e4e6d7a1472c763535c5?s=96&d=mm&r=pg","contentUrl":"https:\/\/secure.gravatar.com\/avatar\/dfa4be514c3e82a71e4f9a0020035d38192d080ccaa5e4e6d7a1472c763535c5?s=96&d=mm&r=pg","caption":"St\u00f6rungsmelder"},"url":"https:\/\/blog.zeit.de\/stoerungsmelder\/author\/stoerungsmelder"}]}},"jetpack_featured_media_url":"","jetpack_sharing_enabled":true,"_links":{"self":[{"href":"https:\/\/blog.zeit.de\/stoerungsmelder\/wp-json\/wp\/v2\/posts\/11156","targetHints":{"allow":["GET"]}}],"collection":[{"href":"https:\/\/blog.zeit.de\/stoerungsmelder\/wp-json\/wp\/v2\/posts"}],"about":[{"href":"https:\/\/blog.zeit.de\/stoerungsmelder\/wp-json\/wp\/v2\/types\/post"}],"author":[{"embeddable":true,"href":"https:\/\/blog.zeit.de\/stoerungsmelder\/wp-json\/wp\/v2\/users\/229"}],"replies":[{"embeddable":true,"href":"https:\/\/blog.zeit.de\/stoerungsmelder\/wp-json\/wp\/v2\/comments?post=11156"}],"version-history":[{"count":6,"href":"https:\/\/blog.zeit.de\/stoerungsmelder\/wp-json\/wp\/v2\/posts\/11156\/revisions"}],"predecessor-version":[{"id":11166,"href":"https:\/\/blog.zeit.de\/stoerungsmelder\/wp-json\/wp\/v2\/posts\/11156\/revisions\/11166"}],"wp:attachment":[{"href":"https:\/\/blog.zeit.de\/stoerungsmelder\/wp-json\/wp\/v2\/media?parent=11156"}],"wp:term":[{"taxonomy":"category","embeddable":true,"href":"https:\/\/blog.zeit.de\/stoerungsmelder\/wp-json\/wp\/v2\/categories?post=11156"},{"taxonomy":"post_tag","embeddable":true,"href":"https:\/\/blog.zeit.de\/stoerungsmelder\/wp-json\/wp\/v2\/tags?post=11156"}],"curies":[{"name":"wp","href":"https:\/\/api.w.org\/{rel}","templated":true}]}}