{"id":11421,"date":"2013-02-15T08:35:36","date_gmt":"2013-02-15T07:35:36","guid":{"rendered":"http:\/\/blog.zeit.de\/stoerungsmelder\/?p=11421"},"modified":"2013-02-15T12:57:02","modified_gmt":"2013-02-15T11:57:02","slug":"fotogalerie-schneeballe-gegen-nazis","status":"publish","type":"post","link":"https:\/\/blog.zeit.de\/stoerungsmelder\/2013\/02\/15\/fotogalerie-schneeballe-gegen-nazis_11421","title":{"rendered":"Fotogalerie: Schneeb\u00e4lle gegen Nazis"},"content":{"rendered":"<p><figure id=\"attachment_11422\" aria-describedby=\"caption-attachment-11422\" style=\"width: 540px\" class=\"wp-caption aligncenter\"><a href=\"https:\/\/blog.zeit.de\/stoerungsmelder\/2013\/02\/15\/fotogalerie-schneeballe-gegen-nazis_11421\/gedenkmatsch\" rel=\"attachment wp-att-11422\"><img loading=\"lazy\" decoding=\"async\" class=\"size-medium wp-image-11422\" alt=\"\u00a9 Jesko Wrede\" src=\"https:\/\/blog.zeit.de\/stoerungsmelder\/files\/2013\/02\/gedenkmatsch-300x200.jpg\" width=\"540\" height=\"360\" srcset=\"https:\/\/blog.zeit.de\/stoerungsmelder\/files\/2013\/02\/gedenkmatsch-300x200.jpg 300w, https:\/\/blog.zeit.de\/stoerungsmelder\/files\/2013\/02\/gedenkmatsch-1024x682.jpg 1024w\" sizes=\"auto, (max-width: 540px) 100vw, 540px\" \/><\/a><figcaption id=\"caption-attachment-11422\" class=\"wp-caption-text\">Ein frustrierenden Tag f\u00fcr die Nazis, ein gro\u00dfer Erfolg f\u00fcr die Zivilgesellschaft \u00a9 Jesko Wrede<\/figcaption><\/figure><\/p>\n<p>Der verhinderte Naziaufmarsch in Dresden ist f\u00fcr die Szene ein Desaster. Stundenlang standen die &#8222;Kameraden&#8220; in der K\u00e4lte und konnten aufgrund der Blockaden nicht marschieren. Inzwischen ist fraglich, ob der Aufmarsch 2014 \u00fcberhaupt noch stattfinden wird. Unser Autor Jesko Wrede hat den Abend in Bildern dokumentiert.<!--more--><\/p>\n<p><div id='gallery-1' class='gallery galleryid-11421 gallery-columns-3 gallery-size-thumbnail'><figure class='gallery-item'>\n\t\t\t<div class='gallery-icon landscape'>\n\t\t\t\t<a href='https:\/\/blog.zeit.de\/stoerungsmelder\/2013\/02\/15\/fotogalerie-schneeballe-gegen-nazis_11421\/gedenkmatsch'><img loading=\"lazy\" decoding=\"async\" width=\"150\" height=\"150\" src=\"https:\/\/blog.zeit.de\/stoerungsmelder\/files\/2013\/02\/gedenkmatsch-150x150.jpg\" class=\"attachment-thumbnail size-thumbnail\" alt=\"\" aria-describedby=\"gallery-1-11422\" \/><\/a>\n\t\t\t<\/div>\n\t\t\t\t<figcaption class='wp-caption-text gallery-caption' id='gallery-1-11422'>\n\t\t\t\t\u00a9 Jesko Wrede\n\t\t\t\t<\/figcaption><\/figure><figure class='gallery-item'>\n\t\t\t<div class='gallery-icon landscape'>\n\t\t\t\t<a href='https:\/\/blog.zeit.de\/stoerungsmelder\/2013\/02\/15\/fotogalerie-schneeballe-gegen-nazis_11421\/p1250015'><img loading=\"lazy\" decoding=\"async\" width=\"150\" height=\"150\" src=\"https:\/\/blog.zeit.de\/stoerungsmelder\/files\/2013\/02\/P1250015-150x150.jpg\" class=\"attachment-thumbnail size-thumbnail\" alt=\"\" aria-describedby=\"gallery-1-11423\" \/><\/a>\n\t\t\t<\/div>\n\t\t\t\t<figcaption class='wp-caption-text gallery-caption' id='gallery-1-11423'>\n\t\t\t\t\u00a9 Jesko Wrede\n\t\t\t\t<\/figcaption><\/figure><figure class='gallery-item'>\n\t\t\t<div class='gallery-icon landscape'>\n\t\t\t\t<a href='https:\/\/blog.zeit.de\/stoerungsmelder\/2013\/02\/15\/fotogalerie-schneeballe-gegen-nazis_11421\/p1250222'><img loading=\"lazy\" decoding=\"async\" width=\"150\" height=\"150\" src=\"https:\/\/blog.zeit.de\/stoerungsmelder\/files\/2013\/02\/P1250222-150x150.jpg\" class=\"attachment-thumbnail size-thumbnail\" alt=\"\" aria-describedby=\"gallery-1-11424\" \/><\/a>\n\t\t\t<\/div>\n\t\t\t\t<figcaption class='wp-caption-text gallery-caption' id='gallery-1-11424'>\n\t\t\t\t\u00a9 Jesko Wrede\n\t\t\t\t<\/figcaption><\/figure><figure class='gallery-item'>\n\t\t\t<div class='gallery-icon landscape'>\n\t\t\t\t<a href='https:\/\/blog.zeit.de\/stoerungsmelder\/2013\/02\/15\/fotogalerie-schneeballe-gegen-nazis_11421\/p1250224'><img loading=\"lazy\" decoding=\"async\" width=\"150\" height=\"150\" src=\"https:\/\/blog.zeit.de\/stoerungsmelder\/files\/2013\/02\/P1250224-150x150.jpg\" class=\"attachment-thumbnail size-thumbnail\" alt=\"\" aria-describedby=\"gallery-1-11425\" \/><\/a>\n\t\t\t<\/div>\n\t\t\t\t<figcaption class='wp-caption-text gallery-caption' id='gallery-1-11425'>\n\t\t\t\t\u00a9 Jesko Wrede\n\t\t\t\t<\/figcaption><\/figure><figure class='gallery-item'>\n\t\t\t<div class='gallery-icon landscape'>\n\t\t\t\t<a href='https:\/\/blog.zeit.de\/stoerungsmelder\/2013\/02\/15\/fotogalerie-schneeballe-gegen-nazis_11421\/p1250244'><img loading=\"lazy\" decoding=\"async\" width=\"150\" height=\"150\" src=\"https:\/\/blog.zeit.de\/stoerungsmelder\/files\/2013\/02\/P1250244-150x150.jpg\" class=\"attachment-thumbnail size-thumbnail\" alt=\"\" aria-describedby=\"gallery-1-11426\" \/><\/a>\n\t\t\t<\/div>\n\t\t\t\t<figcaption class='wp-caption-text gallery-caption' id='gallery-1-11426'>\n\t\t\t\t\u00a9 Jesko Wrede\n\t\t\t\t<\/figcaption><\/figure><figure class='gallery-item'>\n\t\t\t<div class='gallery-icon landscape'>\n\t\t\t\t<a href='https:\/\/blog.zeit.de\/stoerungsmelder\/2013\/02\/15\/fotogalerie-schneeballe-gegen-nazis_11421\/p1250257'><img loading=\"lazy\" decoding=\"async\" width=\"150\" height=\"150\" src=\"https:\/\/blog.zeit.de\/stoerungsmelder\/files\/2013\/02\/P1250257-150x150.jpg\" class=\"attachment-thumbnail size-thumbnail\" alt=\"\" aria-describedby=\"gallery-1-11427\" \/><\/a>\n\t\t\t<\/div>\n\t\t\t\t<figcaption class='wp-caption-text gallery-caption' id='gallery-1-11427'>\n\t\t\t\t\u00a9 Jesko Wrede\n\t\t\t\t<\/figcaption><\/figure><figure class='gallery-item'>\n\t\t\t<div class='gallery-icon landscape'>\n\t\t\t\t<a href='https:\/\/blog.zeit.de\/stoerungsmelder\/2013\/02\/15\/fotogalerie-schneeballe-gegen-nazis_11421\/p1250290'><img loading=\"lazy\" decoding=\"async\" width=\"150\" height=\"150\" src=\"https:\/\/blog.zeit.de\/stoerungsmelder\/files\/2013\/02\/P1250290-150x150.jpg\" class=\"attachment-thumbnail size-thumbnail\" alt=\"\" aria-describedby=\"gallery-1-11428\" \/><\/a>\n\t\t\t<\/div>\n\t\t\t\t<figcaption class='wp-caption-text gallery-caption' id='gallery-1-11428'>\n\t\t\t\t\u00a9 Jesko Wrede\n\t\t\t\t<\/figcaption><\/figure><figure class='gallery-item'>\n\t\t\t<div class='gallery-icon landscape'>\n\t\t\t\t<a href='https:\/\/blog.zeit.de\/stoerungsmelder\/2013\/02\/15\/fotogalerie-schneeballe-gegen-nazis_11421\/p1250321'><img loading=\"lazy\" decoding=\"async\" width=\"150\" height=\"150\" src=\"https:\/\/blog.zeit.de\/stoerungsmelder\/files\/2013\/02\/P1250321-150x150.jpg\" class=\"attachment-thumbnail size-thumbnail\" alt=\"\" aria-describedby=\"gallery-1-11429\" \/><\/a>\n\t\t\t<\/div>\n\t\t\t\t<figcaption class='wp-caption-text gallery-caption' id='gallery-1-11429'>\n\t\t\t\t\u00a9 Jesko Wrede\n\t\t\t\t<\/figcaption><\/figure><figure class='gallery-item'>\n\t\t\t<div class='gallery-icon landscape'>\n\t\t\t\t<a href='https:\/\/blog.zeit.de\/stoerungsmelder\/2013\/02\/15\/fotogalerie-schneeballe-gegen-nazis_11421\/p1250339'><img loading=\"lazy\" decoding=\"async\" width=\"150\" height=\"150\" src=\"https:\/\/blog.zeit.de\/stoerungsmelder\/files\/2013\/02\/P1250339-150x150.jpg\" class=\"attachment-thumbnail size-thumbnail\" alt=\"\" aria-describedby=\"gallery-1-11430\" \/><\/a>\n\t\t\t<\/div>\n\t\t\t\t<figcaption class='wp-caption-text gallery-caption' id='gallery-1-11430'>\n\t\t\t\t\u00a9 Jesko Wrede\n\t\t\t\t<\/figcaption><\/figure><figure class='gallery-item'>\n\t\t\t<div class='gallery-icon landscape'>\n\t\t\t\t<a href='https:\/\/blog.zeit.de\/stoerungsmelder\/2013\/02\/15\/fotogalerie-schneeballe-gegen-nazis_11421\/p1250448'><img loading=\"lazy\" decoding=\"async\" width=\"150\" height=\"150\" src=\"https:\/\/blog.zeit.de\/stoerungsmelder\/files\/2013\/02\/P1250448-150x150.jpg\" class=\"attachment-thumbnail size-thumbnail\" alt=\"\" aria-describedby=\"gallery-1-11431\" \/><\/a>\n\t\t\t<\/div>\n\t\t\t\t<figcaption class='wp-caption-text gallery-caption' id='gallery-1-11431'>\n\t\t\t\t\u00a9 Jesko Wrede\n\t\t\t\t<\/figcaption><\/figure><figure class='gallery-item'>\n\t\t\t<div class='gallery-icon landscape'>\n\t\t\t\t<a href='https:\/\/blog.zeit.de\/stoerungsmelder\/2013\/02\/15\/fotogalerie-schneeballe-gegen-nazis_11421\/p1250480'><img loading=\"lazy\" decoding=\"async\" width=\"150\" height=\"150\" src=\"https:\/\/blog.zeit.de\/stoerungsmelder\/files\/2013\/02\/P1250480-150x150.jpg\" class=\"attachment-thumbnail size-thumbnail\" alt=\"\" aria-describedby=\"gallery-1-11432\" \/><\/a>\n\t\t\t<\/div>\n\t\t\t\t<figcaption class='wp-caption-text gallery-caption' id='gallery-1-11432'>\n\t\t\t\t\u00a9 Jesko Wrede\n\t\t\t\t<\/figcaption><\/figure><figure class='gallery-item'>\n\t\t\t<div class='gallery-icon landscape'>\n\t\t\t\t<a href='https:\/\/blog.zeit.de\/stoerungsmelder\/2013\/02\/15\/fotogalerie-schneeballe-gegen-nazis_11421\/p1250508'><img loading=\"lazy\" decoding=\"async\" width=\"150\" height=\"150\" src=\"https:\/\/blog.zeit.de\/stoerungsmelder\/files\/2013\/02\/P1250508-150x150.jpg\" class=\"attachment-thumbnail size-thumbnail\" alt=\"\" aria-describedby=\"gallery-1-11433\" \/><\/a>\n\t\t\t<\/div>\n\t\t\t\t<figcaption class='wp-caption-text gallery-caption' id='gallery-1-11433'>\n\t\t\t\t\u00a9 Jesko Wrede\n\t\t\t\t<\/figcaption><\/figure>\n\t\t<\/div>\n<\/p>\n","protected":false},"excerpt":{"rendered":"<p>Der verhinderte Naziaufmarsch in Dresden ist f\u00fcr die Szene ein Desaster. Stundenlang standen die &#8222;Kameraden&#8220; in der K\u00e4lte und konnten aufgrund der Blockaden nicht marschieren. Inzwischen ist fraglich, ob der Aufmarsch 2014 \u00fcberhaupt noch stattfinden wird. Unser Autor Jesko Wrede hat den Abend in Bildern dokumentiert.<\/p>\n","protected":false},"author":229,"featured_media":0,"comment_status":"open","ping_status":"open","sticky":false,"template":"","format":"standard","meta":{"_jetpack_memberships_contains_paid_content":false,"footnotes":""},"categories":[1456],"tags":[1707,1752,1858],"class_list":["post-11421","post","type-post","status-publish","format-standard","hentry","category-sachsen","tag-naziaufmarsch","tag-protest","tag-zivilcourage"],"yoast_head":"<!-- This site is optimized with the Yoast SEO plugin v21.0 - https:\/\/yoast.com\/wordpress\/plugins\/seo\/ -->\n<title>Fotogalerie: Schneeb\u00e4lle gegen Nazis - St\u00f6rungsmelder<\/title>\n<meta name=\"robots\" content=\"index, follow, max-snippet:-1, max-image-preview:large, max-video-preview:-1\" \/>\n<link rel=\"canonical\" href=\"https:\/\/blog.zeit.de\/stoerungsmelder\/2013\/02\/15\/fotogalerie-schneeballe-gegen-nazis_11421\" \/>\n<meta property=\"og:locale\" content=\"de_DE\" \/>\n<meta property=\"og:type\" content=\"article\" \/>\n<meta property=\"og:title\" content=\"Fotogalerie: Schneeb\u00e4lle gegen Nazis - St\u00f6rungsmelder\" \/>\n<meta property=\"og:description\" content=\"Der verhinderte Naziaufmarsch in Dresden ist f\u00fcr die Szene ein Desaster. Stundenlang standen die &#8222;Kameraden&#8220; in der K\u00e4lte und konnten aufgrund der Blockaden nicht marschieren. Inzwischen ist fraglich, ob der Aufmarsch 2014 \u00fcberhaupt noch stattfinden wird. Unser Autor Jesko Wrede hat den Abend in Bildern dokumentiert.\" \/>\n<meta property=\"og:url\" content=\"https:\/\/blog.zeit.de\/stoerungsmelder\/2013\/02\/15\/fotogalerie-schneeballe-gegen-nazis_11421\" \/>\n<meta property=\"og:site_name\" content=\"St\u00f6rungsmelder\" \/>\n<meta property=\"article:published_time\" content=\"2013-02-15T07:35:36+00:00\" \/>\n<meta property=\"article:modified_time\" content=\"2013-02-15T11:57:02+00:00\" \/>\n<meta property=\"og:image\" content=\"https:\/\/blog.zeit.de\/stoerungsmelder\/files\/2013\/02\/gedenkmatsch-150x150.jpg\" \/>\n<meta name=\"author\" content=\"St\u00f6rungsmelder\" \/>\n<meta name=\"twitter:card\" content=\"summary_large_image\" \/>\n<meta name=\"twitter:label1\" content=\"Geschrieben von\" \/>\n\t<meta name=\"twitter:data1\" content=\"St\u00f6rungsmelder\" \/>\n<script type=\"application\/ld+json\" class=\"yoast-schema-graph\">{\"@context\":\"https:\/\/schema.org\",\"@graph\":[{\"@type\":\"WebPage\",\"@id\":\"https:\/\/blog.zeit.de\/stoerungsmelder\/2013\/02\/15\/fotogalerie-schneeballe-gegen-nazis_11421\",\"url\":\"https:\/\/blog.zeit.de\/stoerungsmelder\/2013\/02\/15\/fotogalerie-schneeballe-gegen-nazis_11421\",\"name\":\"Fotogalerie: Schneeb\u00e4lle gegen Nazis - St\u00f6rungsmelder\",\"isPartOf\":{\"@id\":\"https:\/\/blog.zeit.de\/stoerungsmelder\/#website\"},\"datePublished\":\"2013-02-15T07:35:36+00:00\",\"dateModified\":\"2013-02-15T11:57:02+00:00\",\"author\":{\"@id\":\"https:\/\/blog.zeit.de\/stoerungsmelder\/#\/schema\/person\/fdd0b9818f65738672810b6d6f037f71\"},\"breadcrumb\":{\"@id\":\"https:\/\/blog.zeit.de\/stoerungsmelder\/2013\/02\/15\/fotogalerie-schneeballe-gegen-nazis_11421#breadcrumb\"},\"inLanguage\":\"de\",\"potentialAction\":[{\"@type\":\"ReadAction\",\"target\":[\"https:\/\/blog.zeit.de\/stoerungsmelder\/2013\/02\/15\/fotogalerie-schneeballe-gegen-nazis_11421\"]}]},{\"@type\":\"BreadcrumbList\",\"@id\":\"https:\/\/blog.zeit.de\/stoerungsmelder\/2013\/02\/15\/fotogalerie-schneeballe-gegen-nazis_11421#breadcrumb\",\"itemListElement\":[{\"@type\":\"ListItem\",\"position\":1,\"name\":\"Startseite\",\"item\":\"https:\/\/blog.zeit.de\/stoerungsmelder\"},{\"@type\":\"ListItem\",\"position\":2,\"name\":\"Fotogalerie: Schneeb\u00e4lle gegen Nazis\"}]},{\"@type\":\"WebSite\",\"@id\":\"https:\/\/blog.zeit.de\/stoerungsmelder\/#website\",\"url\":\"https:\/\/blog.zeit.de\/stoerungsmelder\/\",\"name\":\"St\u00f6rungsmelder\",\"description\":\"Recherchen und Analysen \u00fcber die extreme Rechte\",\"potentialAction\":[{\"@type\":\"SearchAction\",\"target\":{\"@type\":\"EntryPoint\",\"urlTemplate\":\"https:\/\/blog.zeit.de\/stoerungsmelder\/?s={search_term_string}\"},\"query-input\":\"required name=search_term_string\"}],\"inLanguage\":\"de\"},{\"@type\":\"Person\",\"@id\":\"https:\/\/blog.zeit.de\/stoerungsmelder\/#\/schema\/person\/fdd0b9818f65738672810b6d6f037f71\",\"name\":\"St\u00f6rungsmelder\",\"image\":{\"@type\":\"ImageObject\",\"inLanguage\":\"de\",\"@id\":\"https:\/\/blog.zeit.de\/stoerungsmelder\/#\/schema\/person\/image\/\",\"url\":\"https:\/\/secure.gravatar.com\/avatar\/dfa4be514c3e82a71e4f9a0020035d38192d080ccaa5e4e6d7a1472c763535c5?s=96&d=mm&r=pg\",\"contentUrl\":\"https:\/\/secure.gravatar.com\/avatar\/dfa4be514c3e82a71e4f9a0020035d38192d080ccaa5e4e6d7a1472c763535c5?s=96&d=mm&r=pg\",\"caption\":\"St\u00f6rungsmelder\"},\"url\":\"https:\/\/blog.zeit.de\/stoerungsmelder\/author\/stoerungsmelder\"}]}<\/script>\n<!-- \/ Yoast SEO plugin. -->","yoast_head_json":{"title":"Fotogalerie: Schneeb\u00e4lle gegen Nazis - St\u00f6rungsmelder","robots":{"index":"index","follow":"follow","max-snippet":"max-snippet:-1","max-image-preview":"max-image-preview:large","max-video-preview":"max-video-preview:-1"},"canonical":"https:\/\/blog.zeit.de\/stoerungsmelder\/2013\/02\/15\/fotogalerie-schneeballe-gegen-nazis_11421","og_locale":"de_DE","og_type":"article","og_title":"Fotogalerie: Schneeb\u00e4lle gegen Nazis - St\u00f6rungsmelder","og_description":"Der verhinderte Naziaufmarsch in Dresden ist f\u00fcr die Szene ein Desaster. Stundenlang standen die &#8222;Kameraden&#8220; in der K\u00e4lte und konnten aufgrund der Blockaden nicht marschieren. Inzwischen ist fraglich, ob der Aufmarsch 2014 \u00fcberhaupt noch stattfinden wird. Unser Autor Jesko Wrede hat den Abend in Bildern dokumentiert.","og_url":"https:\/\/blog.zeit.de\/stoerungsmelder\/2013\/02\/15\/fotogalerie-schneeballe-gegen-nazis_11421","og_site_name":"St\u00f6rungsmelder","article_published_time":"2013-02-15T07:35:36+00:00","article_modified_time":"2013-02-15T11:57:02+00:00","og_image":[{"url":"https:\/\/blog.zeit.de\/stoerungsmelder\/files\/2013\/02\/gedenkmatsch-150x150.jpg"}],"author":"St\u00f6rungsmelder","twitter_card":"summary_large_image","twitter_misc":{"Geschrieben von":"St\u00f6rungsmelder"},"schema":{"@context":"https:\/\/schema.org","@graph":[{"@type":"WebPage","@id":"https:\/\/blog.zeit.de\/stoerungsmelder\/2013\/02\/15\/fotogalerie-schneeballe-gegen-nazis_11421","url":"https:\/\/blog.zeit.de\/stoerungsmelder\/2013\/02\/15\/fotogalerie-schneeballe-gegen-nazis_11421","name":"Fotogalerie: Schneeb\u00e4lle gegen Nazis - St\u00f6rungsmelder","isPartOf":{"@id":"https:\/\/blog.zeit.de\/stoerungsmelder\/#website"},"datePublished":"2013-02-15T07:35:36+00:00","dateModified":"2013-02-15T11:57:02+00:00","author":{"@id":"https:\/\/blog.zeit.de\/stoerungsmelder\/#\/schema\/person\/fdd0b9818f65738672810b6d6f037f71"},"breadcrumb":{"@id":"https:\/\/blog.zeit.de\/stoerungsmelder\/2013\/02\/15\/fotogalerie-schneeballe-gegen-nazis_11421#breadcrumb"},"inLanguage":"de","potentialAction":[{"@type":"ReadAction","target":["https:\/\/blog.zeit.de\/stoerungsmelder\/2013\/02\/15\/fotogalerie-schneeballe-gegen-nazis_11421"]}]},{"@type":"BreadcrumbList","@id":"https:\/\/blog.zeit.de\/stoerungsmelder\/2013\/02\/15\/fotogalerie-schneeballe-gegen-nazis_11421#breadcrumb","itemListElement":[{"@type":"ListItem","position":1,"name":"Startseite","item":"https:\/\/blog.zeit.de\/stoerungsmelder"},{"@type":"ListItem","position":2,"name":"Fotogalerie: Schneeb\u00e4lle gegen Nazis"}]},{"@type":"WebSite","@id":"https:\/\/blog.zeit.de\/stoerungsmelder\/#website","url":"https:\/\/blog.zeit.de\/stoerungsmelder\/","name":"St\u00f6rungsmelder","description":"Recherchen und Analysen \u00fcber die extreme Rechte","potentialAction":[{"@type":"SearchAction","target":{"@type":"EntryPoint","urlTemplate":"https:\/\/blog.zeit.de\/stoerungsmelder\/?s={search_term_string}"},"query-input":"required name=search_term_string"}],"inLanguage":"de"},{"@type":"Person","@id":"https:\/\/blog.zeit.de\/stoerungsmelder\/#\/schema\/person\/fdd0b9818f65738672810b6d6f037f71","name":"St\u00f6rungsmelder","image":{"@type":"ImageObject","inLanguage":"de","@id":"https:\/\/blog.zeit.de\/stoerungsmelder\/#\/schema\/person\/image\/","url":"https:\/\/secure.gravatar.com\/avatar\/dfa4be514c3e82a71e4f9a0020035d38192d080ccaa5e4e6d7a1472c763535c5?s=96&d=mm&r=pg","contentUrl":"https:\/\/secure.gravatar.com\/avatar\/dfa4be514c3e82a71e4f9a0020035d38192d080ccaa5e4e6d7a1472c763535c5?s=96&d=mm&r=pg","caption":"St\u00f6rungsmelder"},"url":"https:\/\/blog.zeit.de\/stoerungsmelder\/author\/stoerungsmelder"}]}},"jetpack_featured_media_url":"","jetpack_sharing_enabled":true,"_links":{"self":[{"href":"https:\/\/blog.zeit.de\/stoerungsmelder\/wp-json\/wp\/v2\/posts\/11421","targetHints":{"allow":["GET"]}}],"collection":[{"href":"https:\/\/blog.zeit.de\/stoerungsmelder\/wp-json\/wp\/v2\/posts"}],"about":[{"href":"https:\/\/blog.zeit.de\/stoerungsmelder\/wp-json\/wp\/v2\/types\/post"}],"author":[{"embeddable":true,"href":"https:\/\/blog.zeit.de\/stoerungsmelder\/wp-json\/wp\/v2\/users\/229"}],"replies":[{"embeddable":true,"href":"https:\/\/blog.zeit.de\/stoerungsmelder\/wp-json\/wp\/v2\/comments?post=11421"}],"version-history":[{"count":6,"href":"https:\/\/blog.zeit.de\/stoerungsmelder\/wp-json\/wp\/v2\/posts\/11421\/revisions"}],"predecessor-version":[{"id":11464,"href":"https:\/\/blog.zeit.de\/stoerungsmelder\/wp-json\/wp\/v2\/posts\/11421\/revisions\/11464"}],"wp:attachment":[{"href":"https:\/\/blog.zeit.de\/stoerungsmelder\/wp-json\/wp\/v2\/media?parent=11421"}],"wp:term":[{"taxonomy":"category","embeddable":true,"href":"https:\/\/blog.zeit.de\/stoerungsmelder\/wp-json\/wp\/v2\/categories?post=11421"},{"taxonomy":"post_tag","embeddable":true,"href":"https:\/\/blog.zeit.de\/stoerungsmelder\/wp-json\/wp\/v2\/tags?post=11421"}],"curies":[{"name":"wp","href":"https:\/\/api.w.org\/{rel}","templated":true}]}}