{"id":11445,"date":"2013-02-18T10:52:44","date_gmt":"2013-02-18T09:52:44","guid":{"rendered":"http:\/\/blog.zeit.de\/stoerungsmelder\/?p=11445"},"modified":"2013-02-18T11:51:21","modified_gmt":"2013-02-18T10:51:21","slug":"jammernde-hetzer-wie-die-npd-auf-facebook-ihre-anhanger-anheizt","status":"publish","type":"post","link":"https:\/\/blog.zeit.de\/stoerungsmelder\/2013\/02\/18\/jammernde-hetzer-wie-die-npd-auf-facebook-ihre-anhanger-anheizt_11445","title":{"rendered":"Jammernde Hetzer &#8211; wie die NPD auf Facebook ihre Anh\u00e4nger anheizt"},"content":{"rendered":"<p><figure id=\"attachment_10830\" aria-describedby=\"caption-attachment-10830\" style=\"width: 539px\" class=\"wp-caption aligncenter\"><a href=\"https:\/\/blog.zeit.de\/stoerungsmelder\/2012\/12\/16\/neonazis-ubernehmen-die-identitare-bewegung_10828\/npd-identitat\" rel=\"attachment wp-att-10830\"><img loading=\"lazy\" decoding=\"async\" class=\"size-full wp-image-10830\" alt=\"JN-Kampagne \u201eIdentit\u00e4t - Werde, wer DU bist\u201c \u00a9 Screenshot von der NPD-Homepage\" src=\"https:\/\/blog.zeit.de\/stoerungsmelder\/files\/2012\/12\/NPD-Identit\u00e4t.jpg\" width=\"539\" height=\"251\" srcset=\"https:\/\/blog.zeit.de\/stoerungsmelder\/files\/2012\/12\/NPD-Identit\u00e4t.jpg 1023w, https:\/\/blog.zeit.de\/stoerungsmelder\/files\/2012\/12\/NPD-Identit\u00e4t-300x139.jpg 300w\" sizes=\"auto, (max-width: 539px) 100vw, 539px\" \/><\/a><figcaption id=\"caption-attachment-10830\" class=\"wp-caption-text\">Die NPD ist in sozialen Netzwerken \u00e4u\u00dferst aktiv \u00a9 Screenshot<\/figcaption><\/figure><\/p>\n<p>Bereits vor einem Jahr hat die NPD ihre f\u00fcr den 1. Mai geplante Gro\u00dfkundgebung in Frankfurt vor der Europ\u00e4ischen Zentralbank unter dem Motto \u201eRaus aus dem Euro\u201c angemeldet. Bislang hat die Stadt noch nicht \u00fcber den Antrag entschieden. Geht es nach OB Peter Feldmann (SPD), wird der Nazi-Aufmarsch verboten. Der NPD-Bundesvorsitzende Holger Apfel kennt das Procedere, m\u00fcsste sich einmal mehr juristisch dagegen zur Wehr setzen und die Gerichte besch\u00e4ftigen. Schlie\u00dflich sieht er sich als Volksvertreter einer demokratisch legitimierten Partei. Wird ein solches Verbot zugunsten der NPD gekippt, bekommt sie eine ihrer liebsten Propaganda-Waffen gereicht.<!--more--><\/p>\n<p>Vor allem auf Facebook wissen die netzaffinen Nazis diese zu f\u00fchren. Mit ihrer verbalen Munition sind sie nicht zimperlich. Ein Parteivergleich zeigte, dass die NPD bei der Anzahl ihrer Posts den etablierten Parteien um L\u00e4ngen vorausmarschiert. Beinahe im Minutentakt feuert sie Salven volksverhetzender, rassistischer und kapitalismuskritischer Parolen gegen alle, die nicht mit der Ideologie im Gleichschritt gehen. \u201eDas Verbot f\u00fcr die morgige Kundgebung wurde erwartungsgem\u00e4\u00df aufgehoben. Eine schallende Ohrfeige f\u00fcr die Feinde der Demokratie\u201c, packt sie gerne auch die Gerichtsurteile aus. Selbst die Ver\u00f6ffentlichung von Fotos ausl\u00e4ndischer Kinder, die sie als \u201eaufgehetzte ausl\u00e4ndische Dreik\u00e4sehochs\u201c beschimpft, ist ihr ein probates Mittel, um gezielt die Emotionen ihrer Fans zu wecken &#8211; und deren Hasstiraden zu provozieren.<\/p>\n<p>Das und mehr zeigen Beobachtungen ihrer Propagandat\u00e4tigkeit auf ihrem Facebook-Profil und in ihrem dortigen Netzwerk. Zig parteieigene und parteinahe Fanseiten sind dort miteinander verkn\u00fcpft. Meist von der NPD-Hauptseite aus verbreiten sich Beitr\u00e4ge, Foto-Montagen und Videos mit nur einem Klick auf anderen netzwerkanh\u00e4ngigen Seiten. Zeitgleich werden die Inhalte von den Fans weiterpubliziert. Facebooks Schneeballsystem, die \u201eStatusmeldung teilen\u201c-Funktion, macht\u2019s m\u00f6glich. Die NPD wei\u00df das. Dazu ruft sie ihre Anh\u00e4nger regelm\u00e4\u00dfig auf.<\/p>\n<p>Aufwiegeln durch gezieltes Emotionalisieren wirkt eben. Nicht immer geschieht das mit dumpfen Spr\u00fcchen. Das schafft die NPD l\u00e4ngst unradikaler. Sie dreht den Spie\u00df einfach um. Da werden in ihren Fotoalben dann Bilder von Steine werfenden Gegendemonstranten gepostet oder die eines lachenden Holger Apfels, an dessen Kopf ein rohes Ei zerschellte. Kernaussage: \u201eWir als demokratisch legitimierte Partei(vertreter) wollen nur unser verfassungsm\u00e4\u00dfiges Recht wahrnehmen. Seht, von wem die Gewalt ausgeht.\u201c<\/p>\n<p>Eben so war es auf dem NPD-Profil zu beobachten, als sie im Sommer 2012 auf \u201eDeutschlandtour\u201c war. \u201eAufgehetzt vom B\u00fcrgermeister der Stadt fanden sich zahlreiche gewaltt\u00e4tige Gegendemonstranten am Kundgebungsort ein, die ihre Demokratief\u00e4higkeit durch das Werfen von Farbbomben und Eiern ausdr\u00fcckten\u201c, beschrieb ein Profil-Administrator die Aufenthalte in Leipzig oder N\u00fcrnberg. Von den friedlichen Protesten in Wiesbaden oder Frankfurt berichtete er nicht. Kein Mobilisierungspotential.<\/p>\n<p>\u00c4u\u00dferst gerne stilisieren sich die Rechtsextremen auf Facebook zu Gesinnungsverfolgten. Die Selbstdarstellung als unterdr\u00fcckte Partei wirkt eben auch. Bei den Gesinnungsgenossen. Und bei manchem Normalb\u00fcrger, der sich an die Seite der jammernden Hetzer stellt. Schlie\u00dflich seien die &#8222;die eigentlich Provozierten&#8220;. Repressiert , in ihrer Meinungsfreiheit eingeschr\u00e4nkt. Als Grundrecht fordern sie, was sie anderen absprechen. Und was sie abschaffen wollen: den Schutzmantel aller Grundrechte, das Grundgesetz. \u201eDie BRD abwickeln\u201c, wie Udo Voigt formulierte, gehe nur \u00fcber die Wahlurne. Ein scheinbar guter Motivationsgrund, weshalb sich die Partei in schier unerm\u00fcdlicher Zielstrebigkeit auf Stimmenfang im Internet und auf der Stra\u00dfe befindet &#8211; entscheidende Orte, zumal wenn es um die Meinungsbeeinflussung unaufgekl\u00e4rter B\u00fcrger geht.<\/p>\n<p>Besonderns werbewirksam, wissen die Rechtsextremen, erweisen sich daf\u00fcr ihre vermeintlich b\u00fcrgernahen Themen &#8211; alles, wozu man doch bitte mal seine Meinung sagen d\u00fcrfe, oder? Eurokrise, Zuwanderung, Ausl\u00e4nder-Kriminalit\u00e4t, sexueller Missbrauch \u2013 die Themenliste, mit denen die gesellschaftliche Mitte unterwandert wird, ist lang.\u00a0 Wie man heimliche, NPD-nahe Facebook-Seiten erkennt? Wo \u201eRaus aus dem Euro\u201c, \u201eTodesstrafe f\u00fcr Kindersch\u00e4nder\u201c, \u201eMulti-Kulti-Wahn\u201c oder \u201eDeutschland gegen Kindesmissbrauch\u201c draufsteht, ist das Grundsatzprogramm drin. Das knapp 20-seitige &#8222;Bamberger Programm&#8220; muss man allerdings schon etwas n\u00e4her kennen, um die parteipolitische Linie auf entsprechenden Fanseiten entlarven zu k\u00f6nnen.<\/p>\n<p>Zur\u00fcck nach Frankfurt. F\u00fcr OB Feldmann steht fest: Die Mainmetropole ist keine B\u00fchne f\u00fcr rechtsextremes Gedankengut. Schon fr\u00fch macht sie zum friedlichen Gegenprotest mobil. Doch selbst wenn der 1. Mai friedlich verl\u00e4uft, d\u00fcrfte klar sein: Die NPD wird trotzdem \u00fcber \u201elinke Chaoten sowie einen von der Polizei aufgepeitschten P\u00f6bel\u201c berichten und so ihre Kameraden anheizen. \u201eErfolg vor Wahrheit\u201c, dieses Motto wirksamer Propaganda beherzigte schon Joseph Goebbels. Und woran sich das geistige Niveau instinktgeleiteter Propaganda zu orientieren hatte, gab Adolf Hitler vor: \u201eAn der Aufnahmef\u00e4higkeit des Beschr\u00e4nktesten unter denen, an die sie sich zu richten gedenkt.\u201c<\/p>\n","protected":false},"excerpt":{"rendered":"<p>Bereits vor einem Jahr hat die NPD ihre f\u00fcr den 1. Mai geplante Gro\u00dfkundgebung in Frankfurt vor der Europ\u00e4ischen Zentralbank unter dem Motto \u201eRaus aus dem Euro\u201c angemeldet. Bislang hat die Stadt noch nicht \u00fcber den Antrag entschieden. Geht es nach OB Peter Feldmann (SPD), wird der Nazi-Aufmarsch verboten. Der NPD-Bundesvorsitzende Holger Apfel kennt das [&hellip;]<\/p>\n","protected":false},"author":401,"featured_media":0,"comment_status":"open","ping_status":"open","sticky":false,"template":"","format":"standard","meta":{"_jetpack_memberships_contains_paid_content":false,"footnotes":""},"categories":[1515],"tags":[12774,305,653,24580,15752,24581,17281,1716,24584,1745,1751],"class_list":["post-11445","post","type-post","status-publish","format-standard","hentry","category-bundesweit","tag-aufmarsch","tag-facebook","tag-fans","tag-fanseiten","tag-hetze","tag-likes","tag-netzwerk","tag-npd","tag-parolen","tag-populismus","tag-propaganda"],"yoast_head":"<!-- This site is optimized with the Yoast SEO plugin v21.0 - https:\/\/yoast.com\/wordpress\/plugins\/seo\/ -->\n<title>Jammernde Hetzer - wie die NPD auf Facebook ihre Anh\u00e4nger anheizt - St\u00f6rungsmelder<\/title>\n<meta name=\"robots\" content=\"index, follow, max-snippet:-1, max-image-preview:large, max-video-preview:-1\" \/>\n<link rel=\"canonical\" href=\"https:\/\/blog.zeit.de\/stoerungsmelder\/2013\/02\/18\/jammernde-hetzer-wie-die-npd-auf-facebook-ihre-anhanger-anheizt_11445\" \/>\n<meta property=\"og:locale\" content=\"de_DE\" \/>\n<meta property=\"og:type\" content=\"article\" \/>\n<meta property=\"og:title\" content=\"Jammernde Hetzer - wie die NPD auf Facebook ihre Anh\u00e4nger anheizt - St\u00f6rungsmelder\" \/>\n<meta property=\"og:description\" content=\"Bereits vor einem Jahr hat die NPD ihre f\u00fcr den 1. Mai geplante Gro\u00dfkundgebung in Frankfurt vor der Europ\u00e4ischen Zentralbank unter dem Motto \u201eRaus aus dem Euro\u201c angemeldet. Bislang hat die Stadt noch nicht \u00fcber den Antrag entschieden. Geht es nach OB Peter Feldmann (SPD), wird der Nazi-Aufmarsch verboten. Der NPD-Bundesvorsitzende Holger Apfel kennt das [&hellip;]\" \/>\n<meta property=\"og:url\" content=\"https:\/\/blog.zeit.de\/stoerungsmelder\/2013\/02\/18\/jammernde-hetzer-wie-die-npd-auf-facebook-ihre-anhanger-anheizt_11445\" \/>\n<meta property=\"og:site_name\" content=\"St\u00f6rungsmelder\" \/>\n<meta property=\"article:published_time\" content=\"2013-02-18T09:52:44+00:00\" \/>\n<meta property=\"article:modified_time\" content=\"2013-02-18T10:51:21+00:00\" \/>\n<meta name=\"author\" content=\"Daniel Waldschik\" \/>\n<meta name=\"twitter:card\" content=\"summary_large_image\" \/>\n<meta name=\"twitter:label1\" content=\"Geschrieben von\" \/>\n\t<meta name=\"twitter:data1\" content=\"Daniel Waldschik\" \/>\n\t<meta name=\"twitter:label2\" content=\"Gesch\u00e4tzte Lesezeit\" \/>\n\t<meta name=\"twitter:data2\" content=\"4\u00a0Minuten\" \/>\n<script type=\"application\/ld+json\" class=\"yoast-schema-graph\">{\"@context\":\"https:\/\/schema.org\",\"@graph\":[{\"@type\":\"WebPage\",\"@id\":\"https:\/\/blog.zeit.de\/stoerungsmelder\/2013\/02\/18\/jammernde-hetzer-wie-die-npd-auf-facebook-ihre-anhanger-anheizt_11445\",\"url\":\"https:\/\/blog.zeit.de\/stoerungsmelder\/2013\/02\/18\/jammernde-hetzer-wie-die-npd-auf-facebook-ihre-anhanger-anheizt_11445\",\"name\":\"Jammernde Hetzer - wie die NPD auf Facebook ihre Anh\u00e4nger anheizt - St\u00f6rungsmelder\",\"isPartOf\":{\"@id\":\"https:\/\/blog.zeit.de\/stoerungsmelder\/#website\"},\"datePublished\":\"2013-02-18T09:52:44+00:00\",\"dateModified\":\"2013-02-18T10:51:21+00:00\",\"author\":{\"@id\":\"https:\/\/blog.zeit.de\/stoerungsmelder\/#\/schema\/person\/70e3ba11bc894faf878f9842f9e3e5e9\"},\"breadcrumb\":{\"@id\":\"https:\/\/blog.zeit.de\/stoerungsmelder\/2013\/02\/18\/jammernde-hetzer-wie-die-npd-auf-facebook-ihre-anhanger-anheizt_11445#breadcrumb\"},\"inLanguage\":\"de\",\"potentialAction\":[{\"@type\":\"ReadAction\",\"target\":[\"https:\/\/blog.zeit.de\/stoerungsmelder\/2013\/02\/18\/jammernde-hetzer-wie-die-npd-auf-facebook-ihre-anhanger-anheizt_11445\"]}]},{\"@type\":\"BreadcrumbList\",\"@id\":\"https:\/\/blog.zeit.de\/stoerungsmelder\/2013\/02\/18\/jammernde-hetzer-wie-die-npd-auf-facebook-ihre-anhanger-anheizt_11445#breadcrumb\",\"itemListElement\":[{\"@type\":\"ListItem\",\"position\":1,\"name\":\"Startseite\",\"item\":\"https:\/\/blog.zeit.de\/stoerungsmelder\"},{\"@type\":\"ListItem\",\"position\":2,\"name\":\"Jammernde Hetzer &#8211; wie die NPD auf Facebook ihre Anh\u00e4nger anheizt\"}]},{\"@type\":\"WebSite\",\"@id\":\"https:\/\/blog.zeit.de\/stoerungsmelder\/#website\",\"url\":\"https:\/\/blog.zeit.de\/stoerungsmelder\/\",\"name\":\"St\u00f6rungsmelder\",\"description\":\"Recherchen und Analysen \u00fcber die extreme Rechte\",\"potentialAction\":[{\"@type\":\"SearchAction\",\"target\":{\"@type\":\"EntryPoint\",\"urlTemplate\":\"https:\/\/blog.zeit.de\/stoerungsmelder\/?s={search_term_string}\"},\"query-input\":\"required name=search_term_string\"}],\"inLanguage\":\"de\"},{\"@type\":\"Person\",\"@id\":\"https:\/\/blog.zeit.de\/stoerungsmelder\/#\/schema\/person\/70e3ba11bc894faf878f9842f9e3e5e9\",\"name\":\"Daniel Waldschik\",\"image\":{\"@type\":\"ImageObject\",\"inLanguage\":\"de\",\"@id\":\"https:\/\/blog.zeit.de\/stoerungsmelder\/#\/schema\/person\/image\/\",\"url\":\"https:\/\/secure.gravatar.com\/avatar\/4ad3b1b34de5837e197b6ff66212306abb1a5a096f3847f8d6a77ad6ac6c8003?s=96&d=mm&r=pg\",\"contentUrl\":\"https:\/\/secure.gravatar.com\/avatar\/4ad3b1b34de5837e197b6ff66212306abb1a5a096f3847f8d6a77ad6ac6c8003?s=96&d=mm&r=pg\",\"caption\":\"Daniel Waldschik\"},\"url\":\"https:\/\/blog.zeit.de\/stoerungsmelder\/author\/juettner\"}]}<\/script>\n<!-- \/ Yoast SEO plugin. -->","yoast_head_json":{"title":"Jammernde Hetzer - wie die NPD auf Facebook ihre Anh\u00e4nger anheizt - St\u00f6rungsmelder","robots":{"index":"index","follow":"follow","max-snippet":"max-snippet:-1","max-image-preview":"max-image-preview:large","max-video-preview":"max-video-preview:-1"},"canonical":"https:\/\/blog.zeit.de\/stoerungsmelder\/2013\/02\/18\/jammernde-hetzer-wie-die-npd-auf-facebook-ihre-anhanger-anheizt_11445","og_locale":"de_DE","og_type":"article","og_title":"Jammernde Hetzer - wie die NPD auf Facebook ihre Anh\u00e4nger anheizt - St\u00f6rungsmelder","og_description":"Bereits vor einem Jahr hat die NPD ihre f\u00fcr den 1. Mai geplante Gro\u00dfkundgebung in Frankfurt vor der Europ\u00e4ischen Zentralbank unter dem Motto \u201eRaus aus dem Euro\u201c angemeldet. Bislang hat die Stadt noch nicht \u00fcber den Antrag entschieden. Geht es nach OB Peter Feldmann (SPD), wird der Nazi-Aufmarsch verboten. Der NPD-Bundesvorsitzende Holger Apfel kennt das [&hellip;]","og_url":"https:\/\/blog.zeit.de\/stoerungsmelder\/2013\/02\/18\/jammernde-hetzer-wie-die-npd-auf-facebook-ihre-anhanger-anheizt_11445","og_site_name":"St\u00f6rungsmelder","article_published_time":"2013-02-18T09:52:44+00:00","article_modified_time":"2013-02-18T10:51:21+00:00","author":"Daniel Waldschik","twitter_card":"summary_large_image","twitter_misc":{"Geschrieben von":"Daniel Waldschik","Gesch\u00e4tzte Lesezeit":"4\u00a0Minuten"},"schema":{"@context":"https:\/\/schema.org","@graph":[{"@type":"WebPage","@id":"https:\/\/blog.zeit.de\/stoerungsmelder\/2013\/02\/18\/jammernde-hetzer-wie-die-npd-auf-facebook-ihre-anhanger-anheizt_11445","url":"https:\/\/blog.zeit.de\/stoerungsmelder\/2013\/02\/18\/jammernde-hetzer-wie-die-npd-auf-facebook-ihre-anhanger-anheizt_11445","name":"Jammernde Hetzer - wie die NPD auf Facebook ihre Anh\u00e4nger anheizt - St\u00f6rungsmelder","isPartOf":{"@id":"https:\/\/blog.zeit.de\/stoerungsmelder\/#website"},"datePublished":"2013-02-18T09:52:44+00:00","dateModified":"2013-02-18T10:51:21+00:00","author":{"@id":"https:\/\/blog.zeit.de\/stoerungsmelder\/#\/schema\/person\/70e3ba11bc894faf878f9842f9e3e5e9"},"breadcrumb":{"@id":"https:\/\/blog.zeit.de\/stoerungsmelder\/2013\/02\/18\/jammernde-hetzer-wie-die-npd-auf-facebook-ihre-anhanger-anheizt_11445#breadcrumb"},"inLanguage":"de","potentialAction":[{"@type":"ReadAction","target":["https:\/\/blog.zeit.de\/stoerungsmelder\/2013\/02\/18\/jammernde-hetzer-wie-die-npd-auf-facebook-ihre-anhanger-anheizt_11445"]}]},{"@type":"BreadcrumbList","@id":"https:\/\/blog.zeit.de\/stoerungsmelder\/2013\/02\/18\/jammernde-hetzer-wie-die-npd-auf-facebook-ihre-anhanger-anheizt_11445#breadcrumb","itemListElement":[{"@type":"ListItem","position":1,"name":"Startseite","item":"https:\/\/blog.zeit.de\/stoerungsmelder"},{"@type":"ListItem","position":2,"name":"Jammernde Hetzer &#8211; wie die NPD auf Facebook ihre Anh\u00e4nger anheizt"}]},{"@type":"WebSite","@id":"https:\/\/blog.zeit.de\/stoerungsmelder\/#website","url":"https:\/\/blog.zeit.de\/stoerungsmelder\/","name":"St\u00f6rungsmelder","description":"Recherchen und Analysen \u00fcber die extreme Rechte","potentialAction":[{"@type":"SearchAction","target":{"@type":"EntryPoint","urlTemplate":"https:\/\/blog.zeit.de\/stoerungsmelder\/?s={search_term_string}"},"query-input":"required name=search_term_string"}],"inLanguage":"de"},{"@type":"Person","@id":"https:\/\/blog.zeit.de\/stoerungsmelder\/#\/schema\/person\/70e3ba11bc894faf878f9842f9e3e5e9","name":"Daniel Waldschik","image":{"@type":"ImageObject","inLanguage":"de","@id":"https:\/\/blog.zeit.de\/stoerungsmelder\/#\/schema\/person\/image\/","url":"https:\/\/secure.gravatar.com\/avatar\/4ad3b1b34de5837e197b6ff66212306abb1a5a096f3847f8d6a77ad6ac6c8003?s=96&d=mm&r=pg","contentUrl":"https:\/\/secure.gravatar.com\/avatar\/4ad3b1b34de5837e197b6ff66212306abb1a5a096f3847f8d6a77ad6ac6c8003?s=96&d=mm&r=pg","caption":"Daniel Waldschik"},"url":"https:\/\/blog.zeit.de\/stoerungsmelder\/author\/juettner"}]}},"jetpack_featured_media_url":"","jetpack_sharing_enabled":true,"_links":{"self":[{"href":"https:\/\/blog.zeit.de\/stoerungsmelder\/wp-json\/wp\/v2\/posts\/11445","targetHints":{"allow":["GET"]}}],"collection":[{"href":"https:\/\/blog.zeit.de\/stoerungsmelder\/wp-json\/wp\/v2\/posts"}],"about":[{"href":"https:\/\/blog.zeit.de\/stoerungsmelder\/wp-json\/wp\/v2\/types\/post"}],"author":[{"embeddable":true,"href":"https:\/\/blog.zeit.de\/stoerungsmelder\/wp-json\/wp\/v2\/users\/401"}],"replies":[{"embeddable":true,"href":"https:\/\/blog.zeit.de\/stoerungsmelder\/wp-json\/wp\/v2\/comments?post=11445"}],"version-history":[{"count":36,"href":"https:\/\/blog.zeit.de\/stoerungsmelder\/wp-json\/wp\/v2\/posts\/11445\/revisions"}],"predecessor-version":[{"id":11510,"href":"https:\/\/blog.zeit.de\/stoerungsmelder\/wp-json\/wp\/v2\/posts\/11445\/revisions\/11510"}],"wp:attachment":[{"href":"https:\/\/blog.zeit.de\/stoerungsmelder\/wp-json\/wp\/v2\/media?parent=11445"}],"wp:term":[{"taxonomy":"category","embeddable":true,"href":"https:\/\/blog.zeit.de\/stoerungsmelder\/wp-json\/wp\/v2\/categories?post=11445"},{"taxonomy":"post_tag","embeddable":true,"href":"https:\/\/blog.zeit.de\/stoerungsmelder\/wp-json\/wp\/v2\/tags?post=11445"}],"curies":[{"name":"wp","href":"https:\/\/api.w.org\/{rel}","templated":true}]}}