{"id":11604,"date":"2013-02-26T12:38:23","date_gmt":"2013-02-26T11:38:23","guid":{"rendered":"http:\/\/blog.zeit.de\/stoerungsmelder\/?p=11604"},"modified":"2013-02-28T22:10:26","modified_gmt":"2013-02-28T21:10:26","slug":"das-schwierige-gedenken-an-nsu-opfer-mehmet-turgut","status":"publish","type":"post","link":"https:\/\/blog.zeit.de\/stoerungsmelder\/2013\/02\/26\/das-schwierige-gedenken-an-nsu-opfer-mehmet-turgut_11604","title":{"rendered":"Das schwierige Gedenken an NSU-Opfer Mehmet Turgut"},"content":{"rendered":"<p><figure id=\"attachment_11607\" aria-describedby=\"caption-attachment-11607\" style=\"width: 300px\" class=\"wp-caption alignleft\"><a href=\"https:\/\/blog.zeit.de\/stoerungsmelder\/2013\/02\/26\/das-schwierige-gedenken-an-nsu-opfer-mehmet-turgut_11604\/p1010253\" rel=\"attachment wp-att-11607\"><img loading=\"lazy\" decoding=\"async\" class=\"size-medium wp-image-11607  \" alt=\"An einer provisorischen Gedenktafel sind Blumen f\u00fcr den ermordeten Mehmet Turgut niedergelegt worden. \u00a9 Elena Vogt\" src=\"https:\/\/blog.zeit.de\/stoerungsmelder\/files\/2013\/02\/P1010253-300x225.jpg\" width=\"300\" height=\"225\" srcset=\"https:\/\/blog.zeit.de\/stoerungsmelder\/files\/2013\/02\/P1010253-300x225.jpg 300w, https:\/\/blog.zeit.de\/stoerungsmelder\/files\/2013\/02\/P1010253-1024x768.jpg 1024w\" sizes=\"auto, (max-width: 300px) 100vw, 300px\" \/><\/a><figcaption id=\"caption-attachment-11607\" class=\"wp-caption-text\">An einer provisorischen Gedenktafel sind Blumen f\u00fcr Mehmet Turgut niedergelegt worden \u00a9 Elena Vogt<\/figcaption><\/figure><\/p>\n<p>In Rostock haben am Montag etwa 200 Menschen an den 2004 erschossenen Mehmet Turgut erinnert. F\u00fcr den Mord im Stadtteil Toitenwinkel wird der rechtsextremistische \u201eNationalsozialistische Untergrund\u201c verantwortlich gemacht. Seit Monaten kritisieren mehrere Initiativen, wie der Migrantenrat Rostock, dass weder ein Gedenkstein noch eine Stra\u00dfe den Namen des Opfers tr\u00e4gt. Das soll sich in diesem Jahr \u00e4ndern.\u00a0<!--more--><\/p>\n<p>Am neunten Jahrestag des Verbrechens zeigten sich die Veranstalter, das B\u00fcndnis \u201eErinnern! Verantworten!Aufkl\u00e4ren!?\u201c, unzufrieden mit der aktuellen Erkenntnislage. Sie forderten das Innenministerium Mecklenburg-Vorpommern auf, den Mord an Turgut und die Verbindungen der Zwickauer Terrorzelle zu Neonazis im Nord-Osten aufzukl\u00e4ren.<\/p>\n<p>Mehmet Turgut arbeitete als Aushilfe in einer Imbissbude, als er am 25. Februar 2004 am Neudierkower Weg mit drei Kugeln erschossen wurde. An dem damaligen Tatort wurden Blumen niedergelegt und Kerzen angez\u00fcndet, mit einer Schweigeminute ist an den damals 25-J\u00e4hrigen gedacht worden.<\/p>\n<p>Viele Reden befassten sich mit einem Bericht des Innenministers von Mecklenburg-Vorpommern, Lorenz Caffier (CDU), der auf Aktivit\u00e4ten des NSU in dem Bundesland Bezug nimmt. Vor einer Woche, am 19. Februar, war die 41-seitige Ausarbeitung den Fraktionsvorsitzenden des Landtages vorgelegt worden. Neben dem Mord an Turgut sollen zwei Sparkassen\u00fcberf\u00e4lle in Stralsund \u00a0(2006 und 2007) auf das Konto der Rechtsextremisten gehen.<\/p>\n<p>F\u00fcr die Zeit zwischen dem Mord an Turgut 2004 und der Aufdeckung des Terrortrios 2011 habe es keine Hinweise auf den rechtsextremen Hintergrund der Tat gegeben, so Caffiers Text. Auch habe es an Anhaltspunkten gefehlt, die auf einen Kontakt des NSU zur rechten Szene in Mecklenburg-Vorpommern schlie\u00dfen lie\u00dfen. Es k\u00f6nne nicht best\u00e4tigt werden, dass die Rechtsterroristen an der Ostsee ihren Campingurlaub verbracht h\u00e4tten.<\/p>\n<p>Mehrere Journalisten haben seitdem den geringen Erkenntniswert des Berichtes kritisiert. Das Internetportal blick nach rechts (bnr.de) stellte dem Schriftst\u00fcck einen f\u00fcnfseitigen <a title=\"Artikel\" href=\"http:\/\/www.bnr.de\/artikel\/hintergrund\/die-faehrte-des-terror-trios\">Artikel<\/a> gegen\u00fcber, der viele Spuren der NSU in Mecklenburg-Vorpommern findet. Urlaube in Krakow am See (1994), auf einem Campingplatz bei der Insel Usedom (2000), Poel (2005) oder m\u00f6glicherweise auch auf R\u00fcgen (2011) werden angesprochen, Verbindungen nach Rostock, Anklam oder Stralsund hinterfragt. Der NSU-watchblock nsu-watch.info berichtete bereits im M\u00e4rz 2012 \u00fcber das neonazistische Fanzine \u201eDer Weisse Wolf\u201c aus Neustrelitz. Dort sei im Jahr 2002 dem NSU gedankt worden. David Petereit, der heute f\u00fcr die NPD im Schweriner Landtag sitzt, sei nach Angaben des Internetportals blick nach rechts, zeitweilig f\u00fcr das Blatt verantwortlich gewesen. Des Weiteren seien Meldungen \u00fcber die \u201eFl\u00fcchtigen aus Jena\u201c 1998 vom Verfassungsschutz aus Th\u00fcringen nach Mecklenburg-Vorpommern weitergeleitet worden, wie die Schweriner Volkszeitung (SVZ) berichtet. Laut SVZ will Schwerin diese Nachricht niemals erhalten haben. 85 Menschen arbeiten in Mecklenburg-Vorpommern f\u00fcr den Verfassungsschutz.<\/p>\n<p><figure id=\"attachment_11635\" aria-describedby=\"caption-attachment-11635\" style=\"width: 300px\" class=\"wp-caption alignleft\"><a href=\"https:\/\/blog.zeit.de\/stoerungsmelder\/2013\/02\/26\/das-schwierige-gedenken-an-nsu-opfer-mehmet-turgut_11604\/p1010241\" rel=\"attachment wp-att-11635\"><img loading=\"lazy\" decoding=\"async\" class=\"size-medium wp-image-11635 \" alt=\"Etwa 200 Menschen erinnerten im Rostocker Stadtteil Toitenwinkel an den Ermordeten. \u00a9 Elena Vogt\" src=\"https:\/\/blog.zeit.de\/stoerungsmelder\/files\/2013\/02\/P1010241-300x224.jpg\" width=\"300\" height=\"224\" srcset=\"https:\/\/blog.zeit.de\/stoerungsmelder\/files\/2013\/02\/P1010241-300x224.jpg 300w, https:\/\/blog.zeit.de\/stoerungsmelder\/files\/2013\/02\/P1010241-1024x767.jpg 1024w\" sizes=\"auto, (max-width: 300px) 100vw, 300px\" \/><\/a><figcaption id=\"caption-attachment-11635\" class=\"wp-caption-text\">Etwa 200 Menschen erinnerten im Rostocker Stadtteil Toitenwinkel an den Ermordeten \u00a9 Elena Vogt<\/figcaption><\/figure><\/p>\n<p>\u201eWir wollen endlich die Wahrheit wissen! Wie konnte das alles passieren?\u201c, sagte Rub\u00e9n C\u00e1rdenas Carbajal vom Migrantenrat Mecklenburg-Vorpommern bei der Gedenkveranstaltung. Viele Fragen seien noch offen. Auch die Forderung nach einem NSU-Untersuchungsausschuss f\u00fcr das Land Mecklenburg-Vorpommern wurde laut.<\/p>\n<p>Am Montagnachmittag erkl\u00e4rten Vertreter einer Arbeitsgruppe, dass in diesem Jahr ein Gedenkstein in Erinnerung an Mehmet Turgut gesetz werden soll. Die Gruppe erarbeitet Empfehlungen zum Gedenken an das Pogrom von Rostock-Lichtenhagen (1992) und den Mord an Mehmet Turgut. Im Vorfeld hatte es eine Diskussion gegeben, ob ein Denkmal an den aus der T\u00fcrkei stammenden Mann erinnern k\u00f6nne. Schlie\u00dflich sei er kein B\u00fcrger der Stadt gewesen, wie die B\u00fcrgerschaftspr\u00e4sidentin Karina Jens (CDU) dem ZDF mitteilte. \u201eDass er kein geb\u00fcrtiger Rostocker war, sollte f\u00fcr das Gedenken keine Rolle spielen\u201c, sagte Torsten Sohn vom Verein \u201eBunt statt braun\u201c. Er sei ein Mensch gewesen, das sollte als Begr\u00fcndung reichen.<\/p>\n<p>Der Beschluss der Arbeitsgruppe sei als ein positiver Schritt zu werten, sagte Landtagsmitglied Hikmat Al-Sabty (Die Linke). \u201eWenn es nach mir ginge, w\u00fcrde die Stra\u00dfe in Mehmet-Turgut-Stra\u00dfe umbenannt werden\u201c, sagte der Politiker. Die Umbenennung ist aber nicht in Aussicht gestellt worden. Den Bericht des Innenministers nannte Al-Sabty \u201everharmlosend\u201c.<\/p>\n<p><a title=\"Im vergangenen Jahr\" href=\"https:\/\/blog.zeit.de\/stoerungsmelder\/2012\/02\/26\/npd-kandidat-fuhrt-versuchten-angriff-auf-gedenkveranstaltung-an_8113\">Im vergangenen Jahr<\/a> ist die Kundgebung von bis zu drei\u00dfig Neonazis gest\u00f6rt worden. Unter ihnen war auch der ehemalige NPD-Politiker Michael Fischer, dessen Freundin Nadja Drygalla vorzeitig die Olympischen Spiele im Sommer 2012 verlie\u00df.<\/p>\n","protected":false},"excerpt":{"rendered":"<p>In Rostock haben am Montag etwa 200 Menschen an den 2004 erschossenen Mehmet Turgut erinnert. F\u00fcr den Mord im Stadtteil Toitenwinkel wird der rechtsextremistische \u201eNationalsozialistische Untergrund\u201c verantwortlich gemacht. Seit Monaten kritisieren mehrere Initiativen, wie der Migrantenrat Rostock, dass weder ein Gedenkstein noch eine Stra\u00dfe den Namen des Opfers tr\u00e4gt. Das soll sich in diesem Jahr [&hellip;]<\/p>\n","protected":false},"author":399,"featured_media":11607,"comment_status":"open","ping_status":"open","sticky":false,"template":"","format":"standard","meta":{"_jetpack_memberships_contains_paid_content":false,"footnotes":""},"categories":[90],"tags":[1577,24611,24610,1716,12752,1755,12739,1776,1836],"class_list":["post-11604","post","type-post","status-publish","format-standard","has-post-thumbnail","hentry","category-mecklenburg-vorpommern","tag-gedenken","tag-lorenz-caffier","tag-mehmet-turgut","tag-npd","tag-nsu","tag-rechte-gewalt","tag-rechtsterrorismus","tag-rostock","tag-verfassungsschutz"],"yoast_head":"<!-- This site is optimized with the Yoast SEO plugin v21.0 - https:\/\/yoast.com\/wordpress\/plugins\/seo\/ -->\n<title>Das schwierige Gedenken an NSU-Opfer Mehmet Turgut - St\u00f6rungsmelder<\/title>\n<meta name=\"robots\" content=\"index, follow, max-snippet:-1, max-image-preview:large, max-video-preview:-1\" \/>\n<link rel=\"canonical\" href=\"https:\/\/blog.zeit.de\/stoerungsmelder\/2013\/02\/26\/das-schwierige-gedenken-an-nsu-opfer-mehmet-turgut_11604\" \/>\n<meta property=\"og:locale\" content=\"de_DE\" \/>\n<meta property=\"og:type\" content=\"article\" \/>\n<meta property=\"og:title\" content=\"Das schwierige Gedenken an NSU-Opfer Mehmet Turgut - St\u00f6rungsmelder\" \/>\n<meta property=\"og:description\" content=\"In Rostock haben am Montag etwa 200 Menschen an den 2004 erschossenen Mehmet Turgut erinnert. F\u00fcr den Mord im Stadtteil Toitenwinkel wird der rechtsextremistische \u201eNationalsozialistische Untergrund\u201c verantwortlich gemacht. Seit Monaten kritisieren mehrere Initiativen, wie der Migrantenrat Rostock, dass weder ein Gedenkstein noch eine Stra\u00dfe den Namen des Opfers tr\u00e4gt. Das soll sich in diesem Jahr [&hellip;]\" \/>\n<meta property=\"og:url\" content=\"https:\/\/blog.zeit.de\/stoerungsmelder\/2013\/02\/26\/das-schwierige-gedenken-an-nsu-opfer-mehmet-turgut_11604\" \/>\n<meta property=\"og:site_name\" content=\"St\u00f6rungsmelder\" \/>\n<meta property=\"article:published_time\" content=\"2013-02-26T11:38:23+00:00\" \/>\n<meta property=\"article:modified_time\" content=\"2013-02-28T21:10:26+00:00\" \/>\n<meta property=\"og:image\" content=\"https:\/\/blog.zeit.de\/stoerungsmelder\/files\/2013\/02\/P1010253-1024x768.jpg\" \/>\n\t<meta property=\"og:image:width\" content=\"1024\" \/>\n\t<meta property=\"og:image:height\" content=\"768\" \/>\n\t<meta property=\"og:image:type\" content=\"image\/jpeg\" \/>\n<meta name=\"author\" content=\"Elena Vogt\" \/>\n<meta name=\"twitter:card\" content=\"summary_large_image\" \/>\n<meta name=\"twitter:label1\" content=\"Geschrieben von\" \/>\n\t<meta name=\"twitter:data1\" content=\"Elena Vogt\" \/>\n\t<meta name=\"twitter:label2\" content=\"Gesch\u00e4tzte Lesezeit\" \/>\n\t<meta name=\"twitter:data2\" content=\"4\u00a0Minuten\" \/>\n<script type=\"application\/ld+json\" class=\"yoast-schema-graph\">{\"@context\":\"https:\/\/schema.org\",\"@graph\":[{\"@type\":\"WebPage\",\"@id\":\"https:\/\/blog.zeit.de\/stoerungsmelder\/2013\/02\/26\/das-schwierige-gedenken-an-nsu-opfer-mehmet-turgut_11604\",\"url\":\"https:\/\/blog.zeit.de\/stoerungsmelder\/2013\/02\/26\/das-schwierige-gedenken-an-nsu-opfer-mehmet-turgut_11604\",\"name\":\"Das schwierige Gedenken an NSU-Opfer Mehmet Turgut - St\u00f6rungsmelder\",\"isPartOf\":{\"@id\":\"https:\/\/blog.zeit.de\/stoerungsmelder\/#website\"},\"datePublished\":\"2013-02-26T11:38:23+00:00\",\"dateModified\":\"2013-02-28T21:10:26+00:00\",\"author\":{\"@id\":\"https:\/\/blog.zeit.de\/stoerungsmelder\/#\/schema\/person\/921156c88ef074f2547c4811437c93c9\"},\"breadcrumb\":{\"@id\":\"https:\/\/blog.zeit.de\/stoerungsmelder\/2013\/02\/26\/das-schwierige-gedenken-an-nsu-opfer-mehmet-turgut_11604#breadcrumb\"},\"inLanguage\":\"de\",\"potentialAction\":[{\"@type\":\"ReadAction\",\"target\":[\"https:\/\/blog.zeit.de\/stoerungsmelder\/2013\/02\/26\/das-schwierige-gedenken-an-nsu-opfer-mehmet-turgut_11604\"]}]},{\"@type\":\"BreadcrumbList\",\"@id\":\"https:\/\/blog.zeit.de\/stoerungsmelder\/2013\/02\/26\/das-schwierige-gedenken-an-nsu-opfer-mehmet-turgut_11604#breadcrumb\",\"itemListElement\":[{\"@type\":\"ListItem\",\"position\":1,\"name\":\"Startseite\",\"item\":\"https:\/\/blog.zeit.de\/stoerungsmelder\"},{\"@type\":\"ListItem\",\"position\":2,\"name\":\"Das schwierige Gedenken an NSU-Opfer Mehmet Turgut\"}]},{\"@type\":\"WebSite\",\"@id\":\"https:\/\/blog.zeit.de\/stoerungsmelder\/#website\",\"url\":\"https:\/\/blog.zeit.de\/stoerungsmelder\/\",\"name\":\"St\u00f6rungsmelder\",\"description\":\"Recherchen und Analysen \u00fcber die extreme Rechte\",\"potentialAction\":[{\"@type\":\"SearchAction\",\"target\":{\"@type\":\"EntryPoint\",\"urlTemplate\":\"https:\/\/blog.zeit.de\/stoerungsmelder\/?s={search_term_string}\"},\"query-input\":\"required name=search_term_string\"}],\"inLanguage\":\"de\"},{\"@type\":\"Person\",\"@id\":\"https:\/\/blog.zeit.de\/stoerungsmelder\/#\/schema\/person\/921156c88ef074f2547c4811437c93c9\",\"name\":\"Elena Vogt\",\"image\":{\"@type\":\"ImageObject\",\"inLanguage\":\"de\",\"@id\":\"https:\/\/blog.zeit.de\/stoerungsmelder\/#\/schema\/person\/image\/\",\"url\":\"https:\/\/secure.gravatar.com\/avatar\/2e9cf6a0717967c868cd8361389aa1d5f861ab645dbb9a3fb37835d5859b51bd?s=96&d=mm&r=pg\",\"contentUrl\":\"https:\/\/secure.gravatar.com\/avatar\/2e9cf6a0717967c868cd8361389aa1d5f861ab645dbb9a3fb37835d5859b51bd?s=96&d=mm&r=pg\",\"caption\":\"Elena Vogt\"},\"url\":\"https:\/\/blog.zeit.de\/stoerungsmelder\/author\/elenavogt\"}]}<\/script>\n<!-- \/ Yoast SEO plugin. -->","yoast_head_json":{"title":"Das schwierige Gedenken an NSU-Opfer Mehmet Turgut - St\u00f6rungsmelder","robots":{"index":"index","follow":"follow","max-snippet":"max-snippet:-1","max-image-preview":"max-image-preview:large","max-video-preview":"max-video-preview:-1"},"canonical":"https:\/\/blog.zeit.de\/stoerungsmelder\/2013\/02\/26\/das-schwierige-gedenken-an-nsu-opfer-mehmet-turgut_11604","og_locale":"de_DE","og_type":"article","og_title":"Das schwierige Gedenken an NSU-Opfer Mehmet Turgut - St\u00f6rungsmelder","og_description":"In Rostock haben am Montag etwa 200 Menschen an den 2004 erschossenen Mehmet Turgut erinnert. F\u00fcr den Mord im Stadtteil Toitenwinkel wird der rechtsextremistische \u201eNationalsozialistische Untergrund\u201c verantwortlich gemacht. Seit Monaten kritisieren mehrere Initiativen, wie der Migrantenrat Rostock, dass weder ein Gedenkstein noch eine Stra\u00dfe den Namen des Opfers tr\u00e4gt. Das soll sich in diesem Jahr [&hellip;]","og_url":"https:\/\/blog.zeit.de\/stoerungsmelder\/2013\/02\/26\/das-schwierige-gedenken-an-nsu-opfer-mehmet-turgut_11604","og_site_name":"St\u00f6rungsmelder","article_published_time":"2013-02-26T11:38:23+00:00","article_modified_time":"2013-02-28T21:10:26+00:00","og_image":[{"width":1024,"height":768,"url":"https:\/\/blog.zeit.de\/stoerungsmelder\/files\/2013\/02\/P1010253-1024x768.jpg","type":"image\/jpeg"}],"author":"Elena Vogt","twitter_card":"summary_large_image","twitter_misc":{"Geschrieben von":"Elena Vogt","Gesch\u00e4tzte Lesezeit":"4\u00a0Minuten"},"schema":{"@context":"https:\/\/schema.org","@graph":[{"@type":"WebPage","@id":"https:\/\/blog.zeit.de\/stoerungsmelder\/2013\/02\/26\/das-schwierige-gedenken-an-nsu-opfer-mehmet-turgut_11604","url":"https:\/\/blog.zeit.de\/stoerungsmelder\/2013\/02\/26\/das-schwierige-gedenken-an-nsu-opfer-mehmet-turgut_11604","name":"Das schwierige Gedenken an NSU-Opfer Mehmet Turgut - St\u00f6rungsmelder","isPartOf":{"@id":"https:\/\/blog.zeit.de\/stoerungsmelder\/#website"},"datePublished":"2013-02-26T11:38:23+00:00","dateModified":"2013-02-28T21:10:26+00:00","author":{"@id":"https:\/\/blog.zeit.de\/stoerungsmelder\/#\/schema\/person\/921156c88ef074f2547c4811437c93c9"},"breadcrumb":{"@id":"https:\/\/blog.zeit.de\/stoerungsmelder\/2013\/02\/26\/das-schwierige-gedenken-an-nsu-opfer-mehmet-turgut_11604#breadcrumb"},"inLanguage":"de","potentialAction":[{"@type":"ReadAction","target":["https:\/\/blog.zeit.de\/stoerungsmelder\/2013\/02\/26\/das-schwierige-gedenken-an-nsu-opfer-mehmet-turgut_11604"]}]},{"@type":"BreadcrumbList","@id":"https:\/\/blog.zeit.de\/stoerungsmelder\/2013\/02\/26\/das-schwierige-gedenken-an-nsu-opfer-mehmet-turgut_11604#breadcrumb","itemListElement":[{"@type":"ListItem","position":1,"name":"Startseite","item":"https:\/\/blog.zeit.de\/stoerungsmelder"},{"@type":"ListItem","position":2,"name":"Das schwierige Gedenken an NSU-Opfer Mehmet Turgut"}]},{"@type":"WebSite","@id":"https:\/\/blog.zeit.de\/stoerungsmelder\/#website","url":"https:\/\/blog.zeit.de\/stoerungsmelder\/","name":"St\u00f6rungsmelder","description":"Recherchen und Analysen \u00fcber die extreme Rechte","potentialAction":[{"@type":"SearchAction","target":{"@type":"EntryPoint","urlTemplate":"https:\/\/blog.zeit.de\/stoerungsmelder\/?s={search_term_string}"},"query-input":"required name=search_term_string"}],"inLanguage":"de"},{"@type":"Person","@id":"https:\/\/blog.zeit.de\/stoerungsmelder\/#\/schema\/person\/921156c88ef074f2547c4811437c93c9","name":"Elena Vogt","image":{"@type":"ImageObject","inLanguage":"de","@id":"https:\/\/blog.zeit.de\/stoerungsmelder\/#\/schema\/person\/image\/","url":"https:\/\/secure.gravatar.com\/avatar\/2e9cf6a0717967c868cd8361389aa1d5f861ab645dbb9a3fb37835d5859b51bd?s=96&d=mm&r=pg","contentUrl":"https:\/\/secure.gravatar.com\/avatar\/2e9cf6a0717967c868cd8361389aa1d5f861ab645dbb9a3fb37835d5859b51bd?s=96&d=mm&r=pg","caption":"Elena Vogt"},"url":"https:\/\/blog.zeit.de\/stoerungsmelder\/author\/elenavogt"}]}},"jetpack_featured_media_url":"https:\/\/blog.zeit.de\/stoerungsmelder\/files\/2013\/02\/P1010253.jpg","jetpack_sharing_enabled":true,"_links":{"self":[{"href":"https:\/\/blog.zeit.de\/stoerungsmelder\/wp-json\/wp\/v2\/posts\/11604","targetHints":{"allow":["GET"]}}],"collection":[{"href":"https:\/\/blog.zeit.de\/stoerungsmelder\/wp-json\/wp\/v2\/posts"}],"about":[{"href":"https:\/\/blog.zeit.de\/stoerungsmelder\/wp-json\/wp\/v2\/types\/post"}],"author":[{"embeddable":true,"href":"https:\/\/blog.zeit.de\/stoerungsmelder\/wp-json\/wp\/v2\/users\/399"}],"replies":[{"embeddable":true,"href":"https:\/\/blog.zeit.de\/stoerungsmelder\/wp-json\/wp\/v2\/comments?post=11604"}],"version-history":[{"count":50,"href":"https:\/\/blog.zeit.de\/stoerungsmelder\/wp-json\/wp\/v2\/posts\/11604\/revisions"}],"predecessor-version":[{"id":11707,"href":"https:\/\/blog.zeit.de\/stoerungsmelder\/wp-json\/wp\/v2\/posts\/11604\/revisions\/11707"}],"wp:featuredmedia":[{"embeddable":true,"href":"https:\/\/blog.zeit.de\/stoerungsmelder\/wp-json\/wp\/v2\/media\/11607"}],"wp:attachment":[{"href":"https:\/\/blog.zeit.de\/stoerungsmelder\/wp-json\/wp\/v2\/media?parent=11604"}],"wp:term":[{"taxonomy":"category","embeddable":true,"href":"https:\/\/blog.zeit.de\/stoerungsmelder\/wp-json\/wp\/v2\/categories?post=11604"},{"taxonomy":"post_tag","embeddable":true,"href":"https:\/\/blog.zeit.de\/stoerungsmelder\/wp-json\/wp\/v2\/tags?post=11604"}],"curies":[{"name":"wp","href":"https:\/\/api.w.org\/{rel}","templated":true}]}}