{"id":11760,"date":"2013-03-06T18:27:09","date_gmt":"2013-03-06T17:27:09","guid":{"rendered":"http:\/\/blog.zeit.de\/stoerungsmelder\/?p=11760"},"modified":"2013-03-06T18:34:42","modified_gmt":"2013-03-06T17:34:42","slug":"wegen-frei-wild-kraftklub-boykottieren-echo-preisverleihung","status":"publish","type":"post","link":"https:\/\/blog.zeit.de\/stoerungsmelder\/2013\/03\/06\/wegen-frei-wild-kraftklub-boykottieren-echo-preisverleihung_11760","title":{"rendered":"Wegen \u201cFrei.Wild\u201d: \u201cKraftklub\u201d boykottieren Echo-Preisverleihung"},"content":{"rendered":"<p><figure id=\"attachment_11408\" aria-describedby=\"caption-attachment-11408\" style=\"width: 580px\" class=\"wp-caption aligncenter\"><a href=\"https:\/\/blog.zeit.de\/stoerungsmelder\/2013\/02\/14\/visions-zieht-festival-prasentation-wegen-angekundigtem-frei-wild-auftritt-zuruck_11410\/freiwild_jesko_wrede\" rel=\"attachment wp-att-11408\"><img loading=\"lazy\" decoding=\"async\" class=\"size-full wp-image-11408\" alt=\"Neonazi mit Frei.Wild-Schal beim Naziaufmarsch im Januar 2013 in Magdeburg \u00a9 Jesko Wrede\" src=\"https:\/\/blog.zeit.de\/stoerungsmelder\/files\/2013\/02\/freiwild_jesko_wrede.jpg\" width=\"580\" height=\"334\" srcset=\"https:\/\/blog.zeit.de\/stoerungsmelder\/files\/2013\/02\/freiwild_jesko_wrede.jpg 540w, https:\/\/blog.zeit.de\/stoerungsmelder\/files\/2013\/02\/freiwild_jesko_wrede-300x172.jpg 300w\" sizes=\"auto, (max-width: 580px) 100vw, 580px\" \/><\/a><figcaption id=\"caption-attachment-11408\" class=\"wp-caption-text\">Neonazi mit Frei.Wild-Schal beim Naziaufmarsch im Januar 2013 in Magdeburg \u00a9 Jesko Wrede<\/figcaption><\/figure><\/p>\n<p>Zum zweiten Mal ist die Band \u201eFrei.Wild\u201c f\u00fcr den Echo nominiert. Dass eine\u00a0deutschsprachige\u00a0Band\u00a0aus S\u00fcdtirol in Italien,\u00a0<a href=\"http:\/\/www.publikative.org\/2012\/10\/26\/kein-frei-wild\/\" target=\"_blank\">die durch v\u00f6lkisch-nationalistische Texte aufgefallen ist<\/a>, in der Kategorie \u201eRock\/Alternativ National\u201c eine Plattform geboten bekommt, sorgte\u00a0gestern\u00a0bereits kurz nach der Bekanntgabe f\u00fcr viel Unmut. Die ebenfalls nominierte Band \u201eKraftklub\u201c will den Echo nun deswegen boykottieren, wie sie heute bekannt gab.<strong><!--more--><\/strong><\/p>\n<p><em>Von Roland Sieber, zuerst ver\u00f6ffentlicht auf <a href=\"http:\/\/www.publikative.org\/2013\/03\/06\/wegen-frei-wild-kraftklub-boykottieren-echo-preisverleihung\/\" target=\"_blank\">Publikative.org<\/a><\/em><\/p>\n<p>Seit Dienstag tobt auf der<a href=\"https:\/\/www.facebook.com\/ECHO.Musikpreis\" target=\"_blank\">\u00a0Facebookseite des Echos<\/a>\u00a0eine heftige Diskussion zwischen \u201eFrei.Wild\u201c-Anh\u00e4ngern und deren Kritikern. Dirk Stegemann von der Kampagne \u201eZusammen handeln! Gegen rassistische Hetze und soziale Ausgrenzung!\u201c\u00a0erl\u00e4uterte dazu auf Anfrage:<\/p>\n<blockquote><p>\u201eF\u00fcr die Nachwuchsgewinnung spielt Musik und deren mediale Verbreitung wegen ihrer Anschluss- und Mobilisierungsf\u00e4higkeit in der rechten Szene eine wichtige Rolle. V\u00f6lkisch-nationalistische sowie \u201cBlut- und Boden-\u201d Rhetorik ist deshalb auch auf keiner B\u00fchne hinnehmbar. Sie ist der Einstieg in, der N\u00e4hr- und Resonanzboden f\u00fcr Ungleichwertigkeitsdenken, Chauvinismus, Hass sowie rechte, rassistische Gewalt.\u201c<\/p><\/blockquote>\n<p>Heute zog der Shitstorm der \u201eFrei.Wild\u201c-Fans unter die\u00a0<a href=\"https:\/\/www.facebook.com\/kraftklub\/posts\/10151453314944754\" target=\"_blank\">Stellungnahme von\u00a0Kraftklub<\/a>\u00a0weiter: Mehr als 1.000 Pro- und Contrakommentare sammelten sich innerhalb der ersten zwei Stunden an.<\/p>\n<blockquote><p>\u201eWir haben unsere Plattenfirma gebeten, daf\u00fcr zu sorgen, dass unsere Nominierung f\u00fcr den Echo in der Kategorie \u201cRock\/Alternativ National\u201d zur\u00fcckgezogen wird. Wir m\u00f6chten nicht weiter in einer solchen Reihe genannt werden. Obwohl wir uns gefreut haben zusammen mit Mia, Die Toten Hosen, Unheilig, und Die \u00c4rzte nominiert gewesen zu sein\u201c,<\/p><\/blockquote>\n<p>postete die angesagte Band um kurz nach 12 Uhr am heutigen Mittwoch. Die f\u00fcnfk\u00f6pfige Musikgruppe spielte damit offensichtlich auf die S\u00fcdtiroler Rechtsrockband an, die als einzige nicht in der Aufz\u00e4hlung genannt wird. Bereits beim Echo 2012 sangen \u201eKraftklub\u201c zusammen mit dem Rapper \u201eCasper\u201c vor laufenden Kameras:<\/p>\n<blockquote><p>\u201eH\u00e4ttest Du mich auch gek\u00fcsst, Dich einfach auf mich draufgest\u00fcrzt \u2013 die Welt w\u00e4re vielleicht besser, \u2018Frei.Wild\u2019 endlich aufgel\u00f6st. Immer noch f\u00fcr Nazis kein Go, bitte bitte Gott gib mir nochmal ein Album von Eins Zwo.\u201c<\/p><\/blockquote>\n\n<div class=\"embed-wrapper embed-wrapper--blocked js-embed-consent\" data-method=\"iframe\">\n<script class=\"raw__source\" type=\"text\/template\"><iframe loading=\"lazy\" frameborder=\"0\" height=\"315\" src=\"http:\/\/www.youtube.com\/embed\/CaX_2o8ioec\" width=\"560\"><\/iframe><\/script>\n<div class=\"embed-wrapper__inner\">\n<div class=\"embed-wrapper__text\">\n<h3>Empfohlener redaktioneller Inhalt<\/h3>\n<p data-replace=\"no\">An dieser Stelle finden Sie externen Inhalt, der den Artikel erg\u00e4nzt. Sie k\u00f6nnen sich externe Inhalte mit einem Klick anzeigen lassen und wieder ausblenden.<noscript>Bitte aktivieren Sie JavaScript damit Sie diesen Inhalt anzeigen k\u00f6nnen.<\/noscript><\/p>\n<\/div>\n<div class=\"embed-consent\">\n<label class=\"embed-consent__toggle\">\n<input class=\"js-embed-consent__toggle\" type=\"checkbox\" autocomplete=\"off\">\n<span><\/span>\nExterner Inhalt\n<\/label>\n<a href=\"https:\/\/www.zeit.de\/hilfe\/datenschutz\" target=\"_blank\" class=\"embed-consent__datalink-when-active\">Datenschutzerkl\u00e4rung<\/a>\n<\/div>\n<div class=\"embed-wrapper__footer\">\n<p data-replace=\"no\">\nIch bin damit einverstanden, dass mir externe Inhalte angezeigt werden. Damit k\u00f6nnen personenbezogene Daten an Drittplattformen \u00fcbermittelt werden. <a href=\"https:\/\/www.zeit.de\/hilfe\/datenschutz\" target=\"_blank\">Mehr dazu in unserer Datenschutzerkl\u00e4rung.<\/a>\n<\/p>\n<\/div>\n<\/div>\n<\/div>\n<p>Auch die ebenfalls nominierte Band \u201eDie \u00c4rzte\u201c positionierten sich mehrfach gegen Frei.Wild.\u00a0 So tauschten sie bei Live-Konzerten bei ihrem Song \u201eSchrei nach Liebe\u201c die Textzeile \u201eZwischen St\u00f6rkraft und den Onkelz steht \u2018ne Kuschelrock-LP\u201c gegen \u201eZwischen Frei.Wild und den Onkelz \u2026\u201c. Heute gaben \u201eDie \u00c4rzte\u201c\u00a0<a href=\"http:\/\/www.bademeister.com\/\" target=\"_blank\">auf ihrer offiziellen Homepage<\/a>\u00a0folgendes Statement ab: \u201eBeim \u2018Wichtigsten Deutschen Musikpreis\u2019 ist mal wieder eine politisch fragw\u00fcrdige Band nominiert. Da uns der Echo sowieso nie interessiert hat und unsere politische Einstellung hinreichend bekannt sein sollte, liegt der Rest in den H\u00e4nden der sicherlich weisen Juroren.\u201c<\/p>\n<p>Die ARD \u00fcbertr\u00e4gt die Preisverleihung am Donnerstag, den 21. M\u00e4rz live aus der Messe Berlin. Bereits jetzt darf das Publikum auf der Videoplattform \u201eMyVideo\u201c abstimmen. Bei Twitter sorgt die Nominierung der Rechtsrockband ebenfalls f\u00fcr viel Spott, so wurde z.B. Erika Steinbach f\u00fcr die Laudatio f\u00fcr \u201eFrei.Wild\u201c beim Echo vorgeschlagen.<\/p>\n<p><a href=\"https:\/\/blog.zeit.de\/stoerungsmelder\/?s=frei.wild\" target=\"_blank\">Weitere Artikel zu Frei.Wild auf St\u00f6rungsmelder<\/a><\/p>\n<p>&nbsp;<\/p>\n","protected":false},"excerpt":{"rendered":"<p>Zum zweiten Mal ist die Band \u201eFrei.Wild\u201c f\u00fcr den Echo nominiert. Dass eine\u00a0deutschsprachige\u00a0Band\u00a0aus S\u00fcdtirol in Italien,\u00a0die durch v\u00f6lkisch-nationalistische Texte aufgefallen ist, in der Kategorie \u201eRock\/Alternativ National\u201c eine Plattform geboten bekommt, sorgte\u00a0gestern\u00a0bereits kurz nach der Bekanntgabe f\u00fcr viel Unmut. Die ebenfalls nominierte Band \u201eKraftklub\u201c will den Echo nun deswegen boykottieren, wie sie heute bekannt gab.<\/p>\n","protected":false},"author":372,"featured_media":0,"comment_status":"open","ping_status":"open","sticky":false,"template":"","format":"standard","meta":{"_jetpack_memberships_contains_paid_content":false,"footnotes":""},"categories":[249],"tags":[24622,22879,1695,1700,24623,24624,24625],"class_list":["post-11760","post","type-post","status-publish","format-standard","hentry","category-berlin","tag-echo","tag-frei-wild","tag-musik","tag-nationalismus","tag-phillip-burger","tag-rechtrock","tag-sudtirol"],"yoast_head":"<!-- This site is optimized with the Yoast SEO plugin v21.0 - https:\/\/yoast.com\/wordpress\/plugins\/seo\/ -->\n<title>Wegen \u201cFrei.Wild\u201d: \u201cKraftklub\u201d boykottieren Echo-Preisverleihung - St\u00f6rungsmelder<\/title>\n<meta name=\"robots\" content=\"index, follow, max-snippet:-1, max-image-preview:large, max-video-preview:-1\" \/>\n<link rel=\"canonical\" href=\"https:\/\/blog.zeit.de\/stoerungsmelder\/2013\/03\/06\/wegen-frei-wild-kraftklub-boykottieren-echo-preisverleihung_11760\" \/>\n<meta property=\"og:locale\" content=\"de_DE\" \/>\n<meta property=\"og:type\" content=\"article\" \/>\n<meta property=\"og:title\" content=\"Wegen \u201cFrei.Wild\u201d: \u201cKraftklub\u201d boykottieren Echo-Preisverleihung - St\u00f6rungsmelder\" \/>\n<meta property=\"og:description\" content=\"Zum zweiten Mal ist die Band \u201eFrei.Wild\u201c f\u00fcr den Echo nominiert. Dass eine\u00a0deutschsprachige\u00a0Band\u00a0aus S\u00fcdtirol in Italien,\u00a0die durch v\u00f6lkisch-nationalistische Texte aufgefallen ist, in der Kategorie \u201eRock\/Alternativ National\u201c eine Plattform geboten bekommt, sorgte\u00a0gestern\u00a0bereits kurz nach der Bekanntgabe f\u00fcr viel Unmut. Die ebenfalls nominierte Band \u201eKraftklub\u201c will den Echo nun deswegen boykottieren, wie sie heute bekannt gab.\" \/>\n<meta property=\"og:url\" content=\"https:\/\/blog.zeit.de\/stoerungsmelder\/2013\/03\/06\/wegen-frei-wild-kraftklub-boykottieren-echo-preisverleihung_11760\" \/>\n<meta property=\"og:site_name\" content=\"St\u00f6rungsmelder\" \/>\n<meta property=\"article:published_time\" content=\"2013-03-06T17:27:09+00:00\" \/>\n<meta property=\"article:modified_time\" content=\"2013-03-06T17:34:42+00:00\" \/>\n<meta property=\"og:image\" content=\"https:\/\/blog.zeit.de\/stoerungsmelder\/files\/2013\/02\/freiwild_jesko_wrede.jpg\" \/>\n<meta name=\"author\" content=\"Roland Sieber\" \/>\n<meta name=\"twitter:card\" content=\"summary_large_image\" \/>\n<meta name=\"twitter:label1\" content=\"Geschrieben von\" \/>\n\t<meta name=\"twitter:data1\" content=\"Roland Sieber\" \/>\n\t<meta name=\"twitter:label2\" content=\"Gesch\u00e4tzte Lesezeit\" \/>\n\t<meta name=\"twitter:data2\" content=\"3\u00a0Minuten\" \/>\n<script type=\"application\/ld+json\" class=\"yoast-schema-graph\">{\"@context\":\"https:\/\/schema.org\",\"@graph\":[{\"@type\":\"WebPage\",\"@id\":\"https:\/\/blog.zeit.de\/stoerungsmelder\/2013\/03\/06\/wegen-frei-wild-kraftklub-boykottieren-echo-preisverleihung_11760\",\"url\":\"https:\/\/blog.zeit.de\/stoerungsmelder\/2013\/03\/06\/wegen-frei-wild-kraftklub-boykottieren-echo-preisverleihung_11760\",\"name\":\"Wegen \u201cFrei.Wild\u201d: \u201cKraftklub\u201d boykottieren Echo-Preisverleihung - St\u00f6rungsmelder\",\"isPartOf\":{\"@id\":\"https:\/\/blog.zeit.de\/stoerungsmelder\/#website\"},\"datePublished\":\"2013-03-06T17:27:09+00:00\",\"dateModified\":\"2013-03-06T17:34:42+00:00\",\"author\":{\"@id\":\"https:\/\/blog.zeit.de\/stoerungsmelder\/#\/schema\/person\/3da908df9eb5af3ca0f9ae44ac55958f\"},\"breadcrumb\":{\"@id\":\"https:\/\/blog.zeit.de\/stoerungsmelder\/2013\/03\/06\/wegen-frei-wild-kraftklub-boykottieren-echo-preisverleihung_11760#breadcrumb\"},\"inLanguage\":\"de\",\"potentialAction\":[{\"@type\":\"ReadAction\",\"target\":[\"https:\/\/blog.zeit.de\/stoerungsmelder\/2013\/03\/06\/wegen-frei-wild-kraftklub-boykottieren-echo-preisverleihung_11760\"]}]},{\"@type\":\"BreadcrumbList\",\"@id\":\"https:\/\/blog.zeit.de\/stoerungsmelder\/2013\/03\/06\/wegen-frei-wild-kraftklub-boykottieren-echo-preisverleihung_11760#breadcrumb\",\"itemListElement\":[{\"@type\":\"ListItem\",\"position\":1,\"name\":\"Startseite\",\"item\":\"https:\/\/blog.zeit.de\/stoerungsmelder\"},{\"@type\":\"ListItem\",\"position\":2,\"name\":\"Wegen \u201cFrei.Wild\u201d: \u201cKraftklub\u201d boykottieren Echo-Preisverleihung\"}]},{\"@type\":\"WebSite\",\"@id\":\"https:\/\/blog.zeit.de\/stoerungsmelder\/#website\",\"url\":\"https:\/\/blog.zeit.de\/stoerungsmelder\/\",\"name\":\"St\u00f6rungsmelder\",\"description\":\"Recherchen und Analysen \u00fcber die extreme Rechte\",\"potentialAction\":[{\"@type\":\"SearchAction\",\"target\":{\"@type\":\"EntryPoint\",\"urlTemplate\":\"https:\/\/blog.zeit.de\/stoerungsmelder\/?s={search_term_string}\"},\"query-input\":\"required name=search_term_string\"}],\"inLanguage\":\"de\"},{\"@type\":\"Person\",\"@id\":\"https:\/\/blog.zeit.de\/stoerungsmelder\/#\/schema\/person\/3da908df9eb5af3ca0f9ae44ac55958f\",\"name\":\"Roland Sieber\",\"image\":{\"@type\":\"ImageObject\",\"inLanguage\":\"de\",\"@id\":\"https:\/\/blog.zeit.de\/stoerungsmelder\/#\/schema\/person\/image\/\",\"url\":\"https:\/\/secure.gravatar.com\/avatar\/7e54e25047fbec700aeec5062fb9539fd29b02b98cabcfb5f310ccf413bc8856?s=96&d=mm&r=pg\",\"contentUrl\":\"https:\/\/secure.gravatar.com\/avatar\/7e54e25047fbec700aeec5062fb9539fd29b02b98cabcfb5f310ccf413bc8856?s=96&d=mm&r=pg\",\"caption\":\"Roland Sieber\"},\"description\":\"Nachdem ich einige Jahre ehrenamtlich in der Jugendverbandsarbeit aktiv war und mich in der Bildungs- und B\u00fcndnisarbeit gegen Rassismus und Nationalismus engagierte, wollte ich mir mehr theoretisches Hintergrundwissen aneignen und studierte an der Akademie der Arbeit. Meine Abschlussarbeit schrieb ich zum Thema \u201eRechtsorientierte Jugend und Gewerkschaft\u201c. Seit 2009 studiere ich in Hamburg und publiziere mehr hobby- als berufsm\u00e4\u00dfig zu neuen Entwicklungen innerhalb der politischen Rechten sowie \u00fcber Rassismus, Antisemitismus und Islamfeindlichkeit auch in Grauzonenbereichen und Mischspektren.\",\"url\":\"https:\/\/blog.zeit.de\/stoerungsmelder\/author\/rolandsieber\"}]}<\/script>\n<!-- \/ Yoast SEO plugin. -->","yoast_head_json":{"title":"Wegen \u201cFrei.Wild\u201d: \u201cKraftklub\u201d boykottieren Echo-Preisverleihung - St\u00f6rungsmelder","robots":{"index":"index","follow":"follow","max-snippet":"max-snippet:-1","max-image-preview":"max-image-preview:large","max-video-preview":"max-video-preview:-1"},"canonical":"https:\/\/blog.zeit.de\/stoerungsmelder\/2013\/03\/06\/wegen-frei-wild-kraftklub-boykottieren-echo-preisverleihung_11760","og_locale":"de_DE","og_type":"article","og_title":"Wegen \u201cFrei.Wild\u201d: \u201cKraftklub\u201d boykottieren Echo-Preisverleihung - St\u00f6rungsmelder","og_description":"Zum zweiten Mal ist die Band \u201eFrei.Wild\u201c f\u00fcr den Echo nominiert. Dass eine\u00a0deutschsprachige\u00a0Band\u00a0aus S\u00fcdtirol in Italien,\u00a0die durch v\u00f6lkisch-nationalistische Texte aufgefallen ist, in der Kategorie \u201eRock\/Alternativ National\u201c eine Plattform geboten bekommt, sorgte\u00a0gestern\u00a0bereits kurz nach der Bekanntgabe f\u00fcr viel Unmut. Die ebenfalls nominierte Band \u201eKraftklub\u201c will den Echo nun deswegen boykottieren, wie sie heute bekannt gab.","og_url":"https:\/\/blog.zeit.de\/stoerungsmelder\/2013\/03\/06\/wegen-frei-wild-kraftklub-boykottieren-echo-preisverleihung_11760","og_site_name":"St\u00f6rungsmelder","article_published_time":"2013-03-06T17:27:09+00:00","article_modified_time":"2013-03-06T17:34:42+00:00","og_image":[{"url":"https:\/\/blog.zeit.de\/stoerungsmelder\/files\/2013\/02\/freiwild_jesko_wrede.jpg"}],"author":"Roland Sieber","twitter_card":"summary_large_image","twitter_misc":{"Geschrieben von":"Roland Sieber","Gesch\u00e4tzte Lesezeit":"3\u00a0Minuten"},"schema":{"@context":"https:\/\/schema.org","@graph":[{"@type":"WebPage","@id":"https:\/\/blog.zeit.de\/stoerungsmelder\/2013\/03\/06\/wegen-frei-wild-kraftklub-boykottieren-echo-preisverleihung_11760","url":"https:\/\/blog.zeit.de\/stoerungsmelder\/2013\/03\/06\/wegen-frei-wild-kraftklub-boykottieren-echo-preisverleihung_11760","name":"Wegen \u201cFrei.Wild\u201d: \u201cKraftklub\u201d boykottieren Echo-Preisverleihung - St\u00f6rungsmelder","isPartOf":{"@id":"https:\/\/blog.zeit.de\/stoerungsmelder\/#website"},"datePublished":"2013-03-06T17:27:09+00:00","dateModified":"2013-03-06T17:34:42+00:00","author":{"@id":"https:\/\/blog.zeit.de\/stoerungsmelder\/#\/schema\/person\/3da908df9eb5af3ca0f9ae44ac55958f"},"breadcrumb":{"@id":"https:\/\/blog.zeit.de\/stoerungsmelder\/2013\/03\/06\/wegen-frei-wild-kraftklub-boykottieren-echo-preisverleihung_11760#breadcrumb"},"inLanguage":"de","potentialAction":[{"@type":"ReadAction","target":["https:\/\/blog.zeit.de\/stoerungsmelder\/2013\/03\/06\/wegen-frei-wild-kraftklub-boykottieren-echo-preisverleihung_11760"]}]},{"@type":"BreadcrumbList","@id":"https:\/\/blog.zeit.de\/stoerungsmelder\/2013\/03\/06\/wegen-frei-wild-kraftklub-boykottieren-echo-preisverleihung_11760#breadcrumb","itemListElement":[{"@type":"ListItem","position":1,"name":"Startseite","item":"https:\/\/blog.zeit.de\/stoerungsmelder"},{"@type":"ListItem","position":2,"name":"Wegen \u201cFrei.Wild\u201d: \u201cKraftklub\u201d boykottieren Echo-Preisverleihung"}]},{"@type":"WebSite","@id":"https:\/\/blog.zeit.de\/stoerungsmelder\/#website","url":"https:\/\/blog.zeit.de\/stoerungsmelder\/","name":"St\u00f6rungsmelder","description":"Recherchen und Analysen \u00fcber die extreme Rechte","potentialAction":[{"@type":"SearchAction","target":{"@type":"EntryPoint","urlTemplate":"https:\/\/blog.zeit.de\/stoerungsmelder\/?s={search_term_string}"},"query-input":"required name=search_term_string"}],"inLanguage":"de"},{"@type":"Person","@id":"https:\/\/blog.zeit.de\/stoerungsmelder\/#\/schema\/person\/3da908df9eb5af3ca0f9ae44ac55958f","name":"Roland Sieber","image":{"@type":"ImageObject","inLanguage":"de","@id":"https:\/\/blog.zeit.de\/stoerungsmelder\/#\/schema\/person\/image\/","url":"https:\/\/secure.gravatar.com\/avatar\/7e54e25047fbec700aeec5062fb9539fd29b02b98cabcfb5f310ccf413bc8856?s=96&d=mm&r=pg","contentUrl":"https:\/\/secure.gravatar.com\/avatar\/7e54e25047fbec700aeec5062fb9539fd29b02b98cabcfb5f310ccf413bc8856?s=96&d=mm&r=pg","caption":"Roland Sieber"},"description":"Nachdem ich einige Jahre ehrenamtlich in der Jugendverbandsarbeit aktiv war und mich in der Bildungs- und B\u00fcndnisarbeit gegen Rassismus und Nationalismus engagierte, wollte ich mir mehr theoretisches Hintergrundwissen aneignen und studierte an der Akademie der Arbeit. Meine Abschlussarbeit schrieb ich zum Thema \u201eRechtsorientierte Jugend und Gewerkschaft\u201c. Seit 2009 studiere ich in Hamburg und publiziere mehr hobby- als berufsm\u00e4\u00dfig zu neuen Entwicklungen innerhalb der politischen Rechten sowie \u00fcber Rassismus, Antisemitismus und Islamfeindlichkeit auch in Grauzonenbereichen und Mischspektren.","url":"https:\/\/blog.zeit.de\/stoerungsmelder\/author\/rolandsieber"}]}},"jetpack_featured_media_url":"","jetpack_sharing_enabled":true,"_links":{"self":[{"href":"https:\/\/blog.zeit.de\/stoerungsmelder\/wp-json\/wp\/v2\/posts\/11760","targetHints":{"allow":["GET"]}}],"collection":[{"href":"https:\/\/blog.zeit.de\/stoerungsmelder\/wp-json\/wp\/v2\/posts"}],"about":[{"href":"https:\/\/blog.zeit.de\/stoerungsmelder\/wp-json\/wp\/v2\/types\/post"}],"author":[{"embeddable":true,"href":"https:\/\/blog.zeit.de\/stoerungsmelder\/wp-json\/wp\/v2\/users\/372"}],"replies":[{"embeddable":true,"href":"https:\/\/blog.zeit.de\/stoerungsmelder\/wp-json\/wp\/v2\/comments?post=11760"}],"version-history":[{"count":8,"href":"https:\/\/blog.zeit.de\/stoerungsmelder\/wp-json\/wp\/v2\/posts\/11760\/revisions"}],"predecessor-version":[{"id":11768,"href":"https:\/\/blog.zeit.de\/stoerungsmelder\/wp-json\/wp\/v2\/posts\/11760\/revisions\/11768"}],"wp:attachment":[{"href":"https:\/\/blog.zeit.de\/stoerungsmelder\/wp-json\/wp\/v2\/media?parent=11760"}],"wp:term":[{"taxonomy":"category","embeddable":true,"href":"https:\/\/blog.zeit.de\/stoerungsmelder\/wp-json\/wp\/v2\/categories?post=11760"},{"taxonomy":"post_tag","embeddable":true,"href":"https:\/\/blog.zeit.de\/stoerungsmelder\/wp-json\/wp\/v2\/tags?post=11760"}],"curies":[{"name":"wp","href":"https:\/\/api.w.org\/{rel}","templated":true}]}}