{"id":11781,"date":"2013-03-07T16:56:50","date_gmt":"2013-03-07T15:56:50","guid":{"rendered":"http:\/\/blog.zeit.de\/stoerungsmelder\/?p=11781"},"modified":"2013-03-08T01:01:08","modified_gmt":"2013-03-08T00:01:08","slug":"broschure-fur-jugendliche-liken-teilen-hetzen-neonazi-kampagnen-in-sozialen-netzwerken","status":"publish","type":"post","link":"https:\/\/blog.zeit.de\/stoerungsmelder\/2013\/03\/07\/broschure-fur-jugendliche-liken-teilen-hetzen-neonazi-kampagnen-in-sozialen-netzwerken_11781","title":{"rendered":"Brosch\u00fcre f\u00fcr Jugendliche: &#8222;Liken. Teilen. Hetzen. Neonazi-Kampagnen in Sozialen Netzwerken&#8220;"},"content":{"rendered":"<p><a href=\"https:\/\/blog.zeit.de\/stoerungsmelder\/2013\/03\/07\/broschure-fur-jugendliche-liken-teilen-hetzen-neonazi-kampagnen-in-sozialen-netzwerken_11781\/bildschirmfoto-2013-03-07-um-16-51-17\" rel=\"attachment wp-att-11780\"><img loading=\"lazy\" decoding=\"async\" class=\"size-medium wp-image-11780 alignleft\" alt=\"Brosch\u00fcre-&quot;Liken.Teilen.Hetzen&quot;\" src=\"https:\/\/blog.zeit.de\/stoerungsmelder\/files\/2013\/03\/Bildschirmfoto-2013-03-07-um-16.51.17-300x298.png\" width=\"300\" height=\"298\" srcset=\"https:\/\/blog.zeit.de\/stoerungsmelder\/files\/2013\/03\/Bildschirmfoto-2013-03-07-um-16.51.17-300x298.png 300w, https:\/\/blog.zeit.de\/stoerungsmelder\/files\/2013\/03\/Bildschirmfoto-2013-03-07-um-16.51.17-150x150.png 150w, https:\/\/blog.zeit.de\/stoerungsmelder\/files\/2013\/03\/Bildschirmfoto-2013-03-07-um-16.51.17.png 527w\" sizes=\"auto, (max-width: 300px) 100vw, 300px\" \/><\/a>Wie agieren Neonazis in sozialen Netzwerke, welche Strategien finden Anwendung und wie versucht die Szene in Facebook, Google +, Twitter und Co. Zustimmung f\u00fcr ihre menschenverachtenden Einstellungen zu erlangen? Diesem Thema widmet sich nun eine neu erschienene Brosch\u00fcre von \u201eno-nazi.net\u201c mit dem Titel \u201eLiken. Teilen. Hetzen. Neonazi-Kampagnen in Sozialen Netzwerken\u201c. Die Brosch\u00fcre steht im Web zum Download bereit. <!--more--><\/p>\n<p>Genau wie in der Realit\u00e4t hat sich das Bild von Neonazis auch in sozialen Netzwerken l\u00e4ngst gewandelt. Die Szene ist nicht mehr leicht zu erkennen, menschenverachtende Ansichten werden versteckt, emotionale Themen zur Rekrutierung missbraucht. Die Strategien sind ebenso kreativ wie vielf\u00e4ltig. \u201eDie sozialen Netzwerke sind die Schulh\u00f6fe von heute\u201c, sagt auch Annetta Kahane von der Amadeu-Antonio-Stiftung. Doch man w\u00fcrde sich dort nicht nur \u201etreffen und austauschen\u201c, sondern begegne immer h\u00e4ufiger auch extrem rechten Aktivisten. Gerade f\u00fcr die Jugendliche ist dies eine gro\u00dfe und ernstzunehmende Gefahr.<\/p>\n<p>Deshalb stellt \u201eno-nazi.net\u201c \u2013 ein Portal der Amadeu-Antonio-Stiftung, das sich an Jugendliche wendet \u2013 jetzt eine neue Brosch\u00fcre mit dem Titel \u201eLiken. Teilen. Hetzen. Neonazi-Kampagnen in Sozialen Netzwerken\u201c vor. Die Autoren beschreiben in ihrer Publikation, wie Neonazis agieren und agitieren und wollen \u201eGegenstrategien an die Hand legen\u201c. Thematisiert wird unter anderem, \u201ewie Rechtsextreme die sozialen Netzwerke nutzen\u201c, wie sich \u201eIslamfeindlichkeit im Netz\u201c \u00e4u\u00dfert, \u201ewie Neonazis den Kindesmissbrauch f\u00fcr ihre Propaganda nutzen\u201c und \u201ewie Nazis den Naturschutz auch im Web 2.0 unterwandern\u201c. Zudem widmet sich die Brosch\u00fcre dem \u201eParty-Patriotismus, Nationalstolz und Nationalismus\u201c, der \u201eMeinungsfreiheit im Netz: Zwischen dem Recht auf freie Meinungs\u00e4u\u00dferung und der Unantastbarkeit der Menschenw\u00fcrde\u201c sowie weiteren Themen.<\/p>\n<p>Die Brosch\u00fcre entstand in Kooperation zwischen den Amadeu-Antonio-Stiftung-Portalen \u201eNetz gegen Nazis\u201c und \u201eno-nazi-net\u201c und will gezielt Jugendliche ansprechen. \u201eWir m\u00fcssen Jugendliche fitmachen, mit den perfiden Taktiken und Manipulationsversuchen umzugehen, und ihnen \u00dcberzeugungen vermitteln, die denen der Nazis standhalten\u201c, erkl\u00e4rt die Stiftungsvorsitzende Kahane. \u201eLiken. Teilen. Hetzen. Neonazi-Kampagnen in Sozialen Netzwerken w\u00fcrde dies in ihren Augen \u201eleisten\u201c. Gef\u00f6rdert wurde die Erstellung der Publikation sowohl vom Bundesministerium f\u00fcr Familie, Senioren, Frauen und Jugend, als auch von der Freudenberg-Stiftung, von der Robert-Bosch-Stiftung und von Google Deutschland.<\/p>\n<p>Unterst\u00fctzend \u00e4u\u00dfern sich au\u00dferdem Vertreter von \u201eFacebook\u201c und \u201ewer-kennt-wen.de\u201c. \u201eWir unterst\u00fctzen Initiativen wie \u201ano-nazi.net\u2019, um mehr Transparenz, Aufmerksamkeit und Sensibilit\u00e4t f\u00fcr das Thema Nazis in sozialen Netzwerken zu schaffen\u201c, sagt Eva-Maria Kirschsieper von der Manger Public Policy Facebook Germany. Und auch Mirko Meurer, COO bei \u201ewer-kennt-wen\u201c.de bezieht Stellung: \u201eWir bei wer-kennt-wen.de dulden weder Extremismus noch Rassismus und ermutigen daher auch unsere Nutzer, bedenkliche Inhalte zu melden, damit wir stets rasch handeln k\u00f6nnen.\u201c Die Amadeu-Antonio-Stiftung und ihr \u201eAnliegen\u201c unterst\u00fctze man \u201eausdr\u00fccklich\u201c, so Meurer. \u201eDenn Aufkl\u00e4rung ist eines der wichtigsten Instrumente gegen Rechtsradikalismus\u201c.<\/p>\n<p>Wie Facebook arbeite auch Google Deutschland mit Initiativen zusammen. Diese Zusammenarbeit helfe dabei, \u201eunsere Prozesse kontinuierlich zu verbessern, um rassistische Inhalte auf der Plattform zu finden, denn Facebook ist kein Ort zur Verbreitung von Hassreden\u201c, betont Eva-Maria Kirschsieper. Auch f\u00fcr Google-Deutschland-Mitarbeiterin Sabine Frank ist die Zusammenarbeit mit Initiativen wichtig. In einer <a href=\"http:\/\/www.netz-gegen-nazis.de\/artikel\/broschuere-liken-teilen-hetzen-neonazi-kampagnen-sozialen-netzwerken-8569\">Stellungnahme auf \u201eNetz-gegen-Nazis\u201c<\/a> sagt sie: \u201eUm die Nutzer von YouTube \u00fcber die Gefahren durch rechtsextremistische Propaganda im Internet zu sensibilisieren, arbeiten wir eng mit verschiedenen Institutionen, Kampagnen und Initiativen wie beispielsweise dem Verein \u201eLaut gegen Nazis e.V.\u201d und der \u201eAmadeu Antonio Stiftung\u201d zusammen.\u201c<\/p>\n<p>\u201eLiken. Teilen. Hetzen. Neonazi-Kampagnen in Sozialen Netzwerken\u201c kann bei der Amadeu-Antonio-Stiftung via Mail (netz@amadeu-antonio-stiftung) \u2013 solange der Vorrat reicht\u2013 gegen Protokosten bestellt werden \u2013 oder aber kostenlos im <a href=\"http:\/\/no-nazi.net\/wp-content\/uploads\/2013\/03\/Liken.Teilen.Hetzen.pdf\">Internet heruntergeladen<\/a> werden.<\/p>\n","protected":false},"excerpt":{"rendered":"<p>Wie agieren Neonazis in sozialen Netzwerke, welche Strategien finden Anwendung und wie versucht die Szene in Facebook, Google +, Twitter und Co. Zustimmung f\u00fcr ihre menschenverachtenden Einstellungen zu erlangen? Diesem Thema widmet sich nun eine neu erschienene Brosch\u00fcre von \u201eno-nazi.net\u201c mit dem Titel \u201eLiken. Teilen. Hetzen. Neonazi-Kampagnen in Sozialen Netzwerken\u201c. Die Brosch\u00fcre steht im Web [&hellip;]<\/p>\n","protected":false},"author":335,"featured_media":0,"comment_status":"open","ping_status":"open","sticky":false,"template":"","format":"standard","meta":{"_jetpack_memberships_contains_paid_content":false,"footnotes":""},"categories":[1515],"tags":[24628,24629,11403,24626,305,1188,1997,24627,1354,24631],"class_list":["post-11781","post","type-post","status-publish","format-standard","hentry","category-bundesweit","tag-liken-teilen-hetzen","tag-neonazi-kampagnen-in-sozialen-netzwerken","tag-amadeu-antonio-stiftung","tag-broschure","tag-facebook","tag-google","tag-netz-gegen-nazis","tag-no-nazi-net","tag-social-media","tag-wer-kennt-wen-de"],"yoast_head":"<!-- This site is optimized with the Yoast SEO plugin v21.0 - https:\/\/yoast.com\/wordpress\/plugins\/seo\/ -->\n<title>Brosch\u00fcre f\u00fcr Jugendliche: &quot;Liken. Teilen. Hetzen. Neonazi-Kampagnen in Sozialen Netzwerken&quot; - St\u00f6rungsmelder<\/title>\n<meta name=\"robots\" content=\"index, follow, max-snippet:-1, max-image-preview:large, max-video-preview:-1\" \/>\n<link rel=\"canonical\" href=\"https:\/\/blog.zeit.de\/stoerungsmelder\/2013\/03\/07\/broschure-fur-jugendliche-liken-teilen-hetzen-neonazi-kampagnen-in-sozialen-netzwerken_11781\" \/>\n<meta property=\"og:locale\" content=\"de_DE\" \/>\n<meta property=\"og:type\" content=\"article\" \/>\n<meta property=\"og:title\" content=\"Brosch\u00fcre f\u00fcr Jugendliche: &quot;Liken. Teilen. Hetzen. Neonazi-Kampagnen in Sozialen Netzwerken&quot; - St\u00f6rungsmelder\" \/>\n<meta property=\"og:description\" content=\"Wie agieren Neonazis in sozialen Netzwerke, welche Strategien finden Anwendung und wie versucht die Szene in Facebook, Google +, Twitter und Co. Zustimmung f\u00fcr ihre menschenverachtenden Einstellungen zu erlangen? Diesem Thema widmet sich nun eine neu erschienene Brosch\u00fcre von \u201eno-nazi.net\u201c mit dem Titel \u201eLiken. Teilen. Hetzen. Neonazi-Kampagnen in Sozialen Netzwerken\u201c. Die Brosch\u00fcre steht im Web [&hellip;]\" \/>\n<meta property=\"og:url\" content=\"https:\/\/blog.zeit.de\/stoerungsmelder\/2013\/03\/07\/broschure-fur-jugendliche-liken-teilen-hetzen-neonazi-kampagnen-in-sozialen-netzwerken_11781\" \/>\n<meta property=\"og:site_name\" content=\"St\u00f6rungsmelder\" \/>\n<meta property=\"article:published_time\" content=\"2013-03-07T15:56:50+00:00\" \/>\n<meta property=\"article:modified_time\" content=\"2013-03-08T00:01:08+00:00\" \/>\n<meta property=\"og:image\" content=\"https:\/\/blog.zeit.de\/stoerungsmelder\/files\/2013\/03\/Bildschirmfoto-2013-03-07-um-16.51.17-300x298.png\" \/>\n<meta name=\"author\" content=\"Johannes Hartl\" \/>\n<meta name=\"twitter:card\" content=\"summary_large_image\" \/>\n<meta name=\"twitter:label1\" content=\"Geschrieben von\" \/>\n\t<meta name=\"twitter:data1\" content=\"Johannes Hartl\" \/>\n\t<meta name=\"twitter:label2\" content=\"Gesch\u00e4tzte Lesezeit\" \/>\n\t<meta name=\"twitter:data2\" content=\"3\u00a0Minuten\" \/>\n<script type=\"application\/ld+json\" class=\"yoast-schema-graph\">{\"@context\":\"https:\/\/schema.org\",\"@graph\":[{\"@type\":\"WebPage\",\"@id\":\"https:\/\/blog.zeit.de\/stoerungsmelder\/2013\/03\/07\/broschure-fur-jugendliche-liken-teilen-hetzen-neonazi-kampagnen-in-sozialen-netzwerken_11781\",\"url\":\"https:\/\/blog.zeit.de\/stoerungsmelder\/2013\/03\/07\/broschure-fur-jugendliche-liken-teilen-hetzen-neonazi-kampagnen-in-sozialen-netzwerken_11781\",\"name\":\"Brosch\u00fcre f\u00fcr Jugendliche: \\\"Liken. Teilen. Hetzen. Neonazi-Kampagnen in Sozialen Netzwerken\\\" - St\u00f6rungsmelder\",\"isPartOf\":{\"@id\":\"https:\/\/blog.zeit.de\/stoerungsmelder\/#website\"},\"datePublished\":\"2013-03-07T15:56:50+00:00\",\"dateModified\":\"2013-03-08T00:01:08+00:00\",\"author\":{\"@id\":\"https:\/\/blog.zeit.de\/stoerungsmelder\/#\/schema\/person\/9954cab4408a20467ff5685876ef2be2\"},\"breadcrumb\":{\"@id\":\"https:\/\/blog.zeit.de\/stoerungsmelder\/2013\/03\/07\/broschure-fur-jugendliche-liken-teilen-hetzen-neonazi-kampagnen-in-sozialen-netzwerken_11781#breadcrumb\"},\"inLanguage\":\"de\",\"potentialAction\":[{\"@type\":\"ReadAction\",\"target\":[\"https:\/\/blog.zeit.de\/stoerungsmelder\/2013\/03\/07\/broschure-fur-jugendliche-liken-teilen-hetzen-neonazi-kampagnen-in-sozialen-netzwerken_11781\"]}]},{\"@type\":\"BreadcrumbList\",\"@id\":\"https:\/\/blog.zeit.de\/stoerungsmelder\/2013\/03\/07\/broschure-fur-jugendliche-liken-teilen-hetzen-neonazi-kampagnen-in-sozialen-netzwerken_11781#breadcrumb\",\"itemListElement\":[{\"@type\":\"ListItem\",\"position\":1,\"name\":\"Startseite\",\"item\":\"https:\/\/blog.zeit.de\/stoerungsmelder\"},{\"@type\":\"ListItem\",\"position\":2,\"name\":\"Brosch\u00fcre f\u00fcr Jugendliche: &#8222;Liken. Teilen. Hetzen. Neonazi-Kampagnen in Sozialen Netzwerken&#8220;\"}]},{\"@type\":\"WebSite\",\"@id\":\"https:\/\/blog.zeit.de\/stoerungsmelder\/#website\",\"url\":\"https:\/\/blog.zeit.de\/stoerungsmelder\/\",\"name\":\"St\u00f6rungsmelder\",\"description\":\"Recherchen und Analysen \u00fcber die extreme Rechte\",\"potentialAction\":[{\"@type\":\"SearchAction\",\"target\":{\"@type\":\"EntryPoint\",\"urlTemplate\":\"https:\/\/blog.zeit.de\/stoerungsmelder\/?s={search_term_string}\"},\"query-input\":\"required name=search_term_string\"}],\"inLanguage\":\"de\"},{\"@type\":\"Person\",\"@id\":\"https:\/\/blog.zeit.de\/stoerungsmelder\/#\/schema\/person\/9954cab4408a20467ff5685876ef2be2\",\"name\":\"Johannes Hartl\",\"image\":{\"@type\":\"ImageObject\",\"inLanguage\":\"de\",\"@id\":\"https:\/\/blog.zeit.de\/stoerungsmelder\/#\/schema\/person\/image\/\",\"url\":\"https:\/\/secure.gravatar.com\/avatar\/aa76c6547229f48516cca421db00a6c0f8d4ce93e33efa645b42c6f7baec7518?s=96&d=mm&r=pg\",\"contentUrl\":\"https:\/\/secure.gravatar.com\/avatar\/aa76c6547229f48516cca421db00a6c0f8d4ce93e33efa645b42c6f7baec7518?s=96&d=mm&r=pg\",\"caption\":\"Johannes Hartl\"},\"sameAs\":[\"https:\/\/blog.zeit.de\/stoerungsmelder\/author\/jhartl\"],\"url\":\"https:\/\/blog.zeit.de\/stoerungsmelder\/author\/jhartl\"}]}<\/script>\n<!-- \/ Yoast SEO plugin. -->","yoast_head_json":{"title":"Brosch\u00fcre f\u00fcr Jugendliche: \"Liken. Teilen. Hetzen. Neonazi-Kampagnen in Sozialen Netzwerken\" - St\u00f6rungsmelder","robots":{"index":"index","follow":"follow","max-snippet":"max-snippet:-1","max-image-preview":"max-image-preview:large","max-video-preview":"max-video-preview:-1"},"canonical":"https:\/\/blog.zeit.de\/stoerungsmelder\/2013\/03\/07\/broschure-fur-jugendliche-liken-teilen-hetzen-neonazi-kampagnen-in-sozialen-netzwerken_11781","og_locale":"de_DE","og_type":"article","og_title":"Brosch\u00fcre f\u00fcr Jugendliche: \"Liken. Teilen. Hetzen. Neonazi-Kampagnen in Sozialen Netzwerken\" - St\u00f6rungsmelder","og_description":"Wie agieren Neonazis in sozialen Netzwerke, welche Strategien finden Anwendung und wie versucht die Szene in Facebook, Google +, Twitter und Co. Zustimmung f\u00fcr ihre menschenverachtenden Einstellungen zu erlangen? Diesem Thema widmet sich nun eine neu erschienene Brosch\u00fcre von \u201eno-nazi.net\u201c mit dem Titel \u201eLiken. Teilen. Hetzen. Neonazi-Kampagnen in Sozialen Netzwerken\u201c. Die Brosch\u00fcre steht im Web [&hellip;]","og_url":"https:\/\/blog.zeit.de\/stoerungsmelder\/2013\/03\/07\/broschure-fur-jugendliche-liken-teilen-hetzen-neonazi-kampagnen-in-sozialen-netzwerken_11781","og_site_name":"St\u00f6rungsmelder","article_published_time":"2013-03-07T15:56:50+00:00","article_modified_time":"2013-03-08T00:01:08+00:00","og_image":[{"url":"https:\/\/blog.zeit.de\/stoerungsmelder\/files\/2013\/03\/Bildschirmfoto-2013-03-07-um-16.51.17-300x298.png"}],"author":"Johannes Hartl","twitter_card":"summary_large_image","twitter_misc":{"Geschrieben von":"Johannes Hartl","Gesch\u00e4tzte Lesezeit":"3\u00a0Minuten"},"schema":{"@context":"https:\/\/schema.org","@graph":[{"@type":"WebPage","@id":"https:\/\/blog.zeit.de\/stoerungsmelder\/2013\/03\/07\/broschure-fur-jugendliche-liken-teilen-hetzen-neonazi-kampagnen-in-sozialen-netzwerken_11781","url":"https:\/\/blog.zeit.de\/stoerungsmelder\/2013\/03\/07\/broschure-fur-jugendliche-liken-teilen-hetzen-neonazi-kampagnen-in-sozialen-netzwerken_11781","name":"Brosch\u00fcre f\u00fcr Jugendliche: \"Liken. Teilen. Hetzen. Neonazi-Kampagnen in Sozialen Netzwerken\" - St\u00f6rungsmelder","isPartOf":{"@id":"https:\/\/blog.zeit.de\/stoerungsmelder\/#website"},"datePublished":"2013-03-07T15:56:50+00:00","dateModified":"2013-03-08T00:01:08+00:00","author":{"@id":"https:\/\/blog.zeit.de\/stoerungsmelder\/#\/schema\/person\/9954cab4408a20467ff5685876ef2be2"},"breadcrumb":{"@id":"https:\/\/blog.zeit.de\/stoerungsmelder\/2013\/03\/07\/broschure-fur-jugendliche-liken-teilen-hetzen-neonazi-kampagnen-in-sozialen-netzwerken_11781#breadcrumb"},"inLanguage":"de","potentialAction":[{"@type":"ReadAction","target":["https:\/\/blog.zeit.de\/stoerungsmelder\/2013\/03\/07\/broschure-fur-jugendliche-liken-teilen-hetzen-neonazi-kampagnen-in-sozialen-netzwerken_11781"]}]},{"@type":"BreadcrumbList","@id":"https:\/\/blog.zeit.de\/stoerungsmelder\/2013\/03\/07\/broschure-fur-jugendliche-liken-teilen-hetzen-neonazi-kampagnen-in-sozialen-netzwerken_11781#breadcrumb","itemListElement":[{"@type":"ListItem","position":1,"name":"Startseite","item":"https:\/\/blog.zeit.de\/stoerungsmelder"},{"@type":"ListItem","position":2,"name":"Brosch\u00fcre f\u00fcr Jugendliche: &#8222;Liken. Teilen. Hetzen. Neonazi-Kampagnen in Sozialen Netzwerken&#8220;"}]},{"@type":"WebSite","@id":"https:\/\/blog.zeit.de\/stoerungsmelder\/#website","url":"https:\/\/blog.zeit.de\/stoerungsmelder\/","name":"St\u00f6rungsmelder","description":"Recherchen und Analysen \u00fcber die extreme Rechte","potentialAction":[{"@type":"SearchAction","target":{"@type":"EntryPoint","urlTemplate":"https:\/\/blog.zeit.de\/stoerungsmelder\/?s={search_term_string}"},"query-input":"required name=search_term_string"}],"inLanguage":"de"},{"@type":"Person","@id":"https:\/\/blog.zeit.de\/stoerungsmelder\/#\/schema\/person\/9954cab4408a20467ff5685876ef2be2","name":"Johannes Hartl","image":{"@type":"ImageObject","inLanguage":"de","@id":"https:\/\/blog.zeit.de\/stoerungsmelder\/#\/schema\/person\/image\/","url":"https:\/\/secure.gravatar.com\/avatar\/aa76c6547229f48516cca421db00a6c0f8d4ce93e33efa645b42c6f7baec7518?s=96&d=mm&r=pg","contentUrl":"https:\/\/secure.gravatar.com\/avatar\/aa76c6547229f48516cca421db00a6c0f8d4ce93e33efa645b42c6f7baec7518?s=96&d=mm&r=pg","caption":"Johannes Hartl"},"sameAs":["https:\/\/blog.zeit.de\/stoerungsmelder\/author\/jhartl"],"url":"https:\/\/blog.zeit.de\/stoerungsmelder\/author\/jhartl"}]}},"jetpack_featured_media_url":"","jetpack_sharing_enabled":true,"_links":{"self":[{"href":"https:\/\/blog.zeit.de\/stoerungsmelder\/wp-json\/wp\/v2\/posts\/11781","targetHints":{"allow":["GET"]}}],"collection":[{"href":"https:\/\/blog.zeit.de\/stoerungsmelder\/wp-json\/wp\/v2\/posts"}],"about":[{"href":"https:\/\/blog.zeit.de\/stoerungsmelder\/wp-json\/wp\/v2\/types\/post"}],"author":[{"embeddable":true,"href":"https:\/\/blog.zeit.de\/stoerungsmelder\/wp-json\/wp\/v2\/users\/335"}],"replies":[{"embeddable":true,"href":"https:\/\/blog.zeit.de\/stoerungsmelder\/wp-json\/wp\/v2\/comments?post=11781"}],"version-history":[{"count":10,"href":"https:\/\/blog.zeit.de\/stoerungsmelder\/wp-json\/wp\/v2\/posts\/11781\/revisions"}],"predecessor-version":[{"id":11791,"href":"https:\/\/blog.zeit.de\/stoerungsmelder\/wp-json\/wp\/v2\/posts\/11781\/revisions\/11791"}],"wp:attachment":[{"href":"https:\/\/blog.zeit.de\/stoerungsmelder\/wp-json\/wp\/v2\/media?parent=11781"}],"wp:term":[{"taxonomy":"category","embeddable":true,"href":"https:\/\/blog.zeit.de\/stoerungsmelder\/wp-json\/wp\/v2\/categories?post=11781"},{"taxonomy":"post_tag","embeddable":true,"href":"https:\/\/blog.zeit.de\/stoerungsmelder\/wp-json\/wp\/v2\/tags?post=11781"}],"curies":[{"name":"wp","href":"https:\/\/api.w.org\/{rel}","templated":true}]}}