{"id":12234,"date":"2013-03-24T21:53:30","date_gmt":"2013-03-24T20:53:30","guid":{"rendered":"http:\/\/blog.zeit.de\/stoerungsmelder\/?p=12234"},"modified":"2013-03-24T23:24:55","modified_gmt":"2013-03-24T22:24:55","slug":"anti-gez-protest-von-rechts-junge-freiheit-statt-zdf","status":"publish","type":"post","link":"https:\/\/blog.zeit.de\/stoerungsmelder\/2013\/03\/24\/anti-gez-protest-von-rechts-junge-freiheit-statt-zdf_12234","title":{"rendered":"Anti-GEZ-Protest von Rechts: &#8222;Junge Freiheit&#8220; statt ZDF?"},"content":{"rendered":"<p><figure id=\"attachment_12240\" aria-describedby=\"caption-attachment-12240\" style=\"width: 577px\" class=\"wp-caption aligncenter\"><a href=\"https:\/\/blog.zeit.de\/stoerungsmelder\/2013\/03\/24\/anti-gez-protest-von-rechts-junge-freiheit-statt-zdf_12234\/anti-gez-demo\" rel=\"attachment wp-att-12240\"><img loading=\"lazy\" decoding=\"async\" class=\" wp-image-12240 \" alt=\"Screenshot des Demoaufrufs auf Facebook\" src=\"https:\/\/blog.zeit.de\/stoerungsmelder\/files\/2013\/03\/Anti-GEZ-Demo.jpg\" width=\"577\" height=\"315\" srcset=\"https:\/\/blog.zeit.de\/stoerungsmelder\/files\/2013\/03\/Anti-GEZ-Demo.jpg 721w, https:\/\/blog.zeit.de\/stoerungsmelder\/files\/2013\/03\/Anti-GEZ-Demo-300x163.jpg 300w\" sizes=\"auto, (max-width: 577px) 100vw, 577px\" \/><\/a><figcaption id=\"caption-attachment-12240\" class=\"wp-caption-text\">Screenshot des Demoaufrufs auf Facebook<\/figcaption><\/figure><\/p>\n<p>Mitglieder der <a title=\"Chauvinistische Rechte gegen ESM und Euro\" href=\"https:\/\/blog.zeit.de\/stoerungsmelder\/2012\/07\/19\/chauvinistische-rechte-gegen-esm-und-euro_9129\" target=\"_blank\">marktradikalen und rechtsoffenen \u201ePartei der Vernunft\u201c<\/a> hatten f\u00fcr Samstag einen bundesweiten Aktionstag gegen den Rundfunkbeitrag initiiert. \u201eFreiheit statt Sozialismus\u201c, lie\u00df ein Bundesvorstandsmitglied der rechtspopulistischen Kleinstpartei \u201ePro Deutschland\u201c die Demonstranten in M\u00fcnchen skandieren. Die NPD schreibt gegen den \u201eRotfunk\u201c an und in K\u00f6ln wurde gegen angebliche \u201eGEZ-Diktatur\u201c und 9\/11-Verschw\u00f6rung protestiert. Mit rechten Parolen und Verschw\u00f6rungsideologien wurde in etwa dreizehn St\u00e4dten demonstriert.<!--more--><\/p>\n<p><em>Von Felix Benneckenstein und Roland Sieber<\/em><\/p>\n<p>Ausgerechnet vor der historisch vielfach vorbelasteten Feldherrnhalle startete die <a href=\"http:\/\/www.publikative.org\/2013\/03\/21\/aufmarsch-der-kampfer-gegen-die-gez-zwangsgebuhren\/\" target=\"_blank\">Demonstration \u201egegen Zwangsgeb\u00fchren\u201c<\/a> in M\u00fcnchen. Vermutlich hatte der sichtlich nerv\u00f6se Patrick Samborski als H\u00f6hepunkt des Protestes das Verbrennen von GEZ-Zetteln und seine Rede eingeplant. Samborski ist Initiator des \u201eB\u00fcrgerbegehrens gegen die GEZ\u201c mit inzwischen 130.000 Unterzeichnern und Mitglied der \u201ePartei der Vernunft\u201c (PDV). Doch etwas ganz anderes sollte der Aktion in der bayerischen Landeshauptstadt besondere Aufmerksamkeit schenken: Nachdem die Protestierenden feierlich ihre Geb\u00fchrenbescheide und so manch anderen Papierkram vor der Feldherrnhalle in das Feuer warfen, hallte es laut und energisch mehrfach Parolen wie \u201eFreiheit statt Sozialismus\u201c von der vorderen Demonstrationsspitze.<\/p>\n<p><figure id=\"attachment_12235\" aria-describedby=\"caption-attachment-12235\" style=\"width: 210px\" class=\"wp-caption alignleft\"><a href=\"https:\/\/blog.zeit.de\/stoerungsmelder\/2013\/03\/24\/anti-gez-protest-von-rechts-junge-freiheit-statt-zdf_12234\/swgez001\" rel=\"attachment wp-att-12235\"><img loading=\"lazy\" decoding=\"async\" class=\" wp-image-12235 \" alt=\"Stefan Werner (Pro Deutschland)\" src=\"https:\/\/blog.zeit.de\/stoerungsmelder\/files\/2013\/03\/swgez001-300x200.jpg\" width=\"210\" height=\"140\" srcset=\"https:\/\/blog.zeit.de\/stoerungsmelder\/files\/2013\/03\/swgez001-300x200.jpg 300w, https:\/\/blog.zeit.de\/stoerungsmelder\/files\/2013\/03\/swgez001-1024x682.jpg 1024w\" sizes=\"auto, (max-width: 210px) 100vw, 210px\" \/><\/a><figcaption id=\"caption-attachment-12235\" class=\"wp-caption-text\">Stefan Werner (Pro Deutschland)<\/figcaption><\/figure><\/p>\n<p>Die Anti-GEZ-Demonstration war in der H\u00f6he des \u201ePlatz der Opfer des Nationalsozialismus\u201c, als Stefan Werner, Kreisvorsitzender der kulturrassistischen Partei \u201eB\u00fcrgerbewegung Pro Deutschland \u2013 Kreisverband M\u00fcnchen\u201c, die eigentliche F\u00fchrung des Zuges \u00fcbernahm. Werner instrumentalisierte unverbl\u00fcmt die Demonstration, deren Teilnehmer sich aber auch bereitwillig instrumentalisieren lie\u00dfen. Denn sp\u00e4testens auf einer spontan aufgrund eines Verkehrsstaus eingef\u00fchrten Zwischenkundgebung, wusste jeder einzelne Demonstrationsteilnehmer, wer da vorne den Ton angibt: \u201eDarf ich mich kurz vorstellen, ich bin Kreisvorsitzender der B\u00fcrgerbewegung Pro M\u00fcnchen\u201c. Werner wurde weiter bejubelt, seine vorgegebenen Parolen und Werbung f\u00fcr die neurechte \u201eJunge Freiheit\u201c weiter angenommen.<\/p>\n\n<div class=\"embed-wrapper embed-wrapper--blocked js-embed-consent\" data-method=\"iframe\">\n<script class=\"raw__source\" type=\"text\/template\"><iframe loading=\"lazy\" width=\"560\" height=\"315\" src=\"http:\/\/www.youtube.com\/embed\/1S7llidMxrs\" frameborder=\"0\"><\/iframe><\/script>\n<div class=\"embed-wrapper__inner\">\n<div class=\"embed-wrapper__text\">\n<h3>Empfohlener redaktioneller Inhalt<\/h3>\n<p data-replace=\"no\">An dieser Stelle finden Sie externen Inhalt, der den Artikel erg\u00e4nzt. Sie k\u00f6nnen sich externe Inhalte mit einem Klick anzeigen lassen und wieder ausblenden.<noscript>Bitte aktivieren Sie JavaScript damit Sie diesen Inhalt anzeigen k\u00f6nnen.<\/noscript><\/p>\n<\/div>\n<div class=\"embed-consent\">\n<label class=\"embed-consent__toggle\">\n<input class=\"js-embed-consent__toggle\" type=\"checkbox\" autocomplete=\"off\">\n<span><\/span>\nExterner Inhalt\n<\/label>\n<a href=\"https:\/\/www.zeit.de\/hilfe\/datenschutz\" target=\"_blank\" class=\"embed-consent__datalink-when-active\">Datenschutzerkl\u00e4rung<\/a>\n<\/div>\n<div class=\"embed-wrapper__footer\">\n<p data-replace=\"no\">\nIch bin damit einverstanden, dass mir externe Inhalte angezeigt werden. Damit k\u00f6nnen personenbezogene Daten an Drittplattformen \u00fcbermittelt werden. <a href=\"https:\/\/www.zeit.de\/hilfe\/datenschutz\" target=\"_blank\">Mehr dazu in unserer Datenschutzerkl\u00e4rung.<\/a>\n<\/p>\n<\/div>\n<\/div>\n<\/div>\n<p>Au\u00dfenstehende waren es, die Mitglieder der PDV dann darauf ansprachen und eine Erkl\u00e4rung forderten. Diese gab es rasch. \u201eWir, die PDV, distanzieren uns hier ausdr\u00fccklich von Pro Deutschland\u201c- Was hohe Erwartungen bei manchen Zuh\u00f6rern weckte, erwies sich schnell als Trugschluss. Denn, solange keine \u201enazistischen, sozialistischen\u201c Parolen durch Werner geschwungen werden, d\u00fcrfe dieser selbstverst\u00e4ndlich auch als \u201ePro Deutschland\u201c-Vertreter weiterhin den Demonstrationszug anf\u00fchren, so ein PDV-Funktion\u00e4r. Dies verstehen die Gegner des \u00f6ffentlich\u2013rechtlichen Rundfunks n\u00e4mlich \u201eunter Meinungsfreiheit\u201c. Auf den letzten 250 Metern erst wurde Werner dann doch noch das Megaphon \u201eabgenommen\u201c. Und hier scheinen die Veranstalter auch pl\u00f6tzlich bemerkt zu haben, dass die wenigen anwesenden Medienvertreter sehr wohl ein Auge auf diesen Vorgang haben. Doch die Aufregung kam reichlich sp\u00e4t \u2013 \u201ePro M\u00fcnchen\u201c hat noch am selben Abend \u00fcber diesen ersten vermeintlichen Erfolg ihrer Organisation in M\u00fcnchen \u00fcberhaupt auf ihrer Homepage stolz berichtet. Im Demonstrationszug befanden sich zudem mindestens zwei weitere Schilder, die mit dem Logo der \u201eB\u00fcrgerbewegung\u201c versehen waren. Ohne, dass es irgendjemanden gest\u00f6rt h\u00e4tte.<\/p>\n<p>Auch in anderen St\u00e4dten sah es nicht viel besser aus. Statt den 36.000 Teilnehmern, die der bundesweiten Facebook-Veranstaltung zusagten, waren es nur einige hunderte. In Karlsruhe nur ein kleiner Kreis an Personen, und dies, obwohl auch das neonazistische \u201eKarlsruher Netzwerk\u201c zur Teilnahme aufrief. Das Kameradschaftsnetzwerk folgte damit dem neurechtem Magazin \u201eBlaue Narzisse\u201c und dem Hassblog \u201ePI-News&#8220;. Mangels eigener politischer Handlungsf\u00e4higkeit sprang auch die NPD auf den fahrenden Anti-GEZ-Zug auf. Die verschw\u00f6rungstheoretischen Parolen gegen \u201eLinksfaschisten\u201c und eine angebliche \u201eMediendiktatur\u201c d\u00fcrften auch die letzten aufgekl\u00e4rten Personen von der Teilnahme an den Protesten abgehalten haben.<\/p>\n<p>Der Protest richtete sich nicht nur gegen den neuen Rundfunkbeitrag, sondern partiell auch gegen die \u00f6ffentlich-rechtlichen H\u00f6rfunk- und Fernsehprogramme insgesamt, weshalb es in letzter Konsequenz auch ein Zeichen gegen deren kritische Berichterstattung \u00fcber Antisemitismus und Rassismus sein sollte. Somit war diese Onlinebewegung von Beginn an rechtsoffen, was sich nun auch auf der Stra\u00dfe zeigte. Massenprotest jedenfalls sieht anders aus.<\/p>\n","protected":false},"excerpt":{"rendered":"<p>Mitglieder der marktradikalen und rechtsoffenen \u201ePartei der Vernunft\u201c hatten f\u00fcr Samstag einen bundesweiten Aktionstag gegen den Rundfunkbeitrag initiiert. \u201eFreiheit statt Sozialismus\u201c, lie\u00df ein Bundesvorstandsmitglied der rechtspopulistischen Kleinstpartei \u201ePro Deutschland\u201c die Demonstranten in M\u00fcnchen skandieren. Die NPD schreibt gegen den \u201eRotfunk\u201c an und in K\u00f6ln wurde gegen angebliche \u201eGEZ-Diktatur\u201c und 9\/11-Verschw\u00f6rung protestiert. Mit rechten Parolen und [&hellip;]<\/p>\n","protected":false},"author":372,"featured_media":0,"comment_status":"open","ping_status":"open","sticky":false,"template":"","format":"standard","meta":{"_jetpack_memberships_contains_paid_content":false,"footnotes":""},"categories":[59,1515,1291],"tags":[26476,1716,17853,1748,26478,26477],"class_list":["post-12234","post","type-post","status-publish","format-standard","hentry","category-bayern","category-bundesweit","category-nordrhein-westfalen","tag-gez","tag-npd","tag-pdv","tag-pro-deutschland","tag-pro-munchen","tag-rundfunkbeitrag"],"yoast_head":"<!-- This site is optimized with the Yoast SEO plugin v21.0 - https:\/\/yoast.com\/wordpress\/plugins\/seo\/ -->\n<title>Anti-GEZ-Protest von Rechts: &quot;Junge Freiheit&quot; statt ZDF? - St\u00f6rungsmelder<\/title>\n<meta name=\"robots\" content=\"index, follow, max-snippet:-1, max-image-preview:large, max-video-preview:-1\" \/>\n<link rel=\"canonical\" href=\"https:\/\/blog.zeit.de\/stoerungsmelder\/2013\/03\/24\/anti-gez-protest-von-rechts-junge-freiheit-statt-zdf_12234\" \/>\n<meta property=\"og:locale\" content=\"de_DE\" \/>\n<meta property=\"og:type\" content=\"article\" \/>\n<meta property=\"og:title\" content=\"Anti-GEZ-Protest von Rechts: &quot;Junge Freiheit&quot; statt ZDF? - St\u00f6rungsmelder\" \/>\n<meta property=\"og:description\" content=\"Mitglieder der marktradikalen und rechtsoffenen \u201ePartei der Vernunft\u201c hatten f\u00fcr Samstag einen bundesweiten Aktionstag gegen den Rundfunkbeitrag initiiert. \u201eFreiheit statt Sozialismus\u201c, lie\u00df ein Bundesvorstandsmitglied der rechtspopulistischen Kleinstpartei \u201ePro Deutschland\u201c die Demonstranten in M\u00fcnchen skandieren. Die NPD schreibt gegen den \u201eRotfunk\u201c an und in K\u00f6ln wurde gegen angebliche \u201eGEZ-Diktatur\u201c und 9\/11-Verschw\u00f6rung protestiert. Mit rechten Parolen und [&hellip;]\" \/>\n<meta property=\"og:url\" content=\"https:\/\/blog.zeit.de\/stoerungsmelder\/2013\/03\/24\/anti-gez-protest-von-rechts-junge-freiheit-statt-zdf_12234\" \/>\n<meta property=\"og:site_name\" content=\"St\u00f6rungsmelder\" \/>\n<meta property=\"article:published_time\" content=\"2013-03-24T20:53:30+00:00\" \/>\n<meta property=\"article:modified_time\" content=\"2013-03-24T22:24:55+00:00\" \/>\n<meta property=\"og:image\" content=\"https:\/\/blog.zeit.de\/stoerungsmelder\/files\/2013\/03\/Anti-GEZ-Demo.jpg\" \/>\n<meta name=\"author\" content=\"Roland Sieber\" \/>\n<meta name=\"twitter:card\" content=\"summary_large_image\" \/>\n<meta name=\"twitter:label1\" content=\"Geschrieben von\" \/>\n\t<meta name=\"twitter:data1\" content=\"Roland Sieber\" \/>\n\t<meta name=\"twitter:label2\" content=\"Gesch\u00e4tzte Lesezeit\" \/>\n\t<meta name=\"twitter:data2\" content=\"3\u00a0Minuten\" \/>\n<script type=\"application\/ld+json\" class=\"yoast-schema-graph\">{\"@context\":\"https:\/\/schema.org\",\"@graph\":[{\"@type\":\"WebPage\",\"@id\":\"https:\/\/blog.zeit.de\/stoerungsmelder\/2013\/03\/24\/anti-gez-protest-von-rechts-junge-freiheit-statt-zdf_12234\",\"url\":\"https:\/\/blog.zeit.de\/stoerungsmelder\/2013\/03\/24\/anti-gez-protest-von-rechts-junge-freiheit-statt-zdf_12234\",\"name\":\"Anti-GEZ-Protest von Rechts: \\\"Junge Freiheit\\\" statt ZDF? - St\u00f6rungsmelder\",\"isPartOf\":{\"@id\":\"https:\/\/blog.zeit.de\/stoerungsmelder\/#website\"},\"datePublished\":\"2013-03-24T20:53:30+00:00\",\"dateModified\":\"2013-03-24T22:24:55+00:00\",\"author\":{\"@id\":\"https:\/\/blog.zeit.de\/stoerungsmelder\/#\/schema\/person\/3da908df9eb5af3ca0f9ae44ac55958f\"},\"breadcrumb\":{\"@id\":\"https:\/\/blog.zeit.de\/stoerungsmelder\/2013\/03\/24\/anti-gez-protest-von-rechts-junge-freiheit-statt-zdf_12234#breadcrumb\"},\"inLanguage\":\"de\",\"potentialAction\":[{\"@type\":\"ReadAction\",\"target\":[\"https:\/\/blog.zeit.de\/stoerungsmelder\/2013\/03\/24\/anti-gez-protest-von-rechts-junge-freiheit-statt-zdf_12234\"]}]},{\"@type\":\"BreadcrumbList\",\"@id\":\"https:\/\/blog.zeit.de\/stoerungsmelder\/2013\/03\/24\/anti-gez-protest-von-rechts-junge-freiheit-statt-zdf_12234#breadcrumb\",\"itemListElement\":[{\"@type\":\"ListItem\",\"position\":1,\"name\":\"Startseite\",\"item\":\"https:\/\/blog.zeit.de\/stoerungsmelder\"},{\"@type\":\"ListItem\",\"position\":2,\"name\":\"Anti-GEZ-Protest von Rechts: &#8222;Junge Freiheit&#8220; statt ZDF?\"}]},{\"@type\":\"WebSite\",\"@id\":\"https:\/\/blog.zeit.de\/stoerungsmelder\/#website\",\"url\":\"https:\/\/blog.zeit.de\/stoerungsmelder\/\",\"name\":\"St\u00f6rungsmelder\",\"description\":\"Recherchen und Analysen \u00fcber die extreme Rechte\",\"potentialAction\":[{\"@type\":\"SearchAction\",\"target\":{\"@type\":\"EntryPoint\",\"urlTemplate\":\"https:\/\/blog.zeit.de\/stoerungsmelder\/?s={search_term_string}\"},\"query-input\":\"required name=search_term_string\"}],\"inLanguage\":\"de\"},{\"@type\":\"Person\",\"@id\":\"https:\/\/blog.zeit.de\/stoerungsmelder\/#\/schema\/person\/3da908df9eb5af3ca0f9ae44ac55958f\",\"name\":\"Roland Sieber\",\"image\":{\"@type\":\"ImageObject\",\"inLanguage\":\"de\",\"@id\":\"https:\/\/blog.zeit.de\/stoerungsmelder\/#\/schema\/person\/image\/\",\"url\":\"https:\/\/secure.gravatar.com\/avatar\/7e54e25047fbec700aeec5062fb9539fd29b02b98cabcfb5f310ccf413bc8856?s=96&d=mm&r=pg\",\"contentUrl\":\"https:\/\/secure.gravatar.com\/avatar\/7e54e25047fbec700aeec5062fb9539fd29b02b98cabcfb5f310ccf413bc8856?s=96&d=mm&r=pg\",\"caption\":\"Roland Sieber\"},\"description\":\"Nachdem ich einige Jahre ehrenamtlich in der Jugendverbandsarbeit aktiv war und mich in der Bildungs- und B\u00fcndnisarbeit gegen Rassismus und Nationalismus engagierte, wollte ich mir mehr theoretisches Hintergrundwissen aneignen und studierte an der Akademie der Arbeit. Meine Abschlussarbeit schrieb ich zum Thema \u201eRechtsorientierte Jugend und Gewerkschaft\u201c. Seit 2009 studiere ich in Hamburg und publiziere mehr hobby- als berufsm\u00e4\u00dfig zu neuen Entwicklungen innerhalb der politischen Rechten sowie \u00fcber Rassismus, Antisemitismus und Islamfeindlichkeit auch in Grauzonenbereichen und Mischspektren.\",\"url\":\"https:\/\/blog.zeit.de\/stoerungsmelder\/author\/rolandsieber\"}]}<\/script>\n<!-- \/ Yoast SEO plugin. -->","yoast_head_json":{"title":"Anti-GEZ-Protest von Rechts: \"Junge Freiheit\" statt ZDF? - St\u00f6rungsmelder","robots":{"index":"index","follow":"follow","max-snippet":"max-snippet:-1","max-image-preview":"max-image-preview:large","max-video-preview":"max-video-preview:-1"},"canonical":"https:\/\/blog.zeit.de\/stoerungsmelder\/2013\/03\/24\/anti-gez-protest-von-rechts-junge-freiheit-statt-zdf_12234","og_locale":"de_DE","og_type":"article","og_title":"Anti-GEZ-Protest von Rechts: \"Junge Freiheit\" statt ZDF? - St\u00f6rungsmelder","og_description":"Mitglieder der marktradikalen und rechtsoffenen \u201ePartei der Vernunft\u201c hatten f\u00fcr Samstag einen bundesweiten Aktionstag gegen den Rundfunkbeitrag initiiert. \u201eFreiheit statt Sozialismus\u201c, lie\u00df ein Bundesvorstandsmitglied der rechtspopulistischen Kleinstpartei \u201ePro Deutschland\u201c die Demonstranten in M\u00fcnchen skandieren. Die NPD schreibt gegen den \u201eRotfunk\u201c an und in K\u00f6ln wurde gegen angebliche \u201eGEZ-Diktatur\u201c und 9\/11-Verschw\u00f6rung protestiert. Mit rechten Parolen und [&hellip;]","og_url":"https:\/\/blog.zeit.de\/stoerungsmelder\/2013\/03\/24\/anti-gez-protest-von-rechts-junge-freiheit-statt-zdf_12234","og_site_name":"St\u00f6rungsmelder","article_published_time":"2013-03-24T20:53:30+00:00","article_modified_time":"2013-03-24T22:24:55+00:00","og_image":[{"url":"https:\/\/blog.zeit.de\/stoerungsmelder\/files\/2013\/03\/Anti-GEZ-Demo.jpg"}],"author":"Roland Sieber","twitter_card":"summary_large_image","twitter_misc":{"Geschrieben von":"Roland Sieber","Gesch\u00e4tzte Lesezeit":"3\u00a0Minuten"},"schema":{"@context":"https:\/\/schema.org","@graph":[{"@type":"WebPage","@id":"https:\/\/blog.zeit.de\/stoerungsmelder\/2013\/03\/24\/anti-gez-protest-von-rechts-junge-freiheit-statt-zdf_12234","url":"https:\/\/blog.zeit.de\/stoerungsmelder\/2013\/03\/24\/anti-gez-protest-von-rechts-junge-freiheit-statt-zdf_12234","name":"Anti-GEZ-Protest von Rechts: \"Junge Freiheit\" statt ZDF? - St\u00f6rungsmelder","isPartOf":{"@id":"https:\/\/blog.zeit.de\/stoerungsmelder\/#website"},"datePublished":"2013-03-24T20:53:30+00:00","dateModified":"2013-03-24T22:24:55+00:00","author":{"@id":"https:\/\/blog.zeit.de\/stoerungsmelder\/#\/schema\/person\/3da908df9eb5af3ca0f9ae44ac55958f"},"breadcrumb":{"@id":"https:\/\/blog.zeit.de\/stoerungsmelder\/2013\/03\/24\/anti-gez-protest-von-rechts-junge-freiheit-statt-zdf_12234#breadcrumb"},"inLanguage":"de","potentialAction":[{"@type":"ReadAction","target":["https:\/\/blog.zeit.de\/stoerungsmelder\/2013\/03\/24\/anti-gez-protest-von-rechts-junge-freiheit-statt-zdf_12234"]}]},{"@type":"BreadcrumbList","@id":"https:\/\/blog.zeit.de\/stoerungsmelder\/2013\/03\/24\/anti-gez-protest-von-rechts-junge-freiheit-statt-zdf_12234#breadcrumb","itemListElement":[{"@type":"ListItem","position":1,"name":"Startseite","item":"https:\/\/blog.zeit.de\/stoerungsmelder"},{"@type":"ListItem","position":2,"name":"Anti-GEZ-Protest von Rechts: &#8222;Junge Freiheit&#8220; statt ZDF?"}]},{"@type":"WebSite","@id":"https:\/\/blog.zeit.de\/stoerungsmelder\/#website","url":"https:\/\/blog.zeit.de\/stoerungsmelder\/","name":"St\u00f6rungsmelder","description":"Recherchen und Analysen \u00fcber die extreme Rechte","potentialAction":[{"@type":"SearchAction","target":{"@type":"EntryPoint","urlTemplate":"https:\/\/blog.zeit.de\/stoerungsmelder\/?s={search_term_string}"},"query-input":"required name=search_term_string"}],"inLanguage":"de"},{"@type":"Person","@id":"https:\/\/blog.zeit.de\/stoerungsmelder\/#\/schema\/person\/3da908df9eb5af3ca0f9ae44ac55958f","name":"Roland Sieber","image":{"@type":"ImageObject","inLanguage":"de","@id":"https:\/\/blog.zeit.de\/stoerungsmelder\/#\/schema\/person\/image\/","url":"https:\/\/secure.gravatar.com\/avatar\/7e54e25047fbec700aeec5062fb9539fd29b02b98cabcfb5f310ccf413bc8856?s=96&d=mm&r=pg","contentUrl":"https:\/\/secure.gravatar.com\/avatar\/7e54e25047fbec700aeec5062fb9539fd29b02b98cabcfb5f310ccf413bc8856?s=96&d=mm&r=pg","caption":"Roland Sieber"},"description":"Nachdem ich einige Jahre ehrenamtlich in der Jugendverbandsarbeit aktiv war und mich in der Bildungs- und B\u00fcndnisarbeit gegen Rassismus und Nationalismus engagierte, wollte ich mir mehr theoretisches Hintergrundwissen aneignen und studierte an der Akademie der Arbeit. Meine Abschlussarbeit schrieb ich zum Thema \u201eRechtsorientierte Jugend und Gewerkschaft\u201c. Seit 2009 studiere ich in Hamburg und publiziere mehr hobby- als berufsm\u00e4\u00dfig zu neuen Entwicklungen innerhalb der politischen Rechten sowie \u00fcber Rassismus, Antisemitismus und Islamfeindlichkeit auch in Grauzonenbereichen und Mischspektren.","url":"https:\/\/blog.zeit.de\/stoerungsmelder\/author\/rolandsieber"}]}},"jetpack_featured_media_url":"","jetpack_sharing_enabled":true,"_links":{"self":[{"href":"https:\/\/blog.zeit.de\/stoerungsmelder\/wp-json\/wp\/v2\/posts\/12234","targetHints":{"allow":["GET"]}}],"collection":[{"href":"https:\/\/blog.zeit.de\/stoerungsmelder\/wp-json\/wp\/v2\/posts"}],"about":[{"href":"https:\/\/blog.zeit.de\/stoerungsmelder\/wp-json\/wp\/v2\/types\/post"}],"author":[{"embeddable":true,"href":"https:\/\/blog.zeit.de\/stoerungsmelder\/wp-json\/wp\/v2\/users\/372"}],"replies":[{"embeddable":true,"href":"https:\/\/blog.zeit.de\/stoerungsmelder\/wp-json\/wp\/v2\/comments?post=12234"}],"version-history":[{"count":16,"href":"https:\/\/blog.zeit.de\/stoerungsmelder\/wp-json\/wp\/v2\/posts\/12234\/revisions"}],"predecessor-version":[{"id":12252,"href":"https:\/\/blog.zeit.de\/stoerungsmelder\/wp-json\/wp\/v2\/posts\/12234\/revisions\/12252"}],"wp:attachment":[{"href":"https:\/\/blog.zeit.de\/stoerungsmelder\/wp-json\/wp\/v2\/media?parent=12234"}],"wp:term":[{"taxonomy":"category","embeddable":true,"href":"https:\/\/blog.zeit.de\/stoerungsmelder\/wp-json\/wp\/v2\/categories?post=12234"},{"taxonomy":"post_tag","embeddable":true,"href":"https:\/\/blog.zeit.de\/stoerungsmelder\/wp-json\/wp\/v2\/tags?post=12234"}],"curies":[{"name":"wp","href":"https:\/\/api.w.org\/{rel}","templated":true}]}}