{"id":12255,"date":"2013-03-25T21:23:19","date_gmt":"2013-03-25T20:23:19","guid":{"rendered":"http:\/\/blog.zeit.de\/stoerungsmelder\/?p=12255"},"modified":"2013-05-19T14:08:44","modified_gmt":"2013-05-19T12:08:44","slug":"ein-fluchtling-zu-sein-ist-keine-straftat","status":"publish","type":"post","link":"https:\/\/blog.zeit.de\/stoerungsmelder\/2013\/03\/25\/ein-fluchtling-zu-sein-ist-keine-straftat_12255","title":{"rendered":"\u201eEin Fl\u00fcchtling zu sein ist keine Straftat\u201c"},"content":{"rendered":"<p><figure id=\"attachment_12261\" aria-describedby=\"caption-attachment-12261\" style=\"width: 580px\" class=\"wp-caption aligncenter\"><a href=\"https:\/\/blog.zeit.de\/stoerungsmelder\/files\/2013\/03\/P1020653.jpg\"><img loading=\"lazy\" decoding=\"async\" class=\"size-full wp-image-12261\" alt=\"Tausende Demonstranten starten am Oranienplatz die Jubil\u00e4ums-Demonstration f\u00fcr die Rechte der Fl\u00fcchtlinge \u00a9 Caro Lobig\" src=\"https:\/\/blog.zeit.de\/stoerungsmelder\/files\/2013\/03\/P1020653.jpg\" width=\"580\" height=\"300\" srcset=\"https:\/\/blog.zeit.de\/stoerungsmelder\/files\/2013\/03\/P1020653.jpg 580w, https:\/\/blog.zeit.de\/stoerungsmelder\/files\/2013\/03\/P1020653-300x155.jpg 300w\" sizes=\"auto, (max-width: 580px) 100vw, 580px\" \/><\/a><figcaption id=\"caption-attachment-12261\" class=\"wp-caption-text\">Tausende Demonstranten starten am Oranienplatz die Jubil\u00e4ums-Demonstration f\u00fcr die Rechte der Fl\u00fcchtlinge \u00a9 Caro Lobig<\/figcaption><\/figure><\/p>\n<p>Es ist nicht nur das einj\u00e4hrige Jubil\u00e4um ihres Widerstands, sondern auch ein gro\u00dfes Wiedersehen. Aus allen Teilen Deutschlands sind am Samstag Fl\u00fcchtlinge aus ihren Lagern nach Berlin gereist, um gemeinsam zu demonstrieren. Friedlich und mit viel guter Stimmung protestierten etwa 3.000 Aktivisten trotz Minusgraden auf einer Route vom Oranienplatz bis zum Bundestag.<!--more--><\/p>\n<p>Die Sonne scheint und trotzdem ist es bitterkalt. Die fr\u00f6hliche Stimmung von <a href=\"https:\/\/blog.zeit.de\/stoerungsmelder\/2013\/02\/23\/protestwelle-schreibt-geschichte_11571\" target=\"_blank\">Fl\u00fcchtlingen und Unterst\u00fctzern<\/a> wird davon aber nicht getr\u00fcbt. Schon eine Stunde vor Beginn der Demonstration gegen die aktuelle Asylpolitik f\u00fcllt sich der Oranienplatz. Von dort aus soll der sechs Kilometer lange Protestmarsch durch die Stadt starten. Aus den Lautsprechern von den D\u00e4chern dreier Kleinbusse dr\u00f6hnt internationale Musik \u2013 franz\u00f6sische, iranische, t\u00fcrkische und auch deutsche Lieder mit Texten, die die Forderungen der Fl\u00fcchtlinge unterstreichen. \u201eErkenn deine St\u00e4rke, erkenn deine Macht, komm erkenn deine Gr\u00f6\u00dfe, erkenn deine Kraft\u201c \u2013 zu diesen Zeilen w\u00e4rmen sich die Aktivisten tanzend auf. Sie bereiten sich auf die bevorstehende und <a href=\"https:\/\/blog.zeit.de\/stoerungsmelder\/2013\/03\/20\/fluchtlinge-feiern-jubilaum-mit-groser-demonstration_12158\" target=\"_blank\">lang geplante Jubil\u00e4ums-Demonstration<\/a> vor.<\/p>\n<p>Innerhalb weniger Minuten versammeln sich hunderte Menschen auf dem Oranienplatz \u2013 mit etlichen Bannern, Flyern und Fahnen, die die Botschaften der Asylsuchenden darstellen. Das sind wei\u00dfe Fahnen mit der Aufschrift \u201eKein Mensch ist illegal\u201c, rote Flaggen, auf denen \u201e<a href=\"http:\/\/asylstrikeberlin.wordpress.com\/\" target=\"_blank\">Refugees\u2019 revolution demo<\/a>\u201c steht sowie Bilder auf Bannern, mit denen die Teilnehmer ihre Solidarit\u00e4t beweisen.<\/p>\n<p><figure id=\"attachment_12260\" aria-describedby=\"caption-attachment-12260\" style=\"width: 351px\" class=\"wp-caption alignright\"><a href=\"https:\/\/blog.zeit.de\/stoerungsmelder\/files\/2013\/03\/P1020638.jpg\"><img loading=\"lazy\" decoding=\"async\" class=\"wp-image-12260  \" alt=\"Der Treffpunkt f\u00fcr die Demonstration ist das Protestcamp der Fl\u00fcchtlinge am Oranienplatz \u00a9 Caro Lobig\" src=\"https:\/\/blog.zeit.de\/stoerungsmelder\/files\/2013\/03\/P1020638-1024x768.jpg\" width=\"351\" height=\"264\" srcset=\"https:\/\/blog.zeit.de\/stoerungsmelder\/files\/2013\/03\/P1020638-1024x768.jpg 1024w, https:\/\/blog.zeit.de\/stoerungsmelder\/files\/2013\/03\/P1020638-300x225.jpg 300w, https:\/\/blog.zeit.de\/stoerungsmelder\/files\/2013\/03\/P1020638.jpg 1200w\" sizes=\"auto, (max-width: 351px) 100vw, 351px\" \/><\/a><figcaption id=\"caption-attachment-12260\" class=\"wp-caption-text\">Der Treffpunkt f\u00fcr die Demonstration ist das Protestcamp der Fl\u00fcchtlinge am Oranienplatz \u00a9 Caro Lobig<\/figcaption><\/figure><\/p>\n<p>Die Vorfreude ist gro\u00df \u2013 einige Teilnehmer der Demonstration haben sich lange nicht gesehen und umarmen sich herzlich. Zwei Fl\u00fcchtlinge, die auf ihrer Zugfahrt von Passau nach Berlin von der Polizei festgenommen wurden, k\u00f6nnen heute doch dabei sein. Genau wie 50 Asylbewerber aus Halberstadt, die keine Urlaubs-Erlaubnis f\u00fcr die Reise zu dieser Demonstration bekommen haben. Sie haben es sich nicht nehmen lassen, auch ohne Erlaubnis mit Gleichgesinnten in Berlin ihre Forderungen zu vertreten.<\/p>\n<p>Um 14.30 Uhr k\u00fcndigt ein Aktivist durch die Lautsprecher den Start des Marschs an. Eine Gruppe der Fl\u00fcchtlinge positioniert sich hinter zwei langen Bannern \u2013 sie f\u00fchren die Demonstration hinter Polizeibussen und zwei Reihen aus Polizeibeamten an. Auf dem t\u00fcrkisen Transparent steht der Begriff \u201eFreiheit\u201c in vielen Sprachen neben den zentralen Forderungen \u201eKeine Residenzpflicht! Keine Lager! Keine Deportationen!\u201c.<\/p>\n<p>Es ist ein gro\u00dfer Zug aus mindestens 3.000 Menschen, der sich langsam in Bewegung setzt. Von den Lautsprecherwagen ert\u00f6nen unterschiedliche Lieder, um sie herum tanzen die Demonstranten und rufen Sprechch\u00f6re wie \u201eNo borders, no nations, fight deportation\u201c. Zwischendurch stimmen Fl\u00fcchtlinge \u00fcber die Mikrofone Parolen wie \u201eKein Mensch ist illegal\u201c an und der Protestmarsch antwortet: \u201eBleiberecht \u00fcberall\u201c.<\/p>\n<p><figure id=\"attachment_12257\" aria-describedby=\"caption-attachment-12257\" style=\"width: 300px\" class=\"wp-caption alignleft\"><a href=\"https:\/\/blog.zeit.de\/stoerungsmelder\/files\/2013\/03\/P1020673.jpg\"><img loading=\"lazy\" decoding=\"async\" class=\"size-medium wp-image-12257\" alt=\"Die Faust als Logo der 'Refugee revolution' steht f\u00fcr den Willen der Fl\u00fcchtlinge, weiter zu k\u00e4mpfen \u00a9 Caro Lobig\" src=\"https:\/\/blog.zeit.de\/stoerungsmelder\/files\/2013\/03\/P1020673-300x225.jpg\" width=\"300\" height=\"225\" srcset=\"https:\/\/blog.zeit.de\/stoerungsmelder\/files\/2013\/03\/P1020673-300x225.jpg 300w, https:\/\/blog.zeit.de\/stoerungsmelder\/files\/2013\/03\/P1020673-1024x768.jpg 1024w, https:\/\/blog.zeit.de\/stoerungsmelder\/files\/2013\/03\/P1020673.jpg 1200w\" sizes=\"auto, (max-width: 300px) 100vw, 300px\" \/><\/a><figcaption id=\"caption-attachment-12257\" class=\"wp-caption-text\">Die Faust als Logo der &#8218;Refugee revolution&#8216; steht f\u00fcr den Willen der Fl\u00fcchtlinge, weiter zu k\u00e4mpfen \u00a9 Caro Lobig<\/figcaption><\/figure><\/p>\n<p>F\u00fcr den ersten Redebeitrag, einer Pressemitteilung zu der<a href=\"https:\/\/blog.zeit.de\/stoerungsmelder\/2013\/03\/14\/wenn-die-polizei-zur-gefahr-wird_11945#more-11945\" target=\"_blank\"> Polizeigewalt auf der Bustour<\/a>, h\u00e4lt der Demonstrations-Zug an. Auf Deutsch und Englisch wird von <a href=\"https:\/\/blog.zeit.de\/stoerungsmelder\/2013\/03\/13\/weil-sie-sich-widersetzt-haben_11889\" target=\"_blank\">Vorf\u00e4llen w\u00e4hrend der Bustour<\/a> erz\u00e4hlt und daraus geschlossen: Die obersten Politiker st\u00fcnden hinter der Polizei, die mit ihren gewaltsamen Eins\u00e4tzen den Protest unterbinden wolle. Die eindringliche Erkl\u00e4rung der Asylsuchenden, weiter zu k\u00e4mpfen, bejubeln und beklatschen hunderte Menschen \u2013 mitten auf der Friedrichstra\u00dfe in Berlin.<\/p>\n<p>\u00dcber die gro\u00dfe Resonanz der Unterst\u00fctzer freuen sich die Gefl\u00fcchteten sehr, wie sie immer wieder betonen: \u201eMit so vielen Menschen haben wir heute gar nicht gerechnet\u201c, sagt Mohamad, einer der Fl\u00fcchtlinge vom Oranienplatz.<\/p>\n<p>Dann ruft der vordere Teil des Protestmarschs gemeinschaftlich \u201eStopp Stopp Stopp!\u201c \u2013 alle halten an, manche Fl\u00fcchtlinge setzen oder legen sich auf den Boden. Sie rufen im Chor: \u201eWe are here and we will fight, freedom of movement is everybody\u2019s right\u201c. Die Fotografen nutzen die Gelegenheit und st\u00fcrzen sich vor die Demonstranten, um die besten Momente einzufangen. Die Polizei beobachtet das Geschehen aus der Ferne \u2013 sie begleitet die Demonstration vorne und hinten. Beamte in gelben Westen mit der Aufschrift \u201eAnti-Konflikt-Team\u201c gehen an den Seiten der Protestler mit.<\/p>\n<p>Unter den Demonstranten herrscht ein gro\u00dfer Zusammenhalt, es ist eine sch\u00f6ne Atmosph\u00e4re trotz des unsch\u00f6nen Themas, gegen das demonstriert wird. Als die Rede von Napuli Langa, einer der wenigen weiblichen Fl\u00fcchtlinge, angek\u00fcndigt wird, ist die Stimmung auf dem H\u00f6hepunkt. Napuli ist bekannt f\u00fcr ihre klaren Reden, mit denen sie Menschen aufwecken kann.<\/p>\n<p>\u201eDie deutsche Regierung nimmt uns unsere Rechte\u201c, beginnt Napuli. Einige Demonstranten pfeifen und jubeln, manche rufen \u201eGebt uns unsere Rechte zur\u00fcck!\u201c. Sie f\u00e4hrt fort: \u201eEin Fl\u00fcchtling zu sein ist keine Straftat, wir haben uns das nicht ausgesucht\u201c. Sie macht eine lange Pause, um sie herum ist es still. Dann sagt sie: \u201eEs ist rassistisch, was die deutsche Regierung mit uns macht, es hat nichts mit Demokratie zu tun. Die Regierung macht Gesch\u00e4fte damit, dass sie die Ressourcen aus unseren Heimatl\u00e4ndern nimmt\u201c. Dann ruft Napuli \u201eThe day is coming after the darkness\u201c &#8211; und die Menge schreit vor Begeisterung. Sie strahlt St\u00e4rke und Entschlossenheit aus, damit gibt sie den anderen Fl\u00fcchtlingen Hoffnung.<\/p>\n<p><figure id=\"attachment_12256\" aria-describedby=\"caption-attachment-12256\" style=\"width: 344px\" class=\"wp-caption alignright\"><a href=\"https:\/\/blog.zeit.de\/stoerungsmelder\/files\/2013\/03\/P1020659.jpg\"><img loading=\"lazy\" decoding=\"async\" class=\" wp-image-12256   \" alt=\"Mansureh und ihre beiden T\u00f6chter Mina und Maryam sind drei von wenigen weiblichen Gefl\u00fcchteten aus dem Iran, die mit protestieren \u00a9 Caro Lobig\" src=\"https:\/\/blog.zeit.de\/stoerungsmelder\/files\/2013\/03\/P1020659-1024x768.jpg\" width=\"344\" height=\"258\" srcset=\"https:\/\/blog.zeit.de\/stoerungsmelder\/files\/2013\/03\/P1020659-1024x768.jpg 1024w, https:\/\/blog.zeit.de\/stoerungsmelder\/files\/2013\/03\/P1020659-300x225.jpg 300w, https:\/\/blog.zeit.de\/stoerungsmelder\/files\/2013\/03\/P1020659.jpg 1200w\" sizes=\"auto, (max-width: 344px) 100vw, 344px\" \/><\/a><figcaption id=\"caption-attachment-12256\" class=\"wp-caption-text\">Mansureh und ihre beiden T\u00f6chter Mina und Maryam sind drei von wenigen weiblichen Gefl\u00fcchteten aus dem Iran, die mit protestieren \u00a9 Caro Lobig<\/figcaption><\/figure><\/p>\n<p>Als der Protestmarsch das Brandenburger Tor erreicht und nach rechts Richtung Bundestag abbiegt, zeigen sich die Dimensionen der Demonstration. Mit den letzten Sonnenstrahlen kommen zwischen 3.000 und 4.000 Menschen mit ihren Parolen und Bannern vor dem Bundestag an. Dort endet der Marsch \u2013 die Teilnehmer des Protests versammeln sich noch einmal um einen Bus herum, aus dessen Lautsprechern eine verzweifelte Stimme dringt:<\/p>\n<p>\u201eWir sind menschliche Wesen, wir haben ein Recht darauf, wie andere ein gutes Leben zu f\u00fchren, aber wir sterben\u201c. Immer wieder fragt der Fl\u00fcchtling \u201eWarum? Warum?\u201c. Er ruft: \u201eLasst uns frei, lasst uns uns bewegen, lasst uns laufen, lasst uns leben\u201c. Seine Trauer und sein Flehen machen die Aktivisten nachdenklich \u2013 es herrscht Stille, alle sind in Richtung der Lautsprecher gewandt. Nach seiner Rede erh\u00e4lt der Gefl\u00fcchtete gro\u00dfe Zustimmung von der Menge, gemeinsam schreien alle wieder: \u201eWe are here and we will fight, freedom of movement is everybody\u2019s right\u201c.<\/p>\n<p><figure id=\"attachment_12259\" aria-describedby=\"caption-attachment-12259\" style=\"width: 387px\" class=\"wp-caption alignleft\"><a href=\"https:\/\/blog.zeit.de\/stoerungsmelder\/files\/2013\/03\/P1020725.jpg\"><img loading=\"lazy\" decoding=\"async\" class=\" wp-image-12259   \" alt=\"Vor dem Bundestag endet der Protestmarsch mit Redebeitr\u00e4gen und Kampfliedern, zu denen die Aktivisten tanzen und singen \u00a9 Caro Lobig\" src=\"https:\/\/blog.zeit.de\/stoerungsmelder\/files\/2013\/03\/P1020725-1024x768.jpg\" width=\"387\" height=\"291\" srcset=\"https:\/\/blog.zeit.de\/stoerungsmelder\/files\/2013\/03\/P1020725-1024x768.jpg 1024w, https:\/\/blog.zeit.de\/stoerungsmelder\/files\/2013\/03\/P1020725-300x225.jpg 300w, https:\/\/blog.zeit.de\/stoerungsmelder\/files\/2013\/03\/P1020725.jpg 1200w\" sizes=\"auto, (max-width: 387px) 100vw, 387px\" \/><\/a><figcaption id=\"caption-attachment-12259\" class=\"wp-caption-text\">Vor dem Bundestag endet der Protestmarsch mit Redebeitr\u00e4gen und Kampfliedern, zu denen die Aktivisten tanzen und singen \u00a9 Caro Lobig<\/figcaption><\/figure><\/p>\n<p>Nach vier Stunden beenden hunderte Fl\u00fcchtlinge und Unterst\u00fctzer die Demonstration mit dem bekannten Kampflied \u201eHaydi Barikata\u201c von Bandista. \u00dcbersetzt hei\u00dft der Titel \u201eAuf die Barrikaden\u201c. Mit Blick auf den Bundestag schwingen die Demonstranten nochmal ihre Fahnen mit den Forderungen nach Menschenrechten f\u00fcr Fl\u00fcchtlinge. Die Menschen tanzen und h\u00fcpfen, ein Teil der Gruppe springt in einer Polonaise durch die Menge. Mit gro\u00dfem Applaus und der untergehenden Sonne geht die Demonstration der Fl\u00fcchtlinge anl\u00e4sslich ihres einj\u00e4hrigen Widerstands schlie\u00dflich zu Ende.<\/p>\n<p><em>Das war der 13. Teil meiner\u00a0<a href=\"https:\/\/blog.zeit.de\/stoerungsmelder\/2013\/02\/21\/wie-fluchtlinge-in-berlin-fur-ihre-rechte-kampfen_11563\" target=\"_blank\">Artikel-Serie\u00a0<\/a>\u00fcber das\u00a0<a href=\"https:\/\/blog.zeit.de\/stoerungsmelder\/author\/carolobig\" target=\"_blank\">Refugee Camp Berlin<\/a>.<\/em><\/p>\n","protected":false},"excerpt":{"rendered":"<p>Es ist nicht nur das einj\u00e4hrige Jubil\u00e4um ihres Widerstands, sondern auch ein gro\u00dfes Wiedersehen. Aus allen Teilen Deutschlands sind am Samstag Fl\u00fcchtlinge aus ihren Lagern nach Berlin gereist, um gemeinsam zu demonstrieren. Friedlich und mit viel guter Stimmung protestierten etwa 3.000 Aktivisten trotz Minusgraden auf einer Route vom Oranienplatz bis zum Bundestag.<\/p>\n","protected":false},"author":396,"featured_media":0,"comment_status":"open","ping_status":"open","sticky":false,"template":"","format":"standard","meta":{"_jetpack_memberships_contains_paid_content":false,"footnotes":""},"categories":[249],"tags":[17854,39401,24592,981,984,2158,26479,24593,991,1752,26480,97,24589,26454,1769,39406,26407],"class_list":["post-12255","post","type-post","status-publish","format-standard","hentry","category-berlin","tag-asylpolitik","tag-berlin","tag-brandenburger-tor","tag-bundestag","tag-demonstration","tag-fluchtlinge","tag-jubilaum","tag-oranienplatz","tag-polizei","tag-protest","tag-protestmarsch","tag-rassismus","tag-refugeecamp","tag-refugees-revolution-demo","tag-residenzpflicht","tag-unterstutzer","tag-widerstand"],"yoast_head":"<!-- This site is optimized with the Yoast SEO plugin v21.0 - https:\/\/yoast.com\/wordpress\/plugins\/seo\/ -->\n<title>\u201eEin Fl\u00fcchtling zu sein ist keine Straftat\u201c - St\u00f6rungsmelder<\/title>\n<meta name=\"robots\" content=\"index, follow, max-snippet:-1, max-image-preview:large, max-video-preview:-1\" \/>\n<link rel=\"canonical\" href=\"https:\/\/blog.zeit.de\/stoerungsmelder\/2013\/03\/25\/ein-fluchtling-zu-sein-ist-keine-straftat_12255\" \/>\n<meta property=\"og:locale\" content=\"de_DE\" \/>\n<meta property=\"og:type\" content=\"article\" \/>\n<meta property=\"og:title\" content=\"\u201eEin Fl\u00fcchtling zu sein ist keine Straftat\u201c - St\u00f6rungsmelder\" \/>\n<meta property=\"og:description\" content=\"Es ist nicht nur das einj\u00e4hrige Jubil\u00e4um ihres Widerstands, sondern auch ein gro\u00dfes Wiedersehen. Aus allen Teilen Deutschlands sind am Samstag Fl\u00fcchtlinge aus ihren Lagern nach Berlin gereist, um gemeinsam zu demonstrieren. Friedlich und mit viel guter Stimmung protestierten etwa 3.000 Aktivisten trotz Minusgraden auf einer Route vom Oranienplatz bis zum Bundestag.\" \/>\n<meta property=\"og:url\" content=\"https:\/\/blog.zeit.de\/stoerungsmelder\/2013\/03\/25\/ein-fluchtling-zu-sein-ist-keine-straftat_12255\" \/>\n<meta property=\"og:site_name\" content=\"St\u00f6rungsmelder\" \/>\n<meta property=\"article:published_time\" content=\"2013-03-25T20:23:19+00:00\" \/>\n<meta property=\"article:modified_time\" content=\"2013-05-19T12:08:44+00:00\" \/>\n<meta property=\"og:image\" content=\"https:\/\/blog.zeit.de\/stoerungsmelder\/files\/2013\/03\/P1020653.jpg\" \/>\n<meta name=\"author\" content=\"Caro Lobig\" \/>\n<meta name=\"twitter:card\" content=\"summary_large_image\" \/>\n<meta name=\"twitter:label1\" content=\"Geschrieben von\" \/>\n\t<meta name=\"twitter:data1\" content=\"Caro Lobig\" \/>\n\t<meta name=\"twitter:label2\" content=\"Gesch\u00e4tzte Lesezeit\" \/>\n\t<meta name=\"twitter:data2\" content=\"6\u00a0Minuten\" \/>\n<script type=\"application\/ld+json\" class=\"yoast-schema-graph\">{\"@context\":\"https:\/\/schema.org\",\"@graph\":[{\"@type\":\"WebPage\",\"@id\":\"https:\/\/blog.zeit.de\/stoerungsmelder\/2013\/03\/25\/ein-fluchtling-zu-sein-ist-keine-straftat_12255\",\"url\":\"https:\/\/blog.zeit.de\/stoerungsmelder\/2013\/03\/25\/ein-fluchtling-zu-sein-ist-keine-straftat_12255\",\"name\":\"\u201eEin Fl\u00fcchtling zu sein ist keine Straftat\u201c - St\u00f6rungsmelder\",\"isPartOf\":{\"@id\":\"https:\/\/blog.zeit.de\/stoerungsmelder\/#website\"},\"datePublished\":\"2013-03-25T20:23:19+00:00\",\"dateModified\":\"2013-05-19T12:08:44+00:00\",\"author\":{\"@id\":\"https:\/\/blog.zeit.de\/stoerungsmelder\/#\/schema\/person\/f3e6c1490ea5dfff0be6231854ccb666\"},\"breadcrumb\":{\"@id\":\"https:\/\/blog.zeit.de\/stoerungsmelder\/2013\/03\/25\/ein-fluchtling-zu-sein-ist-keine-straftat_12255#breadcrumb\"},\"inLanguage\":\"de\",\"potentialAction\":[{\"@type\":\"ReadAction\",\"target\":[\"https:\/\/blog.zeit.de\/stoerungsmelder\/2013\/03\/25\/ein-fluchtling-zu-sein-ist-keine-straftat_12255\"]}]},{\"@type\":\"BreadcrumbList\",\"@id\":\"https:\/\/blog.zeit.de\/stoerungsmelder\/2013\/03\/25\/ein-fluchtling-zu-sein-ist-keine-straftat_12255#breadcrumb\",\"itemListElement\":[{\"@type\":\"ListItem\",\"position\":1,\"name\":\"Startseite\",\"item\":\"https:\/\/blog.zeit.de\/stoerungsmelder\"},{\"@type\":\"ListItem\",\"position\":2,\"name\":\"\u201eEin Fl\u00fcchtling zu sein ist keine Straftat\u201c\"}]},{\"@type\":\"WebSite\",\"@id\":\"https:\/\/blog.zeit.de\/stoerungsmelder\/#website\",\"url\":\"https:\/\/blog.zeit.de\/stoerungsmelder\/\",\"name\":\"St\u00f6rungsmelder\",\"description\":\"Recherchen und Analysen \u00fcber die extreme Rechte\",\"potentialAction\":[{\"@type\":\"SearchAction\",\"target\":{\"@type\":\"EntryPoint\",\"urlTemplate\":\"https:\/\/blog.zeit.de\/stoerungsmelder\/?s={search_term_string}\"},\"query-input\":\"required name=search_term_string\"}],\"inLanguage\":\"de\"},{\"@type\":\"Person\",\"@id\":\"https:\/\/blog.zeit.de\/stoerungsmelder\/#\/schema\/person\/f3e6c1490ea5dfff0be6231854ccb666\",\"name\":\"Caro Lobig\",\"image\":{\"@type\":\"ImageObject\",\"inLanguage\":\"de\",\"@id\":\"https:\/\/blog.zeit.de\/stoerungsmelder\/#\/schema\/person\/image\/\",\"url\":\"https:\/\/secure.gravatar.com\/avatar\/11e4070eb0d2dee2201c53b4642a1890cde21277959bf7e82b5e62a69720b0fe?s=96&d=mm&r=pg\",\"contentUrl\":\"https:\/\/secure.gravatar.com\/avatar\/11e4070eb0d2dee2201c53b4642a1890cde21277959bf7e82b5e62a69720b0fe?s=96&d=mm&r=pg\",\"caption\":\"Caro Lobig\"},\"sameAs\":[\"http:\/\/www.caro-lobig.de\"],\"url\":\"https:\/\/blog.zeit.de\/stoerungsmelder\/author\/carolobig\"}]}<\/script>\n<!-- \/ Yoast SEO plugin. -->","yoast_head_json":{"title":"\u201eEin Fl\u00fcchtling zu sein ist keine Straftat\u201c - St\u00f6rungsmelder","robots":{"index":"index","follow":"follow","max-snippet":"max-snippet:-1","max-image-preview":"max-image-preview:large","max-video-preview":"max-video-preview:-1"},"canonical":"https:\/\/blog.zeit.de\/stoerungsmelder\/2013\/03\/25\/ein-fluchtling-zu-sein-ist-keine-straftat_12255","og_locale":"de_DE","og_type":"article","og_title":"\u201eEin Fl\u00fcchtling zu sein ist keine Straftat\u201c - St\u00f6rungsmelder","og_description":"Es ist nicht nur das einj\u00e4hrige Jubil\u00e4um ihres Widerstands, sondern auch ein gro\u00dfes Wiedersehen. Aus allen Teilen Deutschlands sind am Samstag Fl\u00fcchtlinge aus ihren Lagern nach Berlin gereist, um gemeinsam zu demonstrieren. Friedlich und mit viel guter Stimmung protestierten etwa 3.000 Aktivisten trotz Minusgraden auf einer Route vom Oranienplatz bis zum Bundestag.","og_url":"https:\/\/blog.zeit.de\/stoerungsmelder\/2013\/03\/25\/ein-fluchtling-zu-sein-ist-keine-straftat_12255","og_site_name":"St\u00f6rungsmelder","article_published_time":"2013-03-25T20:23:19+00:00","article_modified_time":"2013-05-19T12:08:44+00:00","og_image":[{"url":"https:\/\/blog.zeit.de\/stoerungsmelder\/files\/2013\/03\/P1020653.jpg"}],"author":"Caro Lobig","twitter_card":"summary_large_image","twitter_misc":{"Geschrieben von":"Caro Lobig","Gesch\u00e4tzte Lesezeit":"6\u00a0Minuten"},"schema":{"@context":"https:\/\/schema.org","@graph":[{"@type":"WebPage","@id":"https:\/\/blog.zeit.de\/stoerungsmelder\/2013\/03\/25\/ein-fluchtling-zu-sein-ist-keine-straftat_12255","url":"https:\/\/blog.zeit.de\/stoerungsmelder\/2013\/03\/25\/ein-fluchtling-zu-sein-ist-keine-straftat_12255","name":"\u201eEin Fl\u00fcchtling zu sein ist keine Straftat\u201c - St\u00f6rungsmelder","isPartOf":{"@id":"https:\/\/blog.zeit.de\/stoerungsmelder\/#website"},"datePublished":"2013-03-25T20:23:19+00:00","dateModified":"2013-05-19T12:08:44+00:00","author":{"@id":"https:\/\/blog.zeit.de\/stoerungsmelder\/#\/schema\/person\/f3e6c1490ea5dfff0be6231854ccb666"},"breadcrumb":{"@id":"https:\/\/blog.zeit.de\/stoerungsmelder\/2013\/03\/25\/ein-fluchtling-zu-sein-ist-keine-straftat_12255#breadcrumb"},"inLanguage":"de","potentialAction":[{"@type":"ReadAction","target":["https:\/\/blog.zeit.de\/stoerungsmelder\/2013\/03\/25\/ein-fluchtling-zu-sein-ist-keine-straftat_12255"]}]},{"@type":"BreadcrumbList","@id":"https:\/\/blog.zeit.de\/stoerungsmelder\/2013\/03\/25\/ein-fluchtling-zu-sein-ist-keine-straftat_12255#breadcrumb","itemListElement":[{"@type":"ListItem","position":1,"name":"Startseite","item":"https:\/\/blog.zeit.de\/stoerungsmelder"},{"@type":"ListItem","position":2,"name":"\u201eEin Fl\u00fcchtling zu sein ist keine Straftat\u201c"}]},{"@type":"WebSite","@id":"https:\/\/blog.zeit.de\/stoerungsmelder\/#website","url":"https:\/\/blog.zeit.de\/stoerungsmelder\/","name":"St\u00f6rungsmelder","description":"Recherchen und Analysen \u00fcber die extreme Rechte","potentialAction":[{"@type":"SearchAction","target":{"@type":"EntryPoint","urlTemplate":"https:\/\/blog.zeit.de\/stoerungsmelder\/?s={search_term_string}"},"query-input":"required name=search_term_string"}],"inLanguage":"de"},{"@type":"Person","@id":"https:\/\/blog.zeit.de\/stoerungsmelder\/#\/schema\/person\/f3e6c1490ea5dfff0be6231854ccb666","name":"Caro Lobig","image":{"@type":"ImageObject","inLanguage":"de","@id":"https:\/\/blog.zeit.de\/stoerungsmelder\/#\/schema\/person\/image\/","url":"https:\/\/secure.gravatar.com\/avatar\/11e4070eb0d2dee2201c53b4642a1890cde21277959bf7e82b5e62a69720b0fe?s=96&d=mm&r=pg","contentUrl":"https:\/\/secure.gravatar.com\/avatar\/11e4070eb0d2dee2201c53b4642a1890cde21277959bf7e82b5e62a69720b0fe?s=96&d=mm&r=pg","caption":"Caro Lobig"},"sameAs":["http:\/\/www.caro-lobig.de"],"url":"https:\/\/blog.zeit.de\/stoerungsmelder\/author\/carolobig"}]}},"jetpack_featured_media_url":"","jetpack_sharing_enabled":true,"_links":{"self":[{"href":"https:\/\/blog.zeit.de\/stoerungsmelder\/wp-json\/wp\/v2\/posts\/12255","targetHints":{"allow":["GET"]}}],"collection":[{"href":"https:\/\/blog.zeit.de\/stoerungsmelder\/wp-json\/wp\/v2\/posts"}],"about":[{"href":"https:\/\/blog.zeit.de\/stoerungsmelder\/wp-json\/wp\/v2\/types\/post"}],"author":[{"embeddable":true,"href":"https:\/\/blog.zeit.de\/stoerungsmelder\/wp-json\/wp\/v2\/users\/396"}],"replies":[{"embeddable":true,"href":"https:\/\/blog.zeit.de\/stoerungsmelder\/wp-json\/wp\/v2\/comments?post=12255"}],"version-history":[{"count":9,"href":"https:\/\/blog.zeit.de\/stoerungsmelder\/wp-json\/wp\/v2\/posts\/12255\/revisions"}],"predecessor-version":[{"id":12932,"href":"https:\/\/blog.zeit.de\/stoerungsmelder\/wp-json\/wp\/v2\/posts\/12255\/revisions\/12932"}],"wp:attachment":[{"href":"https:\/\/blog.zeit.de\/stoerungsmelder\/wp-json\/wp\/v2\/media?parent=12255"}],"wp:term":[{"taxonomy":"category","embeddable":true,"href":"https:\/\/blog.zeit.de\/stoerungsmelder\/wp-json\/wp\/v2\/categories?post=12255"},{"taxonomy":"post_tag","embeddable":true,"href":"https:\/\/blog.zeit.de\/stoerungsmelder\/wp-json\/wp\/v2\/tags?post=12255"}],"curies":[{"name":"wp","href":"https:\/\/api.w.org\/{rel}","templated":true}]}}