{"id":12268,"date":"2013-03-27T13:19:02","date_gmt":"2013-03-27T12:19:02","guid":{"rendered":"http:\/\/blog.zeit.de\/stoerungsmelder\/?p=12268"},"modified":"2013-03-27T13:19:03","modified_gmt":"2013-03-27T12:19:03","slug":"berliner-landesvorsitzender-von-pro-deutschland-bei-infostand-festgenommen","status":"publish","type":"post","link":"https:\/\/blog.zeit.de\/stoerungsmelder\/2013\/03\/27\/berliner-landesvorsitzender-von-pro-deutschland-bei-infostand-festgenommen_12268","title":{"rendered":"Berliner Landesvorsitzender von Pro Deutschland bei Infostand festgenommen"},"content":{"rendered":"<p><figure id=\"attachment_12272\" aria-describedby=\"caption-attachment-12272\" style=\"width: 580px\" class=\"wp-caption aligncenter\"><img loading=\"lazy\" decoding=\"async\" class=\"wp-image-12272 \" alt=\"Lars Seidensticker (r.) diskutiert mit Enrico Rossius (l.) am Rande einer Kundgebung in Hennigsdorf . \u00a9 S\u00f6ren Kohlhuber\" src=\"https:\/\/blog.zeit.de\/stoerungsmelder\/files\/2013\/03\/DSC_0373-300x200.jpg\" width=\"580\" height=\"300\" \/><figcaption id=\"caption-attachment-12272\" class=\"wp-caption-text\">Lars Seidensticker (r.) diskutiert mit Enrico Rossius (l.) am Rande einer Kundgebung in Hennigsdorf . \u00a9 S\u00f6ren Kohlhuber<\/figcaption><\/figure><\/p>\n<p>Derzeit bereist die Partei \u201eB\u00fcrgerbewegung Pro Deutschland\u201c (PRO-D) die Bundesrepublik, um Stimmen f\u00fcr die Zulassung zur Bundestagswahl zu sammeln. In Brandenburg tritt sie seit drei Wochen im einw\u00f6chigen Rhytmus in Potsdam, Hennigsdorf und Oranienburg auf. Bei fast jedem der als Versammlung angemeldeten Infost\u00e4nde kam es zu deutlichen Gegenprotesten.<!--more--><\/p>\n<p>Zu Beginn der Tour am 6. M\u00e4rz kam es in Potsdam zu einem Zwischenfall, bei dem Protestierende Fl\u00fcssigkeiten \u00fcber die Unterschriftenlisten kippten. Laut PRO-D wurden diese dadurch zerst\u00f6rt. Einen Tag sp\u00e4ter organisierte das B\u00fcndnis &#8222;<a href=\"http:\/\/www.facebook.com\/ohv.nf\">Oberhavel Nazifrei<\/a>&#8222;, dem neben Linken, Gr\u00fcnen und Sozialdemokraten auch zahlreiche Jugendorganisationen und Initiativen angeh\u00f6ren, <a href=\"http:\/\/medienkollektivbb.blogsport.eu\/2013\/03\/07\/pro-deutschland-startet-tour-durch-brandenburg\/\">in Hennigsdorf eine Gegenkundgebung<\/a>. Antifaschisten wurden von Lars Seidensticker, Generalsekret\u00e4r und Berliner Landesvorsitzender, als &#8222;Wichser&#8220; und &#8222;Kommunisten&#8220; beleidigt. Dem Versammlungsleiter der Gegenkundgebung, Enrico Rossius (Vorsitzender &#8222;Die Linke&#8220; Oranienburg), versuchte er zu untersagen, PRO-D als Partei von &#8222;Neonazis und Rassisten&#8220; zu bezeichnen. Mehrmals beschwerte sich der Bundesvorsitzende Manfred Rouhs bei der Polizei, dass der Lautsprecherwagen der Gegenkundgebung zu laut sei. Trotzdem konnte PRO-D\u00a0 nach eigenen Angaben mehr als 100 Unterschriften sammeln &#8211; so viele nie zuvor an einem Tag. Inzwischen agiert &#8222;Oberhavel Nazifrei&#8220; subtiler und verteilt im Umfeld Flyer, um so die Einwohner aufzukl\u00e4ren.<\/p>\n<p>Am Montag, dem 25. M\u00e4rz, kam es zum Eklat und einer Festnahme auf Seiten von Pro Deutschland. Bereits vor einer Woche konnte die Partei in Oranienburg nur wenige Unterschriften sammeln und verlie\u00df die Stadt nach einer Stunde. Dieses Mal waren es ca. 15 Unterschriften in knapp f\u00fcnf Stunden. Das nur wenige Unterschriften zusammen kamen, k\u00f6nnte auch an deutlichen Hinweisen auf die Gesinnung der Partei liegen. \u201eAchtung Rechtspopulisten!\u201c, \u201eKeine Stimme der PRO\u201c oder aber \u201eOranienburg bleibt weltoffen\u201c hallte es den Passanten in der N\u00e4he des Infostandes entgegen. Es war wieder die Stimme von Enrico Rossius, der die Passanten allein informierte. Eine gro\u00dfe Demo gab es nicht. \u201eEine Demonstration beschert den Rechten und ihrer menschenverachtenden Ideologie nur unn\u00f6tige Aufmerksamkeit. Mit dieser Soloaktion m\u00f6chte das B\u00fcndnis &#8218;Oberhavel Nazifrei&#8216; zeigen, dass es auch die Aufgabe jedes Einzelnen ist, rechtsradikalen Ideologien entgegen zu treten.\u201c erkl\u00e4rte Rossius dazu.<\/p>\n<p>Das diese Aktion bei PRO-D nicht sonderlich begeistert aufgenommen wurde, zeigt der Ablauf des Tages. Immer wieder kam es zu P\u00f6beleien, Beleidigungen und Drohungen gegen Rossius &#8211; durch Lars Seidensticker, aber auch durch das Bundesvorstandsmitglied Mario Malonn. Die \u00f6rtliche Polizei gab Seidensticker darum\u00a0 einen Platzverweis, was dazu f\u00fchrte, dass PRO-D eine Spontankundgebung am Oranienburger Bahnhof anmeldete.<\/p>\n<p><figure id=\"attachment_12269\" aria-describedby=\"caption-attachment-12269\" style=\"width: 300px\" class=\"wp-caption alignleft\"><a href=\"https:\/\/blog.zeit.de\/stoerungsmelder\/2013\/03\/27\/berliner-landesvorsitzender-von-pro-deutschland-bei-infostand-festgenommen_12268\/detlef_appel\" rel=\"attachment wp-att-12269\"><img loading=\"lazy\" decoding=\"async\" class=\"size-medium wp-image-12269 \" alt=\"Mit blauer Jacke, Detlef Appel. \u00a9 Enrico Rossius\" src=\"https:\/\/blog.zeit.de\/stoerungsmelder\/files\/2013\/03\/Detlef_Appel-300x249.jpg\" width=\"300\" height=\"249\" srcset=\"https:\/\/blog.zeit.de\/stoerungsmelder\/files\/2013\/03\/Detlef_Appel-300x249.jpg 300w, https:\/\/blog.zeit.de\/stoerungsmelder\/files\/2013\/03\/Detlef_Appel-1024x851.jpg 1024w, https:\/\/blog.zeit.de\/stoerungsmelder\/files\/2013\/03\/Detlef_Appel.jpg 1194w\" sizes=\"auto, (max-width: 300px) 100vw, 300px\" \/><\/a><figcaption id=\"caption-attachment-12269\" class=\"wp-caption-text\">Mit blauer Jacke, Detlef Appel. \u00a9 Enrico Rossius<\/figcaption><\/figure><\/p>\n<p>Dort stand PRO-D nicht lange alleine, sondern bekam Besuch von einem NPD-Funktion\u00e4r, dem Oranienburger Detlef Appel. Dieser war von 2002 bis 2010 Kreisvorsitzender der NPD im Kreis Oberhavel und sitzt f\u00fcr diese im Kreistag Oberhavel und der Oranienburger Stadtverordnetenversammlung, des weiteren ist er Direktkandidat der NPD zu den Bundestagswahlen. Inzwischen ist er in den Bundesvorstand der &#8222;Kommunalpolitischen Vereinigung der NPD&#8220; (KPV) gew\u00e4hlt worden. \u00dcber die Motivation des Besuchs kann man nur spekulieren, denn PRO-D ist bem\u00fcht, sich von Kontakten zur NPD \u00f6ffentlich zu distanzieren. Doch bereits in der Vergangenheit trafen die beiden Parteien in <a href=\"http:\/\/www.flickr.com\/photos\/soerenkohlhuber\/7388821104\/in\/set-72157630165363426\">Berlin aufeinander<\/a>. Beide Parteien verstehen sich gerade im Wahlkampf als Konkurrenten, so benannte die Berliner NPD auch PRO-D als Grund f\u00fcre ihre Wahlniederlade im vergangenen Jahr.<\/p>\n<p><figure id=\"attachment_12270\" aria-describedby=\"caption-attachment-12270\" style=\"width: 300px\" class=\"wp-caption alignright\"><a href=\"https:\/\/blog.zeit.de\/stoerungsmelder\/2013\/03\/27\/berliner-landesvorsitzender-von-pro-deutschland-bei-infostand-festgenommen_12268\/lars_seidensticker\" rel=\"attachment wp-att-12270\"><img loading=\"lazy\" decoding=\"async\" class=\"size-medium wp-image-12270 \" alt=\"Zweiter von Links, Lars Seidensticker im Gespr\u00e4ch mit Polizeibeamten. \u00a9 Enrico Rossius\" src=\"https:\/\/blog.zeit.de\/stoerungsmelder\/files\/2013\/03\/Lars_Seidensticker-300x183.jpg\" width=\"300\" height=\"183\" srcset=\"https:\/\/blog.zeit.de\/stoerungsmelder\/files\/2013\/03\/Lars_Seidensticker-300x183.jpg 300w, https:\/\/blog.zeit.de\/stoerungsmelder\/files\/2013\/03\/Lars_Seidensticker-1024x625.jpg 1024w, https:\/\/blog.zeit.de\/stoerungsmelder\/files\/2013\/03\/Lars_Seidensticker.jpg 1332w\" sizes=\"auto, (max-width: 300px) 100vw, 300px\" \/><\/a><figcaption id=\"caption-attachment-12270\" class=\"wp-caption-text\">Zweiter von Links, Lars Seidensticker im Gespr\u00e4ch mit Polizeibeamten. \u00a9 Enrico Rossius<\/figcaption><\/figure><\/p>\n<p>Nachdem auch am Bahnhof Oranienburg immer wieder verbale Attacken gegen den Linken-Vorsitzenden zu bemerken waren, beendete die Polizei die Veranstaltung der Rechtspopulisten und begleitete diese bis zur Berliner Stadtgrenze. Wegen der Beleidigungen und &#8222;unbegr\u00fcndeten&#8220; Nutzung des polizeilichen Notrufs nahmen die Beamten Seidensticker mit und fertigten Anzeigen an. Auch Enrico Rossius k\u00fcndigte an, dass er Anzeige gegen die Aktivisten von PRO Deutschland stellen wird.<\/p>\n<p>Die bundesweiten Unterschriftenst\u00e4nde laufen sehr durchwachsen an. Im Saarland und in Sachsen-Anhalt beispielsweise konnten sie bisher nur einen bis zwei Prozent der Unterschriften holen. In Berlin und Nordrhein-Westfalen dagegen haben sie bereits mehr als die H\u00e4lfte der n\u00f6tigen Unterschriften zusammen. Brandenburg hat keine Ortsverb\u00e4nde oder einen Landesverband, dennoch konnte PRO Deutschland nach eigenen Angaben bereits knapp 40% der n\u00f6tigen Unterschriften einsammeln.<\/p>\n<p>In der kommenden Wochen wird mit weiteren Infost\u00e4nden gerechnet. F\u00fcr Potsdam hat PRO-D wegen des anhaltenden Widerstands ihre St\u00e4nde <a href=\"http:\/\/www.facebook.com\/l.php?u=http%3A%2F%2Fwww.maerkischeallgemeine.de%2Fcms%2Fbeitrag%2F12492453%2F60709%2FInfo-Staende-der-Rechtspopulisten-werden-nicht-mehr-aufgebaut.html&amp;h=SAQHd7uaVAQF3ZEWJp8YDFQMauAY63FitTzpvZfXKv_m7Ew&amp;enc=AZMy2xwOvrMzVNTYVoiSiv75z68US443yJnzwHrAN_2ecbD-yGUqKZUCoGVWEISBxMo8eSJJEp57a_GoN3dZD5FX&amp;s=1\">abgesagt<\/a>. Vermutlich witterungsbedingt fiel der Infostand am vergangenen Donnerstag in Hennigsdorf aus.<br \/>\n&#8222;Oberhavel Nazifrei&#8220; und Enrico Rossius k\u00fcndigten bereits an, sich weiterhin aktiv zu zeigen, wenn PRO Deutschland in Oberhavel Infost\u00e4nde aufbaut.<\/p>\n","protected":false},"excerpt":{"rendered":"<p>Derzeit bereist die Partei \u201eB\u00fcrgerbewegung Pro Deutschland\u201c (PRO-D) die Bundesrepublik, um Stimmen f\u00fcr die Zulassung zur Bundestagswahl zu sammeln. In Brandenburg tritt sie seit drei Wochen im einw\u00f6chigen Rhytmus in Potsdam, Hennigsdorf und Oranienburg auf. Bei fast jedem der als Versammlung angemeldeten Infost\u00e4nde kam es zu deutlichen Gegenprotesten.<\/p>\n","protected":false},"author":381,"featured_media":0,"comment_status":"open","ping_status":"open","sticky":false,"template":"","format":"standard","meta":{"_jetpack_memberships_contains_paid_content":false,"footnotes":""},"categories":[1451],"tags":[24616,2524,2525,26481,1716,1748],"class_list":["post-12268","post","type-post","status-publish","format-standard","hentry","category-brandenburg","tag-detlef-appel","tag-lars-seidensticker","tag-manfred-rouhs","tag-mario-malonn","tag-npd","tag-pro-deutschland"],"yoast_head":"<!-- This site is optimized with the Yoast SEO plugin v21.0 - https:\/\/yoast.com\/wordpress\/plugins\/seo\/ -->\n<title>Berliner Landesvorsitzender von Pro Deutschland bei Infostand festgenommen - St\u00f6rungsmelder<\/title>\n<meta name=\"robots\" content=\"index, follow, max-snippet:-1, max-image-preview:large, max-video-preview:-1\" \/>\n<link rel=\"canonical\" href=\"https:\/\/blog.zeit.de\/stoerungsmelder\/2013\/03\/27\/berliner-landesvorsitzender-von-pro-deutschland-bei-infostand-festgenommen_12268\" \/>\n<meta property=\"og:locale\" content=\"de_DE\" \/>\n<meta property=\"og:type\" content=\"article\" \/>\n<meta property=\"og:title\" content=\"Berliner Landesvorsitzender von Pro Deutschland bei Infostand festgenommen - St\u00f6rungsmelder\" \/>\n<meta property=\"og:description\" content=\"Derzeit bereist die Partei \u201eB\u00fcrgerbewegung Pro Deutschland\u201c (PRO-D) die Bundesrepublik, um Stimmen f\u00fcr die Zulassung zur Bundestagswahl zu sammeln. In Brandenburg tritt sie seit drei Wochen im einw\u00f6chigen Rhytmus in Potsdam, Hennigsdorf und Oranienburg auf. Bei fast jedem der als Versammlung angemeldeten Infost\u00e4nde kam es zu deutlichen Gegenprotesten.\" \/>\n<meta property=\"og:url\" content=\"https:\/\/blog.zeit.de\/stoerungsmelder\/2013\/03\/27\/berliner-landesvorsitzender-von-pro-deutschland-bei-infostand-festgenommen_12268\" \/>\n<meta property=\"og:site_name\" content=\"St\u00f6rungsmelder\" \/>\n<meta property=\"article:published_time\" content=\"2013-03-27T12:19:02+00:00\" \/>\n<meta property=\"article:modified_time\" content=\"2013-03-27T12:19:03+00:00\" \/>\n<meta property=\"og:image\" content=\"https:\/\/blog.zeit.de\/stoerungsmelder\/files\/2013\/03\/DSC_0373-300x200.jpg\" \/>\n<meta name=\"author\" content=\"S\u00f6ren Kohlhuber\" \/>\n<meta name=\"twitter:card\" content=\"summary_large_image\" \/>\n<meta name=\"twitter:label1\" content=\"Geschrieben von\" \/>\n\t<meta name=\"twitter:data1\" content=\"S\u00f6ren Kohlhuber\" \/>\n\t<meta name=\"twitter:label2\" content=\"Gesch\u00e4tzte Lesezeit\" \/>\n\t<meta name=\"twitter:data2\" content=\"4\u00a0Minuten\" \/>\n<script type=\"application\/ld+json\" class=\"yoast-schema-graph\">{\"@context\":\"https:\/\/schema.org\",\"@graph\":[{\"@type\":\"WebPage\",\"@id\":\"https:\/\/blog.zeit.de\/stoerungsmelder\/2013\/03\/27\/berliner-landesvorsitzender-von-pro-deutschland-bei-infostand-festgenommen_12268\",\"url\":\"https:\/\/blog.zeit.de\/stoerungsmelder\/2013\/03\/27\/berliner-landesvorsitzender-von-pro-deutschland-bei-infostand-festgenommen_12268\",\"name\":\"Berliner Landesvorsitzender von Pro Deutschland bei Infostand festgenommen - St\u00f6rungsmelder\",\"isPartOf\":{\"@id\":\"https:\/\/blog.zeit.de\/stoerungsmelder\/#website\"},\"datePublished\":\"2013-03-27T12:19:02+00:00\",\"dateModified\":\"2013-03-27T12:19:03+00:00\",\"author\":{\"@id\":\"https:\/\/blog.zeit.de\/stoerungsmelder\/#\/schema\/person\/b1ca06317aeb9d2ed41a4bfa8e892b10\"},\"breadcrumb\":{\"@id\":\"https:\/\/blog.zeit.de\/stoerungsmelder\/2013\/03\/27\/berliner-landesvorsitzender-von-pro-deutschland-bei-infostand-festgenommen_12268#breadcrumb\"},\"inLanguage\":\"de\",\"potentialAction\":[{\"@type\":\"ReadAction\",\"target\":[\"https:\/\/blog.zeit.de\/stoerungsmelder\/2013\/03\/27\/berliner-landesvorsitzender-von-pro-deutschland-bei-infostand-festgenommen_12268\"]}]},{\"@type\":\"BreadcrumbList\",\"@id\":\"https:\/\/blog.zeit.de\/stoerungsmelder\/2013\/03\/27\/berliner-landesvorsitzender-von-pro-deutschland-bei-infostand-festgenommen_12268#breadcrumb\",\"itemListElement\":[{\"@type\":\"ListItem\",\"position\":1,\"name\":\"Startseite\",\"item\":\"https:\/\/blog.zeit.de\/stoerungsmelder\"},{\"@type\":\"ListItem\",\"position\":2,\"name\":\"Berliner Landesvorsitzender von Pro Deutschland bei Infostand festgenommen\"}]},{\"@type\":\"WebSite\",\"@id\":\"https:\/\/blog.zeit.de\/stoerungsmelder\/#website\",\"url\":\"https:\/\/blog.zeit.de\/stoerungsmelder\/\",\"name\":\"St\u00f6rungsmelder\",\"description\":\"Recherchen und Analysen \u00fcber die extreme Rechte\",\"potentialAction\":[{\"@type\":\"SearchAction\",\"target\":{\"@type\":\"EntryPoint\",\"urlTemplate\":\"https:\/\/blog.zeit.de\/stoerungsmelder\/?s={search_term_string}\"},\"query-input\":\"required name=search_term_string\"}],\"inLanguage\":\"de\"},{\"@type\":\"Person\",\"@id\":\"https:\/\/blog.zeit.de\/stoerungsmelder\/#\/schema\/person\/b1ca06317aeb9d2ed41a4bfa8e892b10\",\"name\":\"S\u00f6ren Kohlhuber\",\"image\":{\"@type\":\"ImageObject\",\"inLanguage\":\"de\",\"@id\":\"https:\/\/blog.zeit.de\/stoerungsmelder\/#\/schema\/person\/image\/\",\"url\":\"https:\/\/secure.gravatar.com\/avatar\/6601246ca1c6c8e0b794c6846b922deb3d0b722d75a984936aa887508d0e0850?s=96&d=mm&r=pg\",\"contentUrl\":\"https:\/\/secure.gravatar.com\/avatar\/6601246ca1c6c8e0b794c6846b922deb3d0b722d75a984936aa887508d0e0850?s=96&d=mm&r=pg\",\"caption\":\"S\u00f6ren Kohlhuber\"},\"description\":\"Ich bin seit 10 Jahren in verschiedenen Initiativen gegen Rechts aktiv. Momentan besch\u00e4ftige ich mich vor allem mit Neonazis in Brandenburg und teilweise in Berlin. Ausserdem bin ich als freier Fotograf t\u00e4tig und begleite verschiedene Demonstrationen und Fussballspiele.\",\"url\":\"https:\/\/blog.zeit.de\/stoerungsmelder\/author\/soerenkohlhuber\"}]}<\/script>\n<!-- \/ Yoast SEO plugin. -->","yoast_head_json":{"title":"Berliner Landesvorsitzender von Pro Deutschland bei Infostand festgenommen - St\u00f6rungsmelder","robots":{"index":"index","follow":"follow","max-snippet":"max-snippet:-1","max-image-preview":"max-image-preview:large","max-video-preview":"max-video-preview:-1"},"canonical":"https:\/\/blog.zeit.de\/stoerungsmelder\/2013\/03\/27\/berliner-landesvorsitzender-von-pro-deutschland-bei-infostand-festgenommen_12268","og_locale":"de_DE","og_type":"article","og_title":"Berliner Landesvorsitzender von Pro Deutschland bei Infostand festgenommen - St\u00f6rungsmelder","og_description":"Derzeit bereist die Partei \u201eB\u00fcrgerbewegung Pro Deutschland\u201c (PRO-D) die Bundesrepublik, um Stimmen f\u00fcr die Zulassung zur Bundestagswahl zu sammeln. In Brandenburg tritt sie seit drei Wochen im einw\u00f6chigen Rhytmus in Potsdam, Hennigsdorf und Oranienburg auf. Bei fast jedem der als Versammlung angemeldeten Infost\u00e4nde kam es zu deutlichen Gegenprotesten.","og_url":"https:\/\/blog.zeit.de\/stoerungsmelder\/2013\/03\/27\/berliner-landesvorsitzender-von-pro-deutschland-bei-infostand-festgenommen_12268","og_site_name":"St\u00f6rungsmelder","article_published_time":"2013-03-27T12:19:02+00:00","article_modified_time":"2013-03-27T12:19:03+00:00","og_image":[{"url":"https:\/\/blog.zeit.de\/stoerungsmelder\/files\/2013\/03\/DSC_0373-300x200.jpg"}],"author":"S\u00f6ren Kohlhuber","twitter_card":"summary_large_image","twitter_misc":{"Geschrieben von":"S\u00f6ren Kohlhuber","Gesch\u00e4tzte Lesezeit":"4\u00a0Minuten"},"schema":{"@context":"https:\/\/schema.org","@graph":[{"@type":"WebPage","@id":"https:\/\/blog.zeit.de\/stoerungsmelder\/2013\/03\/27\/berliner-landesvorsitzender-von-pro-deutschland-bei-infostand-festgenommen_12268","url":"https:\/\/blog.zeit.de\/stoerungsmelder\/2013\/03\/27\/berliner-landesvorsitzender-von-pro-deutschland-bei-infostand-festgenommen_12268","name":"Berliner Landesvorsitzender von Pro Deutschland bei Infostand festgenommen - St\u00f6rungsmelder","isPartOf":{"@id":"https:\/\/blog.zeit.de\/stoerungsmelder\/#website"},"datePublished":"2013-03-27T12:19:02+00:00","dateModified":"2013-03-27T12:19:03+00:00","author":{"@id":"https:\/\/blog.zeit.de\/stoerungsmelder\/#\/schema\/person\/b1ca06317aeb9d2ed41a4bfa8e892b10"},"breadcrumb":{"@id":"https:\/\/blog.zeit.de\/stoerungsmelder\/2013\/03\/27\/berliner-landesvorsitzender-von-pro-deutschland-bei-infostand-festgenommen_12268#breadcrumb"},"inLanguage":"de","potentialAction":[{"@type":"ReadAction","target":["https:\/\/blog.zeit.de\/stoerungsmelder\/2013\/03\/27\/berliner-landesvorsitzender-von-pro-deutschland-bei-infostand-festgenommen_12268"]}]},{"@type":"BreadcrumbList","@id":"https:\/\/blog.zeit.de\/stoerungsmelder\/2013\/03\/27\/berliner-landesvorsitzender-von-pro-deutschland-bei-infostand-festgenommen_12268#breadcrumb","itemListElement":[{"@type":"ListItem","position":1,"name":"Startseite","item":"https:\/\/blog.zeit.de\/stoerungsmelder"},{"@type":"ListItem","position":2,"name":"Berliner Landesvorsitzender von Pro Deutschland bei Infostand festgenommen"}]},{"@type":"WebSite","@id":"https:\/\/blog.zeit.de\/stoerungsmelder\/#website","url":"https:\/\/blog.zeit.de\/stoerungsmelder\/","name":"St\u00f6rungsmelder","description":"Recherchen und Analysen \u00fcber die extreme Rechte","potentialAction":[{"@type":"SearchAction","target":{"@type":"EntryPoint","urlTemplate":"https:\/\/blog.zeit.de\/stoerungsmelder\/?s={search_term_string}"},"query-input":"required name=search_term_string"}],"inLanguage":"de"},{"@type":"Person","@id":"https:\/\/blog.zeit.de\/stoerungsmelder\/#\/schema\/person\/b1ca06317aeb9d2ed41a4bfa8e892b10","name":"S\u00f6ren Kohlhuber","image":{"@type":"ImageObject","inLanguage":"de","@id":"https:\/\/blog.zeit.de\/stoerungsmelder\/#\/schema\/person\/image\/","url":"https:\/\/secure.gravatar.com\/avatar\/6601246ca1c6c8e0b794c6846b922deb3d0b722d75a984936aa887508d0e0850?s=96&d=mm&r=pg","contentUrl":"https:\/\/secure.gravatar.com\/avatar\/6601246ca1c6c8e0b794c6846b922deb3d0b722d75a984936aa887508d0e0850?s=96&d=mm&r=pg","caption":"S\u00f6ren Kohlhuber"},"description":"Ich bin seit 10 Jahren in verschiedenen Initiativen gegen Rechts aktiv. Momentan besch\u00e4ftige ich mich vor allem mit Neonazis in Brandenburg und teilweise in Berlin. Ausserdem bin ich als freier Fotograf t\u00e4tig und begleite verschiedene Demonstrationen und Fussballspiele.","url":"https:\/\/blog.zeit.de\/stoerungsmelder\/author\/soerenkohlhuber"}]}},"jetpack_featured_media_url":"","jetpack_sharing_enabled":true,"_links":{"self":[{"href":"https:\/\/blog.zeit.de\/stoerungsmelder\/wp-json\/wp\/v2\/posts\/12268","targetHints":{"allow":["GET"]}}],"collection":[{"href":"https:\/\/blog.zeit.de\/stoerungsmelder\/wp-json\/wp\/v2\/posts"}],"about":[{"href":"https:\/\/blog.zeit.de\/stoerungsmelder\/wp-json\/wp\/v2\/types\/post"}],"author":[{"embeddable":true,"href":"https:\/\/blog.zeit.de\/stoerungsmelder\/wp-json\/wp\/v2\/users\/381"}],"replies":[{"embeddable":true,"href":"https:\/\/blog.zeit.de\/stoerungsmelder\/wp-json\/wp\/v2\/comments?post=12268"}],"version-history":[{"count":24,"href":"https:\/\/blog.zeit.de\/stoerungsmelder\/wp-json\/wp\/v2\/posts\/12268\/revisions"}],"predecessor-version":[{"id":12315,"href":"https:\/\/blog.zeit.de\/stoerungsmelder\/wp-json\/wp\/v2\/posts\/12268\/revisions\/12315"}],"wp:attachment":[{"href":"https:\/\/blog.zeit.de\/stoerungsmelder\/wp-json\/wp\/v2\/media?parent=12268"}],"wp:term":[{"taxonomy":"category","embeddable":true,"href":"https:\/\/blog.zeit.de\/stoerungsmelder\/wp-json\/wp\/v2\/categories?post=12268"},{"taxonomy":"post_tag","embeddable":true,"href":"https:\/\/blog.zeit.de\/stoerungsmelder\/wp-json\/wp\/v2\/tags?post=12268"}],"curies":[{"name":"wp","href":"https:\/\/api.w.org\/{rel}","templated":true}]}}