{"id":12277,"date":"2013-03-25T21:15:47","date_gmt":"2013-03-25T20:15:47","guid":{"rendered":"http:\/\/blog.zeit.de\/stoerungsmelder\/?p=12277"},"modified":"2013-03-25T21:15:48","modified_gmt":"2013-03-25T20:15:48","slug":"festival-setzt-zeichen-gegen-rassismus-verletzte-nach-neonazi-angriff-auf-festivalbesucher","status":"publish","type":"post","link":"https:\/\/blog.zeit.de\/stoerungsmelder\/2013\/03\/25\/festival-setzt-zeichen-gegen-rassismus-verletzte-nach-neonazi-angriff-auf-festivalbesucher_12277","title":{"rendered":"Festival setzt Zeichen gegen Rassismus \u2013 Verletzte nach Neonazi-Angriff auf Festivalbesucher"},"content":{"rendered":"<p><figure id=\"attachment_12278\" aria-describedby=\"caption-attachment-12278\" style=\"width: 300px\" class=\"wp-caption alignleft\"><a href=\"https:\/\/blog.zeit.de\/stoerungsmelder\/2013\/03\/25\/festival-setzt-zeichen-gegen-rassismus-verletzte-nach-neonazi-angriff-auf-festivalbesucher_12277\/logo12\" rel=\"attachment wp-att-12278\"><img loading=\"lazy\" decoding=\"async\" class=\"size-medium wp-image-12278 \" alt=\"logo12\" src=\"https:\/\/blog.zeit.de\/stoerungsmelder\/files\/2013\/03\/logo12-300x300.jpg\" width=\"300\" height=\"300\" srcset=\"https:\/\/blog.zeit.de\/stoerungsmelder\/files\/2013\/03\/logo12-300x300.jpg 300w, https:\/\/blog.zeit.de\/stoerungsmelder\/files\/2013\/03\/logo12-150x150.jpg 150w, https:\/\/blog.zeit.de\/stoerungsmelder\/files\/2013\/03\/logo12.jpg 1000w\" sizes=\"auto, (max-width: 300px) 100vw, 300px\" \/><\/a><figcaption id=\"caption-attachment-12278\" class=\"wp-caption-text\">Beim &#8222;Festival gegen Rassismus&#8220; wurden Besucher von Neonazis angegriffen.<\/figcaption><\/figure><\/p>\n<p>Am Samstag, den 23. M\u00e4rz 2013, fand das \u201eFestival gegen Rassismus\u201c im zwischen D\u00fcsseldorf und Wuppertal gelegenen Mettmann statt. Mit Redebeitr\u00e4gen und einem Infostand wurde auf das Problem Rassismus aufmerksam gemacht. Sieben Bands haben im Rahmen des Festivals, ebenso wie insgesamt \u00fcber 400 Besucherinnen und Besucher, ein Zeichen gegen Rassismus gesetzt.<!--more--><\/p>\n<p>Ab 14 Uhr begann auf dem Markt in Mettmann das \u201eFestival gegen Rassismus\u201c mit den beiden talentierten Nachwuchsbands \u201eMindslave\u201c und \u201eTube67\u201c aus Hilden. Nachdem im Anschluss die Band \u201eKopfecho\u201c aus D\u00fcsseldorf auftrat, machte der Kreistagsabgeordnete f\u00fcr \u201eDIE LINKE.\u201c im Kreis Mettmann und Historiker Rainer K\u00f6ster darauf aufmerksam, dass wir aus den schrecklichen Ereignissen der \u00a0Vergangenheit unsere Lehren ziehen sollten und sowohl gegen rassistisches, als auch faschistisches Gedankengut vorgehen m\u00fcssen. Nachdem die Band \u201eSmokebox\u201c ihre Musik zum Besten gab, sprach der SPD Landtagsabgeordnete Manfred Krick und verdeutlichte nochmals, wie wichtig es ist, gegen rechtes Gedankengut vorzugehen. Als n\u00e4chstes sorgten die \u201eBetrayers of Babylon\u201c mit Reggae, Ska &amp; Dancehall f\u00fcr Stimmung im Publikum. Darauf folgte ein Redebeitrag vom Fraktionsvorsitzenden von \u201eB\u00fcndnis 90\/Die Gr\u00fcne\u201c, Nils Lessing, welcher auf den Umgang mit Fl\u00fcchtlingen aufmerksam machte und abschlie\u00dfend nochmals unterstrich, wie wichtig es ist, sich gegen jede Art von Rassismus, Diskriminierung und Ausgrenzung einzusetzen. Das Line-Up \u00a0wurde zum Abschluss von den beiden Headliner-Bands \u201eThe Porters\u201c und \u201eVenom in Veins\u201c abgerundet.<\/p>\n<p>Auch wenn das Publikum dem kalten, aber gl\u00fccklicherweise trockenem Wetter trotzen musste, verlief das \u201eFestival gegen Rassismus\u201c in Mettmann als solches st\u00f6rungsfrei und wurde von durchweg positiver Resonanz gepr\u00e4gt.<\/p>\n<p>Nachdem das \u201eFestival gegen Rassismus\u201c beendet war und sich das Publikum auf den Weg ins warme zu Hause machen wollte, haben Neonazis abreisende Festival-Besucherinnen und Besucher am Bahnhof Mettmann-Zentrum angegriffen. Nachdem Neonazis bereits im Vorhinein ihr Erscheinen im Internet angek\u00fcndigt hatten, haben diese ihren Plan somit in die Tat umgesetzt.<\/p>\n<p>Die sich am Abend in der als Nazi-Treffpunkt bekannten Gastst\u00e4tte \u201eLounge Deluxe\u201c treffenden Neonazis, hatten es gezielt auf die Abreise des Publikums abgesehen und griffen diese aus einem Hinterhalt heraus geplant an. Dabei kam es zu mindestens 10 verletzten Personen. Die Gruppe von Neonazis haben Festival-Besucherinnen und Besucher mit Pfefferspray, Flaschen und Faustschl\u00e4gen verletzt. Vor allem psychische Sch\u00e4den, die alle Betroffenen erlitten haben, sind nicht au\u00dfer Acht zu lassen.<\/p>\n<p>W\u00e4hrend die Polizei die ganze Festivalszeit \u00fcber mit einem Gro\u00dfaufgebot am Festivalgel\u00e4nde und in weiteren Teilen der Innenstadt pr\u00e4sent war und sowohl bei potenziell anreisenden bzw. abreisenden und durch die Stadt spazieren gehenden Festival-Besucherinnen und Besuchern Personenkontrollen durchf\u00fchrte und Platzverweise mit der Auflage, sich der Gastst\u00e4tte \u201eLounge Deluxe\u201c nicht mehr als auf 50 bzw. bis auf 400 Metern zu n\u00e4hern, aussprach, war es Neonazis m\u00f6glich, abreisendes Publikum am Ende des Festivals anzugreifen. Es waren ebenfalls B\u00fcrgerinnen und B\u00fcrger, die sich nicht wegen des Festivals in der Stadt aufhielten, von Personenkontrollen betroffen. So richtete sich diese Ma\u00dfnahme der Polizei zus\u00e4tzlich vor allem auf Migrantinnen und Migranten.<\/p>\n<p>Die Polizei hat nach dem \u00dcbergriff der Neonazis auf Festival-Besucher sowohl eine Gruppe von Neonazis, als auch Gesch\u00e4digte und nicht beteiligte Personen am Bahnhof kontrolliert und festgehalten. Mehrere Krankenwagen k\u00fcmmerten sich um verletzte Personen. Wir erachten es als wichtig, diesen gewaltt\u00e4tigen \u00dcbergriff von Neonazis detailliert aufzukl\u00e4ren.<\/p>\n<p><strong>Wir stellen uns nun folgende Fragen:<\/strong><\/p>\n<ul>\n<li>Wieso f\u00fchrt die Polizei bei potenziellen Besuchern des Festivals Personenkontrollen durch und erteilt ihnen Platzverweise, welche die Bewegungsfreiheit der Menschen beeintr\u00e4chtigen?<\/li>\n<li>Wieso war es Neonazis m\u00f6glich ohne jene Personenkontrollen zum Bahnhof um gezielt Besucherinnen und Besucher des Festivals abzufangen?<\/li>\n<li>\u00a0Wo war die Polizei zu dem Zeitpunkt, als auf der Abreise befindliches Festival-Publikum am Bahnhof Mettmann-Zentrum von gewaltt\u00e4tigen Neonazis angegriffen wurde?<\/li>\n<\/ul>\n<p>Diese Ereignisse haben erneut gezeigt, wie gef\u00e4hrlich Neonazis sind und dass es deshalb auch weiterhin wichtig ist, ein Zeichen gegen Rechts zu setzen.<\/p>\n","protected":false},"excerpt":{"rendered":"<p>Am Samstag, den 23. M\u00e4rz 2013, fand das \u201eFestival gegen Rassismus\u201c im zwischen D\u00fcsseldorf und Wuppertal gelegenen Mettmann statt. Mit Redebeitr\u00e4gen und einem Infostand wurde auf das Problem Rassismus aufmerksam gemacht. Sieben Bands haben im Rahmen des Festivals, ebenso wie insgesamt \u00fcber 400 Besucherinnen und Besucher, ein Zeichen gegen Rassismus gesetzt.<\/p>\n","protected":false},"author":229,"featured_media":0,"comment_status":"open","ping_status":"open","sticky":false,"template":"","format":"standard","meta":{"_jetpack_memberships_contains_paid_content":false,"footnotes":""},"categories":[1291],"tags":[26484,26482,26483,1711],"class_list":["post-12277","post","type-post","status-publish","format-standard","hentry","category-nordrhein-westfalen","tag-angriff","tag-festival-gegen-rassismus","tag-mettmann","tag-neonazis"],"yoast_head":"<!-- This site is optimized with the Yoast SEO plugin v21.0 - https:\/\/yoast.com\/wordpress\/plugins\/seo\/ -->\n<title>Festival setzt Zeichen gegen Rassismus \u2013 Verletzte nach Neonazi-Angriff auf Festivalbesucher - St\u00f6rungsmelder<\/title>\n<meta name=\"robots\" content=\"index, follow, max-snippet:-1, max-image-preview:large, max-video-preview:-1\" \/>\n<link rel=\"canonical\" href=\"https:\/\/blog.zeit.de\/stoerungsmelder\/2013\/03\/25\/festival-setzt-zeichen-gegen-rassismus-verletzte-nach-neonazi-angriff-auf-festivalbesucher_12277\" \/>\n<meta property=\"og:locale\" content=\"de_DE\" \/>\n<meta property=\"og:type\" content=\"article\" \/>\n<meta property=\"og:title\" content=\"Festival setzt Zeichen gegen Rassismus \u2013 Verletzte nach Neonazi-Angriff auf Festivalbesucher - St\u00f6rungsmelder\" \/>\n<meta property=\"og:description\" content=\"Am Samstag, den 23. M\u00e4rz 2013, fand das \u201eFestival gegen Rassismus\u201c im zwischen D\u00fcsseldorf und Wuppertal gelegenen Mettmann statt. Mit Redebeitr\u00e4gen und einem Infostand wurde auf das Problem Rassismus aufmerksam gemacht. Sieben Bands haben im Rahmen des Festivals, ebenso wie insgesamt \u00fcber 400 Besucherinnen und Besucher, ein Zeichen gegen Rassismus gesetzt.\" \/>\n<meta property=\"og:url\" content=\"https:\/\/blog.zeit.de\/stoerungsmelder\/2013\/03\/25\/festival-setzt-zeichen-gegen-rassismus-verletzte-nach-neonazi-angriff-auf-festivalbesucher_12277\" \/>\n<meta property=\"og:site_name\" content=\"St\u00f6rungsmelder\" \/>\n<meta property=\"article:published_time\" content=\"2013-03-25T20:15:47+00:00\" \/>\n<meta property=\"article:modified_time\" content=\"2013-03-25T20:15:48+00:00\" \/>\n<meta property=\"og:image\" content=\"https:\/\/blog.zeit.de\/stoerungsmelder\/files\/2013\/03\/logo12-300x300.jpg\" \/>\n<meta name=\"author\" content=\"St\u00f6rungsmelder\" \/>\n<meta name=\"twitter:card\" content=\"summary_large_image\" \/>\n<meta name=\"twitter:label1\" content=\"Geschrieben von\" \/>\n\t<meta name=\"twitter:data1\" content=\"St\u00f6rungsmelder\" \/>\n\t<meta name=\"twitter:label2\" content=\"Gesch\u00e4tzte Lesezeit\" \/>\n\t<meta name=\"twitter:data2\" content=\"3\u00a0Minuten\" \/>\n<script type=\"application\/ld+json\" class=\"yoast-schema-graph\">{\"@context\":\"https:\/\/schema.org\",\"@graph\":[{\"@type\":\"WebPage\",\"@id\":\"https:\/\/blog.zeit.de\/stoerungsmelder\/2013\/03\/25\/festival-setzt-zeichen-gegen-rassismus-verletzte-nach-neonazi-angriff-auf-festivalbesucher_12277\",\"url\":\"https:\/\/blog.zeit.de\/stoerungsmelder\/2013\/03\/25\/festival-setzt-zeichen-gegen-rassismus-verletzte-nach-neonazi-angriff-auf-festivalbesucher_12277\",\"name\":\"Festival setzt Zeichen gegen Rassismus \u2013 Verletzte nach Neonazi-Angriff auf Festivalbesucher - St\u00f6rungsmelder\",\"isPartOf\":{\"@id\":\"https:\/\/blog.zeit.de\/stoerungsmelder\/#website\"},\"datePublished\":\"2013-03-25T20:15:47+00:00\",\"dateModified\":\"2013-03-25T20:15:48+00:00\",\"author\":{\"@id\":\"https:\/\/blog.zeit.de\/stoerungsmelder\/#\/schema\/person\/fdd0b9818f65738672810b6d6f037f71\"},\"breadcrumb\":{\"@id\":\"https:\/\/blog.zeit.de\/stoerungsmelder\/2013\/03\/25\/festival-setzt-zeichen-gegen-rassismus-verletzte-nach-neonazi-angriff-auf-festivalbesucher_12277#breadcrumb\"},\"inLanguage\":\"de\",\"potentialAction\":[{\"@type\":\"ReadAction\",\"target\":[\"https:\/\/blog.zeit.de\/stoerungsmelder\/2013\/03\/25\/festival-setzt-zeichen-gegen-rassismus-verletzte-nach-neonazi-angriff-auf-festivalbesucher_12277\"]}]},{\"@type\":\"BreadcrumbList\",\"@id\":\"https:\/\/blog.zeit.de\/stoerungsmelder\/2013\/03\/25\/festival-setzt-zeichen-gegen-rassismus-verletzte-nach-neonazi-angriff-auf-festivalbesucher_12277#breadcrumb\",\"itemListElement\":[{\"@type\":\"ListItem\",\"position\":1,\"name\":\"Startseite\",\"item\":\"https:\/\/blog.zeit.de\/stoerungsmelder\"},{\"@type\":\"ListItem\",\"position\":2,\"name\":\"Festival setzt Zeichen gegen Rassismus \u2013 Verletzte nach Neonazi-Angriff auf Festivalbesucher\"}]},{\"@type\":\"WebSite\",\"@id\":\"https:\/\/blog.zeit.de\/stoerungsmelder\/#website\",\"url\":\"https:\/\/blog.zeit.de\/stoerungsmelder\/\",\"name\":\"St\u00f6rungsmelder\",\"description\":\"Recherchen und Analysen \u00fcber die extreme Rechte\",\"potentialAction\":[{\"@type\":\"SearchAction\",\"target\":{\"@type\":\"EntryPoint\",\"urlTemplate\":\"https:\/\/blog.zeit.de\/stoerungsmelder\/?s={search_term_string}\"},\"query-input\":\"required name=search_term_string\"}],\"inLanguage\":\"de\"},{\"@type\":\"Person\",\"@id\":\"https:\/\/blog.zeit.de\/stoerungsmelder\/#\/schema\/person\/fdd0b9818f65738672810b6d6f037f71\",\"name\":\"St\u00f6rungsmelder\",\"image\":{\"@type\":\"ImageObject\",\"inLanguage\":\"de\",\"@id\":\"https:\/\/blog.zeit.de\/stoerungsmelder\/#\/schema\/person\/image\/\",\"url\":\"https:\/\/secure.gravatar.com\/avatar\/dfa4be514c3e82a71e4f9a0020035d38192d080ccaa5e4e6d7a1472c763535c5?s=96&d=mm&r=pg\",\"contentUrl\":\"https:\/\/secure.gravatar.com\/avatar\/dfa4be514c3e82a71e4f9a0020035d38192d080ccaa5e4e6d7a1472c763535c5?s=96&d=mm&r=pg\",\"caption\":\"St\u00f6rungsmelder\"},\"url\":\"https:\/\/blog.zeit.de\/stoerungsmelder\/author\/stoerungsmelder\"}]}<\/script>\n<!-- \/ Yoast SEO plugin. -->","yoast_head_json":{"title":"Festival setzt Zeichen gegen Rassismus \u2013 Verletzte nach Neonazi-Angriff auf Festivalbesucher - St\u00f6rungsmelder","robots":{"index":"index","follow":"follow","max-snippet":"max-snippet:-1","max-image-preview":"max-image-preview:large","max-video-preview":"max-video-preview:-1"},"canonical":"https:\/\/blog.zeit.de\/stoerungsmelder\/2013\/03\/25\/festival-setzt-zeichen-gegen-rassismus-verletzte-nach-neonazi-angriff-auf-festivalbesucher_12277","og_locale":"de_DE","og_type":"article","og_title":"Festival setzt Zeichen gegen Rassismus \u2013 Verletzte nach Neonazi-Angriff auf Festivalbesucher - St\u00f6rungsmelder","og_description":"Am Samstag, den 23. M\u00e4rz 2013, fand das \u201eFestival gegen Rassismus\u201c im zwischen D\u00fcsseldorf und Wuppertal gelegenen Mettmann statt. Mit Redebeitr\u00e4gen und einem Infostand wurde auf das Problem Rassismus aufmerksam gemacht. Sieben Bands haben im Rahmen des Festivals, ebenso wie insgesamt \u00fcber 400 Besucherinnen und Besucher, ein Zeichen gegen Rassismus gesetzt.","og_url":"https:\/\/blog.zeit.de\/stoerungsmelder\/2013\/03\/25\/festival-setzt-zeichen-gegen-rassismus-verletzte-nach-neonazi-angriff-auf-festivalbesucher_12277","og_site_name":"St\u00f6rungsmelder","article_published_time":"2013-03-25T20:15:47+00:00","article_modified_time":"2013-03-25T20:15:48+00:00","og_image":[{"url":"https:\/\/blog.zeit.de\/stoerungsmelder\/files\/2013\/03\/logo12-300x300.jpg"}],"author":"St\u00f6rungsmelder","twitter_card":"summary_large_image","twitter_misc":{"Geschrieben von":"St\u00f6rungsmelder","Gesch\u00e4tzte Lesezeit":"3\u00a0Minuten"},"schema":{"@context":"https:\/\/schema.org","@graph":[{"@type":"WebPage","@id":"https:\/\/blog.zeit.de\/stoerungsmelder\/2013\/03\/25\/festival-setzt-zeichen-gegen-rassismus-verletzte-nach-neonazi-angriff-auf-festivalbesucher_12277","url":"https:\/\/blog.zeit.de\/stoerungsmelder\/2013\/03\/25\/festival-setzt-zeichen-gegen-rassismus-verletzte-nach-neonazi-angriff-auf-festivalbesucher_12277","name":"Festival setzt Zeichen gegen Rassismus \u2013 Verletzte nach Neonazi-Angriff auf Festivalbesucher - St\u00f6rungsmelder","isPartOf":{"@id":"https:\/\/blog.zeit.de\/stoerungsmelder\/#website"},"datePublished":"2013-03-25T20:15:47+00:00","dateModified":"2013-03-25T20:15:48+00:00","author":{"@id":"https:\/\/blog.zeit.de\/stoerungsmelder\/#\/schema\/person\/fdd0b9818f65738672810b6d6f037f71"},"breadcrumb":{"@id":"https:\/\/blog.zeit.de\/stoerungsmelder\/2013\/03\/25\/festival-setzt-zeichen-gegen-rassismus-verletzte-nach-neonazi-angriff-auf-festivalbesucher_12277#breadcrumb"},"inLanguage":"de","potentialAction":[{"@type":"ReadAction","target":["https:\/\/blog.zeit.de\/stoerungsmelder\/2013\/03\/25\/festival-setzt-zeichen-gegen-rassismus-verletzte-nach-neonazi-angriff-auf-festivalbesucher_12277"]}]},{"@type":"BreadcrumbList","@id":"https:\/\/blog.zeit.de\/stoerungsmelder\/2013\/03\/25\/festival-setzt-zeichen-gegen-rassismus-verletzte-nach-neonazi-angriff-auf-festivalbesucher_12277#breadcrumb","itemListElement":[{"@type":"ListItem","position":1,"name":"Startseite","item":"https:\/\/blog.zeit.de\/stoerungsmelder"},{"@type":"ListItem","position":2,"name":"Festival setzt Zeichen gegen Rassismus \u2013 Verletzte nach Neonazi-Angriff auf Festivalbesucher"}]},{"@type":"WebSite","@id":"https:\/\/blog.zeit.de\/stoerungsmelder\/#website","url":"https:\/\/blog.zeit.de\/stoerungsmelder\/","name":"St\u00f6rungsmelder","description":"Recherchen und Analysen \u00fcber die extreme Rechte","potentialAction":[{"@type":"SearchAction","target":{"@type":"EntryPoint","urlTemplate":"https:\/\/blog.zeit.de\/stoerungsmelder\/?s={search_term_string}"},"query-input":"required name=search_term_string"}],"inLanguage":"de"},{"@type":"Person","@id":"https:\/\/blog.zeit.de\/stoerungsmelder\/#\/schema\/person\/fdd0b9818f65738672810b6d6f037f71","name":"St\u00f6rungsmelder","image":{"@type":"ImageObject","inLanguage":"de","@id":"https:\/\/blog.zeit.de\/stoerungsmelder\/#\/schema\/person\/image\/","url":"https:\/\/secure.gravatar.com\/avatar\/dfa4be514c3e82a71e4f9a0020035d38192d080ccaa5e4e6d7a1472c763535c5?s=96&d=mm&r=pg","contentUrl":"https:\/\/secure.gravatar.com\/avatar\/dfa4be514c3e82a71e4f9a0020035d38192d080ccaa5e4e6d7a1472c763535c5?s=96&d=mm&r=pg","caption":"St\u00f6rungsmelder"},"url":"https:\/\/blog.zeit.de\/stoerungsmelder\/author\/stoerungsmelder"}]}},"jetpack_featured_media_url":"","jetpack_sharing_enabled":true,"_links":{"self":[{"href":"https:\/\/blog.zeit.de\/stoerungsmelder\/wp-json\/wp\/v2\/posts\/12277","targetHints":{"allow":["GET"]}}],"collection":[{"href":"https:\/\/blog.zeit.de\/stoerungsmelder\/wp-json\/wp\/v2\/posts"}],"about":[{"href":"https:\/\/blog.zeit.de\/stoerungsmelder\/wp-json\/wp\/v2\/types\/post"}],"author":[{"embeddable":true,"href":"https:\/\/blog.zeit.de\/stoerungsmelder\/wp-json\/wp\/v2\/users\/229"}],"replies":[{"embeddable":true,"href":"https:\/\/blog.zeit.de\/stoerungsmelder\/wp-json\/wp\/v2\/comments?post=12277"}],"version-history":[{"count":5,"href":"https:\/\/blog.zeit.de\/stoerungsmelder\/wp-json\/wp\/v2\/posts\/12277\/revisions"}],"predecessor-version":[{"id":12283,"href":"https:\/\/blog.zeit.de\/stoerungsmelder\/wp-json\/wp\/v2\/posts\/12277\/revisions\/12283"}],"wp:attachment":[{"href":"https:\/\/blog.zeit.de\/stoerungsmelder\/wp-json\/wp\/v2\/media?parent=12277"}],"wp:term":[{"taxonomy":"category","embeddable":true,"href":"https:\/\/blog.zeit.de\/stoerungsmelder\/wp-json\/wp\/v2\/categories?post=12277"},{"taxonomy":"post_tag","embeddable":true,"href":"https:\/\/blog.zeit.de\/stoerungsmelder\/wp-json\/wp\/v2\/tags?post=12277"}],"curies":[{"name":"wp","href":"https:\/\/api.w.org\/{rel}","templated":true}]}}