{"id":12523,"date":"2013-04-11T10:35:16","date_gmt":"2013-04-11T08:35:16","guid":{"rendered":"http:\/\/blog.zeit.de\/stoerungsmelder\/?p=12523"},"modified":"2013-04-11T10:35:16","modified_gmt":"2013-04-11T08:35:16","slug":"pro-nrw-aktivist-warb-bei-juli-kampagne-fur-offene-gesellschaft","status":"publish","type":"post","link":"https:\/\/blog.zeit.de\/stoerungsmelder\/2013\/04\/11\/pro-nrw-aktivist-warb-bei-juli-kampagne-fur-offene-gesellschaft_12523","title":{"rendered":"Pro NRW-Aktivist warb bei JuLi-Kampagne f\u00fcr \u201eoffene Gesellschaft\u201c"},"content":{"rendered":"<p><figure id=\"attachment_12524\" aria-describedby=\"caption-attachment-12524\" style=\"width: 580px\" class=\"wp-caption aligncenter\"><img loading=\"lazy\" decoding=\"async\" class=\"wp-image-12524 \" alt=\"Inzwischen gel\u00f6scht: Statement von Christopher von Mengersen \u00a9 Screenshot Facebook\" src=\"https:\/\/blog.zeit.de\/stoerungsmelder\/files\/2013\/04\/screen_fb.jpg\" width=\"580\" height=\"300\" \/><figcaption id=\"caption-attachment-12524\" class=\"wp-caption-text\">Inzwischen gel\u00f6scht: Statement von Christopher von Mengersen \u00a9 Screenshot Facebook<\/figcaption><\/figure><\/p>\n<p>\u201eIch bin demokratisch\u201c hei\u00dft die Kampagne der Jungen Liberalen Bonn, die als Antwort auf die Kampagne von Gr\u00fcner Jugend und Linksjugend [&#8217;solid] \u201eIch bin linksextrem\u201c ins Leben gerufen wurde. Auf der Facebookseite der Liberalen wurde auch ein Statement des Pro NRW-Aktivisten Christopher von Mengersen ver\u00f6ffentlicht \u2013 und inzwischen wieder heraus genommen.<!--more--><\/p>\n<p>Dem Aufruf der Liberalen folgend sollen \u201eFotos von \u00fcberzeugten Demokraten\u201c gesammelt werden, die \u201eganz pers\u00f6nlich anhand eigener \u00c4u\u00dferungen die Vorteile unseres politischen Systems vorstellen\u201c. Auch der Aktivist der rechtspopulistischen Partei und stellvertretender Vorsitzender des \u201eRings freiheitlicher Jugend\u201c, von Mengersen, wird in diesem Rahmen zitiert: \u201eIch bin demokratisch, weil uns die europ\u00e4ische Geschichte gezeigt hat, wozu Rechtsextremisten, Linksextremisten und religi\u00f6se Fundamentalisten f\u00e4hig sind. Diesen Feinden der offenen Gesellschaft kann man nur als engagierter Demokrat entgegentreten, immer wieder!\u201c. Nach drei Stunden hat der Seitenbetreiber das betreffende Foto samt Statement aus Facebook wieder entfernt.<\/p>\n<p>Christopher von Mengersen, ein Demokrat und Freund der offenen Gesellschaft? R\u00fcckblick: K\u00f6ln, 23. M\u00e4rz 2013. Von Mengersen tritt als einer von mehreren Rednern im Rahmen einer Pro NRW-Kampagne gegen \u201eAsylmissbrauch\u201c ans Mikrofon. Anh\u00e4nger von Piraten, Gr\u00fcne und DKP bezeichnet er als \u201egr\u00f6\u00dften Abschaum, den man in K\u00f6ln und Umgebung nur finden konnte\u201c. Und in Richtung des schwulen Bundestagsabgeordneten Volker Beck (B\u00fcndnis90\/Die Gr\u00fcnen) fragt er: \u201eWie kann sich einer durchsetzen, der immer nur hingehalten hat?\u201c.<br \/>\nPro NRW macht immer wieder Schlagzeilen durch ihre gegen die multikulturelle Gesellschaft gerichtete Politik. Sogar der Verfassungsschutz sieht bei der Partei \u201etats\u00e4chliche Anhaltspunkte f\u00fcr eine verfassungsfeindliche Bestrebung vorliegen\u201c und stuft sie als \u201erechtsextrem\u201c ein.<\/p>\n<p>Mit der Ausgangskampagne \u201eIch bin linksextrem\u201c wollen Linksjugend und Gr\u00fcne Jugend die wissenschaftlich h\u00f6chst umstrittene Extremismustheorie kritisieren. \u201eEin Demokratieverst\u00e4ndnis, welches nur den Status Quo anerkennt und jedwede Kritik als Angriff versteht, lehnen wir entschieden ab\u201c, hei\u00dft es auf der Kampagnenseite. Hier haben Unterst\u00fctzer inzwischen zahlreiche Statements hinterlassen, die sich unter anderem gegen eine Gleichsetzung von linker Gesellschaftskritik und rechtem Menschenhass wenden. <img loading=\"lazy\" decoding=\"async\" alt=\"\" src=\"http:\/\/vg03.met.vgwort.de\/na\/449558a2d0e54e1a9cc8d35fada2a008\" width=\"1\" height=\"1\" \/><\/p>\n","protected":false},"excerpt":{"rendered":"<p>\u201eIch bin demokratisch\u201c hei\u00dft die Kampagne der Jungen Liberalen Bonn, die als Antwort auf die Kampagne von Gr\u00fcner Jugend und Linksjugend [&#8217;solid] \u201eIch bin linksextrem\u201c ins Leben gerufen wurde. Auf der Facebookseite der Liberalen wurde auch ein Statement des Pro NRW-Aktivisten Christopher von Mengersen ver\u00f6ffentlicht \u2013 und inzwischen wieder heraus genommen.<\/p>\n","protected":false},"author":349,"featured_media":0,"comment_status":"open","ping_status":"open","sticky":false,"template":"","format":"standard","meta":{"_jetpack_memberships_contains_paid_content":false,"footnotes":""},"categories":[1291],"tags":[6356,24914,1750,1763],"class_list":["post-12523","post","type-post","status-publish","format-standard","hentry","category-nordrhein-westfalen","tag-extremismustheorie","tag-koln","tag-pro-nrw","tag-rechtspopulismus"],"yoast_head":"<!-- This site is optimized with the Yoast SEO plugin v21.0 - https:\/\/yoast.com\/wordpress\/plugins\/seo\/ -->\n<title>Pro NRW-Aktivist warb bei JuLi-Kampagne f\u00fcr \u201eoffene Gesellschaft\u201c - St\u00f6rungsmelder<\/title>\n<meta name=\"robots\" content=\"index, follow, max-snippet:-1, max-image-preview:large, max-video-preview:-1\" \/>\n<link rel=\"canonical\" href=\"https:\/\/blog.zeit.de\/stoerungsmelder\/2013\/04\/11\/pro-nrw-aktivist-warb-bei-juli-kampagne-fur-offene-gesellschaft_12523\" \/>\n<meta property=\"og:locale\" content=\"de_DE\" \/>\n<meta property=\"og:type\" content=\"article\" \/>\n<meta property=\"og:title\" content=\"Pro NRW-Aktivist warb bei JuLi-Kampagne f\u00fcr \u201eoffene Gesellschaft\u201c - St\u00f6rungsmelder\" \/>\n<meta property=\"og:description\" content=\"\u201eIch bin demokratisch\u201c hei\u00dft die Kampagne der Jungen Liberalen Bonn, die als Antwort auf die Kampagne von Gr\u00fcner Jugend und Linksjugend [&#8217;solid] \u201eIch bin linksextrem\u201c ins Leben gerufen wurde. Auf der Facebookseite der Liberalen wurde auch ein Statement des Pro NRW-Aktivisten Christopher von Mengersen ver\u00f6ffentlicht \u2013 und inzwischen wieder heraus genommen.\" \/>\n<meta property=\"og:url\" content=\"https:\/\/blog.zeit.de\/stoerungsmelder\/2013\/04\/11\/pro-nrw-aktivist-warb-bei-juli-kampagne-fur-offene-gesellschaft_12523\" \/>\n<meta property=\"og:site_name\" content=\"St\u00f6rungsmelder\" \/>\n<meta property=\"article:published_time\" content=\"2013-04-11T08:35:16+00:00\" \/>\n<meta property=\"og:image\" content=\"https:\/\/blog.zeit.de\/stoerungsmelder\/files\/2013\/04\/screen_fb.jpg\" \/>\n<meta name=\"author\" content=\"Max Bassin\" \/>\n<meta name=\"twitter:card\" content=\"summary_large_image\" \/>\n<meta name=\"twitter:label1\" content=\"Geschrieben von\" \/>\n\t<meta name=\"twitter:data1\" content=\"Max Bassin\" \/>\n\t<meta name=\"twitter:label2\" content=\"Gesch\u00e4tzte Lesezeit\" \/>\n\t<meta name=\"twitter:data2\" content=\"2\u00a0Minuten\" \/>\n<script type=\"application\/ld+json\" class=\"yoast-schema-graph\">{\"@context\":\"https:\/\/schema.org\",\"@graph\":[{\"@type\":\"WebPage\",\"@id\":\"https:\/\/blog.zeit.de\/stoerungsmelder\/2013\/04\/11\/pro-nrw-aktivist-warb-bei-juli-kampagne-fur-offene-gesellschaft_12523\",\"url\":\"https:\/\/blog.zeit.de\/stoerungsmelder\/2013\/04\/11\/pro-nrw-aktivist-warb-bei-juli-kampagne-fur-offene-gesellschaft_12523\",\"name\":\"Pro NRW-Aktivist warb bei JuLi-Kampagne f\u00fcr \u201eoffene Gesellschaft\u201c - St\u00f6rungsmelder\",\"isPartOf\":{\"@id\":\"https:\/\/blog.zeit.de\/stoerungsmelder\/#website\"},\"datePublished\":\"2013-04-11T08:35:16+00:00\",\"dateModified\":\"2013-04-11T08:35:16+00:00\",\"author\":{\"@id\":\"https:\/\/blog.zeit.de\/stoerungsmelder\/#\/schema\/person\/3d4da107c074cadcc60561b7c57aab0b\"},\"breadcrumb\":{\"@id\":\"https:\/\/blog.zeit.de\/stoerungsmelder\/2013\/04\/11\/pro-nrw-aktivist-warb-bei-juli-kampagne-fur-offene-gesellschaft_12523#breadcrumb\"},\"inLanguage\":\"de\",\"potentialAction\":[{\"@type\":\"ReadAction\",\"target\":[\"https:\/\/blog.zeit.de\/stoerungsmelder\/2013\/04\/11\/pro-nrw-aktivist-warb-bei-juli-kampagne-fur-offene-gesellschaft_12523\"]}]},{\"@type\":\"BreadcrumbList\",\"@id\":\"https:\/\/blog.zeit.de\/stoerungsmelder\/2013\/04\/11\/pro-nrw-aktivist-warb-bei-juli-kampagne-fur-offene-gesellschaft_12523#breadcrumb\",\"itemListElement\":[{\"@type\":\"ListItem\",\"position\":1,\"name\":\"Startseite\",\"item\":\"https:\/\/blog.zeit.de\/stoerungsmelder\"},{\"@type\":\"ListItem\",\"position\":2,\"name\":\"Pro NRW-Aktivist warb bei JuLi-Kampagne f\u00fcr \u201eoffene Gesellschaft\u201c\"}]},{\"@type\":\"WebSite\",\"@id\":\"https:\/\/blog.zeit.de\/stoerungsmelder\/#website\",\"url\":\"https:\/\/blog.zeit.de\/stoerungsmelder\/\",\"name\":\"St\u00f6rungsmelder\",\"description\":\"Recherchen und Analysen \u00fcber die extreme Rechte\",\"potentialAction\":[{\"@type\":\"SearchAction\",\"target\":{\"@type\":\"EntryPoint\",\"urlTemplate\":\"https:\/\/blog.zeit.de\/stoerungsmelder\/?s={search_term_string}\"},\"query-input\":\"required name=search_term_string\"}],\"inLanguage\":\"de\"},{\"@type\":\"Person\",\"@id\":\"https:\/\/blog.zeit.de\/stoerungsmelder\/#\/schema\/person\/3d4da107c074cadcc60561b7c57aab0b\",\"name\":\"Max Bassin\",\"image\":{\"@type\":\"ImageObject\",\"inLanguage\":\"de\",\"@id\":\"https:\/\/blog.zeit.de\/stoerungsmelder\/#\/schema\/person\/image\/\",\"url\":\"https:\/\/secure.gravatar.com\/avatar\/a465f2d02ca3a4ba2fcbc41adc7bd2c8df44b5b969eb8bb0e1d1dd782fef3ffe?s=96&d=mm&r=pg\",\"contentUrl\":\"https:\/\/secure.gravatar.com\/avatar\/a465f2d02ca3a4ba2fcbc41adc7bd2c8df44b5b969eb8bb0e1d1dd782fef3ffe?s=96&d=mm&r=pg\",\"caption\":\"Max Bassin\"},\"url\":\"https:\/\/blog.zeit.de\/stoerungsmelder\/author\/maxbassin\"}]}<\/script>\n<!-- \/ Yoast SEO plugin. -->","yoast_head_json":{"title":"Pro NRW-Aktivist warb bei JuLi-Kampagne f\u00fcr \u201eoffene Gesellschaft\u201c - St\u00f6rungsmelder","robots":{"index":"index","follow":"follow","max-snippet":"max-snippet:-1","max-image-preview":"max-image-preview:large","max-video-preview":"max-video-preview:-1"},"canonical":"https:\/\/blog.zeit.de\/stoerungsmelder\/2013\/04\/11\/pro-nrw-aktivist-warb-bei-juli-kampagne-fur-offene-gesellschaft_12523","og_locale":"de_DE","og_type":"article","og_title":"Pro NRW-Aktivist warb bei JuLi-Kampagne f\u00fcr \u201eoffene Gesellschaft\u201c - St\u00f6rungsmelder","og_description":"\u201eIch bin demokratisch\u201c hei\u00dft die Kampagne der Jungen Liberalen Bonn, die als Antwort auf die Kampagne von Gr\u00fcner Jugend und Linksjugend [&#8217;solid] \u201eIch bin linksextrem\u201c ins Leben gerufen wurde. Auf der Facebookseite der Liberalen wurde auch ein Statement des Pro NRW-Aktivisten Christopher von Mengersen ver\u00f6ffentlicht \u2013 und inzwischen wieder heraus genommen.","og_url":"https:\/\/blog.zeit.de\/stoerungsmelder\/2013\/04\/11\/pro-nrw-aktivist-warb-bei-juli-kampagne-fur-offene-gesellschaft_12523","og_site_name":"St\u00f6rungsmelder","article_published_time":"2013-04-11T08:35:16+00:00","og_image":[{"url":"https:\/\/blog.zeit.de\/stoerungsmelder\/files\/2013\/04\/screen_fb.jpg"}],"author":"Max Bassin","twitter_card":"summary_large_image","twitter_misc":{"Geschrieben von":"Max Bassin","Gesch\u00e4tzte Lesezeit":"2\u00a0Minuten"},"schema":{"@context":"https:\/\/schema.org","@graph":[{"@type":"WebPage","@id":"https:\/\/blog.zeit.de\/stoerungsmelder\/2013\/04\/11\/pro-nrw-aktivist-warb-bei-juli-kampagne-fur-offene-gesellschaft_12523","url":"https:\/\/blog.zeit.de\/stoerungsmelder\/2013\/04\/11\/pro-nrw-aktivist-warb-bei-juli-kampagne-fur-offene-gesellschaft_12523","name":"Pro NRW-Aktivist warb bei JuLi-Kampagne f\u00fcr \u201eoffene Gesellschaft\u201c - St\u00f6rungsmelder","isPartOf":{"@id":"https:\/\/blog.zeit.de\/stoerungsmelder\/#website"},"datePublished":"2013-04-11T08:35:16+00:00","dateModified":"2013-04-11T08:35:16+00:00","author":{"@id":"https:\/\/blog.zeit.de\/stoerungsmelder\/#\/schema\/person\/3d4da107c074cadcc60561b7c57aab0b"},"breadcrumb":{"@id":"https:\/\/blog.zeit.de\/stoerungsmelder\/2013\/04\/11\/pro-nrw-aktivist-warb-bei-juli-kampagne-fur-offene-gesellschaft_12523#breadcrumb"},"inLanguage":"de","potentialAction":[{"@type":"ReadAction","target":["https:\/\/blog.zeit.de\/stoerungsmelder\/2013\/04\/11\/pro-nrw-aktivist-warb-bei-juli-kampagne-fur-offene-gesellschaft_12523"]}]},{"@type":"BreadcrumbList","@id":"https:\/\/blog.zeit.de\/stoerungsmelder\/2013\/04\/11\/pro-nrw-aktivist-warb-bei-juli-kampagne-fur-offene-gesellschaft_12523#breadcrumb","itemListElement":[{"@type":"ListItem","position":1,"name":"Startseite","item":"https:\/\/blog.zeit.de\/stoerungsmelder"},{"@type":"ListItem","position":2,"name":"Pro NRW-Aktivist warb bei JuLi-Kampagne f\u00fcr \u201eoffene Gesellschaft\u201c"}]},{"@type":"WebSite","@id":"https:\/\/blog.zeit.de\/stoerungsmelder\/#website","url":"https:\/\/blog.zeit.de\/stoerungsmelder\/","name":"St\u00f6rungsmelder","description":"Recherchen und Analysen \u00fcber die extreme Rechte","potentialAction":[{"@type":"SearchAction","target":{"@type":"EntryPoint","urlTemplate":"https:\/\/blog.zeit.de\/stoerungsmelder\/?s={search_term_string}"},"query-input":"required name=search_term_string"}],"inLanguage":"de"},{"@type":"Person","@id":"https:\/\/blog.zeit.de\/stoerungsmelder\/#\/schema\/person\/3d4da107c074cadcc60561b7c57aab0b","name":"Max Bassin","image":{"@type":"ImageObject","inLanguage":"de","@id":"https:\/\/blog.zeit.de\/stoerungsmelder\/#\/schema\/person\/image\/","url":"https:\/\/secure.gravatar.com\/avatar\/a465f2d02ca3a4ba2fcbc41adc7bd2c8df44b5b969eb8bb0e1d1dd782fef3ffe?s=96&d=mm&r=pg","contentUrl":"https:\/\/secure.gravatar.com\/avatar\/a465f2d02ca3a4ba2fcbc41adc7bd2c8df44b5b969eb8bb0e1d1dd782fef3ffe?s=96&d=mm&r=pg","caption":"Max Bassin"},"url":"https:\/\/blog.zeit.de\/stoerungsmelder\/author\/maxbassin"}]}},"jetpack_featured_media_url":"","jetpack_sharing_enabled":true,"_links":{"self":[{"href":"https:\/\/blog.zeit.de\/stoerungsmelder\/wp-json\/wp\/v2\/posts\/12523","targetHints":{"allow":["GET"]}}],"collection":[{"href":"https:\/\/blog.zeit.de\/stoerungsmelder\/wp-json\/wp\/v2\/posts"}],"about":[{"href":"https:\/\/blog.zeit.de\/stoerungsmelder\/wp-json\/wp\/v2\/types\/post"}],"author":[{"embeddable":true,"href":"https:\/\/blog.zeit.de\/stoerungsmelder\/wp-json\/wp\/v2\/users\/349"}],"replies":[{"embeddable":true,"href":"https:\/\/blog.zeit.de\/stoerungsmelder\/wp-json\/wp\/v2\/comments?post=12523"}],"version-history":[{"count":8,"href":"https:\/\/blog.zeit.de\/stoerungsmelder\/wp-json\/wp\/v2\/posts\/12523\/revisions"}],"predecessor-version":[{"id":12569,"href":"https:\/\/blog.zeit.de\/stoerungsmelder\/wp-json\/wp\/v2\/posts\/12523\/revisions\/12569"}],"wp:attachment":[{"href":"https:\/\/blog.zeit.de\/stoerungsmelder\/wp-json\/wp\/v2\/media?parent=12523"}],"wp:term":[{"taxonomy":"category","embeddable":true,"href":"https:\/\/blog.zeit.de\/stoerungsmelder\/wp-json\/wp\/v2\/categories?post=12523"},{"taxonomy":"post_tag","embeddable":true,"href":"https:\/\/blog.zeit.de\/stoerungsmelder\/wp-json\/wp\/v2\/tags?post=12523"}],"curies":[{"name":"wp","href":"https:\/\/api.w.org\/{rel}","templated":true}]}}