{"id":12883,"date":"2013-05-21T20:53:24","date_gmt":"2013-05-21T18:53:24","guid":{"rendered":"http:\/\/blog.zeit.de\/stoerungsmelder\/?p=12883"},"modified":"2013-05-22T13:54:53","modified_gmt":"2013-05-22T11:54:53","slug":"neonazis-bedrohen-alternative-projekte","status":"publish","type":"post","link":"https:\/\/blog.zeit.de\/stoerungsmelder\/2013\/05\/21\/neonazis-bedrohen-alternative-projekte_12883","title":{"rendered":"Neonazis bedrohen alternative Projekte"},"content":{"rendered":"<p><figure id=\"attachment_12992\" aria-describedby=\"caption-attachment-12992\" style=\"width: 540px\" class=\"wp-caption aligncenter\"><a href=\"https:\/\/blog.zeit.de\/stoerungsmelder\/2013\/05\/21\/neonazis-bedrohen-alternative-projekte_12883\/benario-ligsalz\" rel=\"attachment wp-att-12992\"><img loading=\"lazy\" decoding=\"async\" class=\"size-full wp-image-12992 \" alt=\"Farbanschl\u00e4ge auf F\u00fcrther Infoladen (links) und M\u00fcnchner Hausprojekt(rechts).Fotos: Infoladen Benario \/ anonym (Creative Commons)\" src=\"https:\/\/blog.zeit.de\/stoerungsmelder\/files\/2013\/05\/benario-ligsalz.jpg\" width=\"540\" height=\"300\" srcset=\"https:\/\/blog.zeit.de\/stoerungsmelder\/files\/2013\/05\/benario-ligsalz.jpg 540w, https:\/\/blog.zeit.de\/stoerungsmelder\/files\/2013\/05\/benario-ligsalz-300x166.jpg 300w\" sizes=\"auto, (max-width: 540px) 100vw, 540px\" \/><\/a><figcaption id=\"caption-attachment-12992\" class=\"wp-caption-text\">Farbanschl\u00e4ge auf F\u00fcrther Infoladen (links) und M\u00fcnchner Hausprojekt (rechts) \u00a9 Infoladen Benario \/ anonym (Creative Commons)<\/figcaption><\/figure><\/p>\n<p>Immer brutaler und hinterh\u00e4ltiger agieren bayerische Neonazis wenn es um das Bedrohen, Einsch\u00fcchtern und Ausschalten vermeintlicher politischer Gegner geht. War fr\u00fcher noch das Stereotyp vom Springerstiefel tragenden Glatzkopf verbreitet, der betrunken Migranten und Punks anp\u00f6belt, zeichnet sich seit einiger Zeit eine Reihe von brutalen k\u00f6rperlichen Angriffen auf Journalisten, Antifaschisten und alle anderen, die nicht ins neonazistische Weltbild passen, ab.<\/p>\n<p><!--more-->&#8222;Anti-Antifa&#8220; nennt sich die seit den Neunzigerjahren verbreitete Taktik der Neonazis, Namens- und Adresslisten (vermeintlicher) politischer Gegner (wie Linke, Antifaschisten, Politiker, Journalisten, etc.) anzulegen (so genannte &#8222;Anti-Antifa-Akten&#8220;), sie gezielt auf Demonstrationen, in Gerichtss\u00e4len oder auch vor ihrer Wohnung anzugreifen und H\u00e4user sowie Autos zu besch\u00e4digen. Dies dient vor allem einem Ziel: der totalen Einsch\u00fcchterung. Wenn Gegendemonstranten damit rechnen m\u00fcssen auch noch Tage sp\u00e4ter zusammengeschlagen werden zu m\u00fcssen,\u00a0 so die Logik der Neonazis, ist die Bahn frei f\u00fcr die ungest\u00f6rte Verbreitung neonazistischer Propaganda. Wenn niemand mehr \u00fcber die Aktivit\u00e4ten der rechten berichtet, steht der Infiltrierung gesellschaftlicher Einrichtungen durch Neonazis nichts mehr in Wege.<\/p>\n<p>So wurden in den letzten Monaten verst\u00e4rkt Pressevertreter bei Neonazi-Aufm\u00e4rschen und -Kundgebungen von &#8222;Anti-Antifa&#8220;-Aktivisten des neonazistischen Kameradschaftsdachverbands &#8222;Freies Netz S\u00fcd&#8220; k\u00f6rperlich angegangenen, geschubst, bespuckt und geschlagen, oft sogar unter Augen der anwesenden Polizei, die nicht nur nicht einschritt, sondern oft auch den Journalisten &#8222;Provokationen&#8220; vorwarf. Die Provokation bestand schon alleine in der Anwesenheit kritischer Presse.<\/p>\n<p>W\u00e4hrend das jedoch seit Jahren g\u00e4ngige Praxis ist, greifen bayerische Neonazis in letzter Zeit jedoch auch vermehrt linke und antirassistische Wohngemeinschaften, Hausprojekte, Jugendzentren und B\u00fcros an:\u00a0 In der Nacht vom 5. auf den 6. April 2013 \u00fcberfiel eine Gruppe vermummter Neonazis mit Messern und Holzlatten bewaffnet eine antifaschistische Wohngemeinschaft im oberbayerischen Rosenheim. Dabei wurde ein Bewohner mit einer Holzlatte angegriffen und erlitt eine Gehirnersch\u00fctterung. Nur zwei Tage sp\u00e4ter, ebenfalls in Rosenheim: Eine Gruppe von mindestens vier Neonazis \u00fcberf\u00e4llt zwei Jugendliche und verpr\u00fcgelt sie mit einem Schlagstock. Die erlittenen Verletzungen\u00a0 waren so stark, dass die Jugendlichen im Krankenhaus behandelt werden m\u00fcssen. Die Polizei findet sp\u00e4ter heraus, dass zwei der T\u00e4ter auch bei dem Angriff auf die Wohngemeinschaft wenige Tage zuvor beteiligt waren.<\/p>\n<p>Auch ein linkes M\u00fcnchner Hausprojekt sieht sich mit Naziangriffen konfrontiert: in verschiedenen N\u00e4chten ritzen Neonazis &#8222;NS jetzt&#8220; in die Frontscheibe, warfen rohe Eier in die ge\u00f6ffnete T\u00fcr, traten die Scheiben ein und bewarfen das Haus und davor parkende Autos zuletzt vor wenigen Tagen mit roten Farbbeuteln. Ebenso wie am 9. April in F\u00fcrth, wo der antifaschistischen &#8222;In\u00adfo\u00adla\u00adden Be\u00adn\u00ada\u00adrio&#8220; Ziel eines Farbanschlags wurde. Die Neonazis des &#8222;Freien Netz S\u00fcd&#8220; bezeichneten dies sp\u00e4ter auf ihrer Homepage als &#8222;<em>kostenlose Farbspende f\u00fcr F\u00fcrther Antifa-Laden<\/em>&#8222;.<\/p>\n<p>Insbesondere antirassistische Initiativen sind den gewaltbereiten Neonazis ein Dorn im Auge. Konnten am 1. M\u00e4rz Neonazis des FNS, die rassistische Flugbl\u00e4tter vor dem M\u00fcnchner Gewerkschaftshaus in dem zeitgleich der &#8222;refugee-Kongress&#8220; stattfand, vertrieben werden, beklebten sie kurze Zeit sp\u00e4ter gro\u00dffl\u00e4chig die Frontscheibe des Bayerischen Fl\u00fcchtlingsrat mit Mobilisierungsaufklebern f\u00fcr die neonazistische 1. Mai-Demonstration in W\u00fcrzburg. In den darauf folgenden Wochen wurde dieselbe Scheibe noch mehrmals Ziel rechter Angriffe: Nach einer antirassistischen Gro\u00dfdemonstration am 13.4 mit 10.000 Menschen in M\u00fcnchen, wurde die Scheibe eingeschlagen und kurze Zeit sp\u00e4ter in die neu ersetzte Scheibe die Parolen &#8222;<em>Anti-Antifa<\/em>&#8220; und &#8222;<em>NS jetzt!<\/em>&#8220; eingeritzt.<\/p>\n<p>Schon im Januar 2012 gab es in M\u00fcnchen im Vorfeld einer Neonazi-Demonstration eine Reihe von Anschl\u00e4gen die damals insbesondere dem alternativen Zentrum &#8222;Kafe Marat&#8220; gegolten haben. Wurde das Haus damals \u00e4hnlich wie in F\u00fcrth und im M\u00fcnchner Westend mit roter Farbe beschmiert, stahlen Neonazis jetzt eine aus dem Fenster geh\u00e4ngte Fahne und ein Transparent, welches auf H\u00f6he des 2. Stockwerks befestigt war. Die Fahne tauchte kurze zeit sp\u00e4ter bei einer Gedenkkundgebung des &#8222;Freien Netz S\u00fcd&#8220; zu Ehren des Wehrmachtssoldaten und Holocaustleugners Reinhold Elstner wieder auf. Auf der Website des FNS hie\u00df es dazu: &#8222;<em>Einige Teilnehmer der Mahnwache revanchierten sich an deren Ende, indem sie eine erbeutete Fahne der \u201eAntifa\u201c kopf\u00fcber schwenkten, auf den Boden legten und sie passenderweise als Fu\u00dfabstreifer benutzten<\/em>.&#8220;<\/p>\n<p>Generell h\u00e4lt sich das &#8222;Freie Netz S\u00fcd&#8220; mit\u00a0 eindeutigen Bekennerschreiben, aber nicht mit Spott und Hohn der wohl auch als ein solches verstanden werden darf, zur\u00fcck. Das d\u00fcrfte wohl auch daran liegen, dass der f\u00fcr die Website verantwortliche Neonazi-Kader Roy Asmu\u00df sich im Falle eines eindeutigen Bekenntnisses\u00a0 zu den Anschl\u00e4gen strafbar machen w\u00fcrde. So bleibt es bei der fast schon scharfsinnigen Analyse der M\u00fcnchner Polizei: &#8222;Nach derzeitigem Erkenntnisstand ist insgesamt von einem politisch motivierten Tathintergrund auszugehen.&#8220;<\/p>\n","protected":false},"excerpt":{"rendered":"<p>Immer brutaler und hinterh\u00e4ltiger agieren bayerische Neonazis wenn es um das Bedrohen, Einsch\u00fcchtern und Ausschalten vermeintlicher politischer Gegner geht. War fr\u00fcher noch das Stereotyp vom Springerstiefel tragenden Glatzkopf verbreitet, der betrunken Migranten und Punks anp\u00f6belt, zeichnet sich seit einiger Zeit eine Reihe von brutalen k\u00f6rperlichen Angriffen auf Journalisten, Antifaschisten und alle anderen, die nicht ins [&hellip;]<\/p>\n","protected":false},"author":379,"featured_media":0,"comment_status":"open","ping_status":"open","sticky":false,"template":"","format":"standard","meta":{"_jetpack_memberships_contains_paid_content":false,"footnotes":""},"categories":[59],"tags":[1474,1475,17831,28130,26534,12719,654,28127,28126,1680,1711,28125,1755,28128,28129,28124,24595],"class_list":["post-12883","post","type-post","status-publish","format-standard","hentry","category-bayern","tag-anschlag","tag-anti-antifa","tag-anti-antifa-arbeit","tag-farbanschlag","tag-fns","tag-freies-netz-sud","tag-furth","tag-kafe-marat","tag-ligsalz","tag-munchen","tag-neonazis","tag-nsu-prozess","tag-rechte-gewalt","tag-reinhold-elstner","tag-rosenheim","tag-roy-asmus","tag-wurzburg"],"yoast_head":"<!-- This site is optimized with the Yoast SEO plugin v21.0 - https:\/\/yoast.com\/wordpress\/plugins\/seo\/ -->\n<title>Neonazis bedrohen alternative Projekte - St\u00f6rungsmelder<\/title>\n<meta name=\"robots\" content=\"index, follow, max-snippet:-1, max-image-preview:large, max-video-preview:-1\" \/>\n<link rel=\"canonical\" href=\"https:\/\/blog.zeit.de\/stoerungsmelder\/2013\/05\/21\/neonazis-bedrohen-alternative-projekte_12883\" \/>\n<meta property=\"og:locale\" content=\"de_DE\" \/>\n<meta property=\"og:type\" content=\"article\" \/>\n<meta property=\"og:title\" content=\"Neonazis bedrohen alternative Projekte - St\u00f6rungsmelder\" \/>\n<meta property=\"og:description\" content=\"Immer brutaler und hinterh\u00e4ltiger agieren bayerische Neonazis wenn es um das Bedrohen, Einsch\u00fcchtern und Ausschalten vermeintlicher politischer Gegner geht. War fr\u00fcher noch das Stereotyp vom Springerstiefel tragenden Glatzkopf verbreitet, der betrunken Migranten und Punks anp\u00f6belt, zeichnet sich seit einiger Zeit eine Reihe von brutalen k\u00f6rperlichen Angriffen auf Journalisten, Antifaschisten und alle anderen, die nicht ins [&hellip;]\" \/>\n<meta property=\"og:url\" content=\"https:\/\/blog.zeit.de\/stoerungsmelder\/2013\/05\/21\/neonazis-bedrohen-alternative-projekte_12883\" \/>\n<meta property=\"og:site_name\" content=\"St\u00f6rungsmelder\" \/>\n<meta property=\"article:published_time\" content=\"2013-05-21T18:53:24+00:00\" \/>\n<meta property=\"article:modified_time\" content=\"2013-05-22T11:54:53+00:00\" \/>\n<meta property=\"og:image\" content=\"https:\/\/blog.zeit.de\/stoerungsmelder\/files\/2013\/05\/benario-ligsalz.jpg\" \/>\n<meta name=\"author\" content=\"Tim Karlson\" \/>\n<meta name=\"twitter:card\" content=\"summary_large_image\" \/>\n<meta name=\"twitter:label1\" content=\"Geschrieben von\" \/>\n\t<meta name=\"twitter:data1\" content=\"Tim Karlson\" \/>\n\t<meta name=\"twitter:label2\" content=\"Gesch\u00e4tzte Lesezeit\" \/>\n\t<meta name=\"twitter:data2\" content=\"4\u00a0Minuten\" \/>\n<script type=\"application\/ld+json\" class=\"yoast-schema-graph\">{\"@context\":\"https:\/\/schema.org\",\"@graph\":[{\"@type\":\"WebPage\",\"@id\":\"https:\/\/blog.zeit.de\/stoerungsmelder\/2013\/05\/21\/neonazis-bedrohen-alternative-projekte_12883\",\"url\":\"https:\/\/blog.zeit.de\/stoerungsmelder\/2013\/05\/21\/neonazis-bedrohen-alternative-projekte_12883\",\"name\":\"Neonazis bedrohen alternative Projekte - St\u00f6rungsmelder\",\"isPartOf\":{\"@id\":\"https:\/\/blog.zeit.de\/stoerungsmelder\/#website\"},\"datePublished\":\"2013-05-21T18:53:24+00:00\",\"dateModified\":\"2013-05-22T11:54:53+00:00\",\"author\":{\"@id\":\"https:\/\/blog.zeit.de\/stoerungsmelder\/#\/schema\/person\/6213e77cfbd19f5fb499b7d929cb648e\"},\"breadcrumb\":{\"@id\":\"https:\/\/blog.zeit.de\/stoerungsmelder\/2013\/05\/21\/neonazis-bedrohen-alternative-projekte_12883#breadcrumb\"},\"inLanguage\":\"de\",\"potentialAction\":[{\"@type\":\"ReadAction\",\"target\":[\"https:\/\/blog.zeit.de\/stoerungsmelder\/2013\/05\/21\/neonazis-bedrohen-alternative-projekte_12883\"]}]},{\"@type\":\"BreadcrumbList\",\"@id\":\"https:\/\/blog.zeit.de\/stoerungsmelder\/2013\/05\/21\/neonazis-bedrohen-alternative-projekte_12883#breadcrumb\",\"itemListElement\":[{\"@type\":\"ListItem\",\"position\":1,\"name\":\"Startseite\",\"item\":\"https:\/\/blog.zeit.de\/stoerungsmelder\"},{\"@type\":\"ListItem\",\"position\":2,\"name\":\"Neonazis bedrohen alternative Projekte\"}]},{\"@type\":\"WebSite\",\"@id\":\"https:\/\/blog.zeit.de\/stoerungsmelder\/#website\",\"url\":\"https:\/\/blog.zeit.de\/stoerungsmelder\/\",\"name\":\"St\u00f6rungsmelder\",\"description\":\"Recherchen und Analysen \u00fcber die extreme Rechte\",\"potentialAction\":[{\"@type\":\"SearchAction\",\"target\":{\"@type\":\"EntryPoint\",\"urlTemplate\":\"https:\/\/blog.zeit.de\/stoerungsmelder\/?s={search_term_string}\"},\"query-input\":\"required name=search_term_string\"}],\"inLanguage\":\"de\"},{\"@type\":\"Person\",\"@id\":\"https:\/\/blog.zeit.de\/stoerungsmelder\/#\/schema\/person\/6213e77cfbd19f5fb499b7d929cb648e\",\"name\":\"Tim Karlson\",\"image\":{\"@type\":\"ImageObject\",\"inLanguage\":\"de\",\"@id\":\"https:\/\/blog.zeit.de\/stoerungsmelder\/#\/schema\/person\/image\/\",\"url\":\"https:\/\/secure.gravatar.com\/avatar\/d21cffd37820a8f835bf107e861848c92149a0261105fb54e4e9cf0f6560e4d9?s=96&d=mm&r=pg\",\"contentUrl\":\"https:\/\/secure.gravatar.com\/avatar\/d21cffd37820a8f835bf107e861848c92149a0261105fb54e4e9cf0f6560e4d9?s=96&d=mm&r=pg\",\"caption\":\"Tim Karlson\"},\"sameAs\":[\"http:\/\/www.flickr.com\/photos\/timkarlson\/\"],\"url\":\"https:\/\/blog.zeit.de\/stoerungsmelder\/author\/timkarlson\"}]}<\/script>\n<!-- \/ Yoast SEO plugin. -->","yoast_head_json":{"title":"Neonazis bedrohen alternative Projekte - St\u00f6rungsmelder","robots":{"index":"index","follow":"follow","max-snippet":"max-snippet:-1","max-image-preview":"max-image-preview:large","max-video-preview":"max-video-preview:-1"},"canonical":"https:\/\/blog.zeit.de\/stoerungsmelder\/2013\/05\/21\/neonazis-bedrohen-alternative-projekte_12883","og_locale":"de_DE","og_type":"article","og_title":"Neonazis bedrohen alternative Projekte - St\u00f6rungsmelder","og_description":"Immer brutaler und hinterh\u00e4ltiger agieren bayerische Neonazis wenn es um das Bedrohen, Einsch\u00fcchtern und Ausschalten vermeintlicher politischer Gegner geht. War fr\u00fcher noch das Stereotyp vom Springerstiefel tragenden Glatzkopf verbreitet, der betrunken Migranten und Punks anp\u00f6belt, zeichnet sich seit einiger Zeit eine Reihe von brutalen k\u00f6rperlichen Angriffen auf Journalisten, Antifaschisten und alle anderen, die nicht ins [&hellip;]","og_url":"https:\/\/blog.zeit.de\/stoerungsmelder\/2013\/05\/21\/neonazis-bedrohen-alternative-projekte_12883","og_site_name":"St\u00f6rungsmelder","article_published_time":"2013-05-21T18:53:24+00:00","article_modified_time":"2013-05-22T11:54:53+00:00","og_image":[{"url":"https:\/\/blog.zeit.de\/stoerungsmelder\/files\/2013\/05\/benario-ligsalz.jpg"}],"author":"Tim Karlson","twitter_card":"summary_large_image","twitter_misc":{"Geschrieben von":"Tim Karlson","Gesch\u00e4tzte Lesezeit":"4\u00a0Minuten"},"schema":{"@context":"https:\/\/schema.org","@graph":[{"@type":"WebPage","@id":"https:\/\/blog.zeit.de\/stoerungsmelder\/2013\/05\/21\/neonazis-bedrohen-alternative-projekte_12883","url":"https:\/\/blog.zeit.de\/stoerungsmelder\/2013\/05\/21\/neonazis-bedrohen-alternative-projekte_12883","name":"Neonazis bedrohen alternative Projekte - St\u00f6rungsmelder","isPartOf":{"@id":"https:\/\/blog.zeit.de\/stoerungsmelder\/#website"},"datePublished":"2013-05-21T18:53:24+00:00","dateModified":"2013-05-22T11:54:53+00:00","author":{"@id":"https:\/\/blog.zeit.de\/stoerungsmelder\/#\/schema\/person\/6213e77cfbd19f5fb499b7d929cb648e"},"breadcrumb":{"@id":"https:\/\/blog.zeit.de\/stoerungsmelder\/2013\/05\/21\/neonazis-bedrohen-alternative-projekte_12883#breadcrumb"},"inLanguage":"de","potentialAction":[{"@type":"ReadAction","target":["https:\/\/blog.zeit.de\/stoerungsmelder\/2013\/05\/21\/neonazis-bedrohen-alternative-projekte_12883"]}]},{"@type":"BreadcrumbList","@id":"https:\/\/blog.zeit.de\/stoerungsmelder\/2013\/05\/21\/neonazis-bedrohen-alternative-projekte_12883#breadcrumb","itemListElement":[{"@type":"ListItem","position":1,"name":"Startseite","item":"https:\/\/blog.zeit.de\/stoerungsmelder"},{"@type":"ListItem","position":2,"name":"Neonazis bedrohen alternative Projekte"}]},{"@type":"WebSite","@id":"https:\/\/blog.zeit.de\/stoerungsmelder\/#website","url":"https:\/\/blog.zeit.de\/stoerungsmelder\/","name":"St\u00f6rungsmelder","description":"Recherchen und Analysen \u00fcber die extreme Rechte","potentialAction":[{"@type":"SearchAction","target":{"@type":"EntryPoint","urlTemplate":"https:\/\/blog.zeit.de\/stoerungsmelder\/?s={search_term_string}"},"query-input":"required name=search_term_string"}],"inLanguage":"de"},{"@type":"Person","@id":"https:\/\/blog.zeit.de\/stoerungsmelder\/#\/schema\/person\/6213e77cfbd19f5fb499b7d929cb648e","name":"Tim Karlson","image":{"@type":"ImageObject","inLanguage":"de","@id":"https:\/\/blog.zeit.de\/stoerungsmelder\/#\/schema\/person\/image\/","url":"https:\/\/secure.gravatar.com\/avatar\/d21cffd37820a8f835bf107e861848c92149a0261105fb54e4e9cf0f6560e4d9?s=96&d=mm&r=pg","contentUrl":"https:\/\/secure.gravatar.com\/avatar\/d21cffd37820a8f835bf107e861848c92149a0261105fb54e4e9cf0f6560e4d9?s=96&d=mm&r=pg","caption":"Tim Karlson"},"sameAs":["http:\/\/www.flickr.com\/photos\/timkarlson\/"],"url":"https:\/\/blog.zeit.de\/stoerungsmelder\/author\/timkarlson"}]}},"jetpack_featured_media_url":"","jetpack_sharing_enabled":true,"_links":{"self":[{"href":"https:\/\/blog.zeit.de\/stoerungsmelder\/wp-json\/wp\/v2\/posts\/12883","targetHints":{"allow":["GET"]}}],"collection":[{"href":"https:\/\/blog.zeit.de\/stoerungsmelder\/wp-json\/wp\/v2\/posts"}],"about":[{"href":"https:\/\/blog.zeit.de\/stoerungsmelder\/wp-json\/wp\/v2\/types\/post"}],"author":[{"embeddable":true,"href":"https:\/\/blog.zeit.de\/stoerungsmelder\/wp-json\/wp\/v2\/users\/379"}],"replies":[{"embeddable":true,"href":"https:\/\/blog.zeit.de\/stoerungsmelder\/wp-json\/wp\/v2\/comments?post=12883"}],"version-history":[{"count":15,"href":"https:\/\/blog.zeit.de\/stoerungsmelder\/wp-json\/wp\/v2\/posts\/12883\/revisions"}],"predecessor-version":[{"id":12954,"href":"https:\/\/blog.zeit.de\/stoerungsmelder\/wp-json\/wp\/v2\/posts\/12883\/revisions\/12954"}],"wp:attachment":[{"href":"https:\/\/blog.zeit.de\/stoerungsmelder\/wp-json\/wp\/v2\/media?parent=12883"}],"wp:term":[{"taxonomy":"category","embeddable":true,"href":"https:\/\/blog.zeit.de\/stoerungsmelder\/wp-json\/wp\/v2\/categories?post=12883"},{"taxonomy":"post_tag","embeddable":true,"href":"https:\/\/blog.zeit.de\/stoerungsmelder\/wp-json\/wp\/v2\/tags?post=12883"}],"curies":[{"name":"wp","href":"https:\/\/api.w.org\/{rel}","templated":true}]}}