{"id":12909,"date":"2013-05-30T15:00:24","date_gmt":"2013-05-30T13:00:24","guid":{"rendered":"http:\/\/blog.zeit.de\/stoerungsmelder\/?p=12909"},"modified":"2013-05-30T21:37:03","modified_gmt":"2013-05-30T19:37:03","slug":"die-zukunft-der-fluchtlinge-in-berlin","status":"publish","type":"post","link":"https:\/\/blog.zeit.de\/stoerungsmelder\/2013\/05\/30\/die-zukunft-der-fluchtlinge-in-berlin_12909","title":{"rendered":"Die Zukunft der Fl\u00fcchtlinge in Berlin"},"content":{"rendered":"<p><figure id=\"attachment_12946\" aria-describedby=\"caption-attachment-12946\" style=\"width: 580px\" class=\"wp-caption aligncenter\"><a href=\"https:\/\/blog.zeit.de\/stoerungsmelder\/files\/2013\/05\/P1020653.jpg\"><img loading=\"lazy\" decoding=\"async\" class=\"size-full wp-image-12946\" alt=\"Fl\u00fcchtlinge und Unterst\u00fctzer demonstrieren am 23.M\u00e4rz 2013 bei Minusgraden in Berlin f\u00fcr die Forderungen der Asylbewerber \u00a9 Caro Lobig\" src=\"https:\/\/blog.zeit.de\/stoerungsmelder\/files\/2013\/05\/P1020653.jpg\" width=\"580\" height=\"300\" srcset=\"https:\/\/blog.zeit.de\/stoerungsmelder\/files\/2013\/05\/P1020653.jpg 580w, https:\/\/blog.zeit.de\/stoerungsmelder\/files\/2013\/05\/P1020653-300x155.jpg 300w\" sizes=\"auto, (max-width: 580px) 100vw, 580px\" \/><\/a><figcaption id=\"caption-attachment-12946\" class=\"wp-caption-text\">Fl\u00fcchtlinge und Unterst\u00fctzer demonstrieren am 23.M\u00e4rz 2013 bei Minusgraden in Berlin f\u00fcr die Forderungen der Asylbewerber \u00a9 Caro Lobig<\/figcaption><\/figure><\/p>\n<p>Mehr \u00d6ffentlichkeit, die Einschr\u00e4nkung der Residenzpflicht, Unterst\u00fctzung aus der Gesellschaft: Der Refugee Protest hat nach \u00fcber einem Jahr mit vielen \u00f6ffentlichen Aktionen einiges ge\u00e4ndert. Doch die meisten Asylbewerber haben nach wie vor keine Perspektive in ihrem Leben. Beteiligte des Refugee Camp \u00e4u\u00dfern W\u00fcnsche und Ideen f\u00fcr die Zukunft der Fl\u00fcchtlinge in Berlin.<!--more--><\/p>\n<div class=\"zol_video aud_narrow aud710130302624\"><\/div>\n<p class=\"size-thumbnail wp-image-12612 \">Die <a href=\"https:\/\/blog.zeit.de\/stoerungsmelder\/2013\/03\/30\/fluchtlingsprotestler-halten-deutschland-den-spiegel-vor_12330\" target=\"_blank\">Gr\u00fcnen-Politikerin im Abgeordnetenhaus<\/a> Berlin hat die Fl\u00fcchtlinge des <a href=\"https:\/\/blog.zeit.de\/stoerungsmelder\/2013\/02\/23\/protestwelle-schreibt-geschichte_11571\" target=\"_blank\">refugee protest<\/a> w\u00e4hrend dem Hungerstreik und auch bei nachfolgenden Protesten unterst\u00fctzt. Sie w\u00fcnscht sich, dass auch Fl\u00fcchtlinge in Deutschland ihr Leben selbst bestimmen und gl\u00fccklich sein d\u00fcrfen.<\/p>\n<div class=\"zol_video aud_narrow aud955909738636\"><\/div>\n<p>Der Berliner Abgeordnete der Piratenpartei setzt sich mit seinen Kollegen auf politischer Ebene<a href=\"https:\/\/blog.zeit.de\/stoerungsmelder\/2013\/04\/18\/die-wollen-kampfen-die-wollen-das-wirklich_12609\" target=\"_blank\">\u00a0gegen ungerechte Gesetze f\u00fcr Fl\u00fcchtlinge<\/a>\u00a0ein. Bei Aktionen des refugee camp ist er oft dabei, um vor Ort zu helfen und mit den Betroffenen zu sprechen. Er w\u00fcnscht sich, dass die Gesellschaft in Deutschland die Forderungen von Asylsuchenden unterst\u00fctzt und ihre Macht auf der Stra\u00dfe entfaltet.<\/p>\n<div class=\"zol_video aud_narrow aud300528789155\"><\/div>\n<p>Der Unterst\u00fctzer kam erst im letzten Herbst nach Berlin und hat sich sofort f\u00fcr den Refugee Protest der Asylbewerber engagiert. Er w\u00fcnscht sich, dass noch mehr B\u00fcrger den pers\u00f6nlichen Kontakt zu Fl\u00fcchtlingen suchen und ihnen damit helfen, Teil der Gesellschaft zu werden.<\/p>\n<div class=\"zol_video aud_narrow aud393133610495\"><\/div>\n<p>Der Enth\u00fcllungsjournalist aus K\u00f6ln hat in seinen Rollen <a href=\"https:\/\/blog.zeit.de\/stoerungsmelder\/2013\/05\/29\/wallraff-hat-grosen-respekt-vor-dem-protest-der-fluchtlinge_13057\" target=\"_blank\">schon einige Missst\u00e4nde in der Gesellschaft aufgedeckt<\/a>. Der 70-J\u00e4hrige ist auch mal in die Rolle eines somalischen Fl\u00fcchtlings geschl\u00fcpft und kennt die Zust\u00e4nde in Fl\u00fcchtlingsheimen. Er sucht den direkten Kontakt zu ausgegrenzten Menschen und w\u00fcnscht sich, dass auch mehr Menschen in der Gesellschaft Fl\u00fcchtlinge unterst\u00fctzen \u2013 zum Beispiel, indem sie Patenschaften \u00fcbernehmen.<\/p>\n<div class=\"zol_video aud_narrow aud422549202292\"><\/div>\n<p class=\"size-thumbnail wp-image-12894\">Der Fraktionsvorsitzende der Piraten im Berliner Abgeordnetenhaus spricht sich gegen die bestehende Asylpolitik in Deutschland aus. Er kritisiert, dass die deutsche Gesetzgebung die Asylbewerber dazu zwingt, sich in die Illegalit\u00e4t zu fl\u00fcchten. Lauer w\u00fcnscht sich, dass die Fl\u00fcchtlinge eine Chance bekommen, sich zu integrieren und unsere Gesellschaft zu bereichern.<\/p>\n<div class=\"zol_video aud_narrow aud289050703469\"><\/div>\n<p>Der Unternehmer aus Berlin reist in L\u00e4nder wie Kurdistan, um sich dort ein Bild von der Lage der Fl\u00fcchtlinge zu machen. Beim Hungerstreik am Brandenburger Tor hat er mit den Asylbewerbern gesprochen, dar\u00fcber <a href=\"http:\/\/ennolenze.de\/tag\/refugeecamp\/\" target=\"_blank\">gebloggt<\/a> und <a href=\"http:\/\/www.flickr.com\/photos\/handverbrennung\/sets\/72157631886441309\/\" target=\"_blank\">Fotos<\/a> gemacht. Er w\u00fcnscht sich, dass die Fl\u00fcchtlinge nicht weiterhin von einer Ecke zur anderen geschoben werden, sondern in Ruhe in Deutschland leben k\u00f6nnen, bis sich die Situation in ihrem Heimatland beruhigt hat.<\/p>\n<div class=\"zol_video aud_narrow aud983599103880\"><\/div>\n<p class=\"size-thumbnail wp-image-12902\">Mina ist 21, hat im Iran Architektur studiert und lebt mit ihrer Familie seit vier Jahren in Fl\u00fcchtlingslagern in Deutschland. Sie musste mit ihrer Mutter und ihrer Schwester 2009 nach dem Wahlputsch von Pr\u00e4sident Ahmadinedschad <a href=\"https:\/\/blog.zeit.de\/stoerungsmelder\/2013\/03\/21\/hier-geht-unser-leben-kaputt_12164\" target=\"_blank\">fl\u00fcchten, weil sie gegen ihn demonstriert hat<\/a> und die Familie verfolgt wurde. Die Iranerin w\u00fcnscht sich, besser Deutsch zu lernen, zu studieren und wie ein normaler Mensch ohne Angst leben.<\/p>\n<div class=\"zol_video aud_narrow aud498247286499\"><\/div>\n<p>Die Piratin hat den refugee protest w\u00e4hrend dem Hungerstreik am Brandenburger Tor <a href=\"https:\/\/blog.zeit.de\/stoerungsmelder\/2013\/03\/06\/aus-solidaritat-mit-den-fluchtlingen_11749#more-11749\" target=\"_blank\">Tag und Nacht unterst\u00fctzt<\/a>. Gemeinsam mit den Fl\u00fcchtlingen demonstriert sie gegen soziale Ausgrenzung und Rassismus sowie f\u00fcr die Forderungen der Asylbewerber. Sie w\u00fcnscht sich, dass die Fl\u00fcchtlinge eine Schulbildung bekommen, Deutsch lernen und arbeiten d\u00fcrfen und die Bedingungen in den Fl\u00fcchtlingslagern sich verbessern.<\/p>\n<div class=\"zol_video aud_narrow aud244736005587\"><\/div>\n<p>Als Sprecher der Polizei in Berlin musste Redlich <a href=\"https:\/\/blog.zeit.de\/stoerungsmelder\/2013\/03\/22\/die-demonstranten-waren-konfliktbereit_12188#more-12188\" target=\"_blank\">w\u00e4hrend des Refugee Protest vor der Presse rechtfertigen<\/a>, wie die Polizisten die Versammlungsauflagen durchgesetzt haben. Er w\u00fcnscht sich, dass Aktivisten und Polizisten bei den n\u00e4chsten Demonstrationen kooperativer zusammen kommen.<\/p>\n<div class=\"zol_video aud_narrow aud953956998690\"><\/div>\n<p>Als Unterst\u00fctzer des refugee camp meldet Stegemann f\u00fcr die Fl\u00fcchtlinge die Demonstrationen bei der Polizei an und <a href=\"https:\/\/blog.zeit.de\/stoerungsmelder\/2013\/05\/03\/in-diesem-system-braucht-reichtum-armut_12682\" target=\"_blank\">vermittelt zwischen Aktivisten und Beh\u00f6rden<\/a>. Er w\u00fcnscht den Gefl\u00fcchteten weiterhin viel Kraft f\u00fcr ihre Vorhaben und <a href=\"https:\/\/blog.zeit.de\/stoerungsmelder\/2013\/04\/02\/3000-demonstranten-fur-die-rechte-der-fluchtlinge_12398#more-12398\" target=\"_blank\">Solidarit\u00e4t aus der Gesellschaft<\/a>.<\/p>\n<p><em>Das war der 22. und letzte Teil meiner\u00a0<a href=\"https:\/\/blog.zeit.de\/stoerungsmelder\/2013\/02\/21\/wie-fluchtlinge-in-berlin-fur-ihre-rechte-kampfen_11563\" target=\"_blank\">Artikel-Serie\u00a0<\/a>\u00fcber das <a href=\"https:\/\/blog.zeit.de\/stoerungsmelder\/author\/carolobig\" target=\"_blank\">Refugee Camp Berlin<\/a>.<\/em><\/p>\n","protected":false},"excerpt":{"rendered":"<p>Mehr \u00d6ffentlichkeit, die Einschr\u00e4nkung der Residenzpflicht, Unterst\u00fctzung aus der Gesellschaft: Der Refugee Protest hat nach \u00fcber einem Jahr mit vielen \u00f6ffentlichen Aktionen einiges ge\u00e4ndert. Doch die meisten Asylbewerber haben nach wie vor keine Perspektive in ihrem Leben. Beteiligte des Refugee Camp \u00e4u\u00dfern W\u00fcnsche und Ideen f\u00fcr die Zukunft der Fl\u00fcchtlinge in Berlin.<\/p>\n","protected":false},"author":396,"featured_media":0,"comment_status":"open","ping_status":"open","sticky":false,"template":"","format":"standard","meta":{"_jetpack_memberships_contains_paid_content":false,"footnotes":""},"categories":[249],"tags":[28114,26468,17854,26499,26592,39401,24592,1381,28116,2158,908,28119,28123,166,26595,28117,997,28120,991,97,26594,26500,26489,28121,28118],"class_list":["post-12909","post","type-post","status-publish","format-standard","hentry","category-berlin","tag-abgeordnetenhaus","tag-ahmadinedschad","tag-asylpolitik","tag-asylsuchende","tag-bayram","tag-berlin","tag-brandenburger-tor","tag-deutsch","tag-dorn","tag-fluchtlinge","tag-grune","tag-hofinghoff","tag-hungerstreik","tag-iran","tag-lenze","tag-peter","tag-piraten","tag-politische-verfolung","tag-polizei","tag-rassismus","tag-redlich","tag-refugee-camp","tag-refugee-protest","tag-schuldbildung","tag-stegemann"],"yoast_head":"<!-- This site is optimized with the Yoast SEO plugin v21.0 - https:\/\/yoast.com\/wordpress\/plugins\/seo\/ -->\n<title>Die Zukunft der Fl\u00fcchtlinge in Berlin - St\u00f6rungsmelder<\/title>\n<meta name=\"robots\" content=\"index, follow, max-snippet:-1, max-image-preview:large, max-video-preview:-1\" \/>\n<link rel=\"canonical\" href=\"https:\/\/blog.zeit.de\/stoerungsmelder\/2013\/05\/30\/die-zukunft-der-fluchtlinge-in-berlin_12909\" \/>\n<meta property=\"og:locale\" content=\"de_DE\" \/>\n<meta property=\"og:type\" content=\"article\" \/>\n<meta property=\"og:title\" content=\"Die Zukunft der Fl\u00fcchtlinge in Berlin - St\u00f6rungsmelder\" \/>\n<meta property=\"og:description\" content=\"Mehr \u00d6ffentlichkeit, die Einschr\u00e4nkung der Residenzpflicht, Unterst\u00fctzung aus der Gesellschaft: Der Refugee Protest hat nach \u00fcber einem Jahr mit vielen \u00f6ffentlichen Aktionen einiges ge\u00e4ndert. Doch die meisten Asylbewerber haben nach wie vor keine Perspektive in ihrem Leben. Beteiligte des Refugee Camp \u00e4u\u00dfern W\u00fcnsche und Ideen f\u00fcr die Zukunft der Fl\u00fcchtlinge in Berlin.\" \/>\n<meta property=\"og:url\" content=\"https:\/\/blog.zeit.de\/stoerungsmelder\/2013\/05\/30\/die-zukunft-der-fluchtlinge-in-berlin_12909\" \/>\n<meta property=\"og:site_name\" content=\"St\u00f6rungsmelder\" \/>\n<meta property=\"article:published_time\" content=\"2013-05-30T13:00:24+00:00\" \/>\n<meta property=\"article:modified_time\" content=\"2013-05-30T19:37:03+00:00\" \/>\n<meta property=\"og:image\" content=\"https:\/\/blog.zeit.de\/stoerungsmelder\/files\/2013\/05\/P1020653.jpg\" \/>\n<meta name=\"author\" content=\"Caro Lobig\" \/>\n<meta name=\"twitter:card\" content=\"summary_large_image\" \/>\n<meta name=\"twitter:label1\" content=\"Geschrieben von\" \/>\n\t<meta name=\"twitter:data1\" content=\"Caro Lobig\" \/>\n\t<meta name=\"twitter:label2\" content=\"Gesch\u00e4tzte Lesezeit\" \/>\n\t<meta name=\"twitter:data2\" content=\"3\u00a0Minuten\" \/>\n<script type=\"application\/ld+json\" class=\"yoast-schema-graph\">{\"@context\":\"https:\/\/schema.org\",\"@graph\":[{\"@type\":\"WebPage\",\"@id\":\"https:\/\/blog.zeit.de\/stoerungsmelder\/2013\/05\/30\/die-zukunft-der-fluchtlinge-in-berlin_12909\",\"url\":\"https:\/\/blog.zeit.de\/stoerungsmelder\/2013\/05\/30\/die-zukunft-der-fluchtlinge-in-berlin_12909\",\"name\":\"Die Zukunft der Fl\u00fcchtlinge in Berlin - St\u00f6rungsmelder\",\"isPartOf\":{\"@id\":\"https:\/\/blog.zeit.de\/stoerungsmelder\/#website\"},\"datePublished\":\"2013-05-30T13:00:24+00:00\",\"dateModified\":\"2013-05-30T19:37:03+00:00\",\"author\":{\"@id\":\"https:\/\/blog.zeit.de\/stoerungsmelder\/#\/schema\/person\/f3e6c1490ea5dfff0be6231854ccb666\"},\"breadcrumb\":{\"@id\":\"https:\/\/blog.zeit.de\/stoerungsmelder\/2013\/05\/30\/die-zukunft-der-fluchtlinge-in-berlin_12909#breadcrumb\"},\"inLanguage\":\"de\",\"potentialAction\":[{\"@type\":\"ReadAction\",\"target\":[\"https:\/\/blog.zeit.de\/stoerungsmelder\/2013\/05\/30\/die-zukunft-der-fluchtlinge-in-berlin_12909\"]}]},{\"@type\":\"BreadcrumbList\",\"@id\":\"https:\/\/blog.zeit.de\/stoerungsmelder\/2013\/05\/30\/die-zukunft-der-fluchtlinge-in-berlin_12909#breadcrumb\",\"itemListElement\":[{\"@type\":\"ListItem\",\"position\":1,\"name\":\"Startseite\",\"item\":\"https:\/\/blog.zeit.de\/stoerungsmelder\"},{\"@type\":\"ListItem\",\"position\":2,\"name\":\"Die Zukunft der Fl\u00fcchtlinge in Berlin\"}]},{\"@type\":\"WebSite\",\"@id\":\"https:\/\/blog.zeit.de\/stoerungsmelder\/#website\",\"url\":\"https:\/\/blog.zeit.de\/stoerungsmelder\/\",\"name\":\"St\u00f6rungsmelder\",\"description\":\"Recherchen und Analysen \u00fcber die extreme Rechte\",\"potentialAction\":[{\"@type\":\"SearchAction\",\"target\":{\"@type\":\"EntryPoint\",\"urlTemplate\":\"https:\/\/blog.zeit.de\/stoerungsmelder\/?s={search_term_string}\"},\"query-input\":\"required name=search_term_string\"}],\"inLanguage\":\"de\"},{\"@type\":\"Person\",\"@id\":\"https:\/\/blog.zeit.de\/stoerungsmelder\/#\/schema\/person\/f3e6c1490ea5dfff0be6231854ccb666\",\"name\":\"Caro Lobig\",\"image\":{\"@type\":\"ImageObject\",\"inLanguage\":\"de\",\"@id\":\"https:\/\/blog.zeit.de\/stoerungsmelder\/#\/schema\/person\/image\/\",\"url\":\"https:\/\/secure.gravatar.com\/avatar\/11e4070eb0d2dee2201c53b4642a1890cde21277959bf7e82b5e62a69720b0fe?s=96&d=mm&r=pg\",\"contentUrl\":\"https:\/\/secure.gravatar.com\/avatar\/11e4070eb0d2dee2201c53b4642a1890cde21277959bf7e82b5e62a69720b0fe?s=96&d=mm&r=pg\",\"caption\":\"Caro Lobig\"},\"sameAs\":[\"http:\/\/www.caro-lobig.de\"],\"url\":\"https:\/\/blog.zeit.de\/stoerungsmelder\/author\/carolobig\"}]}<\/script>\n<!-- \/ Yoast SEO plugin. -->","yoast_head_json":{"title":"Die Zukunft der Fl\u00fcchtlinge in Berlin - St\u00f6rungsmelder","robots":{"index":"index","follow":"follow","max-snippet":"max-snippet:-1","max-image-preview":"max-image-preview:large","max-video-preview":"max-video-preview:-1"},"canonical":"https:\/\/blog.zeit.de\/stoerungsmelder\/2013\/05\/30\/die-zukunft-der-fluchtlinge-in-berlin_12909","og_locale":"de_DE","og_type":"article","og_title":"Die Zukunft der Fl\u00fcchtlinge in Berlin - St\u00f6rungsmelder","og_description":"Mehr \u00d6ffentlichkeit, die Einschr\u00e4nkung der Residenzpflicht, Unterst\u00fctzung aus der Gesellschaft: Der Refugee Protest hat nach \u00fcber einem Jahr mit vielen \u00f6ffentlichen Aktionen einiges ge\u00e4ndert. Doch die meisten Asylbewerber haben nach wie vor keine Perspektive in ihrem Leben. Beteiligte des Refugee Camp \u00e4u\u00dfern W\u00fcnsche und Ideen f\u00fcr die Zukunft der Fl\u00fcchtlinge in Berlin.","og_url":"https:\/\/blog.zeit.de\/stoerungsmelder\/2013\/05\/30\/die-zukunft-der-fluchtlinge-in-berlin_12909","og_site_name":"St\u00f6rungsmelder","article_published_time":"2013-05-30T13:00:24+00:00","article_modified_time":"2013-05-30T19:37:03+00:00","og_image":[{"url":"https:\/\/blog.zeit.de\/stoerungsmelder\/files\/2013\/05\/P1020653.jpg"}],"author":"Caro Lobig","twitter_card":"summary_large_image","twitter_misc":{"Geschrieben von":"Caro Lobig","Gesch\u00e4tzte Lesezeit":"3\u00a0Minuten"},"schema":{"@context":"https:\/\/schema.org","@graph":[{"@type":"WebPage","@id":"https:\/\/blog.zeit.de\/stoerungsmelder\/2013\/05\/30\/die-zukunft-der-fluchtlinge-in-berlin_12909","url":"https:\/\/blog.zeit.de\/stoerungsmelder\/2013\/05\/30\/die-zukunft-der-fluchtlinge-in-berlin_12909","name":"Die Zukunft der Fl\u00fcchtlinge in Berlin - St\u00f6rungsmelder","isPartOf":{"@id":"https:\/\/blog.zeit.de\/stoerungsmelder\/#website"},"datePublished":"2013-05-30T13:00:24+00:00","dateModified":"2013-05-30T19:37:03+00:00","author":{"@id":"https:\/\/blog.zeit.de\/stoerungsmelder\/#\/schema\/person\/f3e6c1490ea5dfff0be6231854ccb666"},"breadcrumb":{"@id":"https:\/\/blog.zeit.de\/stoerungsmelder\/2013\/05\/30\/die-zukunft-der-fluchtlinge-in-berlin_12909#breadcrumb"},"inLanguage":"de","potentialAction":[{"@type":"ReadAction","target":["https:\/\/blog.zeit.de\/stoerungsmelder\/2013\/05\/30\/die-zukunft-der-fluchtlinge-in-berlin_12909"]}]},{"@type":"BreadcrumbList","@id":"https:\/\/blog.zeit.de\/stoerungsmelder\/2013\/05\/30\/die-zukunft-der-fluchtlinge-in-berlin_12909#breadcrumb","itemListElement":[{"@type":"ListItem","position":1,"name":"Startseite","item":"https:\/\/blog.zeit.de\/stoerungsmelder"},{"@type":"ListItem","position":2,"name":"Die Zukunft der Fl\u00fcchtlinge in Berlin"}]},{"@type":"WebSite","@id":"https:\/\/blog.zeit.de\/stoerungsmelder\/#website","url":"https:\/\/blog.zeit.de\/stoerungsmelder\/","name":"St\u00f6rungsmelder","description":"Recherchen und Analysen \u00fcber die extreme Rechte","potentialAction":[{"@type":"SearchAction","target":{"@type":"EntryPoint","urlTemplate":"https:\/\/blog.zeit.de\/stoerungsmelder\/?s={search_term_string}"},"query-input":"required name=search_term_string"}],"inLanguage":"de"},{"@type":"Person","@id":"https:\/\/blog.zeit.de\/stoerungsmelder\/#\/schema\/person\/f3e6c1490ea5dfff0be6231854ccb666","name":"Caro Lobig","image":{"@type":"ImageObject","inLanguage":"de","@id":"https:\/\/blog.zeit.de\/stoerungsmelder\/#\/schema\/person\/image\/","url":"https:\/\/secure.gravatar.com\/avatar\/11e4070eb0d2dee2201c53b4642a1890cde21277959bf7e82b5e62a69720b0fe?s=96&d=mm&r=pg","contentUrl":"https:\/\/secure.gravatar.com\/avatar\/11e4070eb0d2dee2201c53b4642a1890cde21277959bf7e82b5e62a69720b0fe?s=96&d=mm&r=pg","caption":"Caro Lobig"},"sameAs":["http:\/\/www.caro-lobig.de"],"url":"https:\/\/blog.zeit.de\/stoerungsmelder\/author\/carolobig"}]}},"jetpack_featured_media_url":"","jetpack_sharing_enabled":true,"_links":{"self":[{"href":"https:\/\/blog.zeit.de\/stoerungsmelder\/wp-json\/wp\/v2\/posts\/12909","targetHints":{"allow":["GET"]}}],"collection":[{"href":"https:\/\/blog.zeit.de\/stoerungsmelder\/wp-json\/wp\/v2\/posts"}],"about":[{"href":"https:\/\/blog.zeit.de\/stoerungsmelder\/wp-json\/wp\/v2\/types\/post"}],"author":[{"embeddable":true,"href":"https:\/\/blog.zeit.de\/stoerungsmelder\/wp-json\/wp\/v2\/users\/396"}],"replies":[{"embeddable":true,"href":"https:\/\/blog.zeit.de\/stoerungsmelder\/wp-json\/wp\/v2\/comments?post=12909"}],"version-history":[{"count":52,"href":"https:\/\/blog.zeit.de\/stoerungsmelder\/wp-json\/wp\/v2\/posts\/12909\/revisions"}],"predecessor-version":[{"id":13128,"href":"https:\/\/blog.zeit.de\/stoerungsmelder\/wp-json\/wp\/v2\/posts\/12909\/revisions\/13128"}],"wp:attachment":[{"href":"https:\/\/blog.zeit.de\/stoerungsmelder\/wp-json\/wp\/v2\/media?parent=12909"}],"wp:term":[{"taxonomy":"category","embeddable":true,"href":"https:\/\/blog.zeit.de\/stoerungsmelder\/wp-json\/wp\/v2\/categories?post=12909"},{"taxonomy":"post_tag","embeddable":true,"href":"https:\/\/blog.zeit.de\/stoerungsmelder\/wp-json\/wp\/v2\/tags?post=12909"}],"curies":[{"name":"wp","href":"https:\/\/api.w.org\/{rel}","templated":true}]}}