{"id":12957,"date":"2013-05-21T12:27:29","date_gmt":"2013-05-21T10:27:29","guid":{"rendered":"http:\/\/blog.zeit.de\/stoerungsmelder\/?p=12957"},"modified":"2013-05-21T20:46:04","modified_gmt":"2013-05-21T18:46:04","slug":"rechtsrockkonzert-in-finowfurt-abgebrochen","status":"publish","type":"post","link":"https:\/\/blog.zeit.de\/stoerungsmelder\/2013\/05\/21\/rechtsrockkonzert-in-finowfurt-abgebrochen_12957","title":{"rendered":"Rechtsrockkonzert in Finowfurt abgebrochen"},"content":{"rendered":"<p><a href=\"https:\/\/blog.zeit.de\/stoerungsmelder\/2013\/05\/21\/rechtsrockkonzert-in-finowfurt-abgebrochen_12957\/header-3\" rel=\"attachment wp-att-12958\"><img loading=\"lazy\" decoding=\"async\" class=\"aligncenter size-full wp-image-12958\" alt=\"header\" src=\"https:\/\/blog.zeit.de\/stoerungsmelder\/files\/2013\/05\/header.jpg\" width=\"578\" height=\"148\" srcset=\"https:\/\/blog.zeit.de\/stoerungsmelder\/files\/2013\/05\/header.jpg 780w, https:\/\/blog.zeit.de\/stoerungsmelder\/files\/2013\/05\/header-300x76.jpg 300w\" sizes=\"auto, (max-width: 578px) 100vw, 578px\" \/><\/a><\/p>\n<p>Das Rechtsrockkonzert in Finowfurt wurde am Samstagabend gegen 21 Uhr vorzeitig abgebrochen. Mehrere Konzertbesucher hatten zuvor den Hitlergru\u00df gezeigt.<!--more--><\/p>\n<p><em>Von <a href=\"http:\/\/www.tagesspiegel.de\/berlin\/brandenburg\/nach-mehrfachem-zeigen-des-hitlergrusses-rechtsrockkonzert-in-finowfurt-abgebrochen-\/8227196.html\" target=\"_blank\">Tagesspiegel<\/a>-Autor Timo Kather<\/em><\/p>\n<p>Eigentlich sollte das Rechtsrockkonzert, das der brandenburgische Parteichef von &#8222;Die Rechte&#8220;, Klaus Mann, auf seinem Grundst\u00fcck veranstaltet hatte, bis 22 Uhr gehen. &#8222;Nachdem im Verlauf des Abends mehrere Besucher des Konzerts den Hitlergru\u00df gezeigt hatten, haben wir uns zum Abbruch entschlossen&#8220;, so Peter Salender, Sprecher der Polizeidirektion Ost in Brandenburg.<\/p>\n<p>Die Entscheidung sei dem Veranstalter mitgeteilt worden, dieser habe die Musik abgestellt und den Abbruch des Konzerts \u00fcber die Lautsprecheranlage verk\u00fcndet. Die rund 550 Neonazis auf dem Gel\u00e4nde seien friedlich in ihre Autos gestiegen und h\u00e4tten den Heimweg angetreten. &#8222;Deutlich vor 22 Uhr hatten alle G\u00e4ste das Gel\u00e4nde verlassen&#8220;, sagte Salender. Zu Auseinandersetzungen zwischen Neonazis und Polizisten sei es gl\u00fccklicherweise nicht gekommen.<\/p>\n","protected":false},"excerpt":{"rendered":"<p>Das Rechtsrockkonzert in Finowfurt wurde am Samstagabend gegen 21 Uhr vorzeitig abgebrochen. Mehrere Konzertbesucher hatten zuvor den Hitlergru\u00df gezeigt.<\/p>\n","protected":false},"author":229,"featured_media":0,"comment_status":"open","ping_status":"open","sticky":false,"template":"","format":"standard","meta":{"_jetpack_memberships_contains_paid_content":false,"footnotes":""},"categories":[1451],"tags":[28132,28131,28133,1752,1765],"class_list":["post-12957","post","type-post","status-publish","format-standard","hentry","category-brandenburg","tag-finowfurt","tag-klaus-mann","tag-nazikonzert","tag-protest","tag-rechtsrock"],"yoast_head":"<!-- This site is optimized with the Yoast SEO plugin v21.0 - https:\/\/yoast.com\/wordpress\/plugins\/seo\/ -->\n<title>Rechtsrockkonzert in Finowfurt abgebrochen - St\u00f6rungsmelder<\/title>\n<meta name=\"robots\" content=\"index, follow, max-snippet:-1, max-image-preview:large, max-video-preview:-1\" \/>\n<link rel=\"canonical\" href=\"https:\/\/blog.zeit.de\/stoerungsmelder\/2013\/05\/21\/rechtsrockkonzert-in-finowfurt-abgebrochen_12957\" \/>\n<meta property=\"og:locale\" content=\"de_DE\" \/>\n<meta property=\"og:type\" content=\"article\" \/>\n<meta property=\"og:title\" content=\"Rechtsrockkonzert in Finowfurt abgebrochen - St\u00f6rungsmelder\" \/>\n<meta property=\"og:description\" content=\"Das Rechtsrockkonzert in Finowfurt wurde am Samstagabend gegen 21 Uhr vorzeitig abgebrochen. Mehrere Konzertbesucher hatten zuvor den Hitlergru\u00df gezeigt.\" \/>\n<meta property=\"og:url\" content=\"https:\/\/blog.zeit.de\/stoerungsmelder\/2013\/05\/21\/rechtsrockkonzert-in-finowfurt-abgebrochen_12957\" \/>\n<meta property=\"og:site_name\" content=\"St\u00f6rungsmelder\" \/>\n<meta property=\"article:published_time\" content=\"2013-05-21T10:27:29+00:00\" \/>\n<meta property=\"article:modified_time\" content=\"2013-05-21T18:46:04+00:00\" \/>\n<meta property=\"og:image\" content=\"https:\/\/blog.zeit.de\/stoerungsmelder\/files\/2013\/05\/header.jpg\" \/>\n<meta name=\"author\" content=\"St\u00f6rungsmelder\" \/>\n<meta name=\"twitter:card\" content=\"summary_large_image\" \/>\n<meta name=\"twitter:label1\" content=\"Geschrieben von\" \/>\n\t<meta name=\"twitter:data1\" content=\"St\u00f6rungsmelder\" \/>\n\t<meta name=\"twitter:label2\" content=\"Gesch\u00e4tzte Lesezeit\" \/>\n\t<meta name=\"twitter:data2\" content=\"1\u00a0Minute\" \/>\n<script type=\"application\/ld+json\" class=\"yoast-schema-graph\">{\"@context\":\"https:\/\/schema.org\",\"@graph\":[{\"@type\":\"WebPage\",\"@id\":\"https:\/\/blog.zeit.de\/stoerungsmelder\/2013\/05\/21\/rechtsrockkonzert-in-finowfurt-abgebrochen_12957\",\"url\":\"https:\/\/blog.zeit.de\/stoerungsmelder\/2013\/05\/21\/rechtsrockkonzert-in-finowfurt-abgebrochen_12957\",\"name\":\"Rechtsrockkonzert in Finowfurt abgebrochen - St\u00f6rungsmelder\",\"isPartOf\":{\"@id\":\"https:\/\/blog.zeit.de\/stoerungsmelder\/#website\"},\"datePublished\":\"2013-05-21T10:27:29+00:00\",\"dateModified\":\"2013-05-21T18:46:04+00:00\",\"author\":{\"@id\":\"https:\/\/blog.zeit.de\/stoerungsmelder\/#\/schema\/person\/fdd0b9818f65738672810b6d6f037f71\"},\"breadcrumb\":{\"@id\":\"https:\/\/blog.zeit.de\/stoerungsmelder\/2013\/05\/21\/rechtsrockkonzert-in-finowfurt-abgebrochen_12957#breadcrumb\"},\"inLanguage\":\"de\",\"potentialAction\":[{\"@type\":\"ReadAction\",\"target\":[\"https:\/\/blog.zeit.de\/stoerungsmelder\/2013\/05\/21\/rechtsrockkonzert-in-finowfurt-abgebrochen_12957\"]}]},{\"@type\":\"BreadcrumbList\",\"@id\":\"https:\/\/blog.zeit.de\/stoerungsmelder\/2013\/05\/21\/rechtsrockkonzert-in-finowfurt-abgebrochen_12957#breadcrumb\",\"itemListElement\":[{\"@type\":\"ListItem\",\"position\":1,\"name\":\"Startseite\",\"item\":\"https:\/\/blog.zeit.de\/stoerungsmelder\"},{\"@type\":\"ListItem\",\"position\":2,\"name\":\"Rechtsrockkonzert in Finowfurt abgebrochen\"}]},{\"@type\":\"WebSite\",\"@id\":\"https:\/\/blog.zeit.de\/stoerungsmelder\/#website\",\"url\":\"https:\/\/blog.zeit.de\/stoerungsmelder\/\",\"name\":\"St\u00f6rungsmelder\",\"description\":\"Recherchen und Analysen \u00fcber die extreme Rechte\",\"potentialAction\":[{\"@type\":\"SearchAction\",\"target\":{\"@type\":\"EntryPoint\",\"urlTemplate\":\"https:\/\/blog.zeit.de\/stoerungsmelder\/?s={search_term_string}\"},\"query-input\":\"required name=search_term_string\"}],\"inLanguage\":\"de\"},{\"@type\":\"Person\",\"@id\":\"https:\/\/blog.zeit.de\/stoerungsmelder\/#\/schema\/person\/fdd0b9818f65738672810b6d6f037f71\",\"name\":\"St\u00f6rungsmelder\",\"image\":{\"@type\":\"ImageObject\",\"inLanguage\":\"de\",\"@id\":\"https:\/\/blog.zeit.de\/stoerungsmelder\/#\/schema\/person\/image\/\",\"url\":\"https:\/\/secure.gravatar.com\/avatar\/dfa4be514c3e82a71e4f9a0020035d38192d080ccaa5e4e6d7a1472c763535c5?s=96&d=mm&r=pg\",\"contentUrl\":\"https:\/\/secure.gravatar.com\/avatar\/dfa4be514c3e82a71e4f9a0020035d38192d080ccaa5e4e6d7a1472c763535c5?s=96&d=mm&r=pg\",\"caption\":\"St\u00f6rungsmelder\"},\"url\":\"https:\/\/blog.zeit.de\/stoerungsmelder\/author\/stoerungsmelder\"}]}<\/script>\n<!-- \/ Yoast SEO plugin. -->","yoast_head_json":{"title":"Rechtsrockkonzert in Finowfurt abgebrochen - St\u00f6rungsmelder","robots":{"index":"index","follow":"follow","max-snippet":"max-snippet:-1","max-image-preview":"max-image-preview:large","max-video-preview":"max-video-preview:-1"},"canonical":"https:\/\/blog.zeit.de\/stoerungsmelder\/2013\/05\/21\/rechtsrockkonzert-in-finowfurt-abgebrochen_12957","og_locale":"de_DE","og_type":"article","og_title":"Rechtsrockkonzert in Finowfurt abgebrochen - St\u00f6rungsmelder","og_description":"Das Rechtsrockkonzert in Finowfurt wurde am Samstagabend gegen 21 Uhr vorzeitig abgebrochen. Mehrere Konzertbesucher hatten zuvor den Hitlergru\u00df gezeigt.","og_url":"https:\/\/blog.zeit.de\/stoerungsmelder\/2013\/05\/21\/rechtsrockkonzert-in-finowfurt-abgebrochen_12957","og_site_name":"St\u00f6rungsmelder","article_published_time":"2013-05-21T10:27:29+00:00","article_modified_time":"2013-05-21T18:46:04+00:00","og_image":[{"url":"https:\/\/blog.zeit.de\/stoerungsmelder\/files\/2013\/05\/header.jpg"}],"author":"St\u00f6rungsmelder","twitter_card":"summary_large_image","twitter_misc":{"Geschrieben von":"St\u00f6rungsmelder","Gesch\u00e4tzte Lesezeit":"1\u00a0Minute"},"schema":{"@context":"https:\/\/schema.org","@graph":[{"@type":"WebPage","@id":"https:\/\/blog.zeit.de\/stoerungsmelder\/2013\/05\/21\/rechtsrockkonzert-in-finowfurt-abgebrochen_12957","url":"https:\/\/blog.zeit.de\/stoerungsmelder\/2013\/05\/21\/rechtsrockkonzert-in-finowfurt-abgebrochen_12957","name":"Rechtsrockkonzert in Finowfurt abgebrochen - St\u00f6rungsmelder","isPartOf":{"@id":"https:\/\/blog.zeit.de\/stoerungsmelder\/#website"},"datePublished":"2013-05-21T10:27:29+00:00","dateModified":"2013-05-21T18:46:04+00:00","author":{"@id":"https:\/\/blog.zeit.de\/stoerungsmelder\/#\/schema\/person\/fdd0b9818f65738672810b6d6f037f71"},"breadcrumb":{"@id":"https:\/\/blog.zeit.de\/stoerungsmelder\/2013\/05\/21\/rechtsrockkonzert-in-finowfurt-abgebrochen_12957#breadcrumb"},"inLanguage":"de","potentialAction":[{"@type":"ReadAction","target":["https:\/\/blog.zeit.de\/stoerungsmelder\/2013\/05\/21\/rechtsrockkonzert-in-finowfurt-abgebrochen_12957"]}]},{"@type":"BreadcrumbList","@id":"https:\/\/blog.zeit.de\/stoerungsmelder\/2013\/05\/21\/rechtsrockkonzert-in-finowfurt-abgebrochen_12957#breadcrumb","itemListElement":[{"@type":"ListItem","position":1,"name":"Startseite","item":"https:\/\/blog.zeit.de\/stoerungsmelder"},{"@type":"ListItem","position":2,"name":"Rechtsrockkonzert in Finowfurt abgebrochen"}]},{"@type":"WebSite","@id":"https:\/\/blog.zeit.de\/stoerungsmelder\/#website","url":"https:\/\/blog.zeit.de\/stoerungsmelder\/","name":"St\u00f6rungsmelder","description":"Recherchen und Analysen \u00fcber die extreme Rechte","potentialAction":[{"@type":"SearchAction","target":{"@type":"EntryPoint","urlTemplate":"https:\/\/blog.zeit.de\/stoerungsmelder\/?s={search_term_string}"},"query-input":"required name=search_term_string"}],"inLanguage":"de"},{"@type":"Person","@id":"https:\/\/blog.zeit.de\/stoerungsmelder\/#\/schema\/person\/fdd0b9818f65738672810b6d6f037f71","name":"St\u00f6rungsmelder","image":{"@type":"ImageObject","inLanguage":"de","@id":"https:\/\/blog.zeit.de\/stoerungsmelder\/#\/schema\/person\/image\/","url":"https:\/\/secure.gravatar.com\/avatar\/dfa4be514c3e82a71e4f9a0020035d38192d080ccaa5e4e6d7a1472c763535c5?s=96&d=mm&r=pg","contentUrl":"https:\/\/secure.gravatar.com\/avatar\/dfa4be514c3e82a71e4f9a0020035d38192d080ccaa5e4e6d7a1472c763535c5?s=96&d=mm&r=pg","caption":"St\u00f6rungsmelder"},"url":"https:\/\/blog.zeit.de\/stoerungsmelder\/author\/stoerungsmelder"}]}},"jetpack_featured_media_url":"","jetpack_sharing_enabled":true,"_links":{"self":[{"href":"https:\/\/blog.zeit.de\/stoerungsmelder\/wp-json\/wp\/v2\/posts\/12957","targetHints":{"allow":["GET"]}}],"collection":[{"href":"https:\/\/blog.zeit.de\/stoerungsmelder\/wp-json\/wp\/v2\/posts"}],"about":[{"href":"https:\/\/blog.zeit.de\/stoerungsmelder\/wp-json\/wp\/v2\/types\/post"}],"author":[{"embeddable":true,"href":"https:\/\/blog.zeit.de\/stoerungsmelder\/wp-json\/wp\/v2\/users\/229"}],"replies":[{"embeddable":true,"href":"https:\/\/blog.zeit.de\/stoerungsmelder\/wp-json\/wp\/v2\/comments?post=12957"}],"version-history":[{"count":4,"href":"https:\/\/blog.zeit.de\/stoerungsmelder\/wp-json\/wp\/v2\/posts\/12957\/revisions"}],"predecessor-version":[{"id":12961,"href":"https:\/\/blog.zeit.de\/stoerungsmelder\/wp-json\/wp\/v2\/posts\/12957\/revisions\/12961"}],"wp:attachment":[{"href":"https:\/\/blog.zeit.de\/stoerungsmelder\/wp-json\/wp\/v2\/media?parent=12957"}],"wp:term":[{"taxonomy":"category","embeddable":true,"href":"https:\/\/blog.zeit.de\/stoerungsmelder\/wp-json\/wp\/v2\/categories?post=12957"},{"taxonomy":"post_tag","embeddable":true,"href":"https:\/\/blog.zeit.de\/stoerungsmelder\/wp-json\/wp\/v2\/tags?post=12957"}],"curies":[{"name":"wp","href":"https:\/\/api.w.org\/{rel}","templated":true}]}}