{"id":12966,"date":"2013-05-21T20:07:42","date_gmt":"2013-05-21T18:07:42","guid":{"rendered":"http:\/\/blog.zeit.de\/stoerungsmelder\/?p=12966"},"modified":"2013-05-22T14:13:39","modified_gmt":"2013-05-22T12:13:39","slug":"mordserie-hatte-verhindert-werden-konnen-nsu-terrortrio-seit-dreizehn-jahren-bekannt","status":"publish","type":"post","link":"https:\/\/blog.zeit.de\/stoerungsmelder\/2013\/05\/21\/mordserie-hatte-verhindert-werden-konnen-nsu-terrortrio-seit-dreizehn-jahren-bekannt_12966","title":{"rendered":"H\u00e4tte die Mordserie verhindert werden k\u00f6nnen? NSU-Terrortrio seit dreizehn Jahren bekannt"},"content":{"rendered":"<p><figure id=\"attachment_8419\" aria-describedby=\"caption-attachment-8419\" style=\"width: 540px\" class=\"wp-caption aligncenter\"><a href=\"https:\/\/blog.zeit.de\/stoerungsmelder\/2012\/04\/15\/neonazi-schiestraining-mit-vs-spitzel_8418\/nsu-540x304\" rel=\"attachment wp-att-8419\"><img loading=\"lazy\" decoding=\"async\" class=\"size-full wp-image-8419\" alt=\"Die ausgebrannte Wohnung der NSU-Terroristen in Zwickau \u00a9 Jan Woitas\/dpa\" src=\"https:\/\/blog.zeit.de\/stoerungsmelder\/files\/2012\/04\/nsu-540x304.jpg\" width=\"540\" height=\"304\" srcset=\"https:\/\/blog.zeit.de\/stoerungsmelder\/files\/2012\/04\/nsu-540x304.jpg 540w, https:\/\/blog.zeit.de\/stoerungsmelder\/files\/2012\/04\/nsu-540x304-300x168.jpg 300w\" sizes=\"auto, (max-width: 540px) 100vw, 540px\" \/><\/a><figcaption id=\"caption-attachment-8419\" class=\"wp-caption-text\">Die ausgebrannte Wohnung der NSU-Terroristen in Zwickau \u00a9 Jan Woitas\/dpa<\/figcaption><\/figure><\/p>\n<p>Das Landesamt f\u00fcr Verfassungsschutz Sachsen informierte laut Report Mainz bereits im Jahr 2000 den damaligen Innenminister Klaus Hardraht (CDU) \u00fcber das Neonazi-Trio Uwe Mundlos, Uwe B\u00f6hnhardt und Beate Zsch\u00e4pe sowie \u00fcber vier weitere Unterst\u00fctzer. Dies geht aus einem amtlich geheim gehaltenen Dokument \u00fcber das Zwickauer Terrortrio hervor, das <a href=\"http:\/\/www.swr.de\/report\/rechter-terror\/-\/id=233454\/nid=233454\/did=11274576\/ffw44d\/index.html\" target=\"_blank\">Report Mainz<\/a> zugespielt wurde.\u00a0<!--more--><\/p>\n<p>Wie der S\u00fcdwestrundfunk (SWR) heute mitteilte, darf dieses Dokument bis heute nur in sogenannten Geheimschutzstellen der Parlamente eingesehen und nicht kopiert werden. Es enth\u00fcllt, dass das Neonazi-Trio bereits vor dreizehn Jahren innerhalb des Verfassungsschutzes Sachsen als Terrorgruppe eingestuft worden ist. In dem Dokument vom 28. April 2000 hei\u00dft es: \u201eDas Vorgehen der Gruppe (gemeint ist das Neonazi-Trio) \u00e4hnelt der Strategie terroristischer Gruppen, die durch Arbeitsteilung einen gemeinsamen Zweck verfolgen.\u201c Au\u00dferdem hei\u00dft es weiter im Dokument: Zweck der Vereinigung sei es, \u201eschwere Straftaten gegen die freiheitlich demokratische Grundordnung zu begehen\u201c. Und: Bei dem Trio w\u00e4re \u201eeine deutliche Steigerung der Intensit\u00e4t bis hin zu schwersten Straftaten feststellbar.\u201c<\/p>\n<p><strong>Verfassungsschutz informierte Innenminister<\/strong><\/p>\n<p>Absender des Schreibens mit Briefkopf des Pr\u00e4sidenten ist das Landesamt f\u00fcr Verfassungsschutz in Dresden. Gerichtet ist es unter anderem an den damaligen s\u00e4chsischen Innenminister Klaus Hardraht (CDU) und mehrere Verantwortliche seines Hauses. Vom Brief selbst gibt es nur zwei Ausfertigungen. Mit dem Schreiben wird eine sogenannte <a href=\"http:\/\/www.verfassungsschutz.sachsen.de\/301.htm#article435\" target=\"_blank\">G10 \u2013 Beschr\u00e4nkungsma\u00dfnahme<\/a>\u00a0gegen das Neonazi-Trio und vier weitere namentlich genannte Unterst\u00fctzer beantragt. Es geht also um die geheime \u00dcberwachung von deren Telefonen und Briefen. \u00dcber die Unterst\u00fctzer hei\u00dft es in dem Dokument: Die schnelle, professionelle und praktisch spurlose Flucht des Trios (1998) ist ein Anhaltspunkt daf\u00fcr, dass sie \u201eohne die entsprechende Unterst\u00fctzung &#8230; so nicht realisierbar gewesen w\u00e4re. Nur durch engste Bindungen in einem abgeschlossenen Zirkel mit wenigen verschwiegenen Mitwissern wird eine solche Flucht m\u00f6glich\u201c.<\/p>\n<p>Als Unterst\u00fctzerin in diesem Dokument wird u. a. Mandy S. genannt, deren Identit\u00e4t Beate Zsch\u00e4pe nach ihrem Untertauchen nutzte. Au\u00dferdem werden genannt Jan W., der f\u00fcr das untergetauchte Trio Waffen besorgen sollte und Thomas S: Er hat dem Trio vor ihrem Untertauchen 1,4 Kilogramm Sprengstoff geliefert und war ab Ende 2000 als V-Mann aktiv.<\/p>\n<p>F\u00fcr den ehemaligen Geheimdienstler Winfried Ridder, jahrzehntelang t\u00e4tig f\u00fcr das Bundesamt, ist dieses Dokument \u201eheute eine Sensation\u201c. V\u00f6llig neu und \u00fcberraschend f\u00fcr ihn sei, dass man schon damals \u201evollumf\u00e4nglich die Gesamtstruktur des Netzwerkes Nationalsozialistischer Untergrund zu diesem Zeitpunkt gekannt\u201c habe, noch bevor der erste Mord in N\u00fcrnberg geschah. Uwe-Karsten Heye, Regierungssprecher im Kabinett Schr\u00f6der, kommentiert das Geheimdokument mit den Worten: \u201eAlles, was wir heute wissen, steht da drin.\u201c Er ist davon \u00fcberzeugt, wenn die Beh\u00f6rden damals \u201edran geblieben w\u00e4ren, h\u00e4tte es diese Mordserie nicht gegeben\u201c.<\/p>\n<p>Eine Auffassung, die auch der Sachverst\u00e4ndige in NSU-Untersuchungsaussch\u00fcssen, Prof. Hajo Funke, vertritt: \u201eWenn man angemessen gehandelt h\u00e4tte, man hat das ja versucht, aber nicht konsequent gemacht, dann w\u00e4re die gesamte Mordserie vermeidbar gewesen.\u201c F\u00fcr den Politikwissenschaftler ist das Papier \u201eeine klare Analyse der Gruppe und des Unterst\u00fctzerumfeldes in Hinsicht auf das, was sie vorhaben: N\u00e4mlich steigernd schwerste Straftaten zu begehen und es einen Willen zur Fortsetzung gibt. Also das, was kriminelle und terroristische Vereinigung nach dem Strafgesetzbuch heute ausmacht.\u201c<\/p>\n<p>Der Obmann f\u00fcr B\u00fcndnis 90\/Gr\u00fcne im NSU-Untersuchungsausschuss des Bundestages, Wolfgang Wieland, nennt das Papier eine \u201egeradezu prophetische Analyse\u201c, die \u201enie zum richtigen Handeln gef\u00fchrt\u201c hat. Auch der ehemalige nieders\u00e4chsische Justizminister, Prof. Christian Pfeiffer, h\u00e4lt den Aktenfund f\u00fcr hochbrisant, weil er deutlich macht: \u201eHier hat es eine Beh\u00f6rde gegeben, den Verfassungsschutz, die schon im Jahr 2000, vier Monate vor dem ersten Mord, deutlich gesagt hat: Die drei sind terrorgef\u00e4hrlich im Sinne rechten Terrors.\u201c Nach Einsch\u00e4tzung des Kriminologen w\u00e4re nach diesen Erkenntnissen damals zwingend geboten gewesen, das Bundeskriminalamt und die Bundesanwaltschaft einzuschalten.<\/p>\n<p><strong>Landtag und LKA informiert?<\/strong><\/p>\n<p>Von dieser G10-Ma\u00dfnahme wussten, laut einer Vorabmeldung des Politmagazins, damals nachweislich die Landeskriminal- und Verfassungsschutz\u00e4mter von Sachsen und Th\u00fcringen sowie die Terrorabteilung des Bundesamtes f\u00fcr Verfassungsschutz bescheid. Ferner soll die <a href=\"http:\/\/www.landtag.sachsen.de\/de\/landtag\/gremien\/index.aspx\" target=\"_blank\">G10-Kommission<\/a> des s\u00e4chsischen Landtages informiert worden sein. Trifft dies zu, h\u00e4tten Beh\u00f6rden und Politik vom rechten Terrortrio gewusst, bevor der Blumenh\u00e4ndler Enver \u015eim\u015fek mutma\u00dflich als erstes Opfer des Nationalsozialistischen Untergrunds am 9. September 2000 t\u00f6dlich angeschossen und zwei Tage sp\u00e4ter im Krankenhaus verstarb.<\/p>\n<p>Insgesamt steht damit fest,\u00a0so Report Mainz,\u00a0dass deutsche Sicherheitsbeh\u00f6rden und Teile der Politik umfassend und fr\u00fchzeitig \u00fcber das Terrortrio informiert waren. Diese G10-Ma\u00dfnahme soll unter dem Namen \u201eOperation Terzett\u201c seinerzeit auch von Mai bis Oktober 2000 durchgef\u00fchrt worden sein. Sie erbrachte nur wenige Erkenntnisse, u. a. deshalb, weil die Kontrollen v\u00f6llig sporadisch erfolgten.\u00a0Wie die <a href=\"http:\/\/www.welt.de\/politik\/deutschland\/article109806231\/Die-heikle-Verfassungsschutz-Operation-Terzett.html\" target=\"_blank\">Welt bereits zuvor berichtete<\/a>, sollen die Abh\u00f6rma\u00dfnahme gegen die NSU-Mitglieder sogar bis 2010 gelaufen sein.\u00a0Laut\u00a0<a href=\"http:\/\/www.publikative.org\/2013\/05\/21\/nsu-behorden-gingen-bereits-2000-von-terror-aus\/\" target=\"_blank\">Publikative.org<\/a>\u00a0ist fraglich, ob der Verfassungsschutz damals schon tats\u00e4chlich von einer geplanten terroristischen Mordserie ausgegangen ist.<\/p>\n<p>Als das NSU-Trio im November 2011 aufflog, hatte Bundesinnenminister Hans-Peter Friedrich (CSU) in den Tagesthemen vom 16. November 2011 erkl\u00e4rt: \u201eMan konnte sich bis vor wenigen Tagen nicht vorstellen, dass es tats\u00e4chlich terroristische Organisationen geben k\u00f6nnte oder Zellen geben k\u00f6nnte, die mordend durchs Land laufen.\u201c<\/p>\n","protected":false},"excerpt":{"rendered":"<p>Das Landesamt f\u00fcr Verfassungsschutz Sachsen informierte laut Report Mainz bereits im Jahr 2000 den damaligen Innenminister Klaus Hardraht (CDU) \u00fcber das Neonazi-Trio Uwe Mundlos, Uwe B\u00f6hnhardt und Beate Zsch\u00e4pe sowie \u00fcber vier weitere Unterst\u00fctzer. Dies geht aus einem amtlich geheim gehaltenen Dokument \u00fcber das Zwickauer Terrortrio hervor, das Report Mainz zugespielt wurde.\u00a0<\/p>\n","protected":false},"author":372,"featured_media":0,"comment_status":"open","ping_status":"open","sticky":false,"template":"","format":"standard","meta":{"_jetpack_memberships_contains_paid_content":false,"footnotes":""},"categories":[1515,1456],"tags":[12752,12739,1836],"class_list":["post-12966","post","type-post","status-publish","format-standard","hentry","category-bundesweit","category-sachsen","tag-nsu","tag-rechtsterrorismus","tag-verfassungsschutz"],"yoast_head":"<!-- This site is optimized with the Yoast SEO plugin v21.0 - https:\/\/yoast.com\/wordpress\/plugins\/seo\/ -->\n<title>H\u00e4tte die Mordserie verhindert werden k\u00f6nnen? NSU-Terrortrio seit dreizehn Jahren bekannt - St\u00f6rungsmelder<\/title>\n<meta name=\"robots\" content=\"index, follow, max-snippet:-1, max-image-preview:large, max-video-preview:-1\" \/>\n<link rel=\"canonical\" href=\"https:\/\/blog.zeit.de\/stoerungsmelder\/2013\/05\/21\/mordserie-hatte-verhindert-werden-konnen-nsu-terrortrio-seit-dreizehn-jahren-bekannt_12966\" \/>\n<meta property=\"og:locale\" content=\"de_DE\" \/>\n<meta property=\"og:type\" content=\"article\" \/>\n<meta property=\"og:title\" content=\"H\u00e4tte die Mordserie verhindert werden k\u00f6nnen? NSU-Terrortrio seit dreizehn Jahren bekannt - St\u00f6rungsmelder\" \/>\n<meta property=\"og:description\" content=\"Das Landesamt f\u00fcr Verfassungsschutz Sachsen informierte laut Report Mainz bereits im Jahr 2000 den damaligen Innenminister Klaus Hardraht (CDU) \u00fcber das Neonazi-Trio Uwe Mundlos, Uwe B\u00f6hnhardt und Beate Zsch\u00e4pe sowie \u00fcber vier weitere Unterst\u00fctzer. Dies geht aus einem amtlich geheim gehaltenen Dokument \u00fcber das Zwickauer Terrortrio hervor, das Report Mainz zugespielt wurde.\u00a0\" \/>\n<meta property=\"og:url\" content=\"https:\/\/blog.zeit.de\/stoerungsmelder\/2013\/05\/21\/mordserie-hatte-verhindert-werden-konnen-nsu-terrortrio-seit-dreizehn-jahren-bekannt_12966\" \/>\n<meta property=\"og:site_name\" content=\"St\u00f6rungsmelder\" \/>\n<meta property=\"article:published_time\" content=\"2013-05-21T18:07:42+00:00\" \/>\n<meta property=\"article:modified_time\" content=\"2013-05-22T12:13:39+00:00\" \/>\n<meta property=\"og:image\" content=\"https:\/\/blog.zeit.de\/stoerungsmelder\/files\/2012\/04\/nsu-540x304.jpg\" \/>\n<meta name=\"author\" content=\"Roland Sieber\" \/>\n<meta name=\"twitter:card\" content=\"summary_large_image\" \/>\n<meta name=\"twitter:label1\" content=\"Geschrieben von\" \/>\n\t<meta name=\"twitter:data1\" content=\"Roland Sieber\" \/>\n\t<meta name=\"twitter:label2\" content=\"Gesch\u00e4tzte Lesezeit\" \/>\n\t<meta name=\"twitter:data2\" content=\"4\u00a0Minuten\" \/>\n<script type=\"application\/ld+json\" class=\"yoast-schema-graph\">{\"@context\":\"https:\/\/schema.org\",\"@graph\":[{\"@type\":\"WebPage\",\"@id\":\"https:\/\/blog.zeit.de\/stoerungsmelder\/2013\/05\/21\/mordserie-hatte-verhindert-werden-konnen-nsu-terrortrio-seit-dreizehn-jahren-bekannt_12966\",\"url\":\"https:\/\/blog.zeit.de\/stoerungsmelder\/2013\/05\/21\/mordserie-hatte-verhindert-werden-konnen-nsu-terrortrio-seit-dreizehn-jahren-bekannt_12966\",\"name\":\"H\u00e4tte die Mordserie verhindert werden k\u00f6nnen? NSU-Terrortrio seit dreizehn Jahren bekannt - St\u00f6rungsmelder\",\"isPartOf\":{\"@id\":\"https:\/\/blog.zeit.de\/stoerungsmelder\/#website\"},\"datePublished\":\"2013-05-21T18:07:42+00:00\",\"dateModified\":\"2013-05-22T12:13:39+00:00\",\"author\":{\"@id\":\"https:\/\/blog.zeit.de\/stoerungsmelder\/#\/schema\/person\/3da908df9eb5af3ca0f9ae44ac55958f\"},\"breadcrumb\":{\"@id\":\"https:\/\/blog.zeit.de\/stoerungsmelder\/2013\/05\/21\/mordserie-hatte-verhindert-werden-konnen-nsu-terrortrio-seit-dreizehn-jahren-bekannt_12966#breadcrumb\"},\"inLanguage\":\"de\",\"potentialAction\":[{\"@type\":\"ReadAction\",\"target\":[\"https:\/\/blog.zeit.de\/stoerungsmelder\/2013\/05\/21\/mordserie-hatte-verhindert-werden-konnen-nsu-terrortrio-seit-dreizehn-jahren-bekannt_12966\"]}]},{\"@type\":\"BreadcrumbList\",\"@id\":\"https:\/\/blog.zeit.de\/stoerungsmelder\/2013\/05\/21\/mordserie-hatte-verhindert-werden-konnen-nsu-terrortrio-seit-dreizehn-jahren-bekannt_12966#breadcrumb\",\"itemListElement\":[{\"@type\":\"ListItem\",\"position\":1,\"name\":\"Startseite\",\"item\":\"https:\/\/blog.zeit.de\/stoerungsmelder\"},{\"@type\":\"ListItem\",\"position\":2,\"name\":\"H\u00e4tte die Mordserie verhindert werden k\u00f6nnen? NSU-Terrortrio seit dreizehn Jahren bekannt\"}]},{\"@type\":\"WebSite\",\"@id\":\"https:\/\/blog.zeit.de\/stoerungsmelder\/#website\",\"url\":\"https:\/\/blog.zeit.de\/stoerungsmelder\/\",\"name\":\"St\u00f6rungsmelder\",\"description\":\"Recherchen und Analysen \u00fcber die extreme Rechte\",\"potentialAction\":[{\"@type\":\"SearchAction\",\"target\":{\"@type\":\"EntryPoint\",\"urlTemplate\":\"https:\/\/blog.zeit.de\/stoerungsmelder\/?s={search_term_string}\"},\"query-input\":\"required name=search_term_string\"}],\"inLanguage\":\"de\"},{\"@type\":\"Person\",\"@id\":\"https:\/\/blog.zeit.de\/stoerungsmelder\/#\/schema\/person\/3da908df9eb5af3ca0f9ae44ac55958f\",\"name\":\"Roland Sieber\",\"image\":{\"@type\":\"ImageObject\",\"inLanguage\":\"de\",\"@id\":\"https:\/\/blog.zeit.de\/stoerungsmelder\/#\/schema\/person\/image\/\",\"url\":\"https:\/\/secure.gravatar.com\/avatar\/7e54e25047fbec700aeec5062fb9539fd29b02b98cabcfb5f310ccf413bc8856?s=96&d=mm&r=pg\",\"contentUrl\":\"https:\/\/secure.gravatar.com\/avatar\/7e54e25047fbec700aeec5062fb9539fd29b02b98cabcfb5f310ccf413bc8856?s=96&d=mm&r=pg\",\"caption\":\"Roland Sieber\"},\"description\":\"Nachdem ich einige Jahre ehrenamtlich in der Jugendverbandsarbeit aktiv war und mich in der Bildungs- und B\u00fcndnisarbeit gegen Rassismus und Nationalismus engagierte, wollte ich mir mehr theoretisches Hintergrundwissen aneignen und studierte an der Akademie der Arbeit. Meine Abschlussarbeit schrieb ich zum Thema \u201eRechtsorientierte Jugend und Gewerkschaft\u201c. Seit 2009 studiere ich in Hamburg und publiziere mehr hobby- als berufsm\u00e4\u00dfig zu neuen Entwicklungen innerhalb der politischen Rechten sowie \u00fcber Rassismus, Antisemitismus und Islamfeindlichkeit auch in Grauzonenbereichen und Mischspektren.\",\"url\":\"https:\/\/blog.zeit.de\/stoerungsmelder\/author\/rolandsieber\"}]}<\/script>\n<!-- \/ Yoast SEO plugin. -->","yoast_head_json":{"title":"H\u00e4tte die Mordserie verhindert werden k\u00f6nnen? NSU-Terrortrio seit dreizehn Jahren bekannt - St\u00f6rungsmelder","robots":{"index":"index","follow":"follow","max-snippet":"max-snippet:-1","max-image-preview":"max-image-preview:large","max-video-preview":"max-video-preview:-1"},"canonical":"https:\/\/blog.zeit.de\/stoerungsmelder\/2013\/05\/21\/mordserie-hatte-verhindert-werden-konnen-nsu-terrortrio-seit-dreizehn-jahren-bekannt_12966","og_locale":"de_DE","og_type":"article","og_title":"H\u00e4tte die Mordserie verhindert werden k\u00f6nnen? NSU-Terrortrio seit dreizehn Jahren bekannt - St\u00f6rungsmelder","og_description":"Das Landesamt f\u00fcr Verfassungsschutz Sachsen informierte laut Report Mainz bereits im Jahr 2000 den damaligen Innenminister Klaus Hardraht (CDU) \u00fcber das Neonazi-Trio Uwe Mundlos, Uwe B\u00f6hnhardt und Beate Zsch\u00e4pe sowie \u00fcber vier weitere Unterst\u00fctzer. Dies geht aus einem amtlich geheim gehaltenen Dokument \u00fcber das Zwickauer Terrortrio hervor, das Report Mainz zugespielt wurde.\u00a0","og_url":"https:\/\/blog.zeit.de\/stoerungsmelder\/2013\/05\/21\/mordserie-hatte-verhindert-werden-konnen-nsu-terrortrio-seit-dreizehn-jahren-bekannt_12966","og_site_name":"St\u00f6rungsmelder","article_published_time":"2013-05-21T18:07:42+00:00","article_modified_time":"2013-05-22T12:13:39+00:00","og_image":[{"url":"https:\/\/blog.zeit.de\/stoerungsmelder\/files\/2012\/04\/nsu-540x304.jpg"}],"author":"Roland Sieber","twitter_card":"summary_large_image","twitter_misc":{"Geschrieben von":"Roland Sieber","Gesch\u00e4tzte Lesezeit":"4\u00a0Minuten"},"schema":{"@context":"https:\/\/schema.org","@graph":[{"@type":"WebPage","@id":"https:\/\/blog.zeit.de\/stoerungsmelder\/2013\/05\/21\/mordserie-hatte-verhindert-werden-konnen-nsu-terrortrio-seit-dreizehn-jahren-bekannt_12966","url":"https:\/\/blog.zeit.de\/stoerungsmelder\/2013\/05\/21\/mordserie-hatte-verhindert-werden-konnen-nsu-terrortrio-seit-dreizehn-jahren-bekannt_12966","name":"H\u00e4tte die Mordserie verhindert werden k\u00f6nnen? NSU-Terrortrio seit dreizehn Jahren bekannt - St\u00f6rungsmelder","isPartOf":{"@id":"https:\/\/blog.zeit.de\/stoerungsmelder\/#website"},"datePublished":"2013-05-21T18:07:42+00:00","dateModified":"2013-05-22T12:13:39+00:00","author":{"@id":"https:\/\/blog.zeit.de\/stoerungsmelder\/#\/schema\/person\/3da908df9eb5af3ca0f9ae44ac55958f"},"breadcrumb":{"@id":"https:\/\/blog.zeit.de\/stoerungsmelder\/2013\/05\/21\/mordserie-hatte-verhindert-werden-konnen-nsu-terrortrio-seit-dreizehn-jahren-bekannt_12966#breadcrumb"},"inLanguage":"de","potentialAction":[{"@type":"ReadAction","target":["https:\/\/blog.zeit.de\/stoerungsmelder\/2013\/05\/21\/mordserie-hatte-verhindert-werden-konnen-nsu-terrortrio-seit-dreizehn-jahren-bekannt_12966"]}]},{"@type":"BreadcrumbList","@id":"https:\/\/blog.zeit.de\/stoerungsmelder\/2013\/05\/21\/mordserie-hatte-verhindert-werden-konnen-nsu-terrortrio-seit-dreizehn-jahren-bekannt_12966#breadcrumb","itemListElement":[{"@type":"ListItem","position":1,"name":"Startseite","item":"https:\/\/blog.zeit.de\/stoerungsmelder"},{"@type":"ListItem","position":2,"name":"H\u00e4tte die Mordserie verhindert werden k\u00f6nnen? NSU-Terrortrio seit dreizehn Jahren bekannt"}]},{"@type":"WebSite","@id":"https:\/\/blog.zeit.de\/stoerungsmelder\/#website","url":"https:\/\/blog.zeit.de\/stoerungsmelder\/","name":"St\u00f6rungsmelder","description":"Recherchen und Analysen \u00fcber die extreme Rechte","potentialAction":[{"@type":"SearchAction","target":{"@type":"EntryPoint","urlTemplate":"https:\/\/blog.zeit.de\/stoerungsmelder\/?s={search_term_string}"},"query-input":"required name=search_term_string"}],"inLanguage":"de"},{"@type":"Person","@id":"https:\/\/blog.zeit.de\/stoerungsmelder\/#\/schema\/person\/3da908df9eb5af3ca0f9ae44ac55958f","name":"Roland Sieber","image":{"@type":"ImageObject","inLanguage":"de","@id":"https:\/\/blog.zeit.de\/stoerungsmelder\/#\/schema\/person\/image\/","url":"https:\/\/secure.gravatar.com\/avatar\/7e54e25047fbec700aeec5062fb9539fd29b02b98cabcfb5f310ccf413bc8856?s=96&d=mm&r=pg","contentUrl":"https:\/\/secure.gravatar.com\/avatar\/7e54e25047fbec700aeec5062fb9539fd29b02b98cabcfb5f310ccf413bc8856?s=96&d=mm&r=pg","caption":"Roland Sieber"},"description":"Nachdem ich einige Jahre ehrenamtlich in der Jugendverbandsarbeit aktiv war und mich in der Bildungs- und B\u00fcndnisarbeit gegen Rassismus und Nationalismus engagierte, wollte ich mir mehr theoretisches Hintergrundwissen aneignen und studierte an der Akademie der Arbeit. Meine Abschlussarbeit schrieb ich zum Thema \u201eRechtsorientierte Jugend und Gewerkschaft\u201c. Seit 2009 studiere ich in Hamburg und publiziere mehr hobby- als berufsm\u00e4\u00dfig zu neuen Entwicklungen innerhalb der politischen Rechten sowie \u00fcber Rassismus, Antisemitismus und Islamfeindlichkeit auch in Grauzonenbereichen und Mischspektren.","url":"https:\/\/blog.zeit.de\/stoerungsmelder\/author\/rolandsieber"}]}},"jetpack_featured_media_url":"","jetpack_sharing_enabled":true,"_links":{"self":[{"href":"https:\/\/blog.zeit.de\/stoerungsmelder\/wp-json\/wp\/v2\/posts\/12966","targetHints":{"allow":["GET"]}}],"collection":[{"href":"https:\/\/blog.zeit.de\/stoerungsmelder\/wp-json\/wp\/v2\/posts"}],"about":[{"href":"https:\/\/blog.zeit.de\/stoerungsmelder\/wp-json\/wp\/v2\/types\/post"}],"author":[{"embeddable":true,"href":"https:\/\/blog.zeit.de\/stoerungsmelder\/wp-json\/wp\/v2\/users\/372"}],"replies":[{"embeddable":true,"href":"https:\/\/blog.zeit.de\/stoerungsmelder\/wp-json\/wp\/v2\/comments?post=12966"}],"version-history":[{"count":23,"href":"https:\/\/blog.zeit.de\/stoerungsmelder\/wp-json\/wp\/v2\/posts\/12966\/revisions"}],"predecessor-version":[{"id":12999,"href":"https:\/\/blog.zeit.de\/stoerungsmelder\/wp-json\/wp\/v2\/posts\/12966\/revisions\/12999"}],"wp:attachment":[{"href":"https:\/\/blog.zeit.de\/stoerungsmelder\/wp-json\/wp\/v2\/media?parent=12966"}],"wp:term":[{"taxonomy":"category","embeddable":true,"href":"https:\/\/blog.zeit.de\/stoerungsmelder\/wp-json\/wp\/v2\/categories?post=12966"},{"taxonomy":"post_tag","embeddable":true,"href":"https:\/\/blog.zeit.de\/stoerungsmelder\/wp-json\/wp\/v2\/tags?post=12966"}],"curies":[{"name":"wp","href":"https:\/\/api.w.org\/{rel}","templated":true}]}}