{"id":130,"date":"2007-11-26T23:12:14","date_gmt":"2007-11-26T22:12:14","guid":{"rendered":"http:\/\/blog.zeit.de\/stoerungsmelder\/2007\/11\/26\/npd-fuhrt-in-hessen-einen-wahlkampf-der-besonderen-art_130"},"modified":"2007-11-26T23:12:14","modified_gmt":"2007-11-26T22:12:14","slug":"npd-fuhrt-in-hessen-einen-wahlkampf-der-besonderen-art","status":"publish","type":"post","link":"https:\/\/blog.zeit.de\/stoerungsmelder\/2007\/11\/26\/npd-fuhrt-in-hessen-einen-wahlkampf-der-besonderen-art_130","title":{"rendered":"NPD f\u00fchrt in Hessen einen Wahlkampf der besonderen Art"},"content":{"rendered":"<p>Man hat in den vergangenen Jahren schon viele unfassbare Wahlwerbespots erlebt. Nun schreibt die rechtsextreme NPD Wahlkampfgeschichte. <img loading=\"lazy\" decoding=\"async\" src=\"http:\/\/vg05.met.vgwort.de\/na\/2476370e1ab4d588538fffd4249d27\" height=\"1\" width=\"1\" \/><\/p>\n<p>Der Chef der NPD-Hessen, Marcel W\u00f6ll, spielt zur Landtagswahl im Januar 2008 den ritterlichen Anwalt von drei tumben Gartenzwergen, die Taler aus dem Waldboden ausbuddeln. <!--more-->Um diesem skurrilen Schauspiel noch die Krone aufzusetzen, hat sich die NPD offenbar noch rasch neue Forderungen ausgedacht, die W\u00f6ll im hessischen Landtag (!) durchsetzen will: 10 Euro Mindestlohn, 1000 Euro M\u00fcttergehalt, 20.000 Euro Ehestandsdarlehen.<\/p>\n<p>Falls W\u00f6ll und seine Zipfelkameraden versuchen, lustig zu sein &#8211; selbst in Nazi-Foren schlagen die Besucher virtuell mit den H\u00e4nden \u00fcber den K\u00f6pfen zusammen. Besonders die Kombination aus laienhafter Dieter-Krebs-Kopie und den neuesten Forderungen der NPD sorgen f\u00fcr Bitterkeit. Einige Beispiele: &#8222;W\u00fcrde gern mal vom Herrn W\u00f6ll, die Stellungnahme dazu lesen, wie er sich das gedenkt das zu finanzieren, aus welchen Steuert\u00f6pfen?&#8220;, &#8222;Schade, ich ging davon aus, dass es mindestens 2.000.000.000,00 EUR Ehestandsdarlehen und einen Mindestlohn von 75,00 EUR \/ Min. geben sollte&#8220;, &#8222;Ich frag mich ob man sich noch mehr die Bl\u00f6se vor dem politischen Gegner geben kann, als in diesem Video. Da werden Deutsche als Zwergen herabgew\u00fcrdigt und der heroischen NPD-Ritter sitzend auf einem Ross dargestellt, statt Lanze eine Parteifahne. Das ganze vermittelt den Eindruck, als w\u00e4re die nationale Oppossition ein reiner Karnevallsverein. Populistischer und D\u00fcmmer gehts gar nicht mehr&#8220;, &#8222;In der Tat recht pfiffig, wenn man den Anspruch hat, sich selbst verarschen zu wollen&#8220;.<\/p>\n<p>Zur Dokumentation ver\u00f6ffentlicht NPD-BLOG.INFO dieses Video <a href=\"http:\/\/npd-blog.info\/?p=1227\" title=\"NPD-BLOG.INFO\">hier<\/a> &#8211; mit ausdr\u00fccklicher Distanzierung von den rechtsextremen Inhalten.<\/p>\n<p>\u00dcbrigens ist W\u00f6lls Wirken abseits der W\u00e4lder weniger zum auf die Schenkel klopfen. Der hessische NPD-Chef fungiert als eine zentrale Figur im rechtsextremen Netzwerk.<\/p>\n<p>W\u00f6ll hatte in den vergangenen Monaten mehrmals f\u00fcr Aufsehen gesorgt. <a href=\"http:\/\/npd-blog.info\/?p=1022\">Zuletzt stand er wegen der Leugnung des Holocausts vor Gericht<\/a>. <a href=\"http:\/\/npd-blog.info\/?p=952\"><font color=\"#d9560f\">Im Juli 2007 \u00e4u\u00dferte W\u00f6ll \u00f6ffentlich Verst\u00e4ndnis f\u00fcr militante Aktionsformen<\/font><\/a>, <a href=\"http:\/\/npd-blog.info\/?p=970\"><font color=\"#d9560f\">auf einer Demonstration in Frankfurt am Main nannte er die Stadt wegen der zahlreichen Banken `Jerusalem am Main`.<\/font><\/a> <a href=\"http:\/\/npd-blog.info\/?p=968\"><font color=\"#d9560f\">Ebenfalls im Juli war ein Urteil gegen W\u00f6ll wegen der Beleidigung eines Polizisten best\u00e4tigt worden.<\/font><\/a> Am 01. Mai 2007 <a href=\"http:\/\/npd-blog.info\/?p=742\"><font color=\"#d9560f\">war W\u00f6ll Veranstalter einer NPD-Demonstration in Raunheim.<\/font><\/a> <a href=\"http:\/\/npd-blog.info\/?p=393\"><font color=\"#d9560f\">Seine Nachrichten-Propaganda-Sendung im Internet brachte ihm 2006 bundesweite `Ber\u00fchmtheit` ein<\/font><\/a>.<\/p>\n","protected":false},"excerpt":{"rendered":"<p>Man hat in den vergangenen Jahren schon viele unfassbare Wahlwerbespots erlebt. Nun schreibt die rechtsextreme NPD Wahlkampfgeschichte. Der Chef der NPD-Hessen, Marcel W\u00f6ll, spielt zur Landtagswahl im Januar 2008 den ritterlichen Anwalt von drei tumben Gartenzwergen, die Taler aus dem Waldboden ausbuddeln.<\/p>\n","protected":false},"author":227,"featured_media":0,"comment_status":"open","ping_status":"open","sticky":false,"template":"","format":"standard","meta":{"_jetpack_memberships_contains_paid_content":false,"footnotes":""},"categories":[1453],"tags":[1716,955],"class_list":["post-130","post","type-post","status-publish","format-standard","hentry","category-hessen","tag-npd","tag-wahlen"],"yoast_head":"<!-- This site is optimized with the Yoast SEO plugin v21.0 - https:\/\/yoast.com\/wordpress\/plugins\/seo\/ -->\n<title>NPD f\u00fchrt in Hessen einen Wahlkampf der besonderen Art - St\u00f6rungsmelder<\/title>\n<meta name=\"robots\" content=\"index, follow, max-snippet:-1, max-image-preview:large, max-video-preview:-1\" \/>\n<link rel=\"canonical\" href=\"https:\/\/blog.zeit.de\/stoerungsmelder\/2007\/11\/26\/npd-fuhrt-in-hessen-einen-wahlkampf-der-besonderen-art_130\" \/>\n<meta property=\"og:locale\" content=\"de_DE\" \/>\n<meta property=\"og:type\" content=\"article\" \/>\n<meta property=\"og:title\" content=\"NPD f\u00fchrt in Hessen einen Wahlkampf der besonderen Art - St\u00f6rungsmelder\" \/>\n<meta property=\"og:description\" content=\"Man hat in den vergangenen Jahren schon viele unfassbare Wahlwerbespots erlebt. Nun schreibt die rechtsextreme NPD Wahlkampfgeschichte. Der Chef der NPD-Hessen, Marcel W\u00f6ll, spielt zur Landtagswahl im Januar 2008 den ritterlichen Anwalt von drei tumben Gartenzwergen, die Taler aus dem Waldboden ausbuddeln.\" \/>\n<meta property=\"og:url\" content=\"https:\/\/blog.zeit.de\/stoerungsmelder\/2007\/11\/26\/npd-fuhrt-in-hessen-einen-wahlkampf-der-besonderen-art_130\" \/>\n<meta property=\"og:site_name\" content=\"St\u00f6rungsmelder\" \/>\n<meta property=\"article:published_time\" content=\"2007-11-26T22:12:14+00:00\" \/>\n<meta property=\"og:image\" content=\"http:\/\/vg05.met.vgwort.de\/na\/2476370e1ab4d588538fffd4249d27\" \/>\n<meta name=\"author\" content=\"Patrick Gensing\" \/>\n<meta name=\"twitter:card\" content=\"summary_large_image\" \/>\n<meta name=\"twitter:label1\" content=\"Geschrieben von\" \/>\n\t<meta name=\"twitter:data1\" content=\"Patrick Gensing\" \/>\n\t<meta name=\"twitter:label2\" content=\"Gesch\u00e4tzte Lesezeit\" \/>\n\t<meta name=\"twitter:data2\" content=\"2\u00a0Minuten\" \/>\n<script type=\"application\/ld+json\" class=\"yoast-schema-graph\">{\"@context\":\"https:\/\/schema.org\",\"@graph\":[{\"@type\":\"WebPage\",\"@id\":\"https:\/\/blog.zeit.de\/stoerungsmelder\/2007\/11\/26\/npd-fuhrt-in-hessen-einen-wahlkampf-der-besonderen-art_130\",\"url\":\"https:\/\/blog.zeit.de\/stoerungsmelder\/2007\/11\/26\/npd-fuhrt-in-hessen-einen-wahlkampf-der-besonderen-art_130\",\"name\":\"NPD f\u00fchrt in Hessen einen Wahlkampf der besonderen Art - St\u00f6rungsmelder\",\"isPartOf\":{\"@id\":\"https:\/\/blog.zeit.de\/stoerungsmelder\/#website\"},\"datePublished\":\"2007-11-26T22:12:14+00:00\",\"dateModified\":\"2007-11-26T22:12:14+00:00\",\"author\":{\"@id\":\"https:\/\/blog.zeit.de\/stoerungsmelder\/#\/schema\/person\/1898e9a6d47b4737da2c4fca74a10552\"},\"breadcrumb\":{\"@id\":\"https:\/\/blog.zeit.de\/stoerungsmelder\/2007\/11\/26\/npd-fuhrt-in-hessen-einen-wahlkampf-der-besonderen-art_130#breadcrumb\"},\"inLanguage\":\"de\",\"potentialAction\":[{\"@type\":\"ReadAction\",\"target\":[\"https:\/\/blog.zeit.de\/stoerungsmelder\/2007\/11\/26\/npd-fuhrt-in-hessen-einen-wahlkampf-der-besonderen-art_130\"]}]},{\"@type\":\"BreadcrumbList\",\"@id\":\"https:\/\/blog.zeit.de\/stoerungsmelder\/2007\/11\/26\/npd-fuhrt-in-hessen-einen-wahlkampf-der-besonderen-art_130#breadcrumb\",\"itemListElement\":[{\"@type\":\"ListItem\",\"position\":1,\"name\":\"Startseite\",\"item\":\"https:\/\/blog.zeit.de\/stoerungsmelder\"},{\"@type\":\"ListItem\",\"position\":2,\"name\":\"NPD f\u00fchrt in Hessen einen Wahlkampf der besonderen Art\"}]},{\"@type\":\"WebSite\",\"@id\":\"https:\/\/blog.zeit.de\/stoerungsmelder\/#website\",\"url\":\"https:\/\/blog.zeit.de\/stoerungsmelder\/\",\"name\":\"St\u00f6rungsmelder\",\"description\":\"Recherchen und Analysen \u00fcber die extreme Rechte\",\"potentialAction\":[{\"@type\":\"SearchAction\",\"target\":{\"@type\":\"EntryPoint\",\"urlTemplate\":\"https:\/\/blog.zeit.de\/stoerungsmelder\/?s={search_term_string}\"},\"query-input\":\"required name=search_term_string\"}],\"inLanguage\":\"de\"},{\"@type\":\"Person\",\"@id\":\"https:\/\/blog.zeit.de\/stoerungsmelder\/#\/schema\/person\/1898e9a6d47b4737da2c4fca74a10552\",\"name\":\"Patrick Gensing\",\"image\":{\"@type\":\"ImageObject\",\"inLanguage\":\"de\",\"@id\":\"https:\/\/blog.zeit.de\/stoerungsmelder\/#\/schema\/person\/image\/\",\"url\":\"https:\/\/secure.gravatar.com\/avatar\/a7a6fc628ed4dd7517525b944e2a8b13f64804f428d399d781f8dd0c4651643a?s=96&d=mm&r=pg\",\"contentUrl\":\"https:\/\/secure.gravatar.com\/avatar\/a7a6fc628ed4dd7517525b944e2a8b13f64804f428d399d781f8dd0c4651643a?s=96&d=mm&r=pg\",\"caption\":\"Patrick Gensing\"},\"description\":\"Journalist, Blogger, Buchautor - Patrick Gensing besch\u00e4ftigt sich seit seiner Jugend Ende der 1980er Jahre mit den Themen Neonazis, Rassismus und Antisemitismus. Seit rund zehn Jahren schreibt er als Journalist \u00fcber diese Themen, unter anderem bei tagesschau.de, bei Zeit-Online, in der taz - oder in dem Buch \\\"Terror von rechts\\\", das am 14. September 2012 erscheint.\",\"sameAs\":[\"http:\/\/publikative.org\"],\"url\":\"https:\/\/blog.zeit.de\/stoerungsmelder\/author\/patrick-gensing\"}]}<\/script>\n<!-- \/ Yoast SEO plugin. -->","yoast_head_json":{"title":"NPD f\u00fchrt in Hessen einen Wahlkampf der besonderen Art - St\u00f6rungsmelder","robots":{"index":"index","follow":"follow","max-snippet":"max-snippet:-1","max-image-preview":"max-image-preview:large","max-video-preview":"max-video-preview:-1"},"canonical":"https:\/\/blog.zeit.de\/stoerungsmelder\/2007\/11\/26\/npd-fuhrt-in-hessen-einen-wahlkampf-der-besonderen-art_130","og_locale":"de_DE","og_type":"article","og_title":"NPD f\u00fchrt in Hessen einen Wahlkampf der besonderen Art - St\u00f6rungsmelder","og_description":"Man hat in den vergangenen Jahren schon viele unfassbare Wahlwerbespots erlebt. Nun schreibt die rechtsextreme NPD Wahlkampfgeschichte. Der Chef der NPD-Hessen, Marcel W\u00f6ll, spielt zur Landtagswahl im Januar 2008 den ritterlichen Anwalt von drei tumben Gartenzwergen, die Taler aus dem Waldboden ausbuddeln.","og_url":"https:\/\/blog.zeit.de\/stoerungsmelder\/2007\/11\/26\/npd-fuhrt-in-hessen-einen-wahlkampf-der-besonderen-art_130","og_site_name":"St\u00f6rungsmelder","article_published_time":"2007-11-26T22:12:14+00:00","og_image":[{"url":"http:\/\/vg05.met.vgwort.de\/na\/2476370e1ab4d588538fffd4249d27"}],"author":"Patrick Gensing","twitter_card":"summary_large_image","twitter_misc":{"Geschrieben von":"Patrick Gensing","Gesch\u00e4tzte Lesezeit":"2\u00a0Minuten"},"schema":{"@context":"https:\/\/schema.org","@graph":[{"@type":"WebPage","@id":"https:\/\/blog.zeit.de\/stoerungsmelder\/2007\/11\/26\/npd-fuhrt-in-hessen-einen-wahlkampf-der-besonderen-art_130","url":"https:\/\/blog.zeit.de\/stoerungsmelder\/2007\/11\/26\/npd-fuhrt-in-hessen-einen-wahlkampf-der-besonderen-art_130","name":"NPD f\u00fchrt in Hessen einen Wahlkampf der besonderen Art - St\u00f6rungsmelder","isPartOf":{"@id":"https:\/\/blog.zeit.de\/stoerungsmelder\/#website"},"datePublished":"2007-11-26T22:12:14+00:00","dateModified":"2007-11-26T22:12:14+00:00","author":{"@id":"https:\/\/blog.zeit.de\/stoerungsmelder\/#\/schema\/person\/1898e9a6d47b4737da2c4fca74a10552"},"breadcrumb":{"@id":"https:\/\/blog.zeit.de\/stoerungsmelder\/2007\/11\/26\/npd-fuhrt-in-hessen-einen-wahlkampf-der-besonderen-art_130#breadcrumb"},"inLanguage":"de","potentialAction":[{"@type":"ReadAction","target":["https:\/\/blog.zeit.de\/stoerungsmelder\/2007\/11\/26\/npd-fuhrt-in-hessen-einen-wahlkampf-der-besonderen-art_130"]}]},{"@type":"BreadcrumbList","@id":"https:\/\/blog.zeit.de\/stoerungsmelder\/2007\/11\/26\/npd-fuhrt-in-hessen-einen-wahlkampf-der-besonderen-art_130#breadcrumb","itemListElement":[{"@type":"ListItem","position":1,"name":"Startseite","item":"https:\/\/blog.zeit.de\/stoerungsmelder"},{"@type":"ListItem","position":2,"name":"NPD f\u00fchrt in Hessen einen Wahlkampf der besonderen Art"}]},{"@type":"WebSite","@id":"https:\/\/blog.zeit.de\/stoerungsmelder\/#website","url":"https:\/\/blog.zeit.de\/stoerungsmelder\/","name":"St\u00f6rungsmelder","description":"Recherchen und Analysen \u00fcber die extreme Rechte","potentialAction":[{"@type":"SearchAction","target":{"@type":"EntryPoint","urlTemplate":"https:\/\/blog.zeit.de\/stoerungsmelder\/?s={search_term_string}"},"query-input":"required name=search_term_string"}],"inLanguage":"de"},{"@type":"Person","@id":"https:\/\/blog.zeit.de\/stoerungsmelder\/#\/schema\/person\/1898e9a6d47b4737da2c4fca74a10552","name":"Patrick Gensing","image":{"@type":"ImageObject","inLanguage":"de","@id":"https:\/\/blog.zeit.de\/stoerungsmelder\/#\/schema\/person\/image\/","url":"https:\/\/secure.gravatar.com\/avatar\/a7a6fc628ed4dd7517525b944e2a8b13f64804f428d399d781f8dd0c4651643a?s=96&d=mm&r=pg","contentUrl":"https:\/\/secure.gravatar.com\/avatar\/a7a6fc628ed4dd7517525b944e2a8b13f64804f428d399d781f8dd0c4651643a?s=96&d=mm&r=pg","caption":"Patrick Gensing"},"description":"Journalist, Blogger, Buchautor - Patrick Gensing besch\u00e4ftigt sich seit seiner Jugend Ende der 1980er Jahre mit den Themen Neonazis, Rassismus und Antisemitismus. Seit rund zehn Jahren schreibt er als Journalist \u00fcber diese Themen, unter anderem bei tagesschau.de, bei Zeit-Online, in der taz - oder in dem Buch \"Terror von rechts\", das am 14. September 2012 erscheint.","sameAs":["http:\/\/publikative.org"],"url":"https:\/\/blog.zeit.de\/stoerungsmelder\/author\/patrick-gensing"}]}},"jetpack_featured_media_url":"","jetpack_sharing_enabled":true,"_links":{"self":[{"href":"https:\/\/blog.zeit.de\/stoerungsmelder\/wp-json\/wp\/v2\/posts\/130","targetHints":{"allow":["GET"]}}],"collection":[{"href":"https:\/\/blog.zeit.de\/stoerungsmelder\/wp-json\/wp\/v2\/posts"}],"about":[{"href":"https:\/\/blog.zeit.de\/stoerungsmelder\/wp-json\/wp\/v2\/types\/post"}],"author":[{"embeddable":true,"href":"https:\/\/blog.zeit.de\/stoerungsmelder\/wp-json\/wp\/v2\/users\/227"}],"replies":[{"embeddable":true,"href":"https:\/\/blog.zeit.de\/stoerungsmelder\/wp-json\/wp\/v2\/comments?post=130"}],"version-history":[{"count":0,"href":"https:\/\/blog.zeit.de\/stoerungsmelder\/wp-json\/wp\/v2\/posts\/130\/revisions"}],"wp:attachment":[{"href":"https:\/\/blog.zeit.de\/stoerungsmelder\/wp-json\/wp\/v2\/media?parent=130"}],"wp:term":[{"taxonomy":"category","embeddable":true,"href":"https:\/\/blog.zeit.de\/stoerungsmelder\/wp-json\/wp\/v2\/categories?post=130"},{"taxonomy":"post_tag","embeddable":true,"href":"https:\/\/blog.zeit.de\/stoerungsmelder\/wp-json\/wp\/v2\/tags?post=130"}],"curies":[{"name":"wp","href":"https:\/\/api.w.org\/{rel}","templated":true}]}}