{"id":13031,"date":"2013-05-26T20:12:11","date_gmt":"2013-05-26T18:12:11","guid":{"rendered":"http:\/\/blog.zeit.de\/stoerungsmelder\/?p=13031"},"modified":"2013-05-26T20:40:41","modified_gmt":"2013-05-26T18:40:41","slug":"mit-asylkompromiss-und-brandflaschen-gegen-die-kanaken-im-land","status":"publish","type":"post","link":"https:\/\/blog.zeit.de\/stoerungsmelder\/2013\/05\/26\/mit-asylkompromiss-und-brandflaschen-gegen-die-kanaken-im-land_13031","title":{"rendered":"Mit Asylkompromiss und Brandflaschen gegen \u201cdie Kanaken im Land\u201d"},"content":{"rendered":"<p style=\"text-align: center\"><a href=\"https:\/\/blog.zeit.de\/stoerungsmelder\/2012\/07\/18\/rassismus-mob-und-flachenbrand-20-jahre-nach-rostock-lichtenhagen_9148\/rostock\" rel=\"attachment wp-att-9149\"><img loading=\"lazy\" decoding=\"async\" class=\"aligncenter size-medium wp-image-9149\" alt=\"rostock\" src=\"https:\/\/blog.zeit.de\/stoerungsmelder\/files\/2012\/07\/rostock-300x300.jpg\" width=\"300\" height=\"300\" srcset=\"https:\/\/blog.zeit.de\/stoerungsmelder\/files\/2012\/07\/rostock-300x300.jpg 300w, https:\/\/blog.zeit.de\/stoerungsmelder\/files\/2012\/07\/rostock-150x150.jpg 150w, https:\/\/blog.zeit.de\/stoerungsmelder\/files\/2012\/07\/rostock.jpg 403w\" sizes=\"auto, (max-width: 300px) 100vw, 300px\" \/><\/a><\/p>\n<p>Vor 20 Jahren hat eine gro\u00dfe Koalition aus Union, FDP und SPD das Grundrecht auf Asyl faktisch abgeschafft. Eine direkte Lehre aus der NS-Zeit wurde somit entsorgt. Dass damit eine neue Phase der nationalen Selbsterm\u00e4chtigung eingel\u00e4utet wurde, zeigte sich auch in vielen Medien und auf den Stra\u00dfen, wo der rassistische Mob tobte und zahlreiche Menschen ermordete. Im Mai 1993\u00a0erreichte der rassistische Terror in Solingen seinen bisherigen H\u00f6hepunkt.<\/p>\n<p><!--more--><\/p>\n<p><i>Von Andreas Strippel und Felix M. Steiner, zuerst ver\u00f6ffentlicht bei <a href=\"http:\/\/www.publikative.org\/2013\/05\/26\/mit-asylkompromiss-und-brandflaschen-gegen-die-kanaken-im-land\/\" target=\"_blank\">publikative.org<\/a><br \/>\n<\/i><\/p>\n<p>Die Grundgesetz\u00e4nderung vor 20 Jahren markierte einen neuen H\u00f6hepunkt einer seit Mitte der 1980er Jahre gef\u00fchrten Kampagne gegen \u201eAusl\u00e4nder\u201c und \u201eAsylbetr\u00fcger\u201c, in deren Folge nicht nur Gesetze versch\u00e4rft wurden, sondern auch Menschen ermordet. Das vereinte neue Deutschland entledigte sich einer der direkten Lehren aus der Nazi-Zeit, n\u00e4mlich der \u00dcberzeugung politisch Verfolgten zu helfen. Damit l\u00e4utete die Bundesrepublik auch eine neue Phase nationaler Selbsterm\u00e4chtigung und das Ende der Nachkriegszeit ein. Das Wort \u201eAsylant\u201c wurde zum Schm\u00e4hbegriff einer Nation, die sich mit rassistischen Parolen gegenseitig die Zugeh\u00f6rigkeit zur wei\u00dfen Mehrheitsgesellschaft versicherte.<\/p>\n<p><b>Rassistische Debatte um das Asylrecht<\/b><\/p>\n<p>Schon seit Anfang der 1980er Jahre hatte die Bundesregierung St\u00fcck f\u00fcr St\u00fcck die Leistungen f\u00fcr Asylbewerber zur\u00fcckgefahren. Mitte des Jahrzehnts versch\u00e4rfte sich der ohnehin schon r\u00fcde Ton in der Debatte. Der rechte Fl\u00fcgel der Union k\u00e4mpfte um sein v\u00f6lkisches Verst\u00e4ndnis von Nation und gegen die Realit\u00e4t der Einwanderungsgesellschaft. Von 1986 an betrieb die Union \u2013 trotz teilweise innerparteilicher Auseinandersetzungen \u2013 bis 1992 eine Kampagne gegen das Asylrecht. Bereits 1985 verstieg sich Franz Josef Strau\u00df zu der Aussage, dass ohne eine \u00c4nderung des Grundrechtes auf Asyl Deutschland \u201ebald die Kanaken im Land\u201c haben werde.<\/p>\n<p>Nach dem Beitritt der DDR zum Geltungsbereich des Grundgesetzes nahm die \u00f6ffentliche Diskussion weiter an rassistischer Fahrt auf. Der neue CDU-Generalsekret\u00e4r Volker R\u00fche systematisierte die Hetze gegen Asylsuchende. Er forderte dabei die Ortsverb\u00e4nde seiner Partei auf, insbesondere Beispiele zu nennen, in \u201edenen Asylbewerber staatliche Leistungen unberechtigterweise\u201c bekommen haben. Damit trug er massiv zur Verbreitung des Klischees des Asylbetr\u00fcgers bei und forcierte die Verbindung von \u201eAusl\u00e4nder\u201c und \u201ekriminell\u201c.<\/p>\n<p><a href=\"https:\/\/blog.zeit.de\/stoerungsmelder\/2012\/07\/20\/es-geht-nicht-um-geld-es-geht-um-leben_9168\/spiegel-cover-2\" rel=\"attachment wp-att-9177\"><img loading=\"lazy\" decoding=\"async\" class=\"alignleft size-medium wp-image-9177\" alt=\"Spiegel 37\/1991.\" src=\"https:\/\/blog.zeit.de\/stoerungsmelder\/files\/2012\/07\/Spiegel-Cover1-228x300.jpg\" width=\"228\" height=\"300\" srcset=\"https:\/\/blog.zeit.de\/stoerungsmelder\/files\/2012\/07\/Spiegel-Cover1-228x300.jpg 228w, https:\/\/blog.zeit.de\/stoerungsmelder\/files\/2012\/07\/Spiegel-Cover1.jpg 360w\" sizes=\"auto, (max-width: 228px) 100vw, 228px\" \/><\/a>Doch nicht nur die politischen Akteure trieben die Hetze gegen Asylsuchende voran. Ganz entscheidend bei der Schaffung des gesellschaftlichen Klimas war die mediale Begleitung der Debatte. Der umtriebige Arnulf Baring forderte damals in der <i>Bild<\/i>, das \u201eselbst die Asylgew\u00e4hrung nicht das Recht auf eine Sozialhilfe einschlie\u00dfen (d\u00fcrfe), wie sie Deutschen zusteht\u201c. In dieser Phase machten einige in der alten Bundesrepublik als liberal geltenden Medien mit; vor allem der Spiegel. 1991 \u00fcbernahm das Magazin auf seinem Cover die g\u00e4ngige &#8222;Das Boot ist voll&#8220;-Metaphorik in Kombination mit dem Titel: &#8222;Ansturm der Armen&#8220;. Die Republikaner best\u00fcckten ihren Wahlkampf damals mit \u00e4hnlicher Symbolik. Ein Mehr an konstruierter Angst vor dem gef\u00fcrchteten Statusverlust war kaum m\u00f6glich. Die logische Folge: Vor eben jenem &#8222;Ansturm&#8220; musste man sich sch\u00fctzen.<\/p>\n<p>Die so geschaffene und immer weiter angeheizte Stimmung f\u00fchrte im vereinigten Deutschland der beginnenden 1990er Jahre zu zahlreichen rassistischen Ausschreitungen und Morden gegen Menschen, die gern unter dem Begriff \u201eAusl\u00e4nder\u201c zusammengefasst wurden. Den H\u00f6hepunkt bildete der Mordanschlag von Solingen, bei dem f\u00fcnf Menschen ihr Leben verloren.<\/p>\n<p><b>Opfer als Ursache des \u00dcbels<\/b><\/p>\n<p>Die Debatte um das Asylrecht befeuerte die Entwicklung der extrem rechten Szene, urteilt der Historiker Ulrich Herbert in seiner Studie \u201e<i>Geschichte der Ausl\u00e4nderpolitik in Deutschland<\/i>\u201c. Bereits in den sp\u00e4ten 1980er Jahren gab es erste Brandanschl\u00e4ge auf Unterk\u00fcnfte f\u00fcr Asylbewerber in Hessen. Mit den rassistischen Ausschreitungen von Hoyerswerda wurde eine rassistische Gewaltwelle losgetreten, die kaum mehr aufzuhalten war und in der Folge zahlreiche Menschenleben kostete. Vor allem auch die Kapitulation des Staates und der damit einhergehende Erfolg des rassistischen Mobs, sendeten ein Zeichen, welches die pogromartigen Ausschreitungen offensichtlich legitimierten. So verwundert es kaum, wenn Teilnehmer der rassistischen Ausschreitungen von Hoyerswerda fast stolz in die TV-Kamera der ARD sagten: \u201eDie Stadt und alles kann reden, aber das dauert ewig. Aber wenn sie mit Gewalt auftreten, dann geht\u2019s innerhalb von ein zwei Wochen.\u201c Der Mob sah seinen &#8222;Erfolg&#8220; und die extreme Rechte lechzte nach dem Applaus der &#8222;Mitte der Gesellschaft&#8220;. Nach den Ausschreitungen vom Hoyerswerda (September 1991) folgte Rostock-Lichtenhagen (August 1992) und dann der Mordanschlag von M\u00f6lln (November 1992), bei dem drei Menschen starben. Seinen H\u00f6hepunkt erreichte die rassistische Gewalt, als vier junge M\u00e4nner aus Solingen das Wohnhaus der Familie Gen\u00e7 anz\u00fcndeten und f\u00fcnf Menschen ermordeten: <b>Saime Gen\u00e7 (4), H\u00fclya Gen\u00e7 (9), G\u00fcl\u00fcstan \u00d6zt\u00fcrk (12) und Hatice Gen\u00e7 (18) G\u00fcrs\u00fcn \u0130nce (27).<\/b><\/p>\n<p>1995 wurden die vier T\u00e4ter zu langen Haftstrafen verurteilt. Alle sind mittlerweile wieder frei. Teils sind die T\u00e4ter weiterhin in der extrem rechten Szene aktiv.<\/p>\n\n<div class=\"embed-wrapper embed-wrapper--blocked js-embed-consent\" data-method=\"iframe\">\n<script class=\"raw__source\" type=\"text\/template\"><iframe loading=\"lazy\" frameborder=\"0\" height=\"315\" src=\"http:\/\/www.youtube.com\/embed\/YcDRVtf1fSU\" width=\"420\"><\/iframe><\/script>\n<div class=\"embed-wrapper__inner\">\n<div class=\"embed-wrapper__text\">\n<h3>Empfohlener redaktioneller Inhalt<\/h3>\n<p data-replace=\"no\">An dieser Stelle finden Sie externen Inhalt, der den Artikel erg\u00e4nzt. Sie k\u00f6nnen sich externe Inhalte mit einem Klick anzeigen lassen und wieder ausblenden.<noscript>Bitte aktivieren Sie JavaScript damit Sie diesen Inhalt anzeigen k\u00f6nnen.<\/noscript><\/p>\n<\/div>\n<div class=\"embed-consent\">\n<label class=\"embed-consent__toggle\">\n<input class=\"js-embed-consent__toggle\" type=\"checkbox\" autocomplete=\"off\">\n<span><\/span>\nExterner Inhalt\n<\/label>\n<a href=\"https:\/\/www.zeit.de\/hilfe\/datenschutz\" target=\"_blank\" class=\"embed-consent__datalink-when-active\">Datenschutzerkl\u00e4rung<\/a>\n<\/div>\n<div class=\"embed-wrapper__footer\">\n<p data-replace=\"no\">\nIch bin damit einverstanden, dass mir externe Inhalte angezeigt werden. Damit k\u00f6nnen personenbezogene Daten an Drittplattformen \u00fcbermittelt werden. <a href=\"https:\/\/www.zeit.de\/hilfe\/datenschutz\" target=\"_blank\">Mehr dazu in unserer Datenschutzerkl\u00e4rung.<\/a>\n<\/p>\n<\/div>\n<\/div>\n<\/div>\n<p><b>Das \u201edeutsche Ansehen\u201c und die Opfer als \u00dcbel<\/b><\/p>\n<p>Die gesellschaftlichen Debatten \u00e4nderten sich auch mit der rassistischen Gewaltwelle Anfang der 1990er Jahre kaum. Statt \u00fcber Rassismus zu debattieren, wurde weiterhin vom \u201eAsylproblem\u201c gesprochen. So sagte Golo Mann als Reaktion auf das Pogrom von Hoyerswerda der <i>Welt am Sonntag<\/i>: \u201eBei weitem das Beste w\u00e4re es, die Grenzen derart zu sch\u00fctzen, dass sie gar nicht erst kommen k\u00f6nnen.\u201c In feinster deutscher Schuldumkehr werden die Opfer rassistischer Gewalt zum Problem um etikettiert, w\u00e4hrend unausgesprochen die deutschen T\u00e4ter entschuldigt werden.<\/p>\n<p>Als Innenminister Rudolf Seiters nach den Ausschreitungen vor die Kameras trat, wurde auch seine Wahrnehmung der Vorkommnisse mehr als deutlich. So sagte Seiters: \u201eDies ist ja sicherlich nach \u00fcbereinstimmender Einsch\u00e4tzung ein Vorgang, der das deutsche Ansehen in der Welt sch\u00e4digt. Und der auch geeignet ist das Bild vom ausl\u00e4nderfreundlichen Deutschland zu tr\u00fcben und zu besch\u00e4digen, das wir ja auf jeden Fall erhalten wollen.\u201c Im Laufe des Jahres kippte die SPD um und einigte sich Ende 1992 mit Union und FDP auf die faktische Abschaffung des Asylrechtes. Neben der Drittstaatenregelung, die Deutschland nahezu aus der Verantwortung gegen\u00fcber Asylsuchenden herausl\u00f6ste, kam es auch zur Neuberechnung der Sozialleistungen f\u00fcr Fl\u00fcchtlinge. Diese wurden v\u00f6llig willk\u00fcrlich berechnet und waren keinesfalls ausreichend, wie das Bundesverfassungsgericht 2012 urteilte. \u00a0Der Bundestag beschloss den \u201eAsylkompromiss\u201c am 26. Mai 1993. Drei Tage sp\u00e4ter brannte das Haus der Familie Gen\u00e7.<\/p>\n","protected":false},"excerpt":{"rendered":"<p>Vor 20 Jahren hat eine gro\u00dfe Koalition aus Union, FDP und SPD das Grundrecht auf Asyl faktisch abgeschafft. Eine direkte Lehre aus der NS-Zeit wurde somit entsorgt. Dass damit eine neue Phase der nationalen Selbsterm\u00e4chtigung eingel\u00e4utet wurde, zeigte sich auch in vielen Medien und auf den Stra\u00dfen, wo der rassistische Mob tobte und zahlreiche Menschen [&hellip;]<\/p>\n","protected":false},"author":229,"featured_media":0,"comment_status":"open","ping_status":"open","sticky":false,"template":"","format":"standard","meta":{"_jetpack_memberships_contains_paid_content":false,"footnotes":""},"categories":[1,59,249,1515,90,1291,1456],"tags":[2154,26466,28135,28134,28136,24606,916],"class_list":["post-13031","post","type-post","status-publish","format-standard","hentry","category-allgemein","category-bayern","category-berlin","category-bundesweit","category-mecklenburg-vorpommern","category-nordrhein-westfalen","category-sachsen","tag-asyl","tag-asylbewerber","tag-asylkompromiss","tag-brandanschlag-solingen","tag-pogrom-hoyerswerda","tag-rostock-lichtenhagen","tag-spd"],"yoast_head":"<!-- This site is optimized with the Yoast SEO plugin v21.0 - https:\/\/yoast.com\/wordpress\/plugins\/seo\/ -->\n<title>Mit Asylkompromiss und Brandflaschen gegen \u201cdie Kanaken im Land\u201d - St\u00f6rungsmelder<\/title>\n<meta name=\"robots\" content=\"index, follow, max-snippet:-1, max-image-preview:large, max-video-preview:-1\" \/>\n<link rel=\"canonical\" href=\"https:\/\/blog.zeit.de\/stoerungsmelder\/2013\/05\/26\/mit-asylkompromiss-und-brandflaschen-gegen-die-kanaken-im-land_13031\" \/>\n<meta property=\"og:locale\" content=\"de_DE\" \/>\n<meta property=\"og:type\" content=\"article\" \/>\n<meta property=\"og:title\" content=\"Mit Asylkompromiss und Brandflaschen gegen \u201cdie Kanaken im Land\u201d - St\u00f6rungsmelder\" \/>\n<meta property=\"og:description\" content=\"Vor 20 Jahren hat eine gro\u00dfe Koalition aus Union, FDP und SPD das Grundrecht auf Asyl faktisch abgeschafft. Eine direkte Lehre aus der NS-Zeit wurde somit entsorgt. Dass damit eine neue Phase der nationalen Selbsterm\u00e4chtigung eingel\u00e4utet wurde, zeigte sich auch in vielen Medien und auf den Stra\u00dfen, wo der rassistische Mob tobte und zahlreiche Menschen [&hellip;]\" \/>\n<meta property=\"og:url\" content=\"https:\/\/blog.zeit.de\/stoerungsmelder\/2013\/05\/26\/mit-asylkompromiss-und-brandflaschen-gegen-die-kanaken-im-land_13031\" \/>\n<meta property=\"og:site_name\" content=\"St\u00f6rungsmelder\" \/>\n<meta property=\"article:published_time\" content=\"2013-05-26T18:12:11+00:00\" \/>\n<meta property=\"article:modified_time\" content=\"2013-05-26T18:40:41+00:00\" \/>\n<meta property=\"og:image\" content=\"https:\/\/blog.zeit.de\/stoerungsmelder\/files\/2012\/07\/rostock-300x300.jpg\" \/>\n<meta name=\"author\" content=\"St\u00f6rungsmelder\" \/>\n<meta name=\"twitter:card\" content=\"summary_large_image\" \/>\n<meta name=\"twitter:label1\" content=\"Geschrieben von\" \/>\n\t<meta name=\"twitter:data1\" content=\"St\u00f6rungsmelder\" \/>\n\t<meta name=\"twitter:label2\" content=\"Gesch\u00e4tzte Lesezeit\" \/>\n\t<meta name=\"twitter:data2\" content=\"5\u00a0Minuten\" \/>\n<script type=\"application\/ld+json\" class=\"yoast-schema-graph\">{\"@context\":\"https:\/\/schema.org\",\"@graph\":[{\"@type\":\"WebPage\",\"@id\":\"https:\/\/blog.zeit.de\/stoerungsmelder\/2013\/05\/26\/mit-asylkompromiss-und-brandflaschen-gegen-die-kanaken-im-land_13031\",\"url\":\"https:\/\/blog.zeit.de\/stoerungsmelder\/2013\/05\/26\/mit-asylkompromiss-und-brandflaschen-gegen-die-kanaken-im-land_13031\",\"name\":\"Mit Asylkompromiss und Brandflaschen gegen \u201cdie Kanaken im Land\u201d - St\u00f6rungsmelder\",\"isPartOf\":{\"@id\":\"https:\/\/blog.zeit.de\/stoerungsmelder\/#website\"},\"datePublished\":\"2013-05-26T18:12:11+00:00\",\"dateModified\":\"2013-05-26T18:40:41+00:00\",\"author\":{\"@id\":\"https:\/\/blog.zeit.de\/stoerungsmelder\/#\/schema\/person\/fdd0b9818f65738672810b6d6f037f71\"},\"breadcrumb\":{\"@id\":\"https:\/\/blog.zeit.de\/stoerungsmelder\/2013\/05\/26\/mit-asylkompromiss-und-brandflaschen-gegen-die-kanaken-im-land_13031#breadcrumb\"},\"inLanguage\":\"de\",\"potentialAction\":[{\"@type\":\"ReadAction\",\"target\":[\"https:\/\/blog.zeit.de\/stoerungsmelder\/2013\/05\/26\/mit-asylkompromiss-und-brandflaschen-gegen-die-kanaken-im-land_13031\"]}]},{\"@type\":\"BreadcrumbList\",\"@id\":\"https:\/\/blog.zeit.de\/stoerungsmelder\/2013\/05\/26\/mit-asylkompromiss-und-brandflaschen-gegen-die-kanaken-im-land_13031#breadcrumb\",\"itemListElement\":[{\"@type\":\"ListItem\",\"position\":1,\"name\":\"Startseite\",\"item\":\"https:\/\/blog.zeit.de\/stoerungsmelder\"},{\"@type\":\"ListItem\",\"position\":2,\"name\":\"Mit Asylkompromiss und Brandflaschen gegen \u201cdie Kanaken im Land\u201d\"}]},{\"@type\":\"WebSite\",\"@id\":\"https:\/\/blog.zeit.de\/stoerungsmelder\/#website\",\"url\":\"https:\/\/blog.zeit.de\/stoerungsmelder\/\",\"name\":\"St\u00f6rungsmelder\",\"description\":\"Recherchen und Analysen \u00fcber die extreme Rechte\",\"potentialAction\":[{\"@type\":\"SearchAction\",\"target\":{\"@type\":\"EntryPoint\",\"urlTemplate\":\"https:\/\/blog.zeit.de\/stoerungsmelder\/?s={search_term_string}\"},\"query-input\":\"required name=search_term_string\"}],\"inLanguage\":\"de\"},{\"@type\":\"Person\",\"@id\":\"https:\/\/blog.zeit.de\/stoerungsmelder\/#\/schema\/person\/fdd0b9818f65738672810b6d6f037f71\",\"name\":\"St\u00f6rungsmelder\",\"image\":{\"@type\":\"ImageObject\",\"inLanguage\":\"de\",\"@id\":\"https:\/\/blog.zeit.de\/stoerungsmelder\/#\/schema\/person\/image\/\",\"url\":\"https:\/\/secure.gravatar.com\/avatar\/dfa4be514c3e82a71e4f9a0020035d38192d080ccaa5e4e6d7a1472c763535c5?s=96&d=mm&r=pg\",\"contentUrl\":\"https:\/\/secure.gravatar.com\/avatar\/dfa4be514c3e82a71e4f9a0020035d38192d080ccaa5e4e6d7a1472c763535c5?s=96&d=mm&r=pg\",\"caption\":\"St\u00f6rungsmelder\"},\"url\":\"https:\/\/blog.zeit.de\/stoerungsmelder\/author\/stoerungsmelder\"}]}<\/script>\n<!-- \/ Yoast SEO plugin. -->","yoast_head_json":{"title":"Mit Asylkompromiss und Brandflaschen gegen \u201cdie Kanaken im Land\u201d - St\u00f6rungsmelder","robots":{"index":"index","follow":"follow","max-snippet":"max-snippet:-1","max-image-preview":"max-image-preview:large","max-video-preview":"max-video-preview:-1"},"canonical":"https:\/\/blog.zeit.de\/stoerungsmelder\/2013\/05\/26\/mit-asylkompromiss-und-brandflaschen-gegen-die-kanaken-im-land_13031","og_locale":"de_DE","og_type":"article","og_title":"Mit Asylkompromiss und Brandflaschen gegen \u201cdie Kanaken im Land\u201d - St\u00f6rungsmelder","og_description":"Vor 20 Jahren hat eine gro\u00dfe Koalition aus Union, FDP und SPD das Grundrecht auf Asyl faktisch abgeschafft. Eine direkte Lehre aus der NS-Zeit wurde somit entsorgt. Dass damit eine neue Phase der nationalen Selbsterm\u00e4chtigung eingel\u00e4utet wurde, zeigte sich auch in vielen Medien und auf den Stra\u00dfen, wo der rassistische Mob tobte und zahlreiche Menschen [&hellip;]","og_url":"https:\/\/blog.zeit.de\/stoerungsmelder\/2013\/05\/26\/mit-asylkompromiss-und-brandflaschen-gegen-die-kanaken-im-land_13031","og_site_name":"St\u00f6rungsmelder","article_published_time":"2013-05-26T18:12:11+00:00","article_modified_time":"2013-05-26T18:40:41+00:00","og_image":[{"url":"https:\/\/blog.zeit.de\/stoerungsmelder\/files\/2012\/07\/rostock-300x300.jpg"}],"author":"St\u00f6rungsmelder","twitter_card":"summary_large_image","twitter_misc":{"Geschrieben von":"St\u00f6rungsmelder","Gesch\u00e4tzte Lesezeit":"5\u00a0Minuten"},"schema":{"@context":"https:\/\/schema.org","@graph":[{"@type":"WebPage","@id":"https:\/\/blog.zeit.de\/stoerungsmelder\/2013\/05\/26\/mit-asylkompromiss-und-brandflaschen-gegen-die-kanaken-im-land_13031","url":"https:\/\/blog.zeit.de\/stoerungsmelder\/2013\/05\/26\/mit-asylkompromiss-und-brandflaschen-gegen-die-kanaken-im-land_13031","name":"Mit Asylkompromiss und Brandflaschen gegen \u201cdie Kanaken im Land\u201d - St\u00f6rungsmelder","isPartOf":{"@id":"https:\/\/blog.zeit.de\/stoerungsmelder\/#website"},"datePublished":"2013-05-26T18:12:11+00:00","dateModified":"2013-05-26T18:40:41+00:00","author":{"@id":"https:\/\/blog.zeit.de\/stoerungsmelder\/#\/schema\/person\/fdd0b9818f65738672810b6d6f037f71"},"breadcrumb":{"@id":"https:\/\/blog.zeit.de\/stoerungsmelder\/2013\/05\/26\/mit-asylkompromiss-und-brandflaschen-gegen-die-kanaken-im-land_13031#breadcrumb"},"inLanguage":"de","potentialAction":[{"@type":"ReadAction","target":["https:\/\/blog.zeit.de\/stoerungsmelder\/2013\/05\/26\/mit-asylkompromiss-und-brandflaschen-gegen-die-kanaken-im-land_13031"]}]},{"@type":"BreadcrumbList","@id":"https:\/\/blog.zeit.de\/stoerungsmelder\/2013\/05\/26\/mit-asylkompromiss-und-brandflaschen-gegen-die-kanaken-im-land_13031#breadcrumb","itemListElement":[{"@type":"ListItem","position":1,"name":"Startseite","item":"https:\/\/blog.zeit.de\/stoerungsmelder"},{"@type":"ListItem","position":2,"name":"Mit Asylkompromiss und Brandflaschen gegen \u201cdie Kanaken im Land\u201d"}]},{"@type":"WebSite","@id":"https:\/\/blog.zeit.de\/stoerungsmelder\/#website","url":"https:\/\/blog.zeit.de\/stoerungsmelder\/","name":"St\u00f6rungsmelder","description":"Recherchen und Analysen \u00fcber die extreme Rechte","potentialAction":[{"@type":"SearchAction","target":{"@type":"EntryPoint","urlTemplate":"https:\/\/blog.zeit.de\/stoerungsmelder\/?s={search_term_string}"},"query-input":"required name=search_term_string"}],"inLanguage":"de"},{"@type":"Person","@id":"https:\/\/blog.zeit.de\/stoerungsmelder\/#\/schema\/person\/fdd0b9818f65738672810b6d6f037f71","name":"St\u00f6rungsmelder","image":{"@type":"ImageObject","inLanguage":"de","@id":"https:\/\/blog.zeit.de\/stoerungsmelder\/#\/schema\/person\/image\/","url":"https:\/\/secure.gravatar.com\/avatar\/dfa4be514c3e82a71e4f9a0020035d38192d080ccaa5e4e6d7a1472c763535c5?s=96&d=mm&r=pg","contentUrl":"https:\/\/secure.gravatar.com\/avatar\/dfa4be514c3e82a71e4f9a0020035d38192d080ccaa5e4e6d7a1472c763535c5?s=96&d=mm&r=pg","caption":"St\u00f6rungsmelder"},"url":"https:\/\/blog.zeit.de\/stoerungsmelder\/author\/stoerungsmelder"}]}},"jetpack_featured_media_url":"","jetpack_sharing_enabled":true,"_links":{"self":[{"href":"https:\/\/blog.zeit.de\/stoerungsmelder\/wp-json\/wp\/v2\/posts\/13031","targetHints":{"allow":["GET"]}}],"collection":[{"href":"https:\/\/blog.zeit.de\/stoerungsmelder\/wp-json\/wp\/v2\/posts"}],"about":[{"href":"https:\/\/blog.zeit.de\/stoerungsmelder\/wp-json\/wp\/v2\/types\/post"}],"author":[{"embeddable":true,"href":"https:\/\/blog.zeit.de\/stoerungsmelder\/wp-json\/wp\/v2\/users\/229"}],"replies":[{"embeddable":true,"href":"https:\/\/blog.zeit.de\/stoerungsmelder\/wp-json\/wp\/v2\/comments?post=13031"}],"version-history":[{"count":21,"href":"https:\/\/blog.zeit.de\/stoerungsmelder\/wp-json\/wp\/v2\/posts\/13031\/revisions"}],"predecessor-version":[{"id":13053,"href":"https:\/\/blog.zeit.de\/stoerungsmelder\/wp-json\/wp\/v2\/posts\/13031\/revisions\/13053"}],"wp:attachment":[{"href":"https:\/\/blog.zeit.de\/stoerungsmelder\/wp-json\/wp\/v2\/media?parent=13031"}],"wp:term":[{"taxonomy":"category","embeddable":true,"href":"https:\/\/blog.zeit.de\/stoerungsmelder\/wp-json\/wp\/v2\/categories?post=13031"},{"taxonomy":"post_tag","embeddable":true,"href":"https:\/\/blog.zeit.de\/stoerungsmelder\/wp-json\/wp\/v2\/tags?post=13031"}],"curies":[{"name":"wp","href":"https:\/\/api.w.org\/{rel}","templated":true}]}}