{"id":1305,"date":"2009-08-19T16:59:18","date_gmt":"2009-08-19T14:59:18","guid":{"rendered":"http:\/\/blog.zeit.de\/stoerungsmelder\/?p=1305"},"modified":"2017-07-08T16:48:33","modified_gmt":"2017-07-08T14:48:33","slug":"die-unerforschten-nazi-verbrechen-deutscher-polizeibeamter","status":"publish","type":"post","link":"https:\/\/blog.zeit.de\/stoerungsmelder\/2009\/08\/19\/die-unerforschten-nazi-verbrechen-deutscher-polizeibeamter_1305","title":{"rendered":"Die unerforschten Nazi-Verbrechen deutscher Polizeibeamter"},"content":{"rendered":"<p>Hier ein spannender Bericht von Monitor zur NS-Vergangenheit deutscher Polizisten:<\/p>\n<p><em>&#8222;Neueste Forschungen zeigen jetzt, dass mit dieser Lebensl\u00fcge wohl endg\u00fcltig aufger\u00e4umt werden muss. Sie belegen, mit welch brutalem Einsatzeifer Schutzpolizisten bei der Deportation von Juden in die Konzentrationslager beteiligt waren. Diese Polizisten wurden nie strafrechtlich verfolgt. Jahrzehntelang hat die deutsche Justiz weggeschaut. Und viele der Polizisten haben in der Bundesrepublik sogar Karriere gemacht.&#8220; <\/em><\/p>\n<p><a href=\"http:\/\/www.youtube.com\/v\/J1jIUZho0vM&#038;hl=de&#038;fs=1&#038;\">http:\/\/www.youtube.com\/v\/J1jIUZho0vM&#038;hl=de&#038;fs=1&#038;<\/a><\/p>\n","protected":false},"excerpt":{"rendered":"<p>Hier ein spannender Bericht von Monitor zur NS-Vergangenheit deutscher Polizisten: &#8222;Neueste Forschungen zeigen jetzt, dass mit dieser Lebensl\u00fcge wohl endg\u00fcltig aufger\u00e4umt werden muss. Sie belegen, mit welch brutalem Einsatzeifer Schutzpolizisten bei der Deportation von Juden in die Konzentrationslager beteiligt waren. Diese Polizisten wurden nie strafrechtlich verfolgt. Jahrzehntelang hat die deutsche Justiz weggeschaut. Und viele der [&hellip;]<\/p>\n","protected":false},"author":229,"featured_media":0,"comment_status":"open","ping_status":"open","sticky":false,"template":"","format":"standard","meta":{"_jetpack_memberships_contains_paid_content":false,"footnotes":""},"categories":[1515],"tags":[1479,1606,1702,991,28],"class_list":["post-1305","post","type-post","status-publish","format-standard","hentry","category-bundesweit","tag-antisemitismus","tag-holocaust","tag-nationalsozialismus","tag-polizei","tag-video"],"yoast_head":"<!-- This site is optimized with the Yoast SEO plugin v21.0 - https:\/\/yoast.com\/wordpress\/plugins\/seo\/ -->\n<title>Die unerforschten Nazi-Verbrechen deutscher Polizeibeamter - St\u00f6rungsmelder<\/title>\n<meta name=\"robots\" content=\"index, follow, max-snippet:-1, max-image-preview:large, max-video-preview:-1\" \/>\n<link rel=\"canonical\" href=\"https:\/\/blog.zeit.de\/stoerungsmelder\/2009\/08\/19\/die-unerforschten-nazi-verbrechen-deutscher-polizeibeamter_1305\" \/>\n<meta property=\"og:locale\" content=\"de_DE\" \/>\n<meta property=\"og:type\" content=\"article\" \/>\n<meta property=\"og:title\" content=\"Die unerforschten Nazi-Verbrechen deutscher Polizeibeamter - St\u00f6rungsmelder\" \/>\n<meta property=\"og:description\" content=\"Hier ein spannender Bericht von Monitor zur NS-Vergangenheit deutscher Polizisten: &#8222;Neueste Forschungen zeigen jetzt, dass mit dieser Lebensl\u00fcge wohl endg\u00fcltig aufger\u00e4umt werden muss. Sie belegen, mit welch brutalem Einsatzeifer Schutzpolizisten bei der Deportation von Juden in die Konzentrationslager beteiligt waren. Diese Polizisten wurden nie strafrechtlich verfolgt. Jahrzehntelang hat die deutsche Justiz weggeschaut. Und viele der [&hellip;]\" \/>\n<meta property=\"og:url\" content=\"https:\/\/blog.zeit.de\/stoerungsmelder\/2009\/08\/19\/die-unerforschten-nazi-verbrechen-deutscher-polizeibeamter_1305\" \/>\n<meta property=\"og:site_name\" content=\"St\u00f6rungsmelder\" \/>\n<meta property=\"article:published_time\" content=\"2009-08-19T14:59:18+00:00\" \/>\n<meta property=\"article:modified_time\" content=\"2017-07-08T14:48:33+00:00\" \/>\n<meta name=\"author\" content=\"St\u00f6rungsmelder\" \/>\n<meta name=\"twitter:card\" content=\"summary_large_image\" \/>\n<meta name=\"twitter:label1\" content=\"Geschrieben von\" \/>\n\t<meta name=\"twitter:data1\" content=\"St\u00f6rungsmelder\" \/>\n<script type=\"application\/ld+json\" class=\"yoast-schema-graph\">{\"@context\":\"https:\/\/schema.org\",\"@graph\":[{\"@type\":\"WebPage\",\"@id\":\"https:\/\/blog.zeit.de\/stoerungsmelder\/2009\/08\/19\/die-unerforschten-nazi-verbrechen-deutscher-polizeibeamter_1305\",\"url\":\"https:\/\/blog.zeit.de\/stoerungsmelder\/2009\/08\/19\/die-unerforschten-nazi-verbrechen-deutscher-polizeibeamter_1305\",\"name\":\"Die unerforschten Nazi-Verbrechen deutscher Polizeibeamter - St\u00f6rungsmelder\",\"isPartOf\":{\"@id\":\"https:\/\/blog.zeit.de\/stoerungsmelder\/#website\"},\"datePublished\":\"2009-08-19T14:59:18+00:00\",\"dateModified\":\"2017-07-08T14:48:33+00:00\",\"author\":{\"@id\":\"https:\/\/blog.zeit.de\/stoerungsmelder\/#\/schema\/person\/fdd0b9818f65738672810b6d6f037f71\"},\"breadcrumb\":{\"@id\":\"https:\/\/blog.zeit.de\/stoerungsmelder\/2009\/08\/19\/die-unerforschten-nazi-verbrechen-deutscher-polizeibeamter_1305#breadcrumb\"},\"inLanguage\":\"de\",\"potentialAction\":[{\"@type\":\"ReadAction\",\"target\":[\"https:\/\/blog.zeit.de\/stoerungsmelder\/2009\/08\/19\/die-unerforschten-nazi-verbrechen-deutscher-polizeibeamter_1305\"]}]},{\"@type\":\"BreadcrumbList\",\"@id\":\"https:\/\/blog.zeit.de\/stoerungsmelder\/2009\/08\/19\/die-unerforschten-nazi-verbrechen-deutscher-polizeibeamter_1305#breadcrumb\",\"itemListElement\":[{\"@type\":\"ListItem\",\"position\":1,\"name\":\"Startseite\",\"item\":\"https:\/\/blog.zeit.de\/stoerungsmelder\"},{\"@type\":\"ListItem\",\"position\":2,\"name\":\"Die unerforschten Nazi-Verbrechen deutscher Polizeibeamter\"}]},{\"@type\":\"WebSite\",\"@id\":\"https:\/\/blog.zeit.de\/stoerungsmelder\/#website\",\"url\":\"https:\/\/blog.zeit.de\/stoerungsmelder\/\",\"name\":\"St\u00f6rungsmelder\",\"description\":\"Recherchen und Analysen \u00fcber die extreme Rechte\",\"potentialAction\":[{\"@type\":\"SearchAction\",\"target\":{\"@type\":\"EntryPoint\",\"urlTemplate\":\"https:\/\/blog.zeit.de\/stoerungsmelder\/?s={search_term_string}\"},\"query-input\":\"required name=search_term_string\"}],\"inLanguage\":\"de\"},{\"@type\":\"Person\",\"@id\":\"https:\/\/blog.zeit.de\/stoerungsmelder\/#\/schema\/person\/fdd0b9818f65738672810b6d6f037f71\",\"name\":\"St\u00f6rungsmelder\",\"image\":{\"@type\":\"ImageObject\",\"inLanguage\":\"de\",\"@id\":\"https:\/\/blog.zeit.de\/stoerungsmelder\/#\/schema\/person\/image\/\",\"url\":\"https:\/\/secure.gravatar.com\/avatar\/dfa4be514c3e82a71e4f9a0020035d38192d080ccaa5e4e6d7a1472c763535c5?s=96&d=mm&r=pg\",\"contentUrl\":\"https:\/\/secure.gravatar.com\/avatar\/dfa4be514c3e82a71e4f9a0020035d38192d080ccaa5e4e6d7a1472c763535c5?s=96&d=mm&r=pg\",\"caption\":\"St\u00f6rungsmelder\"},\"url\":\"https:\/\/blog.zeit.de\/stoerungsmelder\/author\/stoerungsmelder\"}]}<\/script>\n<!-- \/ Yoast SEO plugin. -->","yoast_head_json":{"title":"Die unerforschten Nazi-Verbrechen deutscher Polizeibeamter - St\u00f6rungsmelder","robots":{"index":"index","follow":"follow","max-snippet":"max-snippet:-1","max-image-preview":"max-image-preview:large","max-video-preview":"max-video-preview:-1"},"canonical":"https:\/\/blog.zeit.de\/stoerungsmelder\/2009\/08\/19\/die-unerforschten-nazi-verbrechen-deutscher-polizeibeamter_1305","og_locale":"de_DE","og_type":"article","og_title":"Die unerforschten Nazi-Verbrechen deutscher Polizeibeamter - St\u00f6rungsmelder","og_description":"Hier ein spannender Bericht von Monitor zur NS-Vergangenheit deutscher Polizisten: &#8222;Neueste Forschungen zeigen jetzt, dass mit dieser Lebensl\u00fcge wohl endg\u00fcltig aufger\u00e4umt werden muss. Sie belegen, mit welch brutalem Einsatzeifer Schutzpolizisten bei der Deportation von Juden in die Konzentrationslager beteiligt waren. Diese Polizisten wurden nie strafrechtlich verfolgt. Jahrzehntelang hat die deutsche Justiz weggeschaut. Und viele der [&hellip;]","og_url":"https:\/\/blog.zeit.de\/stoerungsmelder\/2009\/08\/19\/die-unerforschten-nazi-verbrechen-deutscher-polizeibeamter_1305","og_site_name":"St\u00f6rungsmelder","article_published_time":"2009-08-19T14:59:18+00:00","article_modified_time":"2017-07-08T14:48:33+00:00","author":"St\u00f6rungsmelder","twitter_card":"summary_large_image","twitter_misc":{"Geschrieben von":"St\u00f6rungsmelder"},"schema":{"@context":"https:\/\/schema.org","@graph":[{"@type":"WebPage","@id":"https:\/\/blog.zeit.de\/stoerungsmelder\/2009\/08\/19\/die-unerforschten-nazi-verbrechen-deutscher-polizeibeamter_1305","url":"https:\/\/blog.zeit.de\/stoerungsmelder\/2009\/08\/19\/die-unerforschten-nazi-verbrechen-deutscher-polizeibeamter_1305","name":"Die unerforschten Nazi-Verbrechen deutscher Polizeibeamter - St\u00f6rungsmelder","isPartOf":{"@id":"https:\/\/blog.zeit.de\/stoerungsmelder\/#website"},"datePublished":"2009-08-19T14:59:18+00:00","dateModified":"2017-07-08T14:48:33+00:00","author":{"@id":"https:\/\/blog.zeit.de\/stoerungsmelder\/#\/schema\/person\/fdd0b9818f65738672810b6d6f037f71"},"breadcrumb":{"@id":"https:\/\/blog.zeit.de\/stoerungsmelder\/2009\/08\/19\/die-unerforschten-nazi-verbrechen-deutscher-polizeibeamter_1305#breadcrumb"},"inLanguage":"de","potentialAction":[{"@type":"ReadAction","target":["https:\/\/blog.zeit.de\/stoerungsmelder\/2009\/08\/19\/die-unerforschten-nazi-verbrechen-deutscher-polizeibeamter_1305"]}]},{"@type":"BreadcrumbList","@id":"https:\/\/blog.zeit.de\/stoerungsmelder\/2009\/08\/19\/die-unerforschten-nazi-verbrechen-deutscher-polizeibeamter_1305#breadcrumb","itemListElement":[{"@type":"ListItem","position":1,"name":"Startseite","item":"https:\/\/blog.zeit.de\/stoerungsmelder"},{"@type":"ListItem","position":2,"name":"Die unerforschten Nazi-Verbrechen deutscher Polizeibeamter"}]},{"@type":"WebSite","@id":"https:\/\/blog.zeit.de\/stoerungsmelder\/#website","url":"https:\/\/blog.zeit.de\/stoerungsmelder\/","name":"St\u00f6rungsmelder","description":"Recherchen und Analysen \u00fcber die extreme Rechte","potentialAction":[{"@type":"SearchAction","target":{"@type":"EntryPoint","urlTemplate":"https:\/\/blog.zeit.de\/stoerungsmelder\/?s={search_term_string}"},"query-input":"required name=search_term_string"}],"inLanguage":"de"},{"@type":"Person","@id":"https:\/\/blog.zeit.de\/stoerungsmelder\/#\/schema\/person\/fdd0b9818f65738672810b6d6f037f71","name":"St\u00f6rungsmelder","image":{"@type":"ImageObject","inLanguage":"de","@id":"https:\/\/blog.zeit.de\/stoerungsmelder\/#\/schema\/person\/image\/","url":"https:\/\/secure.gravatar.com\/avatar\/dfa4be514c3e82a71e4f9a0020035d38192d080ccaa5e4e6d7a1472c763535c5?s=96&d=mm&r=pg","contentUrl":"https:\/\/secure.gravatar.com\/avatar\/dfa4be514c3e82a71e4f9a0020035d38192d080ccaa5e4e6d7a1472c763535c5?s=96&d=mm&r=pg","caption":"St\u00f6rungsmelder"},"url":"https:\/\/blog.zeit.de\/stoerungsmelder\/author\/stoerungsmelder"}]}},"jetpack_featured_media_url":"","jetpack_sharing_enabled":true,"_links":{"self":[{"href":"https:\/\/blog.zeit.de\/stoerungsmelder\/wp-json\/wp\/v2\/posts\/1305","targetHints":{"allow":["GET"]}}],"collection":[{"href":"https:\/\/blog.zeit.de\/stoerungsmelder\/wp-json\/wp\/v2\/posts"}],"about":[{"href":"https:\/\/blog.zeit.de\/stoerungsmelder\/wp-json\/wp\/v2\/types\/post"}],"author":[{"embeddable":true,"href":"https:\/\/blog.zeit.de\/stoerungsmelder\/wp-json\/wp\/v2\/users\/229"}],"replies":[{"embeddable":true,"href":"https:\/\/blog.zeit.de\/stoerungsmelder\/wp-json\/wp\/v2\/comments?post=1305"}],"version-history":[{"count":1,"href":"https:\/\/blog.zeit.de\/stoerungsmelder\/wp-json\/wp\/v2\/posts\/1305\/revisions"}],"predecessor-version":[{"id":24278,"href":"https:\/\/blog.zeit.de\/stoerungsmelder\/wp-json\/wp\/v2\/posts\/1305\/revisions\/24278"}],"wp:attachment":[{"href":"https:\/\/blog.zeit.de\/stoerungsmelder\/wp-json\/wp\/v2\/media?parent=1305"}],"wp:term":[{"taxonomy":"category","embeddable":true,"href":"https:\/\/blog.zeit.de\/stoerungsmelder\/wp-json\/wp\/v2\/categories?post=1305"},{"taxonomy":"post_tag","embeddable":true,"href":"https:\/\/blog.zeit.de\/stoerungsmelder\/wp-json\/wp\/v2\/tags?post=1305"}],"curies":[{"name":"wp","href":"https:\/\/api.w.org\/{rel}","templated":true}]}}