{"id":13103,"date":"2013-05-29T10:50:51","date_gmt":"2013-05-29T08:50:51","guid":{"rendered":"http:\/\/blog.zeit.de\/stoerungsmelder\/?p=13103"},"modified":"2013-05-29T10:50:51","modified_gmt":"2013-05-29T08:50:51","slug":"die-erinnerung-wach-halten","status":"publish","type":"post","link":"https:\/\/blog.zeit.de\/stoerungsmelder\/2013\/05\/29\/die-erinnerung-wach-halten_13103","title":{"rendered":"Die Erinnerung wach halten"},"content":{"rendered":"<p><figure id=\"attachment_13104\" aria-describedby=\"caption-attachment-13104\" style=\"width: 501px\" class=\"wp-caption aligncenter\"><a href=\"https:\/\/blog.zeit.de\/stoerungsmelder\/2013\/05\/29\/die-erinnerung-wach-halten_13103\/gedenkveranstaltung-zum-brandanschlag-in-solingen\" rel=\"attachment wp-att-13104\"><img loading=\"lazy\" decoding=\"async\" class=\"size-full wp-image-13104  \" alt=\"Trauerfeier vor dem zerst\u00f6rten Haus zwei Jahre nach dem t\u00f6dlichen Brandanschlag.  \u00a9 Roland Scheidemann\/dpa\" src=\"https:\/\/blog.zeit.de\/stoerungsmelder\/files\/2013\/05\/Solingen.jpg\" width=\"501\" height=\"250\" srcset=\"https:\/\/blog.zeit.de\/stoerungsmelder\/files\/2013\/05\/Solingen.jpg 384w, https:\/\/blog.zeit.de\/stoerungsmelder\/files\/2013\/05\/Solingen-300x150.jpg 300w\" sizes=\"auto, (max-width: 501px) 100vw, 501px\" \/><\/a><figcaption id=\"caption-attachment-13104\" class=\"wp-caption-text\">Trauerfeier vor dem zerst\u00f6rten Haus zwei Jahre nach dem t\u00f6dlichen Brandanschlag. \u00a9 Roland Scheidemann\/dpa<\/figcaption><\/figure><\/p>\n<p>20 Jahre nach dem rechtsextremen Brandanschlag bem\u00fcht sich Solingen um ein besseres Miteinander. Einige setzen sich f\u00fcr einen Austausch zwischen T\u00fcrken und Deutschen ein. Andere wollen nichts mehr wissen von den alten Geschichten.<!--more--><\/p>\n<p><em>Von <a href=\"http:\/\/www.tagesspiegel.de\/politik\/20-jahre-nach-dem-rechtsextremen-anschlag-was-denkt-solingen-heute\/8268378.html\" target=\"_blank\">Tagesspiegel<\/a>-Autorin Katrin Schulze<\/em><\/p>\n<p>\u00dcbrig geblieben sind nur ein paar Stufen, die einmal in den Keller f\u00fchrten. Heute enden sie im Nichts, liegen einfach so da in einem wilden Garten mit f\u00fcnf Kastanien. Ein Baum f\u00fcr jedes Opfer. Zwei Frauen und drei M\u00e4dchen starben hier, als ihr Haus, in dem sie sich sicher w\u00e4hnten, brannte. Gebaut wurde danach nie wieder an dieser Stelle. Und so ist auf Fotos, die an der Unteren Wernerstra\u00dfe aufgenommen werden, seit langem nur der gr\u00fcne, wilde Garten zwischen zwei H\u00e4usern zu sehen. Eine L\u00fccke in Solingen.<\/p>\n<p><strong>20 Jahre ist die Katastrophe nun her<\/strong><\/p>\n<p>Die Bilder sind geblieben. Auch Gerd Uhrig wird sie nicht mehr los. Er war damals Polizeichef und als einer der Ersten an der Unteren Wernerstra\u00dfe 81, am Tatort. \u201eIch habe lange daran zu knabbern gehabt und versuche, dieses Thema zu vermeiden\u201c, sagt Uhrig. Im Ruhestand m\u00f6chte er nicht mehr mit \u201eunsch\u00f6nen Erinnerungen\u201c konfrontiert werden. Erinnerungen daran, wie in den Morgenstunden des 29. Mai 1993 das Haus einer t\u00fcrkischst\u00e4mmigen Familie brannte, weil junge Rechtsextreme es angez\u00fcndet hatten. Daran, dass Hatice Gen\u00e7, G\u00fcl\u00fcstan \u00d6zt\u00fcrk, H\u00fclya und Saime Gen\u00e7 in den Flammen verbrannten oder im Rauch erstickten. Daran, dass G\u00fcrs\u00fcn Ince beim Sprung aus dem Fenster starb. Und daran, wie sich acht Menschen nur schwer verletzt retten konnten.<\/p>\n<p>Seither steht die Stadt Solingen in Nordrhein-Westfalen sinnbildlich f\u00fcr fremdenfeindlichen Mord in Deutschland \u2013 und daf\u00fcr, dass Rechtsextremismus in den 1990ern nicht nur eine \u00fcble Nachwehe des DDR-Sozialismus war. Der Anschlag von damals sei ein dunkler Punkt in der Geschichte der Stadt, sagt Solingens Oberb\u00fcrgermeister Norbert Feith (CDU). Ihr beherrschendes Kennzeichen sei er aber nicht. Feith k\u00e4mpft f\u00fcr eine \u201evielf\u00e4ltige und tolerante Gesellschaft\u201c. Ein Drittel der Solinger sind Migranten.<\/p>\n<p>Mevl\u00fcde Gen\u00e7, 70, geh\u00f6rt dazu. Sie ist in der Stadt geblieben, obwohl sie hier zwei T\u00f6chter, zwei Enkel und ihre Nichte verloren hat. \u201eAls Mutter macht es f\u00fcr mich keinen Unterschied, ob f\u00fcnf, zehn oder zwanzig Jahre vergangen sind\u201c, sagt sie in einem Interview mit der Katholischen Nachrichten-Agentur. \u201eF\u00fcr mich ist der Schmerz jeden Tag der gleiche.\u201c Die Zeit heilt alle Wunden? Mevl\u00fcde Gen\u00e7 kann an diesen Satz nicht glauben.<\/p>\n<p>Andere Solinger haben langsam genug von den alten Geschichten. So jedenfalls hat es Frank Knoche beobachtet, der f\u00fcr die Gr\u00fcnen im Stadtrat sitzt und mit seinem Netzwerk \u201eSolinger Appell\u201c viele Gedenkveranstaltungen organisiert hat. \u201eDie Mehrheit der Bev\u00f6lkerung meint, es m\u00fcsse doch mal Schluss sein\u201c, sagt Knoche. Diese Leute wollten nicht jedes Jahr aufs Neue an die grausige Tat erinnert werden. Teilweise schreiben sie auch im Internet, was sie davon halten, dass sich immer noch so viele f\u00fcr den Brand und seine Folgen interessieren. Wie die Stadt und die Opfer damit umgehen. \u201eEs NERVT einfach nur !!!!!! Ich kann es nicht mehr h\u00f6ren oder sehen\u201c, kommentiert einer unter einem Onlineartikel der \u00f6rtlichen Zeitung. Ein anderer schreibt: \u201eIch frage mich heute wieder, und das seit 20 Jahren: Wo waren die m\u00e4nnlichen Bewohner des Hauses in der Tatnacht? Kurze Zeit sp\u00e4ter wurde auch wieder geheiratet. Da kann die Trauer auch nicht gro\u00df sein.\u201c Immerhin ist in einem Leserbeitrag von \u201eRespekt\u201c die Rede.<\/p>\n<p><strong>Die T\u00e4ter sind mittlerweile wieder frei<\/strong><\/p>\n<p>Respekt vor Mevl\u00fcde Gen\u00e7, die sich trotz ihrer Trauer immer f\u00fcr ein besseres Zusammenleben zwischen T\u00fcrken und Deutschen eingesetzt hat, wof\u00fcr sie unter anderem mit dem Bundesverdienstkreuz geehrt wurde. Dass es mit dem Zusammenleben besser klappt, daran hat Frank Knoche seine Zweifel. \u201eAn den Stammtischen reden sie heute nicht vom Brandanschlag, sondern vom T\u00fcrkenaufstand danach\u201c, sagt er. Zwar demonstrierten einerseits am vergangenen Sonnabend in Solingen wieder 2000 Menschen gegen Fremdenhass, doch andererseits gibt es da auch diese Ger\u00fcchte.<\/p>\n<p>Sie handeln davon, dass es der Familie Gen\u00e7 angeblich besonders gut gehe, dass sie im Supermarkt ihre Eink\u00e4ufe nicht bezahlen m\u00fcsse und drei H\u00e4user besitze. In Wahrheit leben die Gen\u00e7s nicht gerade luxuri\u00f6s. Am Rande der Innenstadt bewohnen sie ein Haus, das von Versicherungs- und Spendengeldern bezahlt wurde und, weil auch die Angst geblieben ist, von Kameras \u00fcberwacht wird.<\/p>\n<p>Die vier T\u00e4ter vom 29. Mai 1993 sind nach langen Jugendstrafen wieder frei. Nie h\u00e4tten sie versucht, Kontakt zur Familie ihrer Opfer aufzunehmen, sagt Mevl\u00fcde Gen\u00e7 und wird dann grunds\u00e4tzlich. Deutsche und T\u00fcrken h\u00e4tten nicht gelernt, ihre jeweiligen Probleme zu verstehen. Neonazis mordeten schlie\u00dflich auch nach 1993 in Deutschland.<\/p>\n<p>In Solingen gibt es laut Oberb\u00fcrgermeister Norbert Feith und den \u201evorliegenden polizeilichen Erkenntnissen keinen erkennbaren Rechtsextremismus\u201c. Sein Vorg\u00e4nger Gerd Kaimer, der 1993 das Amt innehatte, m\u00f6chte keine Interviews geben. Gerd Uhrig, der damalige Polizeichef, will auch nicht dar\u00fcber reden, wie er die Stimmung in der Umgebung heute wahrnimmt. Traurig stimmt ihn jedoch, dass nie jemand gefragt habe, ob er Hilfe ben\u00f6tige, psychologisch vielleicht.<\/p>\n<p>Mevl\u00fcde Gen\u00e7 kommt manchmal mit ihrem Mann Durmus zu dem wilden Garten mit den f\u00fcnf Kastanienb\u00e4umen \u2013 zuletzt f\u00fcr eine Dokumentation des WDR. Sie m\u00f6chte sich daran erinnern, wie es hier einmal war. Bevor die L\u00fccke in Solingen klaffte.<\/p>\n","protected":false},"excerpt":{"rendered":"<p>20 Jahre nach dem rechtsextremen Brandanschlag bem\u00fcht sich Solingen um ein besseres Miteinander. Einige setzen sich f\u00fcr einen Austausch zwischen T\u00fcrken und Deutschen ein. Andere wollen nichts mehr wissen von den alten Geschichten.<\/p>\n","protected":false},"author":229,"featured_media":0,"comment_status":"open","ping_status":"open","sticky":false,"template":"","format":"standard","meta":{"_jetpack_memberships_contains_paid_content":false,"footnotes":""},"categories":[1291],"tags":[1511,97,1755],"class_list":["post-13103","post","type-post","status-publish","format-standard","hentry","category-nordrhein-westfalen","tag-brandanschlag","tag-rassismus","tag-rechte-gewalt"],"yoast_head":"<!-- This site is optimized with the Yoast SEO plugin v21.0 - https:\/\/yoast.com\/wordpress\/plugins\/seo\/ -->\n<title>Die Erinnerung wach halten - St\u00f6rungsmelder<\/title>\n<meta name=\"robots\" content=\"index, follow, max-snippet:-1, max-image-preview:large, max-video-preview:-1\" \/>\n<link rel=\"canonical\" href=\"https:\/\/blog.zeit.de\/stoerungsmelder\/2013\/05\/29\/die-erinnerung-wach-halten_13103\" \/>\n<meta property=\"og:locale\" content=\"de_DE\" \/>\n<meta property=\"og:type\" content=\"article\" \/>\n<meta property=\"og:title\" content=\"Die Erinnerung wach halten - St\u00f6rungsmelder\" \/>\n<meta property=\"og:description\" content=\"20 Jahre nach dem rechtsextremen Brandanschlag bem\u00fcht sich Solingen um ein besseres Miteinander. Einige setzen sich f\u00fcr einen Austausch zwischen T\u00fcrken und Deutschen ein. Andere wollen nichts mehr wissen von den alten Geschichten.\" \/>\n<meta property=\"og:url\" content=\"https:\/\/blog.zeit.de\/stoerungsmelder\/2013\/05\/29\/die-erinnerung-wach-halten_13103\" \/>\n<meta property=\"og:site_name\" content=\"St\u00f6rungsmelder\" \/>\n<meta property=\"article:published_time\" content=\"2013-05-29T08:50:51+00:00\" \/>\n<meta property=\"og:image\" content=\"https:\/\/blog.zeit.de\/stoerungsmelder\/files\/2013\/05\/Solingen.jpg\" \/>\n<meta name=\"author\" content=\"St\u00f6rungsmelder\" \/>\n<meta name=\"twitter:card\" content=\"summary_large_image\" \/>\n<meta name=\"twitter:label1\" content=\"Geschrieben von\" \/>\n\t<meta name=\"twitter:data1\" content=\"St\u00f6rungsmelder\" \/>\n\t<meta name=\"twitter:label2\" content=\"Gesch\u00e4tzte Lesezeit\" \/>\n\t<meta name=\"twitter:data2\" content=\"5\u00a0Minuten\" \/>\n<script type=\"application\/ld+json\" class=\"yoast-schema-graph\">{\"@context\":\"https:\/\/schema.org\",\"@graph\":[{\"@type\":\"WebPage\",\"@id\":\"https:\/\/blog.zeit.de\/stoerungsmelder\/2013\/05\/29\/die-erinnerung-wach-halten_13103\",\"url\":\"https:\/\/blog.zeit.de\/stoerungsmelder\/2013\/05\/29\/die-erinnerung-wach-halten_13103\",\"name\":\"Die Erinnerung wach halten - St\u00f6rungsmelder\",\"isPartOf\":{\"@id\":\"https:\/\/blog.zeit.de\/stoerungsmelder\/#website\"},\"datePublished\":\"2013-05-29T08:50:51+00:00\",\"dateModified\":\"2013-05-29T08:50:51+00:00\",\"author\":{\"@id\":\"https:\/\/blog.zeit.de\/stoerungsmelder\/#\/schema\/person\/fdd0b9818f65738672810b6d6f037f71\"},\"breadcrumb\":{\"@id\":\"https:\/\/blog.zeit.de\/stoerungsmelder\/2013\/05\/29\/die-erinnerung-wach-halten_13103#breadcrumb\"},\"inLanguage\":\"de\",\"potentialAction\":[{\"@type\":\"ReadAction\",\"target\":[\"https:\/\/blog.zeit.de\/stoerungsmelder\/2013\/05\/29\/die-erinnerung-wach-halten_13103\"]}]},{\"@type\":\"BreadcrumbList\",\"@id\":\"https:\/\/blog.zeit.de\/stoerungsmelder\/2013\/05\/29\/die-erinnerung-wach-halten_13103#breadcrumb\",\"itemListElement\":[{\"@type\":\"ListItem\",\"position\":1,\"name\":\"Startseite\",\"item\":\"https:\/\/blog.zeit.de\/stoerungsmelder\"},{\"@type\":\"ListItem\",\"position\":2,\"name\":\"Die Erinnerung wach halten\"}]},{\"@type\":\"WebSite\",\"@id\":\"https:\/\/blog.zeit.de\/stoerungsmelder\/#website\",\"url\":\"https:\/\/blog.zeit.de\/stoerungsmelder\/\",\"name\":\"St\u00f6rungsmelder\",\"description\":\"Recherchen und Analysen \u00fcber die extreme Rechte\",\"potentialAction\":[{\"@type\":\"SearchAction\",\"target\":{\"@type\":\"EntryPoint\",\"urlTemplate\":\"https:\/\/blog.zeit.de\/stoerungsmelder\/?s={search_term_string}\"},\"query-input\":\"required name=search_term_string\"}],\"inLanguage\":\"de\"},{\"@type\":\"Person\",\"@id\":\"https:\/\/blog.zeit.de\/stoerungsmelder\/#\/schema\/person\/fdd0b9818f65738672810b6d6f037f71\",\"name\":\"St\u00f6rungsmelder\",\"image\":{\"@type\":\"ImageObject\",\"inLanguage\":\"de\",\"@id\":\"https:\/\/blog.zeit.de\/stoerungsmelder\/#\/schema\/person\/image\/\",\"url\":\"https:\/\/secure.gravatar.com\/avatar\/dfa4be514c3e82a71e4f9a0020035d38192d080ccaa5e4e6d7a1472c763535c5?s=96&d=mm&r=pg\",\"contentUrl\":\"https:\/\/secure.gravatar.com\/avatar\/dfa4be514c3e82a71e4f9a0020035d38192d080ccaa5e4e6d7a1472c763535c5?s=96&d=mm&r=pg\",\"caption\":\"St\u00f6rungsmelder\"},\"url\":\"https:\/\/blog.zeit.de\/stoerungsmelder\/author\/stoerungsmelder\"}]}<\/script>\n<!-- \/ Yoast SEO plugin. -->","yoast_head_json":{"title":"Die Erinnerung wach halten - St\u00f6rungsmelder","robots":{"index":"index","follow":"follow","max-snippet":"max-snippet:-1","max-image-preview":"max-image-preview:large","max-video-preview":"max-video-preview:-1"},"canonical":"https:\/\/blog.zeit.de\/stoerungsmelder\/2013\/05\/29\/die-erinnerung-wach-halten_13103","og_locale":"de_DE","og_type":"article","og_title":"Die Erinnerung wach halten - St\u00f6rungsmelder","og_description":"20 Jahre nach dem rechtsextremen Brandanschlag bem\u00fcht sich Solingen um ein besseres Miteinander. Einige setzen sich f\u00fcr einen Austausch zwischen T\u00fcrken und Deutschen ein. Andere wollen nichts mehr wissen von den alten Geschichten.","og_url":"https:\/\/blog.zeit.de\/stoerungsmelder\/2013\/05\/29\/die-erinnerung-wach-halten_13103","og_site_name":"St\u00f6rungsmelder","article_published_time":"2013-05-29T08:50:51+00:00","og_image":[{"url":"https:\/\/blog.zeit.de\/stoerungsmelder\/files\/2013\/05\/Solingen.jpg"}],"author":"St\u00f6rungsmelder","twitter_card":"summary_large_image","twitter_misc":{"Geschrieben von":"St\u00f6rungsmelder","Gesch\u00e4tzte Lesezeit":"5\u00a0Minuten"},"schema":{"@context":"https:\/\/schema.org","@graph":[{"@type":"WebPage","@id":"https:\/\/blog.zeit.de\/stoerungsmelder\/2013\/05\/29\/die-erinnerung-wach-halten_13103","url":"https:\/\/blog.zeit.de\/stoerungsmelder\/2013\/05\/29\/die-erinnerung-wach-halten_13103","name":"Die Erinnerung wach halten - St\u00f6rungsmelder","isPartOf":{"@id":"https:\/\/blog.zeit.de\/stoerungsmelder\/#website"},"datePublished":"2013-05-29T08:50:51+00:00","dateModified":"2013-05-29T08:50:51+00:00","author":{"@id":"https:\/\/blog.zeit.de\/stoerungsmelder\/#\/schema\/person\/fdd0b9818f65738672810b6d6f037f71"},"breadcrumb":{"@id":"https:\/\/blog.zeit.de\/stoerungsmelder\/2013\/05\/29\/die-erinnerung-wach-halten_13103#breadcrumb"},"inLanguage":"de","potentialAction":[{"@type":"ReadAction","target":["https:\/\/blog.zeit.de\/stoerungsmelder\/2013\/05\/29\/die-erinnerung-wach-halten_13103"]}]},{"@type":"BreadcrumbList","@id":"https:\/\/blog.zeit.de\/stoerungsmelder\/2013\/05\/29\/die-erinnerung-wach-halten_13103#breadcrumb","itemListElement":[{"@type":"ListItem","position":1,"name":"Startseite","item":"https:\/\/blog.zeit.de\/stoerungsmelder"},{"@type":"ListItem","position":2,"name":"Die Erinnerung wach halten"}]},{"@type":"WebSite","@id":"https:\/\/blog.zeit.de\/stoerungsmelder\/#website","url":"https:\/\/blog.zeit.de\/stoerungsmelder\/","name":"St\u00f6rungsmelder","description":"Recherchen und Analysen \u00fcber die extreme Rechte","potentialAction":[{"@type":"SearchAction","target":{"@type":"EntryPoint","urlTemplate":"https:\/\/blog.zeit.de\/stoerungsmelder\/?s={search_term_string}"},"query-input":"required name=search_term_string"}],"inLanguage":"de"},{"@type":"Person","@id":"https:\/\/blog.zeit.de\/stoerungsmelder\/#\/schema\/person\/fdd0b9818f65738672810b6d6f037f71","name":"St\u00f6rungsmelder","image":{"@type":"ImageObject","inLanguage":"de","@id":"https:\/\/blog.zeit.de\/stoerungsmelder\/#\/schema\/person\/image\/","url":"https:\/\/secure.gravatar.com\/avatar\/dfa4be514c3e82a71e4f9a0020035d38192d080ccaa5e4e6d7a1472c763535c5?s=96&d=mm&r=pg","contentUrl":"https:\/\/secure.gravatar.com\/avatar\/dfa4be514c3e82a71e4f9a0020035d38192d080ccaa5e4e6d7a1472c763535c5?s=96&d=mm&r=pg","caption":"St\u00f6rungsmelder"},"url":"https:\/\/blog.zeit.de\/stoerungsmelder\/author\/stoerungsmelder"}]}},"jetpack_featured_media_url":"","jetpack_sharing_enabled":true,"_links":{"self":[{"href":"https:\/\/blog.zeit.de\/stoerungsmelder\/wp-json\/wp\/v2\/posts\/13103","targetHints":{"allow":["GET"]}}],"collection":[{"href":"https:\/\/blog.zeit.de\/stoerungsmelder\/wp-json\/wp\/v2\/posts"}],"about":[{"href":"https:\/\/blog.zeit.de\/stoerungsmelder\/wp-json\/wp\/v2\/types\/post"}],"author":[{"embeddable":true,"href":"https:\/\/blog.zeit.de\/stoerungsmelder\/wp-json\/wp\/v2\/users\/229"}],"replies":[{"embeddable":true,"href":"https:\/\/blog.zeit.de\/stoerungsmelder\/wp-json\/wp\/v2\/comments?post=13103"}],"version-history":[{"count":3,"href":"https:\/\/blog.zeit.de\/stoerungsmelder\/wp-json\/wp\/v2\/posts\/13103\/revisions"}],"predecessor-version":[{"id":13107,"href":"https:\/\/blog.zeit.de\/stoerungsmelder\/wp-json\/wp\/v2\/posts\/13103\/revisions\/13107"}],"wp:attachment":[{"href":"https:\/\/blog.zeit.de\/stoerungsmelder\/wp-json\/wp\/v2\/media?parent=13103"}],"wp:term":[{"taxonomy":"category","embeddable":true,"href":"https:\/\/blog.zeit.de\/stoerungsmelder\/wp-json\/wp\/v2\/categories?post=13103"},{"taxonomy":"post_tag","embeddable":true,"href":"https:\/\/blog.zeit.de\/stoerungsmelder\/wp-json\/wp\/v2\/tags?post=13103"}],"curies":[{"name":"wp","href":"https:\/\/api.w.org\/{rel}","templated":true}]}}