{"id":13275,"date":"2013-06-18T16:41:21","date_gmt":"2013-06-18T14:41:21","guid":{"rendered":"http:\/\/blog.zeit.de\/stoerungsmelder\/?p=13275"},"modified":"2013-06-19T08:34:17","modified_gmt":"2013-06-19T06:34:17","slug":"gefahrliche-korperverletzung-polizei-ermittelt-gegen-npd-stadtrat","status":"publish","type":"post","link":"https:\/\/blog.zeit.de\/stoerungsmelder\/2013\/06\/18\/gefahrliche-korperverletzung-polizei-ermittelt-gegen-npd-stadtrat_13275","title":{"rendered":"Gef\u00e4hrliche K\u00f6rperverletzung &#8211; Polizei ermittelt gegen NPD-Stadtrat"},"content":{"rendered":"<p><figure id=\"attachment_12177\" aria-describedby=\"caption-attachment-12177\" style=\"width: 580px\" class=\"wp-caption aligncenter\"><a href=\"https:\/\/blog.zeit.de\/stoerungsmelder\/2013\/03\/20\/nordhausen-aufruf-gegen-rechts_12172\/demonstration-der-freien-krafte-in-nordhause-juli-2011-mit-kamera-dabei-roy-elbert-2\" rel=\"attachment wp-att-12177\"><img loading=\"lazy\" decoding=\"async\" class=\"size-full wp-image-12177\" alt=\"Am Rande eines Naziaufmarsches, links mit Kamera: Roy Elbert (NPD)\" src=\"https:\/\/blog.zeit.de\/stoerungsmelder\/files\/2013\/03\/Demonstration-der-freien-Kr\u00e4fte-in-Nordhause-JUli-2011-mit-Kamera-dabei-Roy-Elbert1.jpg\" width=\"580\" height=\"300\" srcset=\"https:\/\/blog.zeit.de\/stoerungsmelder\/files\/2013\/03\/Demonstration-der-freien-Kr\u00e4fte-in-Nordhause-JUli-2011-mit-Kamera-dabei-Roy-Elbert1.jpg 580w, https:\/\/blog.zeit.de\/stoerungsmelder\/files\/2013\/03\/Demonstration-der-freien-Kr\u00e4fte-in-Nordhause-JUli-2011-mit-Kamera-dabei-Roy-Elbert1-300x155.jpg 300w\" sizes=\"auto, (max-width: 580px) 100vw, 580px\" \/><\/a><figcaption id=\"caption-attachment-12177\" class=\"wp-caption-text\">Am Rande eines Naziaufmarsches, links mit Kamera: Roy Elbert (NPD)<\/figcaption><\/figure><\/p>\n<p>In Nordhausen konnte sich seit Jahren nahezug ungest\u00f6rt die gewaltbereit rechtsextreme Szene entwickeln. Die Zusammenarbeit zwischen NPD und den neonazistischen \u201eFreien Kr\u00e4ften\u201c ist dabei besonders eng. Nun pr\u00fcgelte man sich auch gemeinsam. Mittendrin: NPD-Stadtrat Roy Elbert. Jetzt ermittelt die Polizei wegen gef\u00e4hrlicher K\u00f6rperverletzung gegen den NPD-Politiker.<!--more--><\/p>\n<p>In der nordth\u00fcringischen Stadt Nordhausen findet j\u00e4hrlich das traditionelle Rolandsfest statt. Bereits im letzten Jahr nutzte die<a href=\"https:\/\/blog.zeit.de\/stoerungsmelder\/2012\/06\/15\/nordhausen-als-tummelplatz-der-militante-naziszene_8891\" target=\"_blank\"> rechtsextreme Szene vor Ort<\/a> das Volksfest f\u00fcr ihre<\/p>\n<p><figure id=\"attachment_12462\" aria-describedby=\"caption-attachment-12462\" style=\"width: 300px\" class=\"wp-caption alignleft\"><a href=\"https:\/\/blog.zeit.de\/stoerungsmelder\/2013\/06\/18\/gefahrliche-korperverletzung-polizei-ermittelt-gegen-npd-stadtrat_13275\/roy-elbert-und-alexanderlindemann\" rel=\"attachment wp-att-12462\"><img loading=\"lazy\" decoding=\"async\" class=\"size-medium wp-image-12462\" alt=\"Roy Elbert (NPD-Kreisvorsitzender) und Alexander Lindemann (Vertreter der neonazistischen freien Kr\u00e4fte)  \u00a9 Kai Budler \" src=\"https:\/\/blog.zeit.de\/stoerungsmelder\/files\/2013\/04\/Roy-Elbert-und-AlexanderLindemann-300x200.jpg\" width=\"300\" height=\"200\" srcset=\"https:\/\/blog.zeit.de\/stoerungsmelder\/files\/2013\/04\/Roy-Elbert-und-AlexanderLindemann-300x200.jpg 300w, https:\/\/blog.zeit.de\/stoerungsmelder\/files\/2013\/04\/Roy-Elbert-und-AlexanderLindemann.jpg 1000w\" sizes=\"auto, (max-width: 300px) 100vw, 300px\" \/><\/a><figcaption id=\"caption-attachment-12462\" class=\"wp-caption-text\">Roy Elbert (NPD-Kreisvorsitzender) und Alexander Lindemann (Vertreter der neonazistischen freien Kr\u00e4fte) \u00a9 Kai Budler<\/figcaption><\/figure><\/p>\n<p>Propaganda. Im Stil der \u201eUnsterblichen\u201c zogen einige Neonazis am helllichten Tag \u00fcber das Volksfest und verteilten ihre menschenverachtende Propaganda. Als der B\u00fcrgermeister der Stadt die Rechtsextremen aufhalten wollte, traten zwei Vermummte auf ihn ein und fl\u00fcchteten. Kaum ein Jahr sp\u00e4ter gab es wieder gewaltt\u00e4tige \u00dcbergriffe von Rechtsextremen. An einer Schl\u00e4gerei war auch der NPD-Stadtrat Roy Elbert beteiligt, gegen den jetzt wegen des Verdachtes auf gef\u00e4hrliche K\u00f6rperverletzung ermittelt wird.<\/p>\n<p>Am Rande des Festes war es am Samstag zu einer Schl\u00e4gerei gekommen, bei der auch Reizgas eingesetzt wurde. Insgesamt nahm die Polizei drei Verd\u00e4chtige vor\u00fcbergehend in Gewahrsam. Neben Elbert waren noch zwei weitere Angeh\u00f6rige der rechtsextremen Szene an dem Vorfall beteiligt. Auch eine der F\u00fchrungsfiguren der neonazistischen \u201eFreien Kr\u00e4fte\u201c, Alexander Lindemann, geh\u00f6rte zu dem Trio. Er tritt immer wieder gemeinsam mit Elbert bei Veranstaltungen als Redner auf und vertritt dabei die freie Kameradschaftsszene in Nordhausen. Alle drei Beteiligten wurden zur Personalienfeststellung und Beruhigung der Situation bis in die fr\u00fchen Morgenstunden auf die Polizeiwache gebracht. Auch gegen die anderen zwei Rechtsextremen l\u00e4uft ein Ermittlungsverfahren wegen gef\u00e4hrlicher K\u00f6rperverletzung.<\/p>\n<p>F\u00fcr die rechtsextreme Szene in Nordhausen ist dies nicht das erste Ermittlungsverfahren, wie vor einiger Zeit eine <a href=\"https:\/\/blog.zeit.de\/stoerungsmelder\/2013\/03\/05\/braunes-nordhausen-waffen-drogen-und-die-npd_11733\" target=\"_blank\">kleine Anfrage der Gr\u00fcnen im Landtag<\/a> zeigte. Schon damals sprang Roy Elbert den &#8222;Freien Kr\u00e4ften&#8220; zur Seite. So hei\u00dft es in einer Erkl\u00e4rung des NPD-Politikers zum Thema Drogenkriminalit\u00e4t der rechtsextremen Szene in Nordhausen: &#8222;Wer sich ein wenig mit der Ideologie dieser national denkenden Jugendlichen und Heranwachsenden auseinandergesetzt hat, sollte wissen, dass solche Vorw\u00fcrfe keinesfalls ins Weltbild dieser jungen Menschen passen k\u00f6nnen. Dazu muss man nat\u00fcrlich bereit sein, mit fundiertem Wissen aufzuwarten und nicht lediglich gegen Andersdenkende hetzen zu wollen.&#8220;<\/p>\n<p>Das sieht das Landeskriminalamt in Th\u00fcringen allerdings etwas anders. Das LKA teilte auf Anfrage des St\u00f6rungsmelder mit: \u201eZwei Personen der &#8222;Aktionsgruppe Nordhausen&#8220; sind mit dem Konsum von Bet\u00e4ubungsmitteln polizeilich in Erscheinung getreten. Zu einer Person liegen Informationen vor, wonach diese mit Handel von Bet\u00e4ubungsmitteln polizeilich in Erscheinung getreten ist.\u201c<\/p>\n\n<div class=\"embed-wrapper embed-wrapper--blocked js-embed-consent\" data-method=\"iframe\">\n<script class=\"raw__source\" type=\"text\/template\"><iframe loading=\"lazy\" frameborder=\"0\" height=\"315\" src=\"http:\/\/www.youtube.com\/embed\/NZ4k2cKV2M4\" width=\"560\"><\/iframe><\/script>\n<div class=\"embed-wrapper__inner\">\n<div class=\"embed-wrapper__text\">\n<h3>Empfohlener redaktioneller Inhalt<\/h3>\n<p data-replace=\"no\">An dieser Stelle finden Sie externen Inhalt, der den Artikel erg\u00e4nzt. Sie k\u00f6nnen sich externe Inhalte mit einem Klick anzeigen lassen und wieder ausblenden.<noscript>Bitte aktivieren Sie JavaScript damit Sie diesen Inhalt anzeigen k\u00f6nnen.<\/noscript><\/p>\n<\/div>\n<div class=\"embed-consent\">\n<label class=\"embed-consent__toggle\">\n<input class=\"js-embed-consent__toggle\" type=\"checkbox\" autocomplete=\"off\">\n<span><\/span>\nExterner Inhalt\n<\/label>\n<a href=\"https:\/\/www.zeit.de\/hilfe\/datenschutz\" target=\"_blank\" class=\"embed-consent__datalink-when-active\">Datenschutzerkl\u00e4rung<\/a>\n<\/div>\n<div class=\"embed-wrapper__footer\">\n<p data-replace=\"no\">\nIch bin damit einverstanden, dass mir externe Inhalte angezeigt werden. Damit k\u00f6nnen personenbezogene Daten an Drittplattformen \u00fcbermittelt werden. <a href=\"https:\/\/www.zeit.de\/hilfe\/datenschutz\" target=\"_blank\">Mehr dazu in unserer Datenschutzerkl\u00e4rung.<\/a>\n<\/p>\n<\/div>\n<\/div>\n<\/div>\n<p>F\u00fcr den NPD-Stadtrat Elbert war es nicht die erste Gelegenheit, bei der sein aggressives Verhalten sichtbar wurde. Bereits bei einer Gedenkveranstaltung im Jahr 2011 war er vor\u00fcbergehend von der Polizei in Gewahrsam genommen wurden, als er zun\u00e4chst die B\u00fcrgermeisterin bedr\u00e4ngte und dann Polizisten beleidigte. Elbert ist nicht nur Stadtrat der NPD sondern auch Kreisvorsitzender. Neben diesen beiden Funktionen geh\u00f6rt er auch zum Landesvorstand der Th\u00fcringer NPD.<\/p>\n","protected":false},"excerpt":{"rendered":"<p>In Nordhausen konnte sich seit Jahren nahezug ungest\u00f6rt die gewaltbereit rechtsextreme Szene entwickeln. Die Zusammenarbeit zwischen NPD und den neonazistischen \u201eFreien Kr\u00e4ften\u201c ist dabei besonders eng. Nun pr\u00fcgelte man sich auch gemeinsam. Mittendrin: NPD-Stadtrat Roy Elbert. Jetzt ermittelt die Polizei wegen gef\u00e4hrlicher K\u00f6rperverletzung gegen den NPD-Politiker.<\/p>\n","protected":false},"author":229,"featured_media":0,"comment_status":"open","ping_status":"open","sticky":false,"template":"","format":"standard","meta":{"_jetpack_memberships_contains_paid_content":false,"footnotes":""},"categories":[978],"tags":[17889,28174,1587,26583,28175,24556,28176,11419],"class_list":["post-13275","post","type-post","status-publish","format-standard","hentry","category-thuringen","tag-aktionsgruppe-nordhausen","tag-alexander-lindemann","tag-gewalt","tag-npd-nordhausen","tag-npd-stadtrat","tag-npd-thuringen","tag-rechtsextreme-straftaten","tag-roy-elbert"],"yoast_head":"<!-- This site is optimized with the Yoast SEO plugin v21.0 - https:\/\/yoast.com\/wordpress\/plugins\/seo\/ -->\n<title>Gef\u00e4hrliche K\u00f6rperverletzung - Polizei ermittelt gegen NPD-Stadtrat - St\u00f6rungsmelder<\/title>\n<meta name=\"robots\" content=\"index, follow, max-snippet:-1, max-image-preview:large, max-video-preview:-1\" \/>\n<link rel=\"canonical\" href=\"https:\/\/blog.zeit.de\/stoerungsmelder\/2013\/06\/18\/gefahrliche-korperverletzung-polizei-ermittelt-gegen-npd-stadtrat_13275\" \/>\n<meta property=\"og:locale\" content=\"de_DE\" \/>\n<meta property=\"og:type\" content=\"article\" \/>\n<meta property=\"og:title\" content=\"Gef\u00e4hrliche K\u00f6rperverletzung - Polizei ermittelt gegen NPD-Stadtrat - St\u00f6rungsmelder\" \/>\n<meta property=\"og:description\" content=\"In Nordhausen konnte sich seit Jahren nahezug ungest\u00f6rt die gewaltbereit rechtsextreme Szene entwickeln. Die Zusammenarbeit zwischen NPD und den neonazistischen \u201eFreien Kr\u00e4ften\u201c ist dabei besonders eng. Nun pr\u00fcgelte man sich auch gemeinsam. Mittendrin: NPD-Stadtrat Roy Elbert. Jetzt ermittelt die Polizei wegen gef\u00e4hrlicher K\u00f6rperverletzung gegen den NPD-Politiker.\" \/>\n<meta property=\"og:url\" content=\"https:\/\/blog.zeit.de\/stoerungsmelder\/2013\/06\/18\/gefahrliche-korperverletzung-polizei-ermittelt-gegen-npd-stadtrat_13275\" \/>\n<meta property=\"og:site_name\" content=\"St\u00f6rungsmelder\" \/>\n<meta property=\"article:published_time\" content=\"2013-06-18T14:41:21+00:00\" \/>\n<meta property=\"article:modified_time\" content=\"2013-06-19T06:34:17+00:00\" \/>\n<meta property=\"og:image\" content=\"https:\/\/blog.zeit.de\/stoerungsmelder\/files\/2013\/04\/Roy-Elbert-und-AlexanderLindemann-300x200.jpg\" \/>\n<meta name=\"author\" content=\"St\u00f6rungsmelder\" \/>\n<meta name=\"twitter:card\" content=\"summary_large_image\" \/>\n<meta name=\"twitter:label1\" content=\"Geschrieben von\" \/>\n\t<meta name=\"twitter:data1\" content=\"St\u00f6rungsmelder\" \/>\n\t<meta name=\"twitter:label2\" content=\"Gesch\u00e4tzte Lesezeit\" \/>\n\t<meta name=\"twitter:data2\" content=\"3\u00a0Minuten\" \/>\n<script type=\"application\/ld+json\" class=\"yoast-schema-graph\">{\"@context\":\"https:\/\/schema.org\",\"@graph\":[{\"@type\":\"WebPage\",\"@id\":\"https:\/\/blog.zeit.de\/stoerungsmelder\/2013\/06\/18\/gefahrliche-korperverletzung-polizei-ermittelt-gegen-npd-stadtrat_13275\",\"url\":\"https:\/\/blog.zeit.de\/stoerungsmelder\/2013\/06\/18\/gefahrliche-korperverletzung-polizei-ermittelt-gegen-npd-stadtrat_13275\",\"name\":\"Gef\u00e4hrliche K\u00f6rperverletzung - Polizei ermittelt gegen NPD-Stadtrat - St\u00f6rungsmelder\",\"isPartOf\":{\"@id\":\"https:\/\/blog.zeit.de\/stoerungsmelder\/#website\"},\"datePublished\":\"2013-06-18T14:41:21+00:00\",\"dateModified\":\"2013-06-19T06:34:17+00:00\",\"author\":{\"@id\":\"https:\/\/blog.zeit.de\/stoerungsmelder\/#\/schema\/person\/fdd0b9818f65738672810b6d6f037f71\"},\"breadcrumb\":{\"@id\":\"https:\/\/blog.zeit.de\/stoerungsmelder\/2013\/06\/18\/gefahrliche-korperverletzung-polizei-ermittelt-gegen-npd-stadtrat_13275#breadcrumb\"},\"inLanguage\":\"de\",\"potentialAction\":[{\"@type\":\"ReadAction\",\"target\":[\"https:\/\/blog.zeit.de\/stoerungsmelder\/2013\/06\/18\/gefahrliche-korperverletzung-polizei-ermittelt-gegen-npd-stadtrat_13275\"]}]},{\"@type\":\"BreadcrumbList\",\"@id\":\"https:\/\/blog.zeit.de\/stoerungsmelder\/2013\/06\/18\/gefahrliche-korperverletzung-polizei-ermittelt-gegen-npd-stadtrat_13275#breadcrumb\",\"itemListElement\":[{\"@type\":\"ListItem\",\"position\":1,\"name\":\"Startseite\",\"item\":\"https:\/\/blog.zeit.de\/stoerungsmelder\"},{\"@type\":\"ListItem\",\"position\":2,\"name\":\"Gef\u00e4hrliche K\u00f6rperverletzung &#8211; Polizei ermittelt gegen NPD-Stadtrat\"}]},{\"@type\":\"WebSite\",\"@id\":\"https:\/\/blog.zeit.de\/stoerungsmelder\/#website\",\"url\":\"https:\/\/blog.zeit.de\/stoerungsmelder\/\",\"name\":\"St\u00f6rungsmelder\",\"description\":\"Recherchen und Analysen \u00fcber die extreme Rechte\",\"potentialAction\":[{\"@type\":\"SearchAction\",\"target\":{\"@type\":\"EntryPoint\",\"urlTemplate\":\"https:\/\/blog.zeit.de\/stoerungsmelder\/?s={search_term_string}\"},\"query-input\":\"required name=search_term_string\"}],\"inLanguage\":\"de\"},{\"@type\":\"Person\",\"@id\":\"https:\/\/blog.zeit.de\/stoerungsmelder\/#\/schema\/person\/fdd0b9818f65738672810b6d6f037f71\",\"name\":\"St\u00f6rungsmelder\",\"image\":{\"@type\":\"ImageObject\",\"inLanguage\":\"de\",\"@id\":\"https:\/\/blog.zeit.de\/stoerungsmelder\/#\/schema\/person\/image\/\",\"url\":\"https:\/\/secure.gravatar.com\/avatar\/dfa4be514c3e82a71e4f9a0020035d38192d080ccaa5e4e6d7a1472c763535c5?s=96&d=mm&r=pg\",\"contentUrl\":\"https:\/\/secure.gravatar.com\/avatar\/dfa4be514c3e82a71e4f9a0020035d38192d080ccaa5e4e6d7a1472c763535c5?s=96&d=mm&r=pg\",\"caption\":\"St\u00f6rungsmelder\"},\"url\":\"https:\/\/blog.zeit.de\/stoerungsmelder\/author\/stoerungsmelder\"}]}<\/script>\n<!-- \/ Yoast SEO plugin. -->","yoast_head_json":{"title":"Gef\u00e4hrliche K\u00f6rperverletzung - Polizei ermittelt gegen NPD-Stadtrat - St\u00f6rungsmelder","robots":{"index":"index","follow":"follow","max-snippet":"max-snippet:-1","max-image-preview":"max-image-preview:large","max-video-preview":"max-video-preview:-1"},"canonical":"https:\/\/blog.zeit.de\/stoerungsmelder\/2013\/06\/18\/gefahrliche-korperverletzung-polizei-ermittelt-gegen-npd-stadtrat_13275","og_locale":"de_DE","og_type":"article","og_title":"Gef\u00e4hrliche K\u00f6rperverletzung - Polizei ermittelt gegen NPD-Stadtrat - St\u00f6rungsmelder","og_description":"In Nordhausen konnte sich seit Jahren nahezug ungest\u00f6rt die gewaltbereit rechtsextreme Szene entwickeln. Die Zusammenarbeit zwischen NPD und den neonazistischen \u201eFreien Kr\u00e4ften\u201c ist dabei besonders eng. Nun pr\u00fcgelte man sich auch gemeinsam. Mittendrin: NPD-Stadtrat Roy Elbert. Jetzt ermittelt die Polizei wegen gef\u00e4hrlicher K\u00f6rperverletzung gegen den NPD-Politiker.","og_url":"https:\/\/blog.zeit.de\/stoerungsmelder\/2013\/06\/18\/gefahrliche-korperverletzung-polizei-ermittelt-gegen-npd-stadtrat_13275","og_site_name":"St\u00f6rungsmelder","article_published_time":"2013-06-18T14:41:21+00:00","article_modified_time":"2013-06-19T06:34:17+00:00","og_image":[{"url":"https:\/\/blog.zeit.de\/stoerungsmelder\/files\/2013\/04\/Roy-Elbert-und-AlexanderLindemann-300x200.jpg"}],"author":"St\u00f6rungsmelder","twitter_card":"summary_large_image","twitter_misc":{"Geschrieben von":"St\u00f6rungsmelder","Gesch\u00e4tzte Lesezeit":"3\u00a0Minuten"},"schema":{"@context":"https:\/\/schema.org","@graph":[{"@type":"WebPage","@id":"https:\/\/blog.zeit.de\/stoerungsmelder\/2013\/06\/18\/gefahrliche-korperverletzung-polizei-ermittelt-gegen-npd-stadtrat_13275","url":"https:\/\/blog.zeit.de\/stoerungsmelder\/2013\/06\/18\/gefahrliche-korperverletzung-polizei-ermittelt-gegen-npd-stadtrat_13275","name":"Gef\u00e4hrliche K\u00f6rperverletzung - Polizei ermittelt gegen NPD-Stadtrat - St\u00f6rungsmelder","isPartOf":{"@id":"https:\/\/blog.zeit.de\/stoerungsmelder\/#website"},"datePublished":"2013-06-18T14:41:21+00:00","dateModified":"2013-06-19T06:34:17+00:00","author":{"@id":"https:\/\/blog.zeit.de\/stoerungsmelder\/#\/schema\/person\/fdd0b9818f65738672810b6d6f037f71"},"breadcrumb":{"@id":"https:\/\/blog.zeit.de\/stoerungsmelder\/2013\/06\/18\/gefahrliche-korperverletzung-polizei-ermittelt-gegen-npd-stadtrat_13275#breadcrumb"},"inLanguage":"de","potentialAction":[{"@type":"ReadAction","target":["https:\/\/blog.zeit.de\/stoerungsmelder\/2013\/06\/18\/gefahrliche-korperverletzung-polizei-ermittelt-gegen-npd-stadtrat_13275"]}]},{"@type":"BreadcrumbList","@id":"https:\/\/blog.zeit.de\/stoerungsmelder\/2013\/06\/18\/gefahrliche-korperverletzung-polizei-ermittelt-gegen-npd-stadtrat_13275#breadcrumb","itemListElement":[{"@type":"ListItem","position":1,"name":"Startseite","item":"https:\/\/blog.zeit.de\/stoerungsmelder"},{"@type":"ListItem","position":2,"name":"Gef\u00e4hrliche K\u00f6rperverletzung &#8211; Polizei ermittelt gegen NPD-Stadtrat"}]},{"@type":"WebSite","@id":"https:\/\/blog.zeit.de\/stoerungsmelder\/#website","url":"https:\/\/blog.zeit.de\/stoerungsmelder\/","name":"St\u00f6rungsmelder","description":"Recherchen und Analysen \u00fcber die extreme Rechte","potentialAction":[{"@type":"SearchAction","target":{"@type":"EntryPoint","urlTemplate":"https:\/\/blog.zeit.de\/stoerungsmelder\/?s={search_term_string}"},"query-input":"required name=search_term_string"}],"inLanguage":"de"},{"@type":"Person","@id":"https:\/\/blog.zeit.de\/stoerungsmelder\/#\/schema\/person\/fdd0b9818f65738672810b6d6f037f71","name":"St\u00f6rungsmelder","image":{"@type":"ImageObject","inLanguage":"de","@id":"https:\/\/blog.zeit.de\/stoerungsmelder\/#\/schema\/person\/image\/","url":"https:\/\/secure.gravatar.com\/avatar\/dfa4be514c3e82a71e4f9a0020035d38192d080ccaa5e4e6d7a1472c763535c5?s=96&d=mm&r=pg","contentUrl":"https:\/\/secure.gravatar.com\/avatar\/dfa4be514c3e82a71e4f9a0020035d38192d080ccaa5e4e6d7a1472c763535c5?s=96&d=mm&r=pg","caption":"St\u00f6rungsmelder"},"url":"https:\/\/blog.zeit.de\/stoerungsmelder\/author\/stoerungsmelder"}]}},"jetpack_featured_media_url":"","jetpack_sharing_enabled":true,"_links":{"self":[{"href":"https:\/\/blog.zeit.de\/stoerungsmelder\/wp-json\/wp\/v2\/posts\/13275","targetHints":{"allow":["GET"]}}],"collection":[{"href":"https:\/\/blog.zeit.de\/stoerungsmelder\/wp-json\/wp\/v2\/posts"}],"about":[{"href":"https:\/\/blog.zeit.de\/stoerungsmelder\/wp-json\/wp\/v2\/types\/post"}],"author":[{"embeddable":true,"href":"https:\/\/blog.zeit.de\/stoerungsmelder\/wp-json\/wp\/v2\/users\/229"}],"replies":[{"embeddable":true,"href":"https:\/\/blog.zeit.de\/stoerungsmelder\/wp-json\/wp\/v2\/comments?post=13275"}],"version-history":[{"count":13,"href":"https:\/\/blog.zeit.de\/stoerungsmelder\/wp-json\/wp\/v2\/posts\/13275\/revisions"}],"predecessor-version":[{"id":13290,"href":"https:\/\/blog.zeit.de\/stoerungsmelder\/wp-json\/wp\/v2\/posts\/13275\/revisions\/13290"}],"wp:attachment":[{"href":"https:\/\/blog.zeit.de\/stoerungsmelder\/wp-json\/wp\/v2\/media?parent=13275"}],"wp:term":[{"taxonomy":"category","embeddable":true,"href":"https:\/\/blog.zeit.de\/stoerungsmelder\/wp-json\/wp\/v2\/categories?post=13275"},{"taxonomy":"post_tag","embeddable":true,"href":"https:\/\/blog.zeit.de\/stoerungsmelder\/wp-json\/wp\/v2\/tags?post=13275"}],"curies":[{"name":"wp","href":"https:\/\/api.w.org\/{rel}","templated":true}]}}