{"id":133,"date":"2007-11-29T01:04:47","date_gmt":"2007-11-29T00:04:47","guid":{"rendered":"http:\/\/blog.zeit.de\/stoerungsmelder\/2007\/11\/29\/irgendwie-ausgelutscht_133"},"modified":"2007-11-29T01:04:47","modified_gmt":"2007-11-29T00:04:47","slug":"irgendwie-ausgelutscht","status":"publish","type":"post","link":"https:\/\/blog.zeit.de\/stoerungsmelder\/2007\/11\/29\/irgendwie-ausgelutscht_133","title":{"rendered":"Irgendwie ausgelutscht"},"content":{"rendered":"<p>Fu\u00dfballmetaphorik ist g\u00e4hnend langweilig. Vielleicht auch, weil ich Fu\u00dfball nicht mag, empfinde ich Ausdr\u00fccke aus dem deutschen Volkssport als \u00f6de. Aber das macht ja nichts, denn <em>&#8222;Platzverweis&#8220;<\/em> ist trotzdem eine tolle Sache!<!--more--> Nach diversen Nazi Schul-CDs und der mehr schlecht als rechten Propagandazeitung <em>&#8222;Perplex&#8220;<\/em> wird nun zur\u00fcckgeschlagen, verbal wie grafisch.  Nebst schlichter, aber ansprechender Optik versucht man die Forderungen und Behauptungen der Neonazis zu enttarnen und deren Widerspr\u00fcche aufzuzeigen.  Ob von den Grundlagen, wie dem latenten Rassismus in unserer Gesellschaft, bis zu aktuellen Problemen der Jugendlichen, z. B. die Ausbildung,  wird versucht alle Themen zumindest exemplarisch aufzugreifen.<\/p>\n<blockquote><p><em>Tja, reingefallen: Unternehmen versuchen immer, ihren Besch\u00e4ftigten<br \/>\nweniger Geld zu bezahlen. Wenn das zur Folge<br \/>\nhat, dass die sich in \u201eDeutsche\u201c und \u201eAusl\u00e4nder\u201c spalten<br \/>\nlassen und gegenseitig anfeinden, wird das wohl auch kein<br \/>\nEnde haben. Nur wenn wir gemeinsam f\u00fcr bessere L\u00f6hne<br \/>\nund Arbeitsbedingungen streiten, kann es auch allen besser<br \/>\ngehen (au\u00dfer vielleicht den Unternehmen \u2026).<\/em> (Seite 5)<\/p><\/blockquote>\n<p>In charmant frecher Art wird auch auf die vermeintliche Politik der NPD hingewiesen. Dass diese zu Ausschusssitzungen in Berliner Bezirken (Treptow-K\u00f6penick und Lichtenberg) n\u00e4mlich &#8222;immer seltener&#8220; kommt und nicht einmal wei\u00df, &#8222;worum es den Menschen in den Bezirken \u00fcberhaupt geht&#8220; (Seite 9), zaubert Jedem, der es sowieso besser wusste, ein Grinsen aufs Gesicht. M\u00f6gliche NPD W\u00e4hler und W\u00e4hlerinnen \u00fcberlegen sich hingegen vielleicht &#8211; hoffentlich! &#8211; noch einmal, wo sie bei der n\u00e4chsten Bezirkswahl ihr Kreuzchen setzen.<\/p>\n<p>Besonders aufr\u00fcttelnd sind die seitlich eingestreuten Zitate diverser NPD Vorsitzender, wie Holger Apfel oder Udo Voigt: Derartig entlarvend zeigt sich die extreme Rechte selten. Daher k\u00f6nnen solche S\u00e4tze auch unkommentiert stehen bleiben; jeder, der dem Nationalsozialismus nicht bereits verfallen ist, wird bei solchen S\u00e4tzen nur den Kopf sch\u00fctteln k\u00f6nnen:<\/p>\n<blockquote><p><em>&#8222;Das Reich ist unser<br \/>\nZiel, die NPD ist unser<br \/>\nWeg!&#8220; Udo Voigt, NPD-Bundesvorsitzender<br \/>\nauf dem<br \/>\nBundesparteitag am<br \/>\n18.\/19.3.2000<\/em><\/p><\/blockquote>\n<p>Eine gute Idee, durch solche Zitate die Demokratiefeindlichkeit der NPD aufzuzeigen.<\/p>\n<p>Die exemplarische Darstellung von rechten \u00dcbergriffen auf die JFE Falkenburg zeigen auch f\u00fcr unpolitische Menschen, dass Nazis und Rassisten Menschen nicht sch\u00fctzen. Im Gegenteil, die Menschenfeindlichkeit weitet sich auf kleine Kinder aus &#8211; auch auf Deutsche, die in der Falkenburg ebenso willkommen sind.<\/p>\n<blockquote><p><em>Die in Lichtenberg gelegene JFE Falkenburg<br \/>\nwar gleich mehrmals Ziel rechtsextremer \u00dcbergriffe.<br \/>\nWarum wird ein Offener Kinder- und Jugendclub, in dem<br \/>\nvor allem Grundschulkinder ihre Freizeit verbringen, ein Ziel<br \/>\nrechtsextremer \u00dcbergriffe?<\/em><\/p><\/blockquote>\n<p>&#8222;Platzverweis&#8220; und seine Initiatoren ( Jusos, Gr\u00fcne Jugend Berlin, Die Falken, SDAJ, &#8217;solid, das Mobile Beratungsteam Ostkreuz und die Berliner Antifa) versuchen damit einen jugendlichen Gegenpol zu rechter Jugendpolitik zu bilden. Kurz und knapp zeigen sie, dass die Theorie und Praxis der Neonazis menschenfeindlich ist und die Versprechungen der NPD blanker Hohn. Teilweise wird den Leserinnen und Lesern zu viel Grundwissen abverlangt, im Groben bleibt die Zeitung aber auch f\u00fcr Uninformierte verst\u00e4ndlich und \u00fcberzeugend.<\/p>\n<p>Diese erste Ausgabe wird in der folgenden Woche mit einer Auflage von 40.000 an Berliner Schulen verteilt und ruft, <a href=\"https:\/\/blog.zeit.de\/stoerungsmelder\/2007\/11\/27\/kampferisch-aber-friedlich_132\" title=\"St\u00f6rungsmelder: K\u00e4mpferisch, aber friedlich\">ebenso wie Markus Kavka<\/a> und <a href=\"http:\/\/users.blacksec.org\/~kuh-berlin\/antifa-dezember\/index.html\" title=\"Antifa\">die Antifa<\/a>, zur Gegendemonstration am 1.12. in Berlin Rudow auf. Treffpunkt ist im \u00dcbrigen um 10:30 am S-Bahnhof Rudow.<\/p>\n<p>Platzverweis gibt es <a href=\"http:\/\/www2.jusosberlin.de\/uploads\/platzverweis_download.pdf\" title=\"Platzverweis\">hier<\/a> zum kostenlosen Download.<\/p>\n","protected":false},"excerpt":{"rendered":"<p>Fu\u00dfballmetaphorik ist g\u00e4hnend langweilig. Vielleicht auch, weil ich Fu\u00dfball nicht mag, empfinde ich Ausdr\u00fccke aus dem deutschen Volkssport als \u00f6de. Aber das macht ja nichts, denn &#8222;Platzverweis&#8220; ist trotzdem eine tolle Sache!<\/p>\n","protected":false},"author":226,"featured_media":0,"comment_status":"open","ping_status":"open","sticky":false,"template":"","format":"standard","meta":{"_jetpack_memberships_contains_paid_content":false,"footnotes":""},"categories":[249,1515],"tags":[1578,1632],"class_list":["post-133","post","type-post","status-publish","format-standard","hentry","category-berlin","category-bundesweit","tag-gegenstrategien","tag-jugend"],"yoast_head":"<!-- This site is optimized with the Yoast SEO plugin v21.0 - https:\/\/yoast.com\/wordpress\/plugins\/seo\/ -->\n<title>Irgendwie ausgelutscht - St\u00f6rungsmelder<\/title>\n<meta name=\"robots\" content=\"index, follow, max-snippet:-1, max-image-preview:large, max-video-preview:-1\" \/>\n<link rel=\"canonical\" href=\"https:\/\/blog.zeit.de\/stoerungsmelder\/2007\/11\/29\/irgendwie-ausgelutscht_133\" \/>\n<meta property=\"og:locale\" content=\"de_DE\" \/>\n<meta property=\"og:type\" content=\"article\" \/>\n<meta property=\"og:title\" content=\"Irgendwie ausgelutscht - St\u00f6rungsmelder\" \/>\n<meta property=\"og:description\" content=\"Fu\u00dfballmetaphorik ist g\u00e4hnend langweilig. Vielleicht auch, weil ich Fu\u00dfball nicht mag, empfinde ich Ausdr\u00fccke aus dem deutschen Volkssport als \u00f6de. Aber das macht ja nichts, denn &#8222;Platzverweis&#8220; ist trotzdem eine tolle Sache!\" \/>\n<meta property=\"og:url\" content=\"https:\/\/blog.zeit.de\/stoerungsmelder\/2007\/11\/29\/irgendwie-ausgelutscht_133\" \/>\n<meta property=\"og:site_name\" content=\"St\u00f6rungsmelder\" \/>\n<meta property=\"article:published_time\" content=\"2007-11-29T00:04:47+00:00\" \/>\n<meta name=\"author\" content=\"Johannes Wedekamp\" \/>\n<meta name=\"twitter:card\" content=\"summary_large_image\" \/>\n<meta name=\"twitter:label1\" content=\"Geschrieben von\" \/>\n\t<meta name=\"twitter:data1\" content=\"Johannes Wedekamp\" \/>\n\t<meta name=\"twitter:label2\" content=\"Gesch\u00e4tzte Lesezeit\" \/>\n\t<meta name=\"twitter:data2\" content=\"3\u00a0Minuten\" \/>\n<script type=\"application\/ld+json\" class=\"yoast-schema-graph\">{\"@context\":\"https:\/\/schema.org\",\"@graph\":[{\"@type\":\"WebPage\",\"@id\":\"https:\/\/blog.zeit.de\/stoerungsmelder\/2007\/11\/29\/irgendwie-ausgelutscht_133\",\"url\":\"https:\/\/blog.zeit.de\/stoerungsmelder\/2007\/11\/29\/irgendwie-ausgelutscht_133\",\"name\":\"Irgendwie ausgelutscht - St\u00f6rungsmelder\",\"isPartOf\":{\"@id\":\"https:\/\/blog.zeit.de\/stoerungsmelder\/#website\"},\"datePublished\":\"2007-11-29T00:04:47+00:00\",\"dateModified\":\"2007-11-29T00:04:47+00:00\",\"author\":{\"@id\":\"https:\/\/blog.zeit.de\/stoerungsmelder\/#\/schema\/person\/3c293ffd539b69924fc16088d95854a5\"},\"breadcrumb\":{\"@id\":\"https:\/\/blog.zeit.de\/stoerungsmelder\/2007\/11\/29\/irgendwie-ausgelutscht_133#breadcrumb\"},\"inLanguage\":\"de\",\"potentialAction\":[{\"@type\":\"ReadAction\",\"target\":[\"https:\/\/blog.zeit.de\/stoerungsmelder\/2007\/11\/29\/irgendwie-ausgelutscht_133\"]}]},{\"@type\":\"BreadcrumbList\",\"@id\":\"https:\/\/blog.zeit.de\/stoerungsmelder\/2007\/11\/29\/irgendwie-ausgelutscht_133#breadcrumb\",\"itemListElement\":[{\"@type\":\"ListItem\",\"position\":1,\"name\":\"Startseite\",\"item\":\"https:\/\/blog.zeit.de\/stoerungsmelder\"},{\"@type\":\"ListItem\",\"position\":2,\"name\":\"Irgendwie ausgelutscht\"}]},{\"@type\":\"WebSite\",\"@id\":\"https:\/\/blog.zeit.de\/stoerungsmelder\/#website\",\"url\":\"https:\/\/blog.zeit.de\/stoerungsmelder\/\",\"name\":\"St\u00f6rungsmelder\",\"description\":\"Recherchen und Analysen \u00fcber die extreme Rechte\",\"potentialAction\":[{\"@type\":\"SearchAction\",\"target\":{\"@type\":\"EntryPoint\",\"urlTemplate\":\"https:\/\/blog.zeit.de\/stoerungsmelder\/?s={search_term_string}\"},\"query-input\":\"required name=search_term_string\"}],\"inLanguage\":\"de\"},{\"@type\":\"Person\",\"@id\":\"https:\/\/blog.zeit.de\/stoerungsmelder\/#\/schema\/person\/3c293ffd539b69924fc16088d95854a5\",\"name\":\"Johannes Wedekamp\",\"image\":{\"@type\":\"ImageObject\",\"inLanguage\":\"de\",\"@id\":\"https:\/\/blog.zeit.de\/stoerungsmelder\/#\/schema\/person\/image\/\",\"url\":\"https:\/\/secure.gravatar.com\/avatar\/3ced9e39c6d192213010a59f73a5e3837b8b338fdf277fb7ac7ba07991261cb7?s=96&d=mm&r=pg\",\"contentUrl\":\"https:\/\/secure.gravatar.com\/avatar\/3ced9e39c6d192213010a59f73a5e3837b8b338fdf277fb7ac7ba07991261cb7?s=96&d=mm&r=pg\",\"caption\":\"Johannes Wedekamp\"},\"url\":\"https:\/\/blog.zeit.de\/stoerungsmelder\/author\/johannes-wedekamp\"}]}<\/script>\n<!-- \/ Yoast SEO plugin. -->","yoast_head_json":{"title":"Irgendwie ausgelutscht - St\u00f6rungsmelder","robots":{"index":"index","follow":"follow","max-snippet":"max-snippet:-1","max-image-preview":"max-image-preview:large","max-video-preview":"max-video-preview:-1"},"canonical":"https:\/\/blog.zeit.de\/stoerungsmelder\/2007\/11\/29\/irgendwie-ausgelutscht_133","og_locale":"de_DE","og_type":"article","og_title":"Irgendwie ausgelutscht - St\u00f6rungsmelder","og_description":"Fu\u00dfballmetaphorik ist g\u00e4hnend langweilig. Vielleicht auch, weil ich Fu\u00dfball nicht mag, empfinde ich Ausdr\u00fccke aus dem deutschen Volkssport als \u00f6de. Aber das macht ja nichts, denn &#8222;Platzverweis&#8220; ist trotzdem eine tolle Sache!","og_url":"https:\/\/blog.zeit.de\/stoerungsmelder\/2007\/11\/29\/irgendwie-ausgelutscht_133","og_site_name":"St\u00f6rungsmelder","article_published_time":"2007-11-29T00:04:47+00:00","author":"Johannes Wedekamp","twitter_card":"summary_large_image","twitter_misc":{"Geschrieben von":"Johannes Wedekamp","Gesch\u00e4tzte Lesezeit":"3\u00a0Minuten"},"schema":{"@context":"https:\/\/schema.org","@graph":[{"@type":"WebPage","@id":"https:\/\/blog.zeit.de\/stoerungsmelder\/2007\/11\/29\/irgendwie-ausgelutscht_133","url":"https:\/\/blog.zeit.de\/stoerungsmelder\/2007\/11\/29\/irgendwie-ausgelutscht_133","name":"Irgendwie ausgelutscht - St\u00f6rungsmelder","isPartOf":{"@id":"https:\/\/blog.zeit.de\/stoerungsmelder\/#website"},"datePublished":"2007-11-29T00:04:47+00:00","dateModified":"2007-11-29T00:04:47+00:00","author":{"@id":"https:\/\/blog.zeit.de\/stoerungsmelder\/#\/schema\/person\/3c293ffd539b69924fc16088d95854a5"},"breadcrumb":{"@id":"https:\/\/blog.zeit.de\/stoerungsmelder\/2007\/11\/29\/irgendwie-ausgelutscht_133#breadcrumb"},"inLanguage":"de","potentialAction":[{"@type":"ReadAction","target":["https:\/\/blog.zeit.de\/stoerungsmelder\/2007\/11\/29\/irgendwie-ausgelutscht_133"]}]},{"@type":"BreadcrumbList","@id":"https:\/\/blog.zeit.de\/stoerungsmelder\/2007\/11\/29\/irgendwie-ausgelutscht_133#breadcrumb","itemListElement":[{"@type":"ListItem","position":1,"name":"Startseite","item":"https:\/\/blog.zeit.de\/stoerungsmelder"},{"@type":"ListItem","position":2,"name":"Irgendwie ausgelutscht"}]},{"@type":"WebSite","@id":"https:\/\/blog.zeit.de\/stoerungsmelder\/#website","url":"https:\/\/blog.zeit.de\/stoerungsmelder\/","name":"St\u00f6rungsmelder","description":"Recherchen und Analysen \u00fcber die extreme Rechte","potentialAction":[{"@type":"SearchAction","target":{"@type":"EntryPoint","urlTemplate":"https:\/\/blog.zeit.de\/stoerungsmelder\/?s={search_term_string}"},"query-input":"required name=search_term_string"}],"inLanguage":"de"},{"@type":"Person","@id":"https:\/\/blog.zeit.de\/stoerungsmelder\/#\/schema\/person\/3c293ffd539b69924fc16088d95854a5","name":"Johannes Wedekamp","image":{"@type":"ImageObject","inLanguage":"de","@id":"https:\/\/blog.zeit.de\/stoerungsmelder\/#\/schema\/person\/image\/","url":"https:\/\/secure.gravatar.com\/avatar\/3ced9e39c6d192213010a59f73a5e3837b8b338fdf277fb7ac7ba07991261cb7?s=96&d=mm&r=pg","contentUrl":"https:\/\/secure.gravatar.com\/avatar\/3ced9e39c6d192213010a59f73a5e3837b8b338fdf277fb7ac7ba07991261cb7?s=96&d=mm&r=pg","caption":"Johannes Wedekamp"},"url":"https:\/\/blog.zeit.de\/stoerungsmelder\/author\/johannes-wedekamp"}]}},"jetpack_featured_media_url":"","jetpack_sharing_enabled":true,"_links":{"self":[{"href":"https:\/\/blog.zeit.de\/stoerungsmelder\/wp-json\/wp\/v2\/posts\/133","targetHints":{"allow":["GET"]}}],"collection":[{"href":"https:\/\/blog.zeit.de\/stoerungsmelder\/wp-json\/wp\/v2\/posts"}],"about":[{"href":"https:\/\/blog.zeit.de\/stoerungsmelder\/wp-json\/wp\/v2\/types\/post"}],"author":[{"embeddable":true,"href":"https:\/\/blog.zeit.de\/stoerungsmelder\/wp-json\/wp\/v2\/users\/226"}],"replies":[{"embeddable":true,"href":"https:\/\/blog.zeit.de\/stoerungsmelder\/wp-json\/wp\/v2\/comments?post=133"}],"version-history":[{"count":0,"href":"https:\/\/blog.zeit.de\/stoerungsmelder\/wp-json\/wp\/v2\/posts\/133\/revisions"}],"wp:attachment":[{"href":"https:\/\/blog.zeit.de\/stoerungsmelder\/wp-json\/wp\/v2\/media?parent=133"}],"wp:term":[{"taxonomy":"category","embeddable":true,"href":"https:\/\/blog.zeit.de\/stoerungsmelder\/wp-json\/wp\/v2\/categories?post=133"},{"taxonomy":"post_tag","embeddable":true,"href":"https:\/\/blog.zeit.de\/stoerungsmelder\/wp-json\/wp\/v2\/tags?post=133"}],"curies":[{"name":"wp","href":"https:\/\/api.w.org\/{rel}","templated":true}]}}