{"id":134,"date":"2007-11-29T16:06:20","date_gmt":"2007-11-29T15:06:20","guid":{"rendered":"http:\/\/blog.zeit.de\/stoerungsmelder\/2007\/11\/29\/die-frau-des-fusballers_134"},"modified":"2007-11-29T16:06:20","modified_gmt":"2007-11-29T15:06:20","slug":"die-frau-des-fusballers","status":"publish","type":"post","link":"https:\/\/blog.zeit.de\/stoerungsmelder\/2007\/11\/29\/die-frau-des-fusballers_134","title":{"rendered":"Die Frau des Fu\u00dfballers"},"content":{"rendered":"<p>Neulich kam ich bei einem Gespr\u00e4ch mit einem befreundeten Spieler auf<br \/>\ndas Thema Rassismus. Seine Partnerin ist in Afrika geboren, lebt<br \/>\njedoch seit vielen Jahren in Deutschland und spricht flie\u00dfend<br \/>\ndeutsch. <!--more-->Nur die dunkle Hautfarbe l\u00e4sst auf Ihre Herkunft schlie\u00dfen.<br \/>\nMein Freund, ein Deutscher, erz\u00e4hlte mir von einem Umzug, zu dem er<br \/>\nwegen eines Vereinswechsels gewzungen war. Es dauerte sehr lange, bis<br \/>\ner und seine Frau ein neues Haus gefunden hatten. Erstaunlich, denn<br \/>\nFu\u00dfballer sind in der Regel gern genommene Mieter. Vermieter wissen,<br \/>\ndass Sie \u00fcber gen\u00fcgend Geld verf\u00fcgen, um die Miete rechtzeitig zu<br \/>\nzahlen.<\/p>\n<p>Die Frau meines Freundes organisierte den Umzug und besichtigte die<br \/>\nWohnungen und H\u00e4user, die in die engere Auswahl kamen. H\u00e4ufig kam es<br \/>\njedoch vor, dass die Vermieter kurz nach der Besichtigung erw\u00e4hnten,<br \/>\ndie Wohnung oder das Haus sei bereits so gut wie  vergeben. Nicht<br \/>\nwenige Vermieter sagten beim Anblick der Spielerfrau, die Bleibe sei<br \/>\nvergriffen. Sie h\u00e4tten nur leider vergessen, dies rechtzeitig<br \/>\nmitzuteilen.<\/p>\n<p>Am Ende fanden die beiden ein geeignetes Wohnhaus, aber die Frau<br \/>\nf\u00fchlte sich im Alltag weiter abgelehnt. Die ersten Wochen und Monate<br \/>\nin der neuen Umgebung sp\u00fcrte sie Skepsis und Distanz. In den<br \/>\nunterschiedlichsten Situation erfuhr sie Ablehnung, wusste sich<br \/>\njedoch auch stets mit ihrem Humor zu helfen. Denoch waren die<br \/>\ngemeinsamen Eink\u00e4ufe und Unternehmungen mit ihrem Mann deutlich<br \/>\nangenehmer. Die Menschen erkannten in diesen Momenten die Frau des<br \/>\nFu\u00dfballers in ihr.<\/p>\n<p>Nach einiger Zeit hat sich herumgesprochen, wer sie ist. Die<br \/>\nSpielerfrau ist mittlerweile ein gern gesehener Gast. Sie und ihr<br \/>\nMann nehmen die Situation als gegeben hin. Sie versuchen, sich nicht<br \/>\nmehr zu \u00e4rgern \u00fcber Menschen, die sich in k\u00fcrzester Zeit ihre<br \/>\nAnsichten \u00fcber ihre Hautfarbe \u00e4nderten.<\/p>\n","protected":false},"excerpt":{"rendered":"<p>Neulich kam ich bei einem Gespr\u00e4ch mit einem befreundeten Spieler auf das Thema Rassismus. Seine Partnerin ist in Afrika geboren, lebt jedoch seit vielen Jahren in Deutschland und spricht flie\u00dfend deutsch.<\/p>\n","protected":false},"author":235,"featured_media":0,"comment_status":"open","ping_status":"open","sticky":false,"template":"","format":"standard","meta":{"_jetpack_memberships_contains_paid_content":false,"footnotes":""},"categories":[1515],"tags":[666,97],"class_list":["post-134","post","type-post","status-publish","format-standard","hentry","category-bundesweit","tag-fusball","tag-rassismus"],"yoast_head":"<!-- This site is optimized with the Yoast SEO plugin v21.0 - https:\/\/yoast.com\/wordpress\/plugins\/seo\/ -->\n<title>Die Frau des Fu\u00dfballers - St\u00f6rungsmelder<\/title>\n<meta name=\"robots\" content=\"index, follow, max-snippet:-1, max-image-preview:large, max-video-preview:-1\" \/>\n<link rel=\"canonical\" href=\"https:\/\/blog.zeit.de\/stoerungsmelder\/2007\/11\/29\/die-frau-des-fusballers_134\" \/>\n<meta property=\"og:locale\" content=\"de_DE\" \/>\n<meta property=\"og:type\" content=\"article\" \/>\n<meta property=\"og:title\" content=\"Die Frau des Fu\u00dfballers - St\u00f6rungsmelder\" \/>\n<meta property=\"og:description\" content=\"Neulich kam ich bei einem Gespr\u00e4ch mit einem befreundeten Spieler auf das Thema Rassismus. Seine Partnerin ist in Afrika geboren, lebt jedoch seit vielen Jahren in Deutschland und spricht flie\u00dfend deutsch.\" \/>\n<meta property=\"og:url\" content=\"https:\/\/blog.zeit.de\/stoerungsmelder\/2007\/11\/29\/die-frau-des-fusballers_134\" \/>\n<meta property=\"og:site_name\" content=\"St\u00f6rungsmelder\" \/>\n<meta property=\"article:published_time\" content=\"2007-11-29T15:06:20+00:00\" \/>\n<meta name=\"author\" content=\"Thomas Hitzlsperger\" \/>\n<meta name=\"twitter:card\" content=\"summary_large_image\" \/>\n<meta name=\"twitter:label1\" content=\"Geschrieben von\" \/>\n\t<meta name=\"twitter:data1\" content=\"Thomas Hitzlsperger\" \/>\n\t<meta name=\"twitter:label2\" content=\"Gesch\u00e4tzte Lesezeit\" \/>\n\t<meta name=\"twitter:data2\" content=\"1\u00a0Minute\" \/>\n<script type=\"application\/ld+json\" class=\"yoast-schema-graph\">{\"@context\":\"https:\/\/schema.org\",\"@graph\":[{\"@type\":\"WebPage\",\"@id\":\"https:\/\/blog.zeit.de\/stoerungsmelder\/2007\/11\/29\/die-frau-des-fusballers_134\",\"url\":\"https:\/\/blog.zeit.de\/stoerungsmelder\/2007\/11\/29\/die-frau-des-fusballers_134\",\"name\":\"Die Frau des Fu\u00dfballers - St\u00f6rungsmelder\",\"isPartOf\":{\"@id\":\"https:\/\/blog.zeit.de\/stoerungsmelder\/#website\"},\"datePublished\":\"2007-11-29T15:06:20+00:00\",\"dateModified\":\"2007-11-29T15:06:20+00:00\",\"author\":{\"@id\":\"https:\/\/blog.zeit.de\/stoerungsmelder\/#\/schema\/person\/f00edd5a787a17b766716b34b3fb6d56\"},\"breadcrumb\":{\"@id\":\"https:\/\/blog.zeit.de\/stoerungsmelder\/2007\/11\/29\/die-frau-des-fusballers_134#breadcrumb\"},\"inLanguage\":\"de\",\"potentialAction\":[{\"@type\":\"ReadAction\",\"target\":[\"https:\/\/blog.zeit.de\/stoerungsmelder\/2007\/11\/29\/die-frau-des-fusballers_134\"]}]},{\"@type\":\"BreadcrumbList\",\"@id\":\"https:\/\/blog.zeit.de\/stoerungsmelder\/2007\/11\/29\/die-frau-des-fusballers_134#breadcrumb\",\"itemListElement\":[{\"@type\":\"ListItem\",\"position\":1,\"name\":\"Startseite\",\"item\":\"https:\/\/blog.zeit.de\/stoerungsmelder\"},{\"@type\":\"ListItem\",\"position\":2,\"name\":\"Die Frau des Fu\u00dfballers\"}]},{\"@type\":\"WebSite\",\"@id\":\"https:\/\/blog.zeit.de\/stoerungsmelder\/#website\",\"url\":\"https:\/\/blog.zeit.de\/stoerungsmelder\/\",\"name\":\"St\u00f6rungsmelder\",\"description\":\"Recherchen und Analysen \u00fcber die extreme Rechte\",\"potentialAction\":[{\"@type\":\"SearchAction\",\"target\":{\"@type\":\"EntryPoint\",\"urlTemplate\":\"https:\/\/blog.zeit.de\/stoerungsmelder\/?s={search_term_string}\"},\"query-input\":\"required name=search_term_string\"}],\"inLanguage\":\"de\"},{\"@type\":\"Person\",\"@id\":\"https:\/\/blog.zeit.de\/stoerungsmelder\/#\/schema\/person\/f00edd5a787a17b766716b34b3fb6d56\",\"name\":\"Thomas Hitzlsperger\",\"image\":{\"@type\":\"ImageObject\",\"inLanguage\":\"de\",\"@id\":\"https:\/\/blog.zeit.de\/stoerungsmelder\/#\/schema\/person\/image\/\",\"url\":\"https:\/\/secure.gravatar.com\/avatar\/302e97e92e7af782a610726384aeae742b0e168e418426880e2c48145c25f113?s=96&d=mm&r=pg\",\"contentUrl\":\"https:\/\/secure.gravatar.com\/avatar\/302e97e92e7af782a610726384aeae742b0e168e418426880e2c48145c25f113?s=96&d=mm&r=pg\",\"caption\":\"Thomas Hitzlsperger\"},\"url\":\"https:\/\/blog.zeit.de\/stoerungsmelder\/author\/thomas-hitzlsperger\"}]}<\/script>\n<!-- \/ Yoast SEO plugin. -->","yoast_head_json":{"title":"Die Frau des Fu\u00dfballers - St\u00f6rungsmelder","robots":{"index":"index","follow":"follow","max-snippet":"max-snippet:-1","max-image-preview":"max-image-preview:large","max-video-preview":"max-video-preview:-1"},"canonical":"https:\/\/blog.zeit.de\/stoerungsmelder\/2007\/11\/29\/die-frau-des-fusballers_134","og_locale":"de_DE","og_type":"article","og_title":"Die Frau des Fu\u00dfballers - St\u00f6rungsmelder","og_description":"Neulich kam ich bei einem Gespr\u00e4ch mit einem befreundeten Spieler auf das Thema Rassismus. Seine Partnerin ist in Afrika geboren, lebt jedoch seit vielen Jahren in Deutschland und spricht flie\u00dfend deutsch.","og_url":"https:\/\/blog.zeit.de\/stoerungsmelder\/2007\/11\/29\/die-frau-des-fusballers_134","og_site_name":"St\u00f6rungsmelder","article_published_time":"2007-11-29T15:06:20+00:00","author":"Thomas Hitzlsperger","twitter_card":"summary_large_image","twitter_misc":{"Geschrieben von":"Thomas Hitzlsperger","Gesch\u00e4tzte Lesezeit":"1\u00a0Minute"},"schema":{"@context":"https:\/\/schema.org","@graph":[{"@type":"WebPage","@id":"https:\/\/blog.zeit.de\/stoerungsmelder\/2007\/11\/29\/die-frau-des-fusballers_134","url":"https:\/\/blog.zeit.de\/stoerungsmelder\/2007\/11\/29\/die-frau-des-fusballers_134","name":"Die Frau des Fu\u00dfballers - St\u00f6rungsmelder","isPartOf":{"@id":"https:\/\/blog.zeit.de\/stoerungsmelder\/#website"},"datePublished":"2007-11-29T15:06:20+00:00","dateModified":"2007-11-29T15:06:20+00:00","author":{"@id":"https:\/\/blog.zeit.de\/stoerungsmelder\/#\/schema\/person\/f00edd5a787a17b766716b34b3fb6d56"},"breadcrumb":{"@id":"https:\/\/blog.zeit.de\/stoerungsmelder\/2007\/11\/29\/die-frau-des-fusballers_134#breadcrumb"},"inLanguage":"de","potentialAction":[{"@type":"ReadAction","target":["https:\/\/blog.zeit.de\/stoerungsmelder\/2007\/11\/29\/die-frau-des-fusballers_134"]}]},{"@type":"BreadcrumbList","@id":"https:\/\/blog.zeit.de\/stoerungsmelder\/2007\/11\/29\/die-frau-des-fusballers_134#breadcrumb","itemListElement":[{"@type":"ListItem","position":1,"name":"Startseite","item":"https:\/\/blog.zeit.de\/stoerungsmelder"},{"@type":"ListItem","position":2,"name":"Die Frau des Fu\u00dfballers"}]},{"@type":"WebSite","@id":"https:\/\/blog.zeit.de\/stoerungsmelder\/#website","url":"https:\/\/blog.zeit.de\/stoerungsmelder\/","name":"St\u00f6rungsmelder","description":"Recherchen und Analysen \u00fcber die extreme Rechte","potentialAction":[{"@type":"SearchAction","target":{"@type":"EntryPoint","urlTemplate":"https:\/\/blog.zeit.de\/stoerungsmelder\/?s={search_term_string}"},"query-input":"required name=search_term_string"}],"inLanguage":"de"},{"@type":"Person","@id":"https:\/\/blog.zeit.de\/stoerungsmelder\/#\/schema\/person\/f00edd5a787a17b766716b34b3fb6d56","name":"Thomas Hitzlsperger","image":{"@type":"ImageObject","inLanguage":"de","@id":"https:\/\/blog.zeit.de\/stoerungsmelder\/#\/schema\/person\/image\/","url":"https:\/\/secure.gravatar.com\/avatar\/302e97e92e7af782a610726384aeae742b0e168e418426880e2c48145c25f113?s=96&d=mm&r=pg","contentUrl":"https:\/\/secure.gravatar.com\/avatar\/302e97e92e7af782a610726384aeae742b0e168e418426880e2c48145c25f113?s=96&d=mm&r=pg","caption":"Thomas Hitzlsperger"},"url":"https:\/\/blog.zeit.de\/stoerungsmelder\/author\/thomas-hitzlsperger"}]}},"jetpack_featured_media_url":"","jetpack_sharing_enabled":true,"_links":{"self":[{"href":"https:\/\/blog.zeit.de\/stoerungsmelder\/wp-json\/wp\/v2\/posts\/134","targetHints":{"allow":["GET"]}}],"collection":[{"href":"https:\/\/blog.zeit.de\/stoerungsmelder\/wp-json\/wp\/v2\/posts"}],"about":[{"href":"https:\/\/blog.zeit.de\/stoerungsmelder\/wp-json\/wp\/v2\/types\/post"}],"author":[{"embeddable":true,"href":"https:\/\/blog.zeit.de\/stoerungsmelder\/wp-json\/wp\/v2\/users\/235"}],"replies":[{"embeddable":true,"href":"https:\/\/blog.zeit.de\/stoerungsmelder\/wp-json\/wp\/v2\/comments?post=134"}],"version-history":[{"count":0,"href":"https:\/\/blog.zeit.de\/stoerungsmelder\/wp-json\/wp\/v2\/posts\/134\/revisions"}],"wp:attachment":[{"href":"https:\/\/blog.zeit.de\/stoerungsmelder\/wp-json\/wp\/v2\/media?parent=134"}],"wp:term":[{"taxonomy":"category","embeddable":true,"href":"https:\/\/blog.zeit.de\/stoerungsmelder\/wp-json\/wp\/v2\/categories?post=134"},{"taxonomy":"post_tag","embeddable":true,"href":"https:\/\/blog.zeit.de\/stoerungsmelder\/wp-json\/wp\/v2\/tags?post=134"}],"curies":[{"name":"wp","href":"https:\/\/api.w.org\/{rel}","templated":true}]}}