{"id":13534,"date":"2013-07-16T10:40:05","date_gmt":"2013-07-16T08:40:05","guid":{"rendered":"http:\/\/blog.zeit.de\/stoerungsmelder\/?p=13534"},"modified":"2013-07-18T08:08:55","modified_gmt":"2013-07-18T06:08:55","slug":"npd-funktionare-grunden-medien-tarnverein","status":"publish","type":"post","link":"https:\/\/blog.zeit.de\/stoerungsmelder\/2013\/07\/16\/npd-funktionare-grunden-medien-tarnverein_13534","title":{"rendered":"NPD-Funktion\u00e4re gr\u00fcnden Medien-Tarnverein"},"content":{"rendered":"<p><figure id=\"attachment_5344\" aria-describedby=\"caption-attachment-5344\" style=\"width: 540px\" class=\"wp-caption aligncenter\"><img loading=\"lazy\" decoding=\"async\" class=\"size-full wp-image-5344 \" alt=\"Das Gericht hat den Traum der rechtsextremen Einheitspartei vorerst gestoppt \u00a9 Getty\" src=\"https:\/\/blog.zeit.de\/stoerungsmelder\/files\/2011\/01\/npd7-540.jpg\" width=\"540\" height=\"200\" srcset=\"https:\/\/blog.zeit.de\/stoerungsmelder\/files\/2011\/01\/npd7-540.jpg 540w, https:\/\/blog.zeit.de\/stoerungsmelder\/files\/2011\/01\/npd7-540-300x111.jpg 300w\" sizes=\"auto, (max-width: 540px) 100vw, 540px\" \/><figcaption id=\"caption-attachment-5344\" class=\"wp-caption-text\">Demonstrationen sind schon lange nicht mehr die wichtigste Propaganda-Methode der NPD \u00a9 Getty<\/figcaption><\/figure><\/p>\n<p>F\u00fcr die NPD ist eine positive Au\u00dfendarstellung \u00e4u\u00dferst wichtig. Die Partei versucht seit Jahren mit eigenen Regionalzeitungen in ein mediales Vakuum einzudringen und so die Berichterstattung selbst zu kontrollieren. In Th\u00fcringen gr\u00fcndeten NPD-Funktion\u00e4re nun sogar einen eigenen Verein: den \u201eTh\u00fcringer Medienverbund e.V.\u201c<!--more--><\/p>\n<p><figure id=\"attachment_13538\" aria-describedby=\"caption-attachment-13538\" style=\"width: 164px\" class=\"wp-caption alignleft\"><a href=\"https:\/\/blog.zeit.de\/stoerungsmelder\/2013\/07\/15\/npd-funktionare-grunden-medien-tarnverein_13534\/bild-ausgaben\" rel=\"attachment wp-att-13538\"><img loading=\"lazy\" decoding=\"async\" class=\"size-thumbnail wp-image-13538\" alt=\"BIld Ausgaben\" src=\"https:\/\/blog.zeit.de\/stoerungsmelder\/files\/2013\/07\/BIld-Ausgaben-150x150.jpg\" width=\"164\" height=\"164\" \/><\/a><figcaption id=\"caption-attachment-13538\" class=\"wp-caption-text\"><em>NPD-Propaganda mit vermeintlich unauff\u00e4lligen Titeln.<\/em><\/figcaption><\/figure><\/p>\n<p>Sie hei\u00dfen \u201eB\u00fcrgerstimme\u201c, \u201eFaktum\u201c oder \u201eNordth\u00fcringen Bote\u201c \u2013 mittlerweile gibt es rund zehn dieser NPD-Regionalzeitungen in Th\u00fcringen. Ziel sei eine \u201eungefilterte patriotische Massenaufkl\u00e4rung\u201c, wie die Partei selbst schreibt. Die Verbreitung eigener regionaler Zeitungen st\u00f6\u00dft vor allem in den l\u00e4ndlichen Regionen in ein mediales Vakuum, in dem immer weniger Tageszeitungen gelesen werden und die Zahl der Publikationen zur\u00fcckgeht. Die NPD wei\u00df um diese L\u00fccke und versucht sie zu nutzen. In einer Mischung aus bundes- und lokalpolitischen Themen versucht man die Parteiideologie so zu verbreiten. Herausgegeben werden diese kostenlosen NPD-Bl\u00e4ttchen mittlerweile von einem eigens gegr\u00fcndeten Verein, dem \u201eTh\u00fcringer Medienverbund e.V.\u201c. Bereits Mitte November 2012 wurde er von NPD-Funktion\u00e4ren gegr\u00fcndet und im Mai 2013 in das Vereinsregister eingetragen. Der erste Eindruck l\u00e4sst kaum erahnen, was hinter dem eingetragenen Verein steckt und dies ist wohl auch beabsichtigt. Liest man allerdings die Liste der Gr\u00fcndungsmitglieder, so wird schnell klar, wie dieser einzuordnen ist. Neben dem NPD-Landesvorsitzenden Patrick Wieschke und dem stellvertretenden NPD-Bundesvorsitzenden Frank Schwerdt sind es<\/p>\n<p><figure id=\"attachment_13546\" aria-describedby=\"caption-attachment-13546\" style=\"width: 235px\" class=\"wp-caption alignright\"><a href=\"https:\/\/blog.zeit.de\/stoerungsmelder\/2013\/07\/15\/npd-funktionare-grunden-medien-tarnverein_13534\/impressmum-nordthuringen-bote\" rel=\"attachment wp-att-13546\"><img loading=\"lazy\" decoding=\"async\" class=\"size-medium wp-image-13546\" alt=\"Das Impressum des Nordth\u00fcringen Botens. Herausgeber: &quot;Th\u00fcringer Medienverbund e.V.\" src=\"https:\/\/blog.zeit.de\/stoerungsmelder\/files\/2013\/07\/Impressmum-Nordth\u00fcringen-Bote-300x91.jpg\" width=\"235\" height=\"71\" srcset=\"https:\/\/blog.zeit.de\/stoerungsmelder\/files\/2013\/07\/Impressmum-Nordth\u00fcringen-Bote-300x91.jpg 300w, https:\/\/blog.zeit.de\/stoerungsmelder\/files\/2013\/07\/Impressmum-Nordth\u00fcringen-Bote.jpg 546w\" sizes=\"auto, (max-width: 235px) 100vw, 235px\" \/><\/a><figcaption id=\"caption-attachment-13546\" class=\"wp-caption-text\"><em>Das Impressum des Nordth\u00fcringen Botens. Herausgeber: &#8222;Th\u00fcringer Medienverbund e.V.<\/em><\/figcaption><\/figure><\/p>\n<p>ausnahmslos Personen mit Funktionen in der rechtsextremen Partei. Als Vorsitzender agiert das Vorstandsmitglied des NPD-Kreisverbandes Wartburgkreis, Karsten H\u00f6hn. Auch das Th\u00fcringer Landesamt f\u00fcr Verfassungsschutz vermutet hinter dem unverf\u00e4nglichen Auftreten des Vereins eine Strategie. \u201eDahinter mag auch das Kalk\u00fcl der NPD stehen, den Verein etwa als unverf\u00e4nglich erscheinenden Anmelder von Veranstaltungen bzw. Anmieter entsprechender R\u00e4umlichkeiten zu nutzen oder ggf. \u00f6ffentliche Zuwendungen zu erlangen\u201c, teilte das Landesamt auf Anfrage mit. Weitere Aktivit\u00e4ten seien dem Landesamt bisher nicht bekannt, hei\u00dft es weiter.<\/p>\n<p><b>NPD-Funktion\u00e4re mit Presseausweis<\/b><\/p>\n<p>Auch der NPD-Kreisvorsitzende Roy Elbert aus Nordhausen geh\u00f6rt zu den Gr\u00fcndungsmitgliedern des omin\u00f6sen \u201eMedienverbundes\u201c. Gegen ihn wurde zuletzt wegen gef\u00e4hrlicher K\u00f6rperverletzung ermittelt. Auch in Nordhausen gibt die NPD eine ihrer Regionalzeitungen heraus. \u201eFaktum\u201c nennt die NPD ihr Machwerk in Nordth\u00fcringen. Mittlerweile ist die sechste<\/p>\n<p><figure id=\"attachment_13543\" aria-describedby=\"caption-attachment-13543\" style=\"width: 300px\" class=\"wp-caption alignleft\"><a href=\"https:\/\/blog.zeit.de\/stoerungsmelder\/2013\/07\/15\/npd-funktionare-grunden-medien-tarnverein_13534\/elbert-in-leinefelde\" rel=\"attachment wp-att-13543\"><img loading=\"lazy\" decoding=\"async\" class=\"size-medium wp-image-13543 \" alt=\"NPD-Funktion\u00e4r Roy Elbert wird von der Polizei nach dem Vorzeigen eines Presseausweises zum Abfilmen der Gegendemo begleitet, Foto: St\u00f6rungsmelder.\" src=\"https:\/\/blog.zeit.de\/stoerungsmelder\/files\/2013\/07\/Elbert-in-Leinefelde-300x199.jpg\" width=\"300\" height=\"199\" srcset=\"https:\/\/blog.zeit.de\/stoerungsmelder\/files\/2013\/07\/Elbert-in-Leinefelde-300x199.jpg 300w, https:\/\/blog.zeit.de\/stoerungsmelder\/files\/2013\/07\/Elbert-in-Leinefelde.jpg 800w\" sizes=\"auto, (max-width: 300px) 100vw, 300px\" \/><\/a><figcaption id=\"caption-attachment-13543\" class=\"wp-caption-text\">NPD-Funktion\u00e4r Roy Elbert wird von der Polizei nach dem Vorzeigen eines Presseausweises zum Abfilmen der Gegendemo begleitet, Foto: St\u00f6rungsmelder.<\/figcaption><\/figure><\/p>\n<p>Ausgabe des Propaganda-Bl\u00e4ttchens erschienen. Neben NPD-Funktion\u00e4ren werden hier als Autoren auch gewaltt\u00e4tige Neonazis der \u201efreien Kr\u00e4fte\u201c gef\u00fchrt. Elbert war zuletzt mehrfach auf rechtsextremen Veranstaltungen aufgefallen, weil er sich mit einem Presseausweis Zutritt in abgesperrte Bereiche verschaffte, um Gegendemonstranten abzufilmen. Unter anderem beim Rechtsrock-Openair \u201eNationalen Kundgebungstag\u201c in Leinefelde konnte er eine Demonstration abfilmen, an der auch die Th\u00fcringer Sozialministerin Heike Taubert (SPD) teilnahm. Trotz mehrfacher Hinweise der Demonstranten konnte Elbert dank seines Presseausweises in Ruhe filmen. F\u00fcr welches Medium jenseits der NPD-Propaganda-Erzeugnisse der Neonazi als Journalist arbeiten soll, ist unklar. Obwohl Elbert sich bereits mehrfach gegen\u00fcber der Polizei als Journalist ausgab, ist dem Landesamt f\u00fcr Verfassungsschutz nach eigenen Angaben bisher nicht bekannt, dass Mitglieder des Vereins Presseausweise verwenden.<\/p>\n<p>Da mittlerweile zahlreiche dieser Dokumente im Umlauf sind, die jeder frei erwerben kann, scheint eine reine Kontrolle dieser Ausweise zwecklos. Oft sind Polizeibeamte mit den verschiedenen Arten an Ausweisen v\u00f6llig \u00fcberfordert. Hier bedarf es offensichtlich dringend einer verst\u00e4rkten Schulung f\u00fcr Polizisten. Au\u00dferdem stellt sich die Frage, ob ein bekannter NPD-Funktion\u00e4r tats\u00e4chlich von den Beamten als vermeintlicher Journalist an eine Gegendemonstration herangelassen werden muss, um dort die Demonstranten abzufilmen.<br \/>\n<img loading=\"lazy\" decoding=\"async\" alt=\"\" src=\"http:\/\/vg06.met.vgwort.de\/na\/a947a4065a884aa5b43d18fb0bd9774c\" width=\"1\" height=\"1\" \/><\/p>\n","protected":false},"excerpt":{"rendered":"<p>F\u00fcr die NPD ist eine positive Au\u00dfendarstellung \u00e4u\u00dferst wichtig. Die Partei versucht seit Jahren mit eigenen Regionalzeitungen in ein mediales Vakuum einzudringen und so die Berichterstattung selbst zu kontrollieren. In Th\u00fcringen gr\u00fcndeten NPD-Funktion\u00e4re nun sogar einen eigenen Verein: den \u201eTh\u00fcringer Medienverbund e.V.\u201c<\/p>\n","protected":false},"author":229,"featured_media":0,"comment_status":"open","ping_status":"open","sticky":false,"template":"","format":"standard","meta":{"_jetpack_memberships_contains_paid_content":false,"footnotes":""},"categories":[1,978],"tags":[1716,6366,28231,11419,28230],"class_list":["post-13534","post","type-post","status-publish","format-standard","hentry","category-allgemein","category-thuringen","tag-npd","tag-patrick-wieschke","tag-presseausweise","tag-roy-elbert","tag-thuringer-medienverbund-e-v"],"yoast_head":"<!-- This site is optimized with the Yoast SEO plugin v21.0 - https:\/\/yoast.com\/wordpress\/plugins\/seo\/ -->\n<title>NPD-Funktion\u00e4re gr\u00fcnden Medien-Tarnverein - St\u00f6rungsmelder<\/title>\n<meta name=\"robots\" content=\"index, follow, max-snippet:-1, max-image-preview:large, max-video-preview:-1\" \/>\n<link rel=\"canonical\" href=\"https:\/\/blog.zeit.de\/stoerungsmelder\/2013\/07\/16\/npd-funktionare-grunden-medien-tarnverein_13534\" \/>\n<meta property=\"og:locale\" content=\"de_DE\" \/>\n<meta property=\"og:type\" content=\"article\" \/>\n<meta property=\"og:title\" content=\"NPD-Funktion\u00e4re gr\u00fcnden Medien-Tarnverein - St\u00f6rungsmelder\" \/>\n<meta property=\"og:description\" content=\"F\u00fcr die NPD ist eine positive Au\u00dfendarstellung \u00e4u\u00dferst wichtig. Die Partei versucht seit Jahren mit eigenen Regionalzeitungen in ein mediales Vakuum einzudringen und so die Berichterstattung selbst zu kontrollieren. In Th\u00fcringen gr\u00fcndeten NPD-Funktion\u00e4re nun sogar einen eigenen Verein: den \u201eTh\u00fcringer Medienverbund e.V.\u201c\" \/>\n<meta property=\"og:url\" content=\"https:\/\/blog.zeit.de\/stoerungsmelder\/2013\/07\/16\/npd-funktionare-grunden-medien-tarnverein_13534\" \/>\n<meta property=\"og:site_name\" content=\"St\u00f6rungsmelder\" \/>\n<meta property=\"article:published_time\" content=\"2013-07-16T08:40:05+00:00\" \/>\n<meta property=\"article:modified_time\" content=\"2013-07-18T06:08:55+00:00\" \/>\n<meta property=\"og:image\" content=\"https:\/\/blog.zeit.de\/stoerungsmelder\/files\/2011\/01\/npd7-540.jpg\" \/>\n<meta name=\"author\" content=\"St\u00f6rungsmelder\" \/>\n<meta name=\"twitter:card\" content=\"summary_large_image\" \/>\n<meta name=\"twitter:label1\" content=\"Geschrieben von\" \/>\n\t<meta name=\"twitter:data1\" content=\"St\u00f6rungsmelder\" \/>\n\t<meta name=\"twitter:label2\" content=\"Gesch\u00e4tzte Lesezeit\" \/>\n\t<meta name=\"twitter:data2\" content=\"3\u00a0Minuten\" \/>\n<script type=\"application\/ld+json\" class=\"yoast-schema-graph\">{\"@context\":\"https:\/\/schema.org\",\"@graph\":[{\"@type\":\"WebPage\",\"@id\":\"https:\/\/blog.zeit.de\/stoerungsmelder\/2013\/07\/16\/npd-funktionare-grunden-medien-tarnverein_13534\",\"url\":\"https:\/\/blog.zeit.de\/stoerungsmelder\/2013\/07\/16\/npd-funktionare-grunden-medien-tarnverein_13534\",\"name\":\"NPD-Funktion\u00e4re gr\u00fcnden Medien-Tarnverein - St\u00f6rungsmelder\",\"isPartOf\":{\"@id\":\"https:\/\/blog.zeit.de\/stoerungsmelder\/#website\"},\"datePublished\":\"2013-07-16T08:40:05+00:00\",\"dateModified\":\"2013-07-18T06:08:55+00:00\",\"author\":{\"@id\":\"https:\/\/blog.zeit.de\/stoerungsmelder\/#\/schema\/person\/fdd0b9818f65738672810b6d6f037f71\"},\"breadcrumb\":{\"@id\":\"https:\/\/blog.zeit.de\/stoerungsmelder\/2013\/07\/16\/npd-funktionare-grunden-medien-tarnverein_13534#breadcrumb\"},\"inLanguage\":\"de\",\"potentialAction\":[{\"@type\":\"ReadAction\",\"target\":[\"https:\/\/blog.zeit.de\/stoerungsmelder\/2013\/07\/16\/npd-funktionare-grunden-medien-tarnverein_13534\"]}]},{\"@type\":\"BreadcrumbList\",\"@id\":\"https:\/\/blog.zeit.de\/stoerungsmelder\/2013\/07\/16\/npd-funktionare-grunden-medien-tarnverein_13534#breadcrumb\",\"itemListElement\":[{\"@type\":\"ListItem\",\"position\":1,\"name\":\"Startseite\",\"item\":\"https:\/\/blog.zeit.de\/stoerungsmelder\"},{\"@type\":\"ListItem\",\"position\":2,\"name\":\"NPD-Funktion\u00e4re gr\u00fcnden Medien-Tarnverein\"}]},{\"@type\":\"WebSite\",\"@id\":\"https:\/\/blog.zeit.de\/stoerungsmelder\/#website\",\"url\":\"https:\/\/blog.zeit.de\/stoerungsmelder\/\",\"name\":\"St\u00f6rungsmelder\",\"description\":\"Recherchen und Analysen \u00fcber die extreme Rechte\",\"potentialAction\":[{\"@type\":\"SearchAction\",\"target\":{\"@type\":\"EntryPoint\",\"urlTemplate\":\"https:\/\/blog.zeit.de\/stoerungsmelder\/?s={search_term_string}\"},\"query-input\":\"required name=search_term_string\"}],\"inLanguage\":\"de\"},{\"@type\":\"Person\",\"@id\":\"https:\/\/blog.zeit.de\/stoerungsmelder\/#\/schema\/person\/fdd0b9818f65738672810b6d6f037f71\",\"name\":\"St\u00f6rungsmelder\",\"image\":{\"@type\":\"ImageObject\",\"inLanguage\":\"de\",\"@id\":\"https:\/\/blog.zeit.de\/stoerungsmelder\/#\/schema\/person\/image\/\",\"url\":\"https:\/\/secure.gravatar.com\/avatar\/dfa4be514c3e82a71e4f9a0020035d38192d080ccaa5e4e6d7a1472c763535c5?s=96&d=mm&r=pg\",\"contentUrl\":\"https:\/\/secure.gravatar.com\/avatar\/dfa4be514c3e82a71e4f9a0020035d38192d080ccaa5e4e6d7a1472c763535c5?s=96&d=mm&r=pg\",\"caption\":\"St\u00f6rungsmelder\"},\"url\":\"https:\/\/blog.zeit.de\/stoerungsmelder\/author\/stoerungsmelder\"}]}<\/script>\n<!-- \/ Yoast SEO plugin. -->","yoast_head_json":{"title":"NPD-Funktion\u00e4re gr\u00fcnden Medien-Tarnverein - St\u00f6rungsmelder","robots":{"index":"index","follow":"follow","max-snippet":"max-snippet:-1","max-image-preview":"max-image-preview:large","max-video-preview":"max-video-preview:-1"},"canonical":"https:\/\/blog.zeit.de\/stoerungsmelder\/2013\/07\/16\/npd-funktionare-grunden-medien-tarnverein_13534","og_locale":"de_DE","og_type":"article","og_title":"NPD-Funktion\u00e4re gr\u00fcnden Medien-Tarnverein - St\u00f6rungsmelder","og_description":"F\u00fcr die NPD ist eine positive Au\u00dfendarstellung \u00e4u\u00dferst wichtig. Die Partei versucht seit Jahren mit eigenen Regionalzeitungen in ein mediales Vakuum einzudringen und so die Berichterstattung selbst zu kontrollieren. In Th\u00fcringen gr\u00fcndeten NPD-Funktion\u00e4re nun sogar einen eigenen Verein: den \u201eTh\u00fcringer Medienverbund e.V.\u201c","og_url":"https:\/\/blog.zeit.de\/stoerungsmelder\/2013\/07\/16\/npd-funktionare-grunden-medien-tarnverein_13534","og_site_name":"St\u00f6rungsmelder","article_published_time":"2013-07-16T08:40:05+00:00","article_modified_time":"2013-07-18T06:08:55+00:00","og_image":[{"url":"https:\/\/blog.zeit.de\/stoerungsmelder\/files\/2011\/01\/npd7-540.jpg"}],"author":"St\u00f6rungsmelder","twitter_card":"summary_large_image","twitter_misc":{"Geschrieben von":"St\u00f6rungsmelder","Gesch\u00e4tzte Lesezeit":"3\u00a0Minuten"},"schema":{"@context":"https:\/\/schema.org","@graph":[{"@type":"WebPage","@id":"https:\/\/blog.zeit.de\/stoerungsmelder\/2013\/07\/16\/npd-funktionare-grunden-medien-tarnverein_13534","url":"https:\/\/blog.zeit.de\/stoerungsmelder\/2013\/07\/16\/npd-funktionare-grunden-medien-tarnverein_13534","name":"NPD-Funktion\u00e4re gr\u00fcnden Medien-Tarnverein - St\u00f6rungsmelder","isPartOf":{"@id":"https:\/\/blog.zeit.de\/stoerungsmelder\/#website"},"datePublished":"2013-07-16T08:40:05+00:00","dateModified":"2013-07-18T06:08:55+00:00","author":{"@id":"https:\/\/blog.zeit.de\/stoerungsmelder\/#\/schema\/person\/fdd0b9818f65738672810b6d6f037f71"},"breadcrumb":{"@id":"https:\/\/blog.zeit.de\/stoerungsmelder\/2013\/07\/16\/npd-funktionare-grunden-medien-tarnverein_13534#breadcrumb"},"inLanguage":"de","potentialAction":[{"@type":"ReadAction","target":["https:\/\/blog.zeit.de\/stoerungsmelder\/2013\/07\/16\/npd-funktionare-grunden-medien-tarnverein_13534"]}]},{"@type":"BreadcrumbList","@id":"https:\/\/blog.zeit.de\/stoerungsmelder\/2013\/07\/16\/npd-funktionare-grunden-medien-tarnverein_13534#breadcrumb","itemListElement":[{"@type":"ListItem","position":1,"name":"Startseite","item":"https:\/\/blog.zeit.de\/stoerungsmelder"},{"@type":"ListItem","position":2,"name":"NPD-Funktion\u00e4re gr\u00fcnden Medien-Tarnverein"}]},{"@type":"WebSite","@id":"https:\/\/blog.zeit.de\/stoerungsmelder\/#website","url":"https:\/\/blog.zeit.de\/stoerungsmelder\/","name":"St\u00f6rungsmelder","description":"Recherchen und Analysen \u00fcber die extreme Rechte","potentialAction":[{"@type":"SearchAction","target":{"@type":"EntryPoint","urlTemplate":"https:\/\/blog.zeit.de\/stoerungsmelder\/?s={search_term_string}"},"query-input":"required name=search_term_string"}],"inLanguage":"de"},{"@type":"Person","@id":"https:\/\/blog.zeit.de\/stoerungsmelder\/#\/schema\/person\/fdd0b9818f65738672810b6d6f037f71","name":"St\u00f6rungsmelder","image":{"@type":"ImageObject","inLanguage":"de","@id":"https:\/\/blog.zeit.de\/stoerungsmelder\/#\/schema\/person\/image\/","url":"https:\/\/secure.gravatar.com\/avatar\/dfa4be514c3e82a71e4f9a0020035d38192d080ccaa5e4e6d7a1472c763535c5?s=96&d=mm&r=pg","contentUrl":"https:\/\/secure.gravatar.com\/avatar\/dfa4be514c3e82a71e4f9a0020035d38192d080ccaa5e4e6d7a1472c763535c5?s=96&d=mm&r=pg","caption":"St\u00f6rungsmelder"},"url":"https:\/\/blog.zeit.de\/stoerungsmelder\/author\/stoerungsmelder"}]}},"jetpack_featured_media_url":"","jetpack_sharing_enabled":true,"_links":{"self":[{"href":"https:\/\/blog.zeit.de\/stoerungsmelder\/wp-json\/wp\/v2\/posts\/13534","targetHints":{"allow":["GET"]}}],"collection":[{"href":"https:\/\/blog.zeit.de\/stoerungsmelder\/wp-json\/wp\/v2\/posts"}],"about":[{"href":"https:\/\/blog.zeit.de\/stoerungsmelder\/wp-json\/wp\/v2\/types\/post"}],"author":[{"embeddable":true,"href":"https:\/\/blog.zeit.de\/stoerungsmelder\/wp-json\/wp\/v2\/users\/229"}],"replies":[{"embeddable":true,"href":"https:\/\/blog.zeit.de\/stoerungsmelder\/wp-json\/wp\/v2\/comments?post=13534"}],"version-history":[{"count":35,"href":"https:\/\/blog.zeit.de\/stoerungsmelder\/wp-json\/wp\/v2\/posts\/13534\/revisions"}],"predecessor-version":[{"id":13576,"href":"https:\/\/blog.zeit.de\/stoerungsmelder\/wp-json\/wp\/v2\/posts\/13534\/revisions\/13576"}],"wp:attachment":[{"href":"https:\/\/blog.zeit.de\/stoerungsmelder\/wp-json\/wp\/v2\/media?parent=13534"}],"wp:term":[{"taxonomy":"category","embeddable":true,"href":"https:\/\/blog.zeit.de\/stoerungsmelder\/wp-json\/wp\/v2\/categories?post=13534"},{"taxonomy":"post_tag","embeddable":true,"href":"https:\/\/blog.zeit.de\/stoerungsmelder\/wp-json\/wp\/v2\/tags?post=13534"}],"curies":[{"name":"wp","href":"https:\/\/api.w.org\/{rel}","templated":true}]}}