{"id":1359,"date":"2009-08-27T06:43:52","date_gmt":"2009-08-27T04:43:52","guid":{"rendered":"http:\/\/blog.zeit.de\/stoerungsmelder\/?p=1359"},"modified":"2009-08-27T06:43:52","modified_gmt":"2009-08-27T04:43:52","slug":"auszeichnung-fur-antirassistische-fusballfans","status":"publish","type":"post","link":"https:\/\/blog.zeit.de\/stoerungsmelder\/2009\/08\/27\/auszeichnung-fur-antirassistische-fusballfans_1359","title":{"rendered":"Auszeichnung f\u00fcr antirassistische Fu\u00dfballfans"},"content":{"rendered":"<p>Der diesj\u00e4hrige <a href=\"http:\/\/www.dfb.de\/index.php?id=501067\">Julius Hirsch Preis<\/a> geht an die <a href=\"http:\/\/www.loewen-fans-gegen-rechts.com\/\">Faninitiative \u201eL\u00f6wenfans gegen Rechts<\/a>\u201c. Der Zusammenschluss mehrer Fans des TSV 1860 M\u00fcnchen erh\u00e4lt aufgrund seiner Verdienste im Kampf gegen Rechts den vom Deutschen Fu\u00dfball Bund ausgelobten Preis im Vorfeld des WM Qualifikationsspiels Deutschland gegen Aserbaidschan, am 9. September in Hannover.<\/p>\n<p><a href=\"https:\/\/blog.zeit.de\/stoerungsmelder\/files\/2009\/08\/logo.gif\"><img loading=\"lazy\" decoding=\"async\" class=\"aligncenter size-medium wp-image-1360\" title=\"logo\" src=\"https:\/\/blog.zeit.de\/stoerungsmelder\/files\/2009\/08\/logo.gif\" alt=\"\" width=\"265\" height=\"100\" \/><\/a><\/p>\n<p><!--more-->Er selbst kann sich noch genau erinnern, wie er in den 80er Jahren in der Fankurve stand, und pl\u00f6tzlich h\u00f6rte, wie einer der Fans einen K\u00f6lner Spieler als \u201eSchei\u00df-Jude\u201c beschimpfte. Er stellte den Mann zur Rede und erlebte in den Folgejahren immer wieder Entgleisungen der eigenen Fans, die ihn dazu bewogen, sich den Fans anzuschlie\u00dfen, die ein Zeichen gegen Diskriminierung und Rassismus in der Fankurve setze n wollen.\u00a0 Das Problem findet sich bekannterma\u00dfen nicht nur bei 1860 M\u00fcnchen, sondern in vielen Fankurven in den Fu\u00dfballstadien. Ausserdem stellt Herr Schr\u00f6ger keinen Unterschied zwischen west- und ostdeutschen Fankurven fest. Seiner Meinung nach \u201everschlie\u00dfen die \u00d6ffentlichkeit und die betroffenen Vereine bei Vorf\u00e4llen in westdeutschen Stadien \u00a0die Augen und heben Ereignisse\u00a0 im Osten \u00a0hervor, um so von den eigenen Problemen abzulenken!\u201c Zust\u00e4nde, wie sie teilweise in der italienischen Liga herrschen, w\u00fcrden der Auslandsvermarktung\u00a0 nur schaden, und dies mag einer der Gr\u00fcnde sein, warum in den Medien gerne von einem nur im Osten Deutschlands auftretenden Problem die Rede ist.<\/p>\n<p>Auff\u00e4llig in der eigenen Fankurve war das Verhalten der Rechten beim Umzug vom Gr\u00fcnwalder Stadion in das Olympiastadion und anschlie\u00dfend in die Allianz Arena. Viele der L\u00f6wen-Fans sehnten sich weiterhin nach dem Gr\u00fcnwalder Stadion und blieben nach den Umz\u00fcgen in die neuen Spielst\u00e4tten den Spielen anfangs fern. In eben jenen Phasen war ein deutlicher Anstieg Rechter \u201eFans\u201c zu beobachten. Sie tragen zwar keine szenetypische Kleidung, setzen aber sehr wohl beim Vereinslied an der Stelle \u201eKameradschaft\u201c zum Hitler-Gru\u00df an, oder gr\u00f6len auf dem Weg zum Stadion das U-Bahnlied (\u201eIhr k\u00f6nnt nach Hause fahren, Ihr k\u00f6nnt nach Hause fahren, eine U-Bahn bauen wir, von &#8230; bis nach Ausschwitz) und beschimpfen die Spieler als \u201eNeger\u201c oder\u00a0 \u201eSchei\u00df-Jude\u201c.<\/p>\n<p>Um die Rechten aus der Kurve zu dr\u00e4ngen, schlossen sich die \u201eL\u00f6wenfans gegen Rechts\u201c mit den Ultras \u201eCosa Nostra\u201c zusammen und organisierten Fan-Aktionstage. Es gab zudem Einblendungen im Stadion mit dem Motto: \u201eVielfalt, Toleranz und Leidenschaft sind unsere Sache\u201c. Die Unterst\u00fctzung von Vereinsseite war bisher nur m\u00e4\u00dfig, jedoch ist laut Herbert Schr\u00f6ger Besserung in Sicht.\u00a0 An Ideen mangelt es nicht, allerdings bedarf es einer engen Zusammenarbeit mit dem Verein und weiteren Fanklubs, um die Fankurve denjenigen zu \u00fcberlassen, die aus rein sportlichem Interesse das Stadion besuchen.<\/p>\n","protected":false},"excerpt":{"rendered":"<p>Der diesj\u00e4hrige Julius Hirsch Preis geht an die Faninitiative \u201eL\u00f6wenfans gegen Rechts\u201c. Der Zusammenschluss mehrer Fans des TSV 1860 M\u00fcnchen erh\u00e4lt aufgrund seiner Verdienste im Kampf gegen Rechts den vom Deutschen Fu\u00dfball Bund ausgelobten Preis im Vorfeld des WM Qualifikationsspiels Deutschland gegen Aserbaidschan, am 9. September in Hannover.<\/p>\n","protected":false},"author":235,"featured_media":0,"comment_status":"open","ping_status":"open","sticky":false,"template":"","format":"standard","meta":{"_jetpack_memberships_contains_paid_content":false,"footnotes":""},"categories":[1515],"tags":[666,1680],"class_list":["post-1359","post","type-post","status-publish","format-standard","hentry","category-bundesweit","tag-fusball","tag-munchen"],"yoast_head":"<!-- This site is optimized with the Yoast SEO plugin v21.0 - https:\/\/yoast.com\/wordpress\/plugins\/seo\/ -->\n<title>Auszeichnung f\u00fcr antirassistische Fu\u00dfballfans - St\u00f6rungsmelder<\/title>\n<meta name=\"robots\" content=\"index, follow, max-snippet:-1, max-image-preview:large, max-video-preview:-1\" \/>\n<link rel=\"canonical\" href=\"https:\/\/blog.zeit.de\/stoerungsmelder\/2009\/08\/27\/auszeichnung-fur-antirassistische-fusballfans_1359\" \/>\n<meta property=\"og:locale\" content=\"de_DE\" \/>\n<meta property=\"og:type\" content=\"article\" \/>\n<meta property=\"og:title\" content=\"Auszeichnung f\u00fcr antirassistische Fu\u00dfballfans - St\u00f6rungsmelder\" \/>\n<meta property=\"og:description\" content=\"Der diesj\u00e4hrige Julius Hirsch Preis geht an die Faninitiative \u201eL\u00f6wenfans gegen Rechts\u201c. Der Zusammenschluss mehrer Fans des TSV 1860 M\u00fcnchen erh\u00e4lt aufgrund seiner Verdienste im Kampf gegen Rechts den vom Deutschen Fu\u00dfball Bund ausgelobten Preis im Vorfeld des WM Qualifikationsspiels Deutschland gegen Aserbaidschan, am 9. September in Hannover.\" \/>\n<meta property=\"og:url\" content=\"https:\/\/blog.zeit.de\/stoerungsmelder\/2009\/08\/27\/auszeichnung-fur-antirassistische-fusballfans_1359\" \/>\n<meta property=\"og:site_name\" content=\"St\u00f6rungsmelder\" \/>\n<meta property=\"article:published_time\" content=\"2009-08-27T04:43:52+00:00\" \/>\n<meta property=\"og:image\" content=\"https:\/\/blog.zeit.de\/stoerungsmelder\/files\/2009\/08\/logo.gif\" \/>\n<meta name=\"author\" content=\"Thomas Hitzlsperger\" \/>\n<meta name=\"twitter:card\" content=\"summary_large_image\" \/>\n<meta name=\"twitter:label1\" content=\"Geschrieben von\" \/>\n\t<meta name=\"twitter:data1\" content=\"Thomas Hitzlsperger\" \/>\n\t<meta name=\"twitter:label2\" content=\"Gesch\u00e4tzte Lesezeit\" \/>\n\t<meta name=\"twitter:data2\" content=\"2\u00a0Minuten\" \/>\n<script type=\"application\/ld+json\" class=\"yoast-schema-graph\">{\"@context\":\"https:\/\/schema.org\",\"@graph\":[{\"@type\":\"WebPage\",\"@id\":\"https:\/\/blog.zeit.de\/stoerungsmelder\/2009\/08\/27\/auszeichnung-fur-antirassistische-fusballfans_1359\",\"url\":\"https:\/\/blog.zeit.de\/stoerungsmelder\/2009\/08\/27\/auszeichnung-fur-antirassistische-fusballfans_1359\",\"name\":\"Auszeichnung f\u00fcr antirassistische Fu\u00dfballfans - St\u00f6rungsmelder\",\"isPartOf\":{\"@id\":\"https:\/\/blog.zeit.de\/stoerungsmelder\/#website\"},\"datePublished\":\"2009-08-27T04:43:52+00:00\",\"dateModified\":\"2009-08-27T04:43:52+00:00\",\"author\":{\"@id\":\"https:\/\/blog.zeit.de\/stoerungsmelder\/#\/schema\/person\/f00edd5a787a17b766716b34b3fb6d56\"},\"breadcrumb\":{\"@id\":\"https:\/\/blog.zeit.de\/stoerungsmelder\/2009\/08\/27\/auszeichnung-fur-antirassistische-fusballfans_1359#breadcrumb\"},\"inLanguage\":\"de\",\"potentialAction\":[{\"@type\":\"ReadAction\",\"target\":[\"https:\/\/blog.zeit.de\/stoerungsmelder\/2009\/08\/27\/auszeichnung-fur-antirassistische-fusballfans_1359\"]}]},{\"@type\":\"BreadcrumbList\",\"@id\":\"https:\/\/blog.zeit.de\/stoerungsmelder\/2009\/08\/27\/auszeichnung-fur-antirassistische-fusballfans_1359#breadcrumb\",\"itemListElement\":[{\"@type\":\"ListItem\",\"position\":1,\"name\":\"Startseite\",\"item\":\"https:\/\/blog.zeit.de\/stoerungsmelder\"},{\"@type\":\"ListItem\",\"position\":2,\"name\":\"Auszeichnung f\u00fcr antirassistische Fu\u00dfballfans\"}]},{\"@type\":\"WebSite\",\"@id\":\"https:\/\/blog.zeit.de\/stoerungsmelder\/#website\",\"url\":\"https:\/\/blog.zeit.de\/stoerungsmelder\/\",\"name\":\"St\u00f6rungsmelder\",\"description\":\"Recherchen und Analysen \u00fcber die extreme Rechte\",\"potentialAction\":[{\"@type\":\"SearchAction\",\"target\":{\"@type\":\"EntryPoint\",\"urlTemplate\":\"https:\/\/blog.zeit.de\/stoerungsmelder\/?s={search_term_string}\"},\"query-input\":\"required name=search_term_string\"}],\"inLanguage\":\"de\"},{\"@type\":\"Person\",\"@id\":\"https:\/\/blog.zeit.de\/stoerungsmelder\/#\/schema\/person\/f00edd5a787a17b766716b34b3fb6d56\",\"name\":\"Thomas Hitzlsperger\",\"image\":{\"@type\":\"ImageObject\",\"inLanguage\":\"de\",\"@id\":\"https:\/\/blog.zeit.de\/stoerungsmelder\/#\/schema\/person\/image\/\",\"url\":\"https:\/\/secure.gravatar.com\/avatar\/302e97e92e7af782a610726384aeae742b0e168e418426880e2c48145c25f113?s=96&d=mm&r=pg\",\"contentUrl\":\"https:\/\/secure.gravatar.com\/avatar\/302e97e92e7af782a610726384aeae742b0e168e418426880e2c48145c25f113?s=96&d=mm&r=pg\",\"caption\":\"Thomas Hitzlsperger\"},\"url\":\"https:\/\/blog.zeit.de\/stoerungsmelder\/author\/thomas-hitzlsperger\"}]}<\/script>\n<!-- \/ Yoast SEO plugin. -->","yoast_head_json":{"title":"Auszeichnung f\u00fcr antirassistische Fu\u00dfballfans - St\u00f6rungsmelder","robots":{"index":"index","follow":"follow","max-snippet":"max-snippet:-1","max-image-preview":"max-image-preview:large","max-video-preview":"max-video-preview:-1"},"canonical":"https:\/\/blog.zeit.de\/stoerungsmelder\/2009\/08\/27\/auszeichnung-fur-antirassistische-fusballfans_1359","og_locale":"de_DE","og_type":"article","og_title":"Auszeichnung f\u00fcr antirassistische Fu\u00dfballfans - St\u00f6rungsmelder","og_description":"Der diesj\u00e4hrige Julius Hirsch Preis geht an die Faninitiative \u201eL\u00f6wenfans gegen Rechts\u201c. Der Zusammenschluss mehrer Fans des TSV 1860 M\u00fcnchen erh\u00e4lt aufgrund seiner Verdienste im Kampf gegen Rechts den vom Deutschen Fu\u00dfball Bund ausgelobten Preis im Vorfeld des WM Qualifikationsspiels Deutschland gegen Aserbaidschan, am 9. September in Hannover.","og_url":"https:\/\/blog.zeit.de\/stoerungsmelder\/2009\/08\/27\/auszeichnung-fur-antirassistische-fusballfans_1359","og_site_name":"St\u00f6rungsmelder","article_published_time":"2009-08-27T04:43:52+00:00","og_image":[{"url":"https:\/\/blog.zeit.de\/stoerungsmelder\/files\/2009\/08\/logo.gif"}],"author":"Thomas Hitzlsperger","twitter_card":"summary_large_image","twitter_misc":{"Geschrieben von":"Thomas Hitzlsperger","Gesch\u00e4tzte Lesezeit":"2\u00a0Minuten"},"schema":{"@context":"https:\/\/schema.org","@graph":[{"@type":"WebPage","@id":"https:\/\/blog.zeit.de\/stoerungsmelder\/2009\/08\/27\/auszeichnung-fur-antirassistische-fusballfans_1359","url":"https:\/\/blog.zeit.de\/stoerungsmelder\/2009\/08\/27\/auszeichnung-fur-antirassistische-fusballfans_1359","name":"Auszeichnung f\u00fcr antirassistische Fu\u00dfballfans - St\u00f6rungsmelder","isPartOf":{"@id":"https:\/\/blog.zeit.de\/stoerungsmelder\/#website"},"datePublished":"2009-08-27T04:43:52+00:00","dateModified":"2009-08-27T04:43:52+00:00","author":{"@id":"https:\/\/blog.zeit.de\/stoerungsmelder\/#\/schema\/person\/f00edd5a787a17b766716b34b3fb6d56"},"breadcrumb":{"@id":"https:\/\/blog.zeit.de\/stoerungsmelder\/2009\/08\/27\/auszeichnung-fur-antirassistische-fusballfans_1359#breadcrumb"},"inLanguage":"de","potentialAction":[{"@type":"ReadAction","target":["https:\/\/blog.zeit.de\/stoerungsmelder\/2009\/08\/27\/auszeichnung-fur-antirassistische-fusballfans_1359"]}]},{"@type":"BreadcrumbList","@id":"https:\/\/blog.zeit.de\/stoerungsmelder\/2009\/08\/27\/auszeichnung-fur-antirassistische-fusballfans_1359#breadcrumb","itemListElement":[{"@type":"ListItem","position":1,"name":"Startseite","item":"https:\/\/blog.zeit.de\/stoerungsmelder"},{"@type":"ListItem","position":2,"name":"Auszeichnung f\u00fcr antirassistische Fu\u00dfballfans"}]},{"@type":"WebSite","@id":"https:\/\/blog.zeit.de\/stoerungsmelder\/#website","url":"https:\/\/blog.zeit.de\/stoerungsmelder\/","name":"St\u00f6rungsmelder","description":"Recherchen und Analysen \u00fcber die extreme Rechte","potentialAction":[{"@type":"SearchAction","target":{"@type":"EntryPoint","urlTemplate":"https:\/\/blog.zeit.de\/stoerungsmelder\/?s={search_term_string}"},"query-input":"required name=search_term_string"}],"inLanguage":"de"},{"@type":"Person","@id":"https:\/\/blog.zeit.de\/stoerungsmelder\/#\/schema\/person\/f00edd5a787a17b766716b34b3fb6d56","name":"Thomas Hitzlsperger","image":{"@type":"ImageObject","inLanguage":"de","@id":"https:\/\/blog.zeit.de\/stoerungsmelder\/#\/schema\/person\/image\/","url":"https:\/\/secure.gravatar.com\/avatar\/302e97e92e7af782a610726384aeae742b0e168e418426880e2c48145c25f113?s=96&d=mm&r=pg","contentUrl":"https:\/\/secure.gravatar.com\/avatar\/302e97e92e7af782a610726384aeae742b0e168e418426880e2c48145c25f113?s=96&d=mm&r=pg","caption":"Thomas Hitzlsperger"},"url":"https:\/\/blog.zeit.de\/stoerungsmelder\/author\/thomas-hitzlsperger"}]}},"jetpack_featured_media_url":"","jetpack_sharing_enabled":true,"_links":{"self":[{"href":"https:\/\/blog.zeit.de\/stoerungsmelder\/wp-json\/wp\/v2\/posts\/1359","targetHints":{"allow":["GET"]}}],"collection":[{"href":"https:\/\/blog.zeit.de\/stoerungsmelder\/wp-json\/wp\/v2\/posts"}],"about":[{"href":"https:\/\/blog.zeit.de\/stoerungsmelder\/wp-json\/wp\/v2\/types\/post"}],"author":[{"embeddable":true,"href":"https:\/\/blog.zeit.de\/stoerungsmelder\/wp-json\/wp\/v2\/users\/235"}],"replies":[{"embeddable":true,"href":"https:\/\/blog.zeit.de\/stoerungsmelder\/wp-json\/wp\/v2\/comments?post=1359"}],"version-history":[{"count":0,"href":"https:\/\/blog.zeit.de\/stoerungsmelder\/wp-json\/wp\/v2\/posts\/1359\/revisions"}],"wp:attachment":[{"href":"https:\/\/blog.zeit.de\/stoerungsmelder\/wp-json\/wp\/v2\/media?parent=1359"}],"wp:term":[{"taxonomy":"category","embeddable":true,"href":"https:\/\/blog.zeit.de\/stoerungsmelder\/wp-json\/wp\/v2\/categories?post=1359"},{"taxonomy":"post_tag","embeddable":true,"href":"https:\/\/blog.zeit.de\/stoerungsmelder\/wp-json\/wp\/v2\/tags?post=1359"}],"curies":[{"name":"wp","href":"https:\/\/api.w.org\/{rel}","templated":true}]}}