{"id":13664,"date":"2013-08-05T12:25:44","date_gmt":"2013-08-05T10:25:44","guid":{"rendered":"http:\/\/blog.zeit.de\/stoerungsmelder\/?p=13664"},"modified":"2013-08-05T12:33:42","modified_gmt":"2013-08-05T10:33:42","slug":"npd-politiker-attackiert-gegendemonstranten-in-eisenhuttenstadt","status":"publish","type":"post","link":"https:\/\/blog.zeit.de\/stoerungsmelder\/2013\/08\/05\/npd-politiker-attackiert-gegendemonstranten-in-eisenhuttenstadt_13664","title":{"rendered":"NPD-Politiker attackiert Gegendemonstranten mit Pfefferspray"},"content":{"rendered":"<p><figure id=\"attachment_13665\" aria-describedby=\"caption-attachment-13665\" style=\"width: 580px\" class=\"wp-caption alignnone\"><a href=\"https:\/\/blog.zeit.de\/stoerungsmelder\/2013\/08\/05\/npd-politiker-attackiert-gegendemonstranten-in-eisenhuttenstadt_13664\/dpa-eisenhuettenstadt-npd\" rel=\"attachment wp-att-13665\"><img loading=\"lazy\" decoding=\"async\" class=\"size-full wp-image-13665\" alt=\"Mit Fahnenst\u00f6cken und Pfefferspray attackieren NPD-Anh\u00e4nger Gegendemonstranten in Eisenh\u00fcttenstadt  \u00a9 dpa\" src=\"https:\/\/blog.zeit.de\/stoerungsmelder\/files\/2013\/08\/dpa-Eisenhuettenstadt-NPD.jpg\" width=\"580\" height=\"326\" srcset=\"https:\/\/blog.zeit.de\/stoerungsmelder\/files\/2013\/08\/dpa-Eisenhuettenstadt-NPD.jpg 580w, https:\/\/blog.zeit.de\/stoerungsmelder\/files\/2013\/08\/dpa-Eisenhuettenstadt-NPD-300x168.jpg 300w\" sizes=\"auto, (max-width: 580px) 100vw, 580px\" \/><\/a><figcaption id=\"caption-attachment-13665\" class=\"wp-caption-text\">Mit Fahnenst\u00f6cken und Pfefferspray gingen Rechtsextremisten auf\u00a0 die Gegendemonstranten los. Rechts im Bild mit Pfefferspray: NPD-Politiker Markus Noack \u00a9 dpa<\/figcaption><\/figure><\/p>\n<p>Schl\u00e4ge, Tritte und Pfefferspray &#8211; in Brandenburg pr\u00fcgelten rund 20 Neonazis auf eine Gruppe von Gegendemonstranten ein. Besonders brisant: unter den Angreifern befand sich auch ein bekannter NPD-Kommunalpolitiker aus Guben. Er setzte Pfefferspray gegen die friedlichen Nazi-Gegner ein. Es gab mehrere Verletzte. Jetzt ermittelt die Polizei. Grund f\u00fcr den Angriff waren die Proteste gegen eine NPD-Kundgebung gegen Fl\u00fcchtlinge in der Region.<br \/>\n<!--more--><\/p>\n<p>Am vergangenen Samstag plante die Brandenburger NPD, \u00e4hnlich wie zuvor in <a href=\"https:\/\/blog.zeit.de\/stoerungsmelder\/2013\/07\/11\/berliner-npd-will-vor-fluchtlingsunterkunften-hetzen_13521\">Berlin<\/a> und <a href=\"http:\/\/www.ndr.de\/regional\/dossiers\/der_norden_schaut_hin\/gegner_und_protest\/npddemo137.html\">Mecklenburg-Vorpommern<\/a>, in F\u00fcrstenwalde und Eisenh\u00fcttenstadt zwei rassistische Kundgebungen gegen Asylbewerber in unmittelbarer N\u00e4he zu Fl\u00fcchtlingsunterk\u00fcnften. Letztgenannter Ort ist mit seiner Zentralen Aufnahmestelle (ZAST) seit l\u00e4ngerem im medialen Fokus, da bis vor kurzem Insassen des Abschiebegef\u00e4ngnisses in den Hungerstreik traten, um gegen ihre schlechte Unterbringung zu protestieren. Antirassistische Aktivisten unterst\u00fctzten sie mit einem Protestcamp vor der Erstaufnahmeeinrichtung. Erst wenige Wochen zuvor kam es zu einem Suizid eines Heimbewohners.<\/p>\n<p>Hier war der Auftakt der NPD geplant, doch soweit kam es nicht: Kaum waren die 20 Rechten in Eisenh\u00fcttenstadt angekommen, zog ein Teil von ihnen unter Rufen wie \u201eDie Stra\u00dfe frei der deutschen Jugend\u201c Richtung Gegendemonstranten, die mit 80 Personen und Transparenten in unmittelbarer N\u00e4he gegen die Neonazis protestierten. V\u00f6llig unvermittelt erfolgte dann der Angriff: Einige Rechte st\u00fcrmen los und schlugen mit Fahnenst\u00f6cken auf ihre Gegner ein. Mittendrin war auch Markus Noack aus Guben, der als NPD-Verordneter im\u00a0 Kreistag Spree-Nei\u00dfe sitzt und mit Pfefferspray einen Gegendemonstranten verletzte. Die Polizei bezeichnete die Attacke lediglich als \u00a0\u201ekurze Rangelei\u201c, die \u201eschnell beendet\u201c worden sei. Gegendemonstranten berichten hingegen von mindestens sechs Verletzten, wovon einer sogar im Krankenhaus station\u00e4r behandelt werden musste.<\/p>\n<p>Schlie\u00dflich beendete die Polizei die NPD-Kundgebung umgehend wegen Versto\u00dfes gegen das Versammlungsgesetz, weil einige Teilnehmer gef\u00e4hrliche Gegenst\u00e4nde mit sich f\u00fchrten und die Versammlungsleitung nicht dagegen einschritt. Zudem wurden zwei Ermittlungsverfahren eingeleitet.<\/p>\n<p>Allerdings durften die Neonazis dennoch an ihrem zweiten Standort eine Kundgebung abhalten. Allerdings empfingen auch in F\u00fcrstenwalde zahlreiche Demonstranten die NPD und protestierten gegen die \u201emenschenverachtende Stimmungsmache gegen Gefl\u00fcchtete\u201c. Sie zeigten sich trotz des Angriffs zufrieden mit dem Verlauf des Tages: \u201eWir haben der NPD den Raum genommen\u201c, sagte ein Sprecher.<\/p>\n","protected":false},"excerpt":{"rendered":"<p>Schl\u00e4ge, Tritte und Pfefferspray &#8211; in Brandenburg pr\u00fcgelten rund 20 Neonazis auf eine Gruppe von Gegendemonstranten ein. Besonders brisant: unter den Angreifern befand sich auch ein bekannter NPD-Kommunalpolitiker aus Guben. Er setzte Pfefferspray gegen die friedlichen Nazi-Gegner ein. Es gab mehrere Verletzte. Jetzt ermittelt die Polizei. Grund f\u00fcr den Angriff waren die Proteste gegen eine [&hellip;]<\/p>\n","protected":false},"author":389,"featured_media":0,"comment_status":"open","ping_status":"open","sticky":false,"template":"","format":"standard","meta":{"_jetpack_memberships_contains_paid_content":false,"footnotes":""},"categories":[1451],"tags":[28246,2158,1587,26601,28250,28247,1709,1711,1716,28249,1752,97,1755,99,1858],"class_list":["post-13664","post","type-post","status-publish","format-standard","hentry","category-brandenburg","tag-eisenhuttenstadt","tag-fluchtlinge","tag-gewalt","tag-guben","tag-kreistag-spree-neise","tag-markus-noack","tag-nazis","tag-neonazis","tag-npd","tag-npd-abgeordnerter","tag-protest","tag-rassismus","tag-rechte-gewalt","tag-rechtsextremismus","tag-zivilcourage"],"yoast_head":"<!-- This site is optimized with the Yoast SEO plugin v21.0 - https:\/\/yoast.com\/wordpress\/plugins\/seo\/ -->\n<title>NPD-Politiker attackiert Gegendemonstranten mit Pfefferspray - St\u00f6rungsmelder<\/title>\n<meta name=\"robots\" content=\"index, follow, max-snippet:-1, max-image-preview:large, max-video-preview:-1\" \/>\n<link rel=\"canonical\" href=\"https:\/\/blog.zeit.de\/stoerungsmelder\/2013\/08\/05\/npd-politiker-attackiert-gegendemonstranten-in-eisenhuttenstadt_13664\" \/>\n<meta property=\"og:locale\" content=\"de_DE\" \/>\n<meta property=\"og:type\" content=\"article\" \/>\n<meta property=\"og:title\" content=\"NPD-Politiker attackiert Gegendemonstranten mit Pfefferspray - St\u00f6rungsmelder\" \/>\n<meta property=\"og:description\" content=\"Schl\u00e4ge, Tritte und Pfefferspray &#8211; in Brandenburg pr\u00fcgelten rund 20 Neonazis auf eine Gruppe von Gegendemonstranten ein. Besonders brisant: unter den Angreifern befand sich auch ein bekannter NPD-Kommunalpolitiker aus Guben. Er setzte Pfefferspray gegen die friedlichen Nazi-Gegner ein. Es gab mehrere Verletzte. Jetzt ermittelt die Polizei. Grund f\u00fcr den Angriff waren die Proteste gegen eine [&hellip;]\" \/>\n<meta property=\"og:url\" content=\"https:\/\/blog.zeit.de\/stoerungsmelder\/2013\/08\/05\/npd-politiker-attackiert-gegendemonstranten-in-eisenhuttenstadt_13664\" \/>\n<meta property=\"og:site_name\" content=\"St\u00f6rungsmelder\" \/>\n<meta property=\"article:published_time\" content=\"2013-08-05T10:25:44+00:00\" \/>\n<meta property=\"article:modified_time\" content=\"2013-08-05T10:33:42+00:00\" \/>\n<meta property=\"og:image\" content=\"https:\/\/blog.zeit.de\/stoerungsmelder\/files\/2013\/08\/dpa-Eisenhuettenstadt-NPD.jpg\" \/>\n<meta name=\"author\" content=\"Theo Schneider\" \/>\n<meta name=\"twitter:card\" content=\"summary_large_image\" \/>\n<meta name=\"twitter:label1\" content=\"Geschrieben von\" \/>\n\t<meta name=\"twitter:data1\" content=\"Theo Schneider\" \/>\n\t<meta name=\"twitter:label2\" content=\"Gesch\u00e4tzte Lesezeit\" \/>\n\t<meta name=\"twitter:data2\" content=\"2\u00a0Minuten\" \/>\n<script type=\"application\/ld+json\" class=\"yoast-schema-graph\">{\"@context\":\"https:\/\/schema.org\",\"@graph\":[{\"@type\":\"WebPage\",\"@id\":\"https:\/\/blog.zeit.de\/stoerungsmelder\/2013\/08\/05\/npd-politiker-attackiert-gegendemonstranten-in-eisenhuttenstadt_13664\",\"url\":\"https:\/\/blog.zeit.de\/stoerungsmelder\/2013\/08\/05\/npd-politiker-attackiert-gegendemonstranten-in-eisenhuttenstadt_13664\",\"name\":\"NPD-Politiker attackiert Gegendemonstranten mit Pfefferspray - St\u00f6rungsmelder\",\"isPartOf\":{\"@id\":\"https:\/\/blog.zeit.de\/stoerungsmelder\/#website\"},\"datePublished\":\"2013-08-05T10:25:44+00:00\",\"dateModified\":\"2013-08-05T10:33:42+00:00\",\"author\":{\"@id\":\"https:\/\/blog.zeit.de\/stoerungsmelder\/#\/schema\/person\/b626c794a205b599e37781d4c34ea71c\"},\"breadcrumb\":{\"@id\":\"https:\/\/blog.zeit.de\/stoerungsmelder\/2013\/08\/05\/npd-politiker-attackiert-gegendemonstranten-in-eisenhuttenstadt_13664#breadcrumb\"},\"inLanguage\":\"de\",\"potentialAction\":[{\"@type\":\"ReadAction\",\"target\":[\"https:\/\/blog.zeit.de\/stoerungsmelder\/2013\/08\/05\/npd-politiker-attackiert-gegendemonstranten-in-eisenhuttenstadt_13664\"]}]},{\"@type\":\"BreadcrumbList\",\"@id\":\"https:\/\/blog.zeit.de\/stoerungsmelder\/2013\/08\/05\/npd-politiker-attackiert-gegendemonstranten-in-eisenhuttenstadt_13664#breadcrumb\",\"itemListElement\":[{\"@type\":\"ListItem\",\"position\":1,\"name\":\"Startseite\",\"item\":\"https:\/\/blog.zeit.de\/stoerungsmelder\"},{\"@type\":\"ListItem\",\"position\":2,\"name\":\"NPD-Politiker attackiert Gegendemonstranten mit Pfefferspray\"}]},{\"@type\":\"WebSite\",\"@id\":\"https:\/\/blog.zeit.de\/stoerungsmelder\/#website\",\"url\":\"https:\/\/blog.zeit.de\/stoerungsmelder\/\",\"name\":\"St\u00f6rungsmelder\",\"description\":\"Recherchen und Analysen \u00fcber die extreme Rechte\",\"potentialAction\":[{\"@type\":\"SearchAction\",\"target\":{\"@type\":\"EntryPoint\",\"urlTemplate\":\"https:\/\/blog.zeit.de\/stoerungsmelder\/?s={search_term_string}\"},\"query-input\":\"required name=search_term_string\"}],\"inLanguage\":\"de\"},{\"@type\":\"Person\",\"@id\":\"https:\/\/blog.zeit.de\/stoerungsmelder\/#\/schema\/person\/b626c794a205b599e37781d4c34ea71c\",\"name\":\"Theo Schneider\",\"image\":{\"@type\":\"ImageObject\",\"inLanguage\":\"de\",\"@id\":\"https:\/\/blog.zeit.de\/stoerungsmelder\/#\/schema\/person\/image\/\",\"url\":\"https:\/\/secure.gravatar.com\/avatar\/30c9f7cef1f5d9c6b383208e332bc9f722c0b390bcf0234795787c9a45df46fd?s=96&d=mm&r=pg\",\"contentUrl\":\"https:\/\/secure.gravatar.com\/avatar\/30c9f7cef1f5d9c6b383208e332bc9f722c0b390bcf0234795787c9a45df46fd?s=96&d=mm&r=pg\",\"caption\":\"Theo Schneider\"},\"url\":\"https:\/\/blog.zeit.de\/stoerungsmelder\/author\/theoschneider\"}]}<\/script>\n<!-- \/ Yoast SEO plugin. -->","yoast_head_json":{"title":"NPD-Politiker attackiert Gegendemonstranten mit Pfefferspray - St\u00f6rungsmelder","robots":{"index":"index","follow":"follow","max-snippet":"max-snippet:-1","max-image-preview":"max-image-preview:large","max-video-preview":"max-video-preview:-1"},"canonical":"https:\/\/blog.zeit.de\/stoerungsmelder\/2013\/08\/05\/npd-politiker-attackiert-gegendemonstranten-in-eisenhuttenstadt_13664","og_locale":"de_DE","og_type":"article","og_title":"NPD-Politiker attackiert Gegendemonstranten mit Pfefferspray - St\u00f6rungsmelder","og_description":"Schl\u00e4ge, Tritte und Pfefferspray &#8211; in Brandenburg pr\u00fcgelten rund 20 Neonazis auf eine Gruppe von Gegendemonstranten ein. Besonders brisant: unter den Angreifern befand sich auch ein bekannter NPD-Kommunalpolitiker aus Guben. Er setzte Pfefferspray gegen die friedlichen Nazi-Gegner ein. Es gab mehrere Verletzte. Jetzt ermittelt die Polizei. Grund f\u00fcr den Angriff waren die Proteste gegen eine [&hellip;]","og_url":"https:\/\/blog.zeit.de\/stoerungsmelder\/2013\/08\/05\/npd-politiker-attackiert-gegendemonstranten-in-eisenhuttenstadt_13664","og_site_name":"St\u00f6rungsmelder","article_published_time":"2013-08-05T10:25:44+00:00","article_modified_time":"2013-08-05T10:33:42+00:00","og_image":[{"url":"https:\/\/blog.zeit.de\/stoerungsmelder\/files\/2013\/08\/dpa-Eisenhuettenstadt-NPD.jpg"}],"author":"Theo Schneider","twitter_card":"summary_large_image","twitter_misc":{"Geschrieben von":"Theo Schneider","Gesch\u00e4tzte Lesezeit":"2\u00a0Minuten"},"schema":{"@context":"https:\/\/schema.org","@graph":[{"@type":"WebPage","@id":"https:\/\/blog.zeit.de\/stoerungsmelder\/2013\/08\/05\/npd-politiker-attackiert-gegendemonstranten-in-eisenhuttenstadt_13664","url":"https:\/\/blog.zeit.de\/stoerungsmelder\/2013\/08\/05\/npd-politiker-attackiert-gegendemonstranten-in-eisenhuttenstadt_13664","name":"NPD-Politiker attackiert Gegendemonstranten mit Pfefferspray - St\u00f6rungsmelder","isPartOf":{"@id":"https:\/\/blog.zeit.de\/stoerungsmelder\/#website"},"datePublished":"2013-08-05T10:25:44+00:00","dateModified":"2013-08-05T10:33:42+00:00","author":{"@id":"https:\/\/blog.zeit.de\/stoerungsmelder\/#\/schema\/person\/b626c794a205b599e37781d4c34ea71c"},"breadcrumb":{"@id":"https:\/\/blog.zeit.de\/stoerungsmelder\/2013\/08\/05\/npd-politiker-attackiert-gegendemonstranten-in-eisenhuttenstadt_13664#breadcrumb"},"inLanguage":"de","potentialAction":[{"@type":"ReadAction","target":["https:\/\/blog.zeit.de\/stoerungsmelder\/2013\/08\/05\/npd-politiker-attackiert-gegendemonstranten-in-eisenhuttenstadt_13664"]}]},{"@type":"BreadcrumbList","@id":"https:\/\/blog.zeit.de\/stoerungsmelder\/2013\/08\/05\/npd-politiker-attackiert-gegendemonstranten-in-eisenhuttenstadt_13664#breadcrumb","itemListElement":[{"@type":"ListItem","position":1,"name":"Startseite","item":"https:\/\/blog.zeit.de\/stoerungsmelder"},{"@type":"ListItem","position":2,"name":"NPD-Politiker attackiert Gegendemonstranten mit Pfefferspray"}]},{"@type":"WebSite","@id":"https:\/\/blog.zeit.de\/stoerungsmelder\/#website","url":"https:\/\/blog.zeit.de\/stoerungsmelder\/","name":"St\u00f6rungsmelder","description":"Recherchen und Analysen \u00fcber die extreme Rechte","potentialAction":[{"@type":"SearchAction","target":{"@type":"EntryPoint","urlTemplate":"https:\/\/blog.zeit.de\/stoerungsmelder\/?s={search_term_string}"},"query-input":"required name=search_term_string"}],"inLanguage":"de"},{"@type":"Person","@id":"https:\/\/blog.zeit.de\/stoerungsmelder\/#\/schema\/person\/b626c794a205b599e37781d4c34ea71c","name":"Theo Schneider","image":{"@type":"ImageObject","inLanguage":"de","@id":"https:\/\/blog.zeit.de\/stoerungsmelder\/#\/schema\/person\/image\/","url":"https:\/\/secure.gravatar.com\/avatar\/30c9f7cef1f5d9c6b383208e332bc9f722c0b390bcf0234795787c9a45df46fd?s=96&d=mm&r=pg","contentUrl":"https:\/\/secure.gravatar.com\/avatar\/30c9f7cef1f5d9c6b383208e332bc9f722c0b390bcf0234795787c9a45df46fd?s=96&d=mm&r=pg","caption":"Theo Schneider"},"url":"https:\/\/blog.zeit.de\/stoerungsmelder\/author\/theoschneider"}]}},"jetpack_featured_media_url":"","jetpack_sharing_enabled":true,"_links":{"self":[{"href":"https:\/\/blog.zeit.de\/stoerungsmelder\/wp-json\/wp\/v2\/posts\/13664","targetHints":{"allow":["GET"]}}],"collection":[{"href":"https:\/\/blog.zeit.de\/stoerungsmelder\/wp-json\/wp\/v2\/posts"}],"about":[{"href":"https:\/\/blog.zeit.de\/stoerungsmelder\/wp-json\/wp\/v2\/types\/post"}],"author":[{"embeddable":true,"href":"https:\/\/blog.zeit.de\/stoerungsmelder\/wp-json\/wp\/v2\/users\/389"}],"replies":[{"embeddable":true,"href":"https:\/\/blog.zeit.de\/stoerungsmelder\/wp-json\/wp\/v2\/comments?post=13664"}],"version-history":[{"count":9,"href":"https:\/\/blog.zeit.de\/stoerungsmelder\/wp-json\/wp\/v2\/posts\/13664\/revisions"}],"predecessor-version":[{"id":13671,"href":"https:\/\/blog.zeit.de\/stoerungsmelder\/wp-json\/wp\/v2\/posts\/13664\/revisions\/13671"}],"wp:attachment":[{"href":"https:\/\/blog.zeit.de\/stoerungsmelder\/wp-json\/wp\/v2\/media?parent=13664"}],"wp:term":[{"taxonomy":"category","embeddable":true,"href":"https:\/\/blog.zeit.de\/stoerungsmelder\/wp-json\/wp\/v2\/categories?post=13664"},{"taxonomy":"post_tag","embeddable":true,"href":"https:\/\/blog.zeit.de\/stoerungsmelder\/wp-json\/wp\/v2\/tags?post=13664"}],"curies":[{"name":"wp","href":"https:\/\/api.w.org\/{rel}","templated":true}]}}