{"id":1367,"date":"2009-08-28T21:05:28","date_gmt":"2009-08-28T19:05:28","guid":{"rendered":"http:\/\/blog.zeit.de\/stoerungsmelder\/?p=1367"},"modified":"2009-08-28T21:05:28","modified_gmt":"2009-08-28T19:05:28","slug":"anzeigen-wegen-npd-hetze-in-thuringer-landtagswahlkampf","status":"publish","type":"post","link":"https:\/\/blog.zeit.de\/stoerungsmelder\/2009\/08\/28\/anzeigen-wegen-npd-hetze-in-thuringer-landtagswahlkampf_1367","title":{"rendered":"Anzeigen wegen NPD-Hetze in Th\u00fcringer Landtagswahlkampf"},"content":{"rendered":"<p style=\"0cm;\">Nach den massiven Provokationen und Diskriminierungen im Wahlkampf der NPD Th\u00fcringen  h\u00e4ufen sich jetzt die Strafanzeigen gegen die rechtsextreme Partei sowie einzelne ihrer Mitglieder und Anh\u00e4nger.<\/p>\n<p><!--more--><\/p>\n<p style=\"0cm;\">Bereits Mitte des Monats bekam das Mitglied im Bundesvorstand der NPD, Andreas Thierry, eine Anzeige wegen Volksverhetzung. In Heiligenstadt im th\u00fcringischen Eichsfeld hatte er andere NPD-Mitglieder mit einem schwarz angemalten Gesicht und einer schwarzen Lockenper\u00fccke begleitet. Dabei hielt er eine Staude Bananen in der Hand und trug ein Schild mit der Aufschrift \u201eHeimreise statt Einreise\u201c. Nach seiner Identit\u00e4tsfeststellung erhielt Thierry einen Platzverweis f\u00fcr die Stadt.<\/p>\n<p style=\"0cm;\">Auch gegen Peter N\u00fcrnberger, Mitglied des Landesvorstandes der NPD in Th\u00fcringen, wird wegen Volksverhetzung ermittelt, au\u00dferdem soll er gegen das Versammlungsgesetz versto\u00dfen haben. Der 1949 geborene NPD Landtagskandidat hatte an einem Infostand in Greiz \u00fcber Lautsprecher ausl\u00e4nderfeindliche Parolen gerufen.<\/p>\n<p>Auf einen 27-j\u00e4hrigen Rechtsextremisten aus Th\u00fcringen wartet ein Ermittlungsverfahren wegen versuchter gef\u00e4hrlicher K\u00f6rperverletzung und wegen Verwendens von Kennzeichen verfassungwidriger Organisationen. Der Mann hatte gestanden, bei einer Wahlkampfveranstaltung der Linken in Hildburghausen eine Bierflasche gezielt in Richtung eines Wahlhelfers geworfen zu haben. Zuvor waren Mitarbeiter der Linken aus einer Gruppe von Rechtsextremen beleidigt und bedroht worden.<\/p>\n<p>Im Rahmen ihrer gezielten bundesweiten Eskalierungsstrategie hatte die NPD Anfang August besonders dem dunkelh\u00e4utigen CDU Politiker Zeca Schall zugesetzt und ihm gedroht, ihn zur Heimreise zu \u201eanimieren\u201c. Sowohl Schall als auch der CDU-Landesverband erstatteten daraufhin Anzeige gegen den Th\u00fcringer NPD-Landesverband wegen Beleidigung, Volksverhetzung und versuchter N\u00f6tigung. Die Staatsanwaltschaft Meiningen ermittelt inzwischen.<\/p>\n<p style=\"0cm;\">Weitere Anzeigen zog jetzt ein neues Wahlkampfplakat der NPD nach sich, das im Eichsfeld und in Weimar h\u00e4ngt. Neben den Bildern einer Bratwurst und des CDU-Politiker Schall prangt darauf der Text \u201eEchter Th\u00fcringer, falscher Th\u00fcringer\u201c. Daraufhin stellten jetzt der Landtagskandidat der Freien W\u00e4hler, Raban Graf von Westphalen und die Landtagsabgeordnete der Linken, Johanna Scheringer-Wright Anzeige gegen die NPD. Scheringer Wright bem\u00e4ngelte vor allem die schleppenden Ermittlungen: nach der Wahl am Sonntag, den 30. August, w\u00fcrden alle Wahlplakate sowieso wieder abgeh\u00e4ngt. Dass es auch anders geht, zeigte unl\u00e4ngst der SPD-Oberb\u00fcrgermeister von Weimar, Stefan Wolf. Nachdem das \u00f6rtliche B\u00fcrgerb\u00fcndnis gegen Rechtsextremismus wegen des Plakates Anzeige wegen Beleidigung und Volksverhetzung gestellt hatte, wies Wolf das Ordnungsamt an, die diffamierenden Plakate in Weimar abh\u00e4ngen zu lassen. Sein Parteikollege und Landtagskandidat Thomas Notzke attestierte dem NPD-Plakat gar \u201eSt\u00fcrmer-Manier\u201c. Pikanterweise nutzte die NPD f\u00fcr das Plakat ausgerechnet ein Postkartenmotiv der Jungen Union in Th\u00fcringen mit dem selben Text, das statt Schall urspr\u00fcnglich den Linken-Politiker Bodo Ramelow zeigte. Weil Ramelow sich diskriminiert f\u00fchlte, war das Motiv gerichtlich verboten worden.<\/p>\n","protected":false},"excerpt":{"rendered":"<p>Nach den massiven Provokationen und Diskriminierungen im Wahlkampf der NPD Th\u00fcringen h\u00e4ufen sich jetzt die Strafanzeigen gegen die rechtsextreme Partei sowie einzelne ihrer Mitglieder und Anh\u00e4nger.<\/p>\n","protected":false},"author":254,"featured_media":0,"comment_status":"open","ping_status":"open","sticky":false,"template":"","format":"standard","meta":{"_jetpack_memberships_contains_paid_content":false,"footnotes":""},"categories":[978],"tags":[],"class_list":["post-1367","post","type-post","status-publish","format-standard","hentry","category-thuringen"],"yoast_head":"<!-- This site is optimized with the Yoast SEO plugin v21.0 - https:\/\/yoast.com\/wordpress\/plugins\/seo\/ -->\n<title>Anzeigen wegen NPD-Hetze in Th\u00fcringer Landtagswahlkampf - St\u00f6rungsmelder<\/title>\n<meta name=\"robots\" content=\"index, follow, max-snippet:-1, max-image-preview:large, max-video-preview:-1\" \/>\n<link rel=\"canonical\" href=\"https:\/\/blog.zeit.de\/stoerungsmelder\/2009\/08\/28\/anzeigen-wegen-npd-hetze-in-thuringer-landtagswahlkampf_1367\" \/>\n<meta property=\"og:locale\" content=\"de_DE\" \/>\n<meta property=\"og:type\" content=\"article\" \/>\n<meta property=\"og:title\" content=\"Anzeigen wegen NPD-Hetze in Th\u00fcringer Landtagswahlkampf - St\u00f6rungsmelder\" \/>\n<meta property=\"og:description\" content=\"Nach den massiven Provokationen und Diskriminierungen im Wahlkampf der NPD Th\u00fcringen h\u00e4ufen sich jetzt die Strafanzeigen gegen die rechtsextreme Partei sowie einzelne ihrer Mitglieder und Anh\u00e4nger.\" \/>\n<meta property=\"og:url\" content=\"https:\/\/blog.zeit.de\/stoerungsmelder\/2009\/08\/28\/anzeigen-wegen-npd-hetze-in-thuringer-landtagswahlkampf_1367\" \/>\n<meta property=\"og:site_name\" content=\"St\u00f6rungsmelder\" \/>\n<meta property=\"article:published_time\" content=\"2009-08-28T19:05:28+00:00\" \/>\n<meta name=\"author\" content=\"Kai Budler\" \/>\n<meta name=\"twitter:card\" content=\"summary_large_image\" \/>\n<meta name=\"twitter:label1\" content=\"Geschrieben von\" \/>\n\t<meta name=\"twitter:data1\" content=\"Kai Budler\" \/>\n\t<meta name=\"twitter:label2\" content=\"Gesch\u00e4tzte Lesezeit\" \/>\n\t<meta name=\"twitter:data2\" content=\"2\u00a0Minuten\" \/>\n<script type=\"application\/ld+json\" class=\"yoast-schema-graph\">{\"@context\":\"https:\/\/schema.org\",\"@graph\":[{\"@type\":\"WebPage\",\"@id\":\"https:\/\/blog.zeit.de\/stoerungsmelder\/2009\/08\/28\/anzeigen-wegen-npd-hetze-in-thuringer-landtagswahlkampf_1367\",\"url\":\"https:\/\/blog.zeit.de\/stoerungsmelder\/2009\/08\/28\/anzeigen-wegen-npd-hetze-in-thuringer-landtagswahlkampf_1367\",\"name\":\"Anzeigen wegen NPD-Hetze in Th\u00fcringer Landtagswahlkampf - St\u00f6rungsmelder\",\"isPartOf\":{\"@id\":\"https:\/\/blog.zeit.de\/stoerungsmelder\/#website\"},\"datePublished\":\"2009-08-28T19:05:28+00:00\",\"dateModified\":\"2009-08-28T19:05:28+00:00\",\"author\":{\"@id\":\"https:\/\/blog.zeit.de\/stoerungsmelder\/#\/schema\/person\/58f28fa43c55337b17b93e3622cc8b37\"},\"breadcrumb\":{\"@id\":\"https:\/\/blog.zeit.de\/stoerungsmelder\/2009\/08\/28\/anzeigen-wegen-npd-hetze-in-thuringer-landtagswahlkampf_1367#breadcrumb\"},\"inLanguage\":\"de\",\"potentialAction\":[{\"@type\":\"ReadAction\",\"target\":[\"https:\/\/blog.zeit.de\/stoerungsmelder\/2009\/08\/28\/anzeigen-wegen-npd-hetze-in-thuringer-landtagswahlkampf_1367\"]}]},{\"@type\":\"BreadcrumbList\",\"@id\":\"https:\/\/blog.zeit.de\/stoerungsmelder\/2009\/08\/28\/anzeigen-wegen-npd-hetze-in-thuringer-landtagswahlkampf_1367#breadcrumb\",\"itemListElement\":[{\"@type\":\"ListItem\",\"position\":1,\"name\":\"Startseite\",\"item\":\"https:\/\/blog.zeit.de\/stoerungsmelder\"},{\"@type\":\"ListItem\",\"position\":2,\"name\":\"Anzeigen wegen NPD-Hetze in Th\u00fcringer Landtagswahlkampf\"}]},{\"@type\":\"WebSite\",\"@id\":\"https:\/\/blog.zeit.de\/stoerungsmelder\/#website\",\"url\":\"https:\/\/blog.zeit.de\/stoerungsmelder\/\",\"name\":\"St\u00f6rungsmelder\",\"description\":\"Recherchen und Analysen \u00fcber die extreme Rechte\",\"potentialAction\":[{\"@type\":\"SearchAction\",\"target\":{\"@type\":\"EntryPoint\",\"urlTemplate\":\"https:\/\/blog.zeit.de\/stoerungsmelder\/?s={search_term_string}\"},\"query-input\":\"required name=search_term_string\"}],\"inLanguage\":\"de\"},{\"@type\":\"Person\",\"@id\":\"https:\/\/blog.zeit.de\/stoerungsmelder\/#\/schema\/person\/58f28fa43c55337b17b93e3622cc8b37\",\"name\":\"Kai Budler\",\"image\":{\"@type\":\"ImageObject\",\"inLanguage\":\"de\",\"@id\":\"https:\/\/blog.zeit.de\/stoerungsmelder\/#\/schema\/person\/image\/\",\"url\":\"https:\/\/secure.gravatar.com\/avatar\/126c2f44b51c178dc1db1bb6e040fcff157c88000cfae96c983070e6153484e3?s=96&d=mm&r=pg\",\"contentUrl\":\"https:\/\/secure.gravatar.com\/avatar\/126c2f44b51c178dc1db1bb6e040fcff157c88000cfae96c983070e6153484e3?s=96&d=mm&r=pg\",\"caption\":\"Kai Budler\"},\"url\":\"https:\/\/blog.zeit.de\/stoerungsmelder\/author\/kai-budler\"}]}<\/script>\n<!-- \/ Yoast SEO plugin. -->","yoast_head_json":{"title":"Anzeigen wegen NPD-Hetze in Th\u00fcringer Landtagswahlkampf - St\u00f6rungsmelder","robots":{"index":"index","follow":"follow","max-snippet":"max-snippet:-1","max-image-preview":"max-image-preview:large","max-video-preview":"max-video-preview:-1"},"canonical":"https:\/\/blog.zeit.de\/stoerungsmelder\/2009\/08\/28\/anzeigen-wegen-npd-hetze-in-thuringer-landtagswahlkampf_1367","og_locale":"de_DE","og_type":"article","og_title":"Anzeigen wegen NPD-Hetze in Th\u00fcringer Landtagswahlkampf - St\u00f6rungsmelder","og_description":"Nach den massiven Provokationen und Diskriminierungen im Wahlkampf der NPD Th\u00fcringen h\u00e4ufen sich jetzt die Strafanzeigen gegen die rechtsextreme Partei sowie einzelne ihrer Mitglieder und Anh\u00e4nger.","og_url":"https:\/\/blog.zeit.de\/stoerungsmelder\/2009\/08\/28\/anzeigen-wegen-npd-hetze-in-thuringer-landtagswahlkampf_1367","og_site_name":"St\u00f6rungsmelder","article_published_time":"2009-08-28T19:05:28+00:00","author":"Kai Budler","twitter_card":"summary_large_image","twitter_misc":{"Geschrieben von":"Kai Budler","Gesch\u00e4tzte Lesezeit":"2\u00a0Minuten"},"schema":{"@context":"https:\/\/schema.org","@graph":[{"@type":"WebPage","@id":"https:\/\/blog.zeit.de\/stoerungsmelder\/2009\/08\/28\/anzeigen-wegen-npd-hetze-in-thuringer-landtagswahlkampf_1367","url":"https:\/\/blog.zeit.de\/stoerungsmelder\/2009\/08\/28\/anzeigen-wegen-npd-hetze-in-thuringer-landtagswahlkampf_1367","name":"Anzeigen wegen NPD-Hetze in Th\u00fcringer Landtagswahlkampf - St\u00f6rungsmelder","isPartOf":{"@id":"https:\/\/blog.zeit.de\/stoerungsmelder\/#website"},"datePublished":"2009-08-28T19:05:28+00:00","dateModified":"2009-08-28T19:05:28+00:00","author":{"@id":"https:\/\/blog.zeit.de\/stoerungsmelder\/#\/schema\/person\/58f28fa43c55337b17b93e3622cc8b37"},"breadcrumb":{"@id":"https:\/\/blog.zeit.de\/stoerungsmelder\/2009\/08\/28\/anzeigen-wegen-npd-hetze-in-thuringer-landtagswahlkampf_1367#breadcrumb"},"inLanguage":"de","potentialAction":[{"@type":"ReadAction","target":["https:\/\/blog.zeit.de\/stoerungsmelder\/2009\/08\/28\/anzeigen-wegen-npd-hetze-in-thuringer-landtagswahlkampf_1367"]}]},{"@type":"BreadcrumbList","@id":"https:\/\/blog.zeit.de\/stoerungsmelder\/2009\/08\/28\/anzeigen-wegen-npd-hetze-in-thuringer-landtagswahlkampf_1367#breadcrumb","itemListElement":[{"@type":"ListItem","position":1,"name":"Startseite","item":"https:\/\/blog.zeit.de\/stoerungsmelder"},{"@type":"ListItem","position":2,"name":"Anzeigen wegen NPD-Hetze in Th\u00fcringer Landtagswahlkampf"}]},{"@type":"WebSite","@id":"https:\/\/blog.zeit.de\/stoerungsmelder\/#website","url":"https:\/\/blog.zeit.de\/stoerungsmelder\/","name":"St\u00f6rungsmelder","description":"Recherchen und Analysen \u00fcber die extreme Rechte","potentialAction":[{"@type":"SearchAction","target":{"@type":"EntryPoint","urlTemplate":"https:\/\/blog.zeit.de\/stoerungsmelder\/?s={search_term_string}"},"query-input":"required name=search_term_string"}],"inLanguage":"de"},{"@type":"Person","@id":"https:\/\/blog.zeit.de\/stoerungsmelder\/#\/schema\/person\/58f28fa43c55337b17b93e3622cc8b37","name":"Kai Budler","image":{"@type":"ImageObject","inLanguage":"de","@id":"https:\/\/blog.zeit.de\/stoerungsmelder\/#\/schema\/person\/image\/","url":"https:\/\/secure.gravatar.com\/avatar\/126c2f44b51c178dc1db1bb6e040fcff157c88000cfae96c983070e6153484e3?s=96&d=mm&r=pg","contentUrl":"https:\/\/secure.gravatar.com\/avatar\/126c2f44b51c178dc1db1bb6e040fcff157c88000cfae96c983070e6153484e3?s=96&d=mm&r=pg","caption":"Kai Budler"},"url":"https:\/\/blog.zeit.de\/stoerungsmelder\/author\/kai-budler"}]}},"jetpack_featured_media_url":"","jetpack_sharing_enabled":true,"_links":{"self":[{"href":"https:\/\/blog.zeit.de\/stoerungsmelder\/wp-json\/wp\/v2\/posts\/1367","targetHints":{"allow":["GET"]}}],"collection":[{"href":"https:\/\/blog.zeit.de\/stoerungsmelder\/wp-json\/wp\/v2\/posts"}],"about":[{"href":"https:\/\/blog.zeit.de\/stoerungsmelder\/wp-json\/wp\/v2\/types\/post"}],"author":[{"embeddable":true,"href":"https:\/\/blog.zeit.de\/stoerungsmelder\/wp-json\/wp\/v2\/users\/254"}],"replies":[{"embeddable":true,"href":"https:\/\/blog.zeit.de\/stoerungsmelder\/wp-json\/wp\/v2\/comments?post=1367"}],"version-history":[{"count":0,"href":"https:\/\/blog.zeit.de\/stoerungsmelder\/wp-json\/wp\/v2\/posts\/1367\/revisions"}],"wp:attachment":[{"href":"https:\/\/blog.zeit.de\/stoerungsmelder\/wp-json\/wp\/v2\/media?parent=1367"}],"wp:term":[{"taxonomy":"category","embeddable":true,"href":"https:\/\/blog.zeit.de\/stoerungsmelder\/wp-json\/wp\/v2\/categories?post=1367"},{"taxonomy":"post_tag","embeddable":true,"href":"https:\/\/blog.zeit.de\/stoerungsmelder\/wp-json\/wp\/v2\/tags?post=1367"}],"curies":[{"name":"wp","href":"https:\/\/api.w.org\/{rel}","templated":true}]}}