{"id":13785,"date":"2013-08-18T20:07:01","date_gmt":"2013-08-18T18:07:01","guid":{"rendered":"http:\/\/blog.zeit.de\/stoerungsmelder\/?p=13785"},"modified":"2013-08-19T07:44:21","modified_gmt":"2013-08-19T05:44:21","slug":"es-bleiben-leider-leere-bedeutungslose-worte","status":"publish","type":"post","link":"https:\/\/blog.zeit.de\/stoerungsmelder\/2013\/08\/18\/es-bleiben-leider-leere-bedeutungslose-worte_13785","title":{"rendered":"&#8222;Es bleiben leider leere, bedeutungslose Worte&#8220;"},"content":{"rendered":"<p><figure id=\"attachment_13786\" aria-describedby=\"caption-attachment-13786\" style=\"width: 580px\" class=\"wp-caption aligncenter\"><a href=\"https:\/\/blog.zeit.de\/stoerungsmelder\/2013\/08\/18\/es-bleiben-leider-leere-bedeutungslose-worte_13785\/merkel-dpa\" rel=\"attachment wp-att-13786\"><img loading=\"lazy\" decoding=\"async\" class=\"size-full wp-image-13786\" alt=\"Merkel dpa\" src=\"https:\/\/blog.zeit.de\/stoerungsmelder\/files\/2013\/08\/Merkel-dpa.jpg\" width=\"580\" height=\"300\" srcset=\"https:\/\/blog.zeit.de\/stoerungsmelder\/files\/2013\/08\/Merkel-dpa.jpg 580w, https:\/\/blog.zeit.de\/stoerungsmelder\/files\/2013\/08\/Merkel-dpa-300x155.jpg 300w\" sizes=\"auto, (max-width: 580px) 100vw, 580px\" \/><\/a><figcaption id=\"caption-attachment-13786\" class=\"wp-caption-text\">Ohne entsprechende Handlungen von Seiten der Bundesregierung bleiben es leere, bedeutungslose Worte \u00a9 dpa<\/figcaption><\/figure><\/p>\n<p style=\"text-align: left\">Bundeskanzlerin Angela Merkel (CDU) hat k\u00fcrzlich zu mehr Zivilcourage aufgerufen und ein entschiedenes Vorgehen gegen den Rechtsextremismus gefordert. Es sind sch\u00f6ne und durchaus wichtige Worte. Doch die CDU-Politikerin vergisst leider, dass es eben genau ihre Regierung ist, die in nicht wenigen F\u00e4llen ein effektives Engagement behindert. Ein Kommentar. <!--more--><\/p>\n<p>\u00a0Es waren sch\u00f6ne Worte, die Bundeskanzlerin Angela Merkel gew\u00e4hlt hat. In ihrem Videopodcast forderte sie ein entschlossenes Vorgehen gegen Rechtsextremismus in ganz Europa und rief zu \u201eZivilcourage in der Gesellschaft\u201c auf. Zudem bezeichnete die Kanzlerin es als \u201esehr besch\u00e4mend, dass es in Deutschland keine j\u00fcdische Einrichtung\u201c ohne Polizeischutz gibt. Aus diesem Grund sei jeder aufgerufen, sich \u201emit der Geschichte auseinanderzusetzen und zu verhindern, dass es wieder zu so etwas kommen kann\u201c, sagte Merkel am Samstag.<\/p>\n<p>Doch abseits dieser sch\u00f6nen Worte ist es mit alledem nicht weit her. Denn w\u00e4hrend Angela Merkel zu einem entschiedenen Vorgehen gegen den Rechtsextremismus aufruft, ist es die Bundesregierung selbst, die mit ihrer Extremismusklausel engagierte Demokraten unter Generalverdacht stellt. W\u00e4hrend Angela Merkel dem Rassismus den Kampf ansagt, ist es das Kabinettsmitglied Bundesinnenminister Hans-Peter Friedrich von der CSU, der mit rassistischen Ressentiments gegen Fl\u00fcchtlinge und einem v\u00f6llig l\u00e4cherlichen Schreckensszenario von vermeintlicher Armutszuwanderung in den Bundestagswahlkampf zieht. Und w\u00e4hrend Angela Merkel europaweit den Rechtsextremismus bek\u00e4mpft sehen will, tut sich die Bundesregierung nach wie vor schwer mit deutlicher Kritik an dem Rechtsruck in Ungarn.<\/p>\n<p>Tats\u00e4chlich g\u00e4be es europaweit im Kampf gegen Neonazis und Rassismus viel zu tun. Dies ist richtig. Doch solange die Bundesregierung an ihrer Extremismusklausel festh\u00e4lt, solange die Bundesregierung bzw. deren Angeh\u00f6rige selbst mit Ressentiments in den Wahlkampf ziehen und solange nicht endlich rechte Entwicklungen innerhalb Europas auf das sch\u00e4rfste verurteilt werden, sind die Aussagen der Bundeskanzlerin nur leere, bedeutungslose Worte.<\/p>\n<p>In diesem Land gibt es ein gro\u00dfes Problem mit organisiert auftretenden Neonazis. Sie diskriminieren, attackieren und t\u00f6ten grundlos \u2013 wie zuletzt im bayerischen Kaufbeuren \u2013 Menschen. Es ist ein gewaltiges Problem, es ist ein Problem das dringend angegangen werden muss. Doch in diesem Land gibt es auch ein Problem mit der schweigenden Mehrheit. Als in Kaufbeuren auf einem Familienfest ein Sp\u00e4taussiedler aus Kasachstan brutal niedergeschlagen und t\u00f6dlich verletzt wurde, war man kurz betroffen \u2013 doch mehr Reaktionen gab es nicht. Genauso l\u00e4uft es jedes Mal wieder. Menschen sehen weg, immer wieder. Eigentlich m\u00fcsste auf eine solch grausame Tat ein \u00f6ffentlicher Aufschrei folgen, Menschen m\u00fcssten emp\u00f6rt gegen Rassismus demonstrieren und gemeinsam aufstehen. Doch das passiert nicht. Man sieht lieber bequem weg, will von allem nichts wissen und nichts sehen. Diese Menschen, die sich feige Wegducken, sind Teil eines riesigen Problems.<\/p>\n<p>Zu all dem kommt noch der Alltagsrassismus in Deutschland hinzu, der bittere Realit\u00e4t ist. Auf erschreckende Art und Weise haben Studien der Friedrich-Ebert-Stiftung gezeigt, dass 25,1 Prozent der Bev\u00f6lkerung eine ausl\u00e4nderfeindliche Einstellung aufweisen \u2013 und dabei handelt es sich nicht um organisierte Neonazis, sondern um gew\u00f6hnliche B\u00fcrgerinnen und B\u00fcrger. All dies ist Alltag, es ist bedauerlicherweise zu einem St\u00fcck Normalit\u00e4t geworden. Wenn Merkel schon gegen Rassismus k\u00e4mpfen will, darf dies nicht unerw\u00e4hnt bleiben. Zudem sollte die Bundeskanzlerin bei Gelegenheit auch mal Bundesinnenminister Hans-Peter Friedrich dazu anhalten, nicht in bekannter Regelm\u00e4\u00dfigkeit mit rassistischen Ressentiments gegen Fl\u00fcchtlinge zu hetzen und \u2013 etwas \u00fcberspitzt formuliert \u2013 den Untergang des Abendlandes an die Wand zu malen, der \u2013 welch Wunder! \u2013 im \u00dcbrigen trotz mehrerer Jahre Friedrich als Innenminister noch kein einziges Mal eingetreten ist.<\/p>\n<p>Wenn Merkel es ernst meint mit dem Kampf gegen den Rechtsextremismus in ganz Europa und dem Aufruf zu mehr Zivilcourage, dann ist die Bundesregierung zun\u00e4chst einmal gefragt, der aktiven Zivilgesellschaft \u2013 die die bedeutendste Rolle im Kampf gegen Rechts einnimmt \u2013 die Steine aus dem Weg zu r\u00e4umen und sie endlich effektiv, ohne Generalverdacht, zu f\u00f6rdern. Das w\u00e4re ein erster Schritt \u2013 neben vielen weiteren nat\u00fcrlich. Erst wenn sich in diese Richtung etwas bewegt, kann man anfangen, die Worte von Angela Merkel ernst zu nehmen.<\/p>\n","protected":false},"excerpt":{"rendered":"<p>Bundeskanzlerin Angela Merkel (CDU) hat k\u00fcrzlich zu mehr Zivilcourage aufgerufen und ein entschiedenes Vorgehen gegen den Rechtsextremismus gefordert. Es sind sch\u00f6ne und durchaus wichtige Worte. Doch die CDU-Politikerin vergisst leider, dass es eben genau ihre Regierung ist, die in nicht wenigen F\u00e4llen ein effektives Engagement behindert. Ein Kommentar.<\/p>\n","protected":false},"author":335,"featured_media":0,"comment_status":"open","ping_status":"open","sticky":false,"template":"","format":"standard","meta":{"_jetpack_memberships_contains_paid_content":false,"footnotes":""},"categories":[1515],"tags":[26402,897,1525,1548,1617,1711,97,99,1822,22892],"class_list":["post-13785","post","type-post","status-publish","format-standard","hentry","category-bundesweit","tag-alltagsrassismus","tag-angela-merkel","tag-demokratie","tag-engagement","tag-initiativen","tag-neonazis","tag-rassismus","tag-rechtsextremismus","tag-toleranz","tag-zivilgesellschaft"],"yoast_head":"<!-- This site is optimized with the Yoast SEO plugin v21.0 - https:\/\/yoast.com\/wordpress\/plugins\/seo\/ -->\n<title>&quot;Es bleiben leider leere, bedeutungslose Worte&quot;  - St\u00f6rungsmelder<\/title>\n<meta name=\"robots\" content=\"index, follow, max-snippet:-1, max-image-preview:large, max-video-preview:-1\" \/>\n<link rel=\"canonical\" href=\"https:\/\/blog.zeit.de\/stoerungsmelder\/2013\/08\/18\/es-bleiben-leider-leere-bedeutungslose-worte_13785\" \/>\n<meta property=\"og:locale\" content=\"de_DE\" \/>\n<meta property=\"og:type\" content=\"article\" \/>\n<meta property=\"og:title\" content=\"&quot;Es bleiben leider leere, bedeutungslose Worte&quot;  - St\u00f6rungsmelder\" \/>\n<meta property=\"og:description\" content=\"Bundeskanzlerin Angela Merkel (CDU) hat k\u00fcrzlich zu mehr Zivilcourage aufgerufen und ein entschiedenes Vorgehen gegen den Rechtsextremismus gefordert. Es sind sch\u00f6ne und durchaus wichtige Worte. Doch die CDU-Politikerin vergisst leider, dass es eben genau ihre Regierung ist, die in nicht wenigen F\u00e4llen ein effektives Engagement behindert. Ein Kommentar.\" \/>\n<meta property=\"og:url\" content=\"https:\/\/blog.zeit.de\/stoerungsmelder\/2013\/08\/18\/es-bleiben-leider-leere-bedeutungslose-worte_13785\" \/>\n<meta property=\"og:site_name\" content=\"St\u00f6rungsmelder\" \/>\n<meta property=\"article:published_time\" content=\"2013-08-18T18:07:01+00:00\" \/>\n<meta property=\"article:modified_time\" content=\"2013-08-19T05:44:21+00:00\" \/>\n<meta property=\"og:image\" content=\"https:\/\/blog.zeit.de\/stoerungsmelder\/files\/2013\/08\/Merkel-dpa.jpg\" \/>\n<meta name=\"author\" content=\"Johannes Hartl\" \/>\n<meta name=\"twitter:card\" content=\"summary_large_image\" \/>\n<meta name=\"twitter:label1\" content=\"Geschrieben von\" \/>\n\t<meta name=\"twitter:data1\" content=\"Johannes Hartl\" \/>\n\t<meta name=\"twitter:label2\" content=\"Gesch\u00e4tzte Lesezeit\" \/>\n\t<meta name=\"twitter:data2\" content=\"3\u00a0Minuten\" \/>\n<script type=\"application\/ld+json\" class=\"yoast-schema-graph\">{\"@context\":\"https:\/\/schema.org\",\"@graph\":[{\"@type\":\"WebPage\",\"@id\":\"https:\/\/blog.zeit.de\/stoerungsmelder\/2013\/08\/18\/es-bleiben-leider-leere-bedeutungslose-worte_13785\",\"url\":\"https:\/\/blog.zeit.de\/stoerungsmelder\/2013\/08\/18\/es-bleiben-leider-leere-bedeutungslose-worte_13785\",\"name\":\"\\\"Es bleiben leider leere, bedeutungslose Worte\\\" - St\u00f6rungsmelder\",\"isPartOf\":{\"@id\":\"https:\/\/blog.zeit.de\/stoerungsmelder\/#website\"},\"datePublished\":\"2013-08-18T18:07:01+00:00\",\"dateModified\":\"2013-08-19T05:44:21+00:00\",\"author\":{\"@id\":\"https:\/\/blog.zeit.de\/stoerungsmelder\/#\/schema\/person\/9954cab4408a20467ff5685876ef2be2\"},\"breadcrumb\":{\"@id\":\"https:\/\/blog.zeit.de\/stoerungsmelder\/2013\/08\/18\/es-bleiben-leider-leere-bedeutungslose-worte_13785#breadcrumb\"},\"inLanguage\":\"de\",\"potentialAction\":[{\"@type\":\"ReadAction\",\"target\":[\"https:\/\/blog.zeit.de\/stoerungsmelder\/2013\/08\/18\/es-bleiben-leider-leere-bedeutungslose-worte_13785\"]}]},{\"@type\":\"BreadcrumbList\",\"@id\":\"https:\/\/blog.zeit.de\/stoerungsmelder\/2013\/08\/18\/es-bleiben-leider-leere-bedeutungslose-worte_13785#breadcrumb\",\"itemListElement\":[{\"@type\":\"ListItem\",\"position\":1,\"name\":\"Startseite\",\"item\":\"https:\/\/blog.zeit.de\/stoerungsmelder\"},{\"@type\":\"ListItem\",\"position\":2,\"name\":\"&#8222;Es bleiben leider leere, bedeutungslose Worte&#8220;\"}]},{\"@type\":\"WebSite\",\"@id\":\"https:\/\/blog.zeit.de\/stoerungsmelder\/#website\",\"url\":\"https:\/\/blog.zeit.de\/stoerungsmelder\/\",\"name\":\"St\u00f6rungsmelder\",\"description\":\"Recherchen und Analysen \u00fcber die extreme Rechte\",\"potentialAction\":[{\"@type\":\"SearchAction\",\"target\":{\"@type\":\"EntryPoint\",\"urlTemplate\":\"https:\/\/blog.zeit.de\/stoerungsmelder\/?s={search_term_string}\"},\"query-input\":\"required name=search_term_string\"}],\"inLanguage\":\"de\"},{\"@type\":\"Person\",\"@id\":\"https:\/\/blog.zeit.de\/stoerungsmelder\/#\/schema\/person\/9954cab4408a20467ff5685876ef2be2\",\"name\":\"Johannes Hartl\",\"image\":{\"@type\":\"ImageObject\",\"inLanguage\":\"de\",\"@id\":\"https:\/\/blog.zeit.de\/stoerungsmelder\/#\/schema\/person\/image\/\",\"url\":\"https:\/\/secure.gravatar.com\/avatar\/aa76c6547229f48516cca421db00a6c0f8d4ce93e33efa645b42c6f7baec7518?s=96&d=mm&r=pg\",\"contentUrl\":\"https:\/\/secure.gravatar.com\/avatar\/aa76c6547229f48516cca421db00a6c0f8d4ce93e33efa645b42c6f7baec7518?s=96&d=mm&r=pg\",\"caption\":\"Johannes Hartl\"},\"sameAs\":[\"https:\/\/blog.zeit.de\/stoerungsmelder\/author\/jhartl\"],\"url\":\"https:\/\/blog.zeit.de\/stoerungsmelder\/author\/jhartl\"}]}<\/script>\n<!-- \/ Yoast SEO plugin. -->","yoast_head_json":{"title":"\"Es bleiben leider leere, bedeutungslose Worte\"  - St\u00f6rungsmelder","robots":{"index":"index","follow":"follow","max-snippet":"max-snippet:-1","max-image-preview":"max-image-preview:large","max-video-preview":"max-video-preview:-1"},"canonical":"https:\/\/blog.zeit.de\/stoerungsmelder\/2013\/08\/18\/es-bleiben-leider-leere-bedeutungslose-worte_13785","og_locale":"de_DE","og_type":"article","og_title":"\"Es bleiben leider leere, bedeutungslose Worte\"  - St\u00f6rungsmelder","og_description":"Bundeskanzlerin Angela Merkel (CDU) hat k\u00fcrzlich zu mehr Zivilcourage aufgerufen und ein entschiedenes Vorgehen gegen den Rechtsextremismus gefordert. Es sind sch\u00f6ne und durchaus wichtige Worte. Doch die CDU-Politikerin vergisst leider, dass es eben genau ihre Regierung ist, die in nicht wenigen F\u00e4llen ein effektives Engagement behindert. Ein Kommentar.","og_url":"https:\/\/blog.zeit.de\/stoerungsmelder\/2013\/08\/18\/es-bleiben-leider-leere-bedeutungslose-worte_13785","og_site_name":"St\u00f6rungsmelder","article_published_time":"2013-08-18T18:07:01+00:00","article_modified_time":"2013-08-19T05:44:21+00:00","og_image":[{"url":"https:\/\/blog.zeit.de\/stoerungsmelder\/files\/2013\/08\/Merkel-dpa.jpg"}],"author":"Johannes Hartl","twitter_card":"summary_large_image","twitter_misc":{"Geschrieben von":"Johannes Hartl","Gesch\u00e4tzte Lesezeit":"3\u00a0Minuten"},"schema":{"@context":"https:\/\/schema.org","@graph":[{"@type":"WebPage","@id":"https:\/\/blog.zeit.de\/stoerungsmelder\/2013\/08\/18\/es-bleiben-leider-leere-bedeutungslose-worte_13785","url":"https:\/\/blog.zeit.de\/stoerungsmelder\/2013\/08\/18\/es-bleiben-leider-leere-bedeutungslose-worte_13785","name":"\"Es bleiben leider leere, bedeutungslose Worte\" - St\u00f6rungsmelder","isPartOf":{"@id":"https:\/\/blog.zeit.de\/stoerungsmelder\/#website"},"datePublished":"2013-08-18T18:07:01+00:00","dateModified":"2013-08-19T05:44:21+00:00","author":{"@id":"https:\/\/blog.zeit.de\/stoerungsmelder\/#\/schema\/person\/9954cab4408a20467ff5685876ef2be2"},"breadcrumb":{"@id":"https:\/\/blog.zeit.de\/stoerungsmelder\/2013\/08\/18\/es-bleiben-leider-leere-bedeutungslose-worte_13785#breadcrumb"},"inLanguage":"de","potentialAction":[{"@type":"ReadAction","target":["https:\/\/blog.zeit.de\/stoerungsmelder\/2013\/08\/18\/es-bleiben-leider-leere-bedeutungslose-worte_13785"]}]},{"@type":"BreadcrumbList","@id":"https:\/\/blog.zeit.de\/stoerungsmelder\/2013\/08\/18\/es-bleiben-leider-leere-bedeutungslose-worte_13785#breadcrumb","itemListElement":[{"@type":"ListItem","position":1,"name":"Startseite","item":"https:\/\/blog.zeit.de\/stoerungsmelder"},{"@type":"ListItem","position":2,"name":"&#8222;Es bleiben leider leere, bedeutungslose Worte&#8220;"}]},{"@type":"WebSite","@id":"https:\/\/blog.zeit.de\/stoerungsmelder\/#website","url":"https:\/\/blog.zeit.de\/stoerungsmelder\/","name":"St\u00f6rungsmelder","description":"Recherchen und Analysen \u00fcber die extreme Rechte","potentialAction":[{"@type":"SearchAction","target":{"@type":"EntryPoint","urlTemplate":"https:\/\/blog.zeit.de\/stoerungsmelder\/?s={search_term_string}"},"query-input":"required name=search_term_string"}],"inLanguage":"de"},{"@type":"Person","@id":"https:\/\/blog.zeit.de\/stoerungsmelder\/#\/schema\/person\/9954cab4408a20467ff5685876ef2be2","name":"Johannes Hartl","image":{"@type":"ImageObject","inLanguage":"de","@id":"https:\/\/blog.zeit.de\/stoerungsmelder\/#\/schema\/person\/image\/","url":"https:\/\/secure.gravatar.com\/avatar\/aa76c6547229f48516cca421db00a6c0f8d4ce93e33efa645b42c6f7baec7518?s=96&d=mm&r=pg","contentUrl":"https:\/\/secure.gravatar.com\/avatar\/aa76c6547229f48516cca421db00a6c0f8d4ce93e33efa645b42c6f7baec7518?s=96&d=mm&r=pg","caption":"Johannes Hartl"},"sameAs":["https:\/\/blog.zeit.de\/stoerungsmelder\/author\/jhartl"],"url":"https:\/\/blog.zeit.de\/stoerungsmelder\/author\/jhartl"}]}},"jetpack_featured_media_url":"","jetpack_sharing_enabled":true,"_links":{"self":[{"href":"https:\/\/blog.zeit.de\/stoerungsmelder\/wp-json\/wp\/v2\/posts\/13785","targetHints":{"allow":["GET"]}}],"collection":[{"href":"https:\/\/blog.zeit.de\/stoerungsmelder\/wp-json\/wp\/v2\/posts"}],"about":[{"href":"https:\/\/blog.zeit.de\/stoerungsmelder\/wp-json\/wp\/v2\/types\/post"}],"author":[{"embeddable":true,"href":"https:\/\/blog.zeit.de\/stoerungsmelder\/wp-json\/wp\/v2\/users\/335"}],"replies":[{"embeddable":true,"href":"https:\/\/blog.zeit.de\/stoerungsmelder\/wp-json\/wp\/v2\/comments?post=13785"}],"version-history":[{"count":5,"href":"https:\/\/blog.zeit.de\/stoerungsmelder\/wp-json\/wp\/v2\/posts\/13785\/revisions"}],"predecessor-version":[{"id":13791,"href":"https:\/\/blog.zeit.de\/stoerungsmelder\/wp-json\/wp\/v2\/posts\/13785\/revisions\/13791"}],"wp:attachment":[{"href":"https:\/\/blog.zeit.de\/stoerungsmelder\/wp-json\/wp\/v2\/media?parent=13785"}],"wp:term":[{"taxonomy":"category","embeddable":true,"href":"https:\/\/blog.zeit.de\/stoerungsmelder\/wp-json\/wp\/v2\/categories?post=13785"},{"taxonomy":"post_tag","embeddable":true,"href":"https:\/\/blog.zeit.de\/stoerungsmelder\/wp-json\/wp\/v2\/tags?post=13785"}],"curies":[{"name":"wp","href":"https:\/\/api.w.org\/{rel}","templated":true}]}}