{"id":13905,"date":"2013-09-04T12:11:32","date_gmt":"2013-09-04T10:11:32","guid":{"rendered":"http:\/\/blog.zeit.de\/stoerungsmelder\/?p=13905"},"modified":"2013-09-05T01:00:24","modified_gmt":"2013-09-04T23:00:24","slug":"fluchtlingsprotestler-geben-nicht-auf","status":"publish","type":"post","link":"https:\/\/blog.zeit.de\/stoerungsmelder\/2013\/09\/04\/fluchtlingsprotestler-geben-nicht-auf_13905","title":{"rendered":"Fl\u00fcchtlingsprotestler geben nicht auf"},"content":{"rendered":"<p><figure id=\"attachment_13910\" aria-describedby=\"caption-attachment-13910\" style=\"width: 580px\" class=\"wp-caption aligncenter\"><a href=\"https:\/\/blog.zeit.de\/stoerungsmelder\/files\/2013\/09\/P1040107-Kopie.jpg\"><img loading=\"lazy\" decoding=\"async\" class=\"size-full wp-image-13910\" alt=\"Zweieinhalb Stunden lang riefen Fl\u00fcchtlinge und Unterst\u00fctzer w\u00e4hrend des Marschs durch die M\u00fcnchner Innenstadt ihre Parolen \u00a9 Caro Lobig\" src=\"https:\/\/blog.zeit.de\/stoerungsmelder\/files\/2013\/09\/P1040107-Kopie.jpg\" width=\"580\" height=\"300\" srcset=\"https:\/\/blog.zeit.de\/stoerungsmelder\/files\/2013\/09\/P1040107-Kopie.jpg 580w, https:\/\/blog.zeit.de\/stoerungsmelder\/files\/2013\/09\/P1040107-Kopie-300x155.jpg 300w\" sizes=\"auto, (max-width: 580px) 100vw, 580px\" \/><\/a><figcaption id=\"caption-attachment-13910\" class=\"wp-caption-text\">Zweieinhalb Stunden lang riefen Fl\u00fcchtlinge und Unterst\u00fctzer w\u00e4hrend des Marschs durch die M\u00fcnchner Innenstadt ihre Parolen \u00a9 Caro Lobig<\/figcaption><\/figure><\/p>\n<p>Etwa 700 Demonstranten, darunter um die 30 Fl\u00fcchtlinge, sind gestern in einem Demonstrationszug f\u00fcr die Forderungen der Fl\u00fcchtlinge durch die M\u00fcnchner Innenstadt gelaufen. Nach dem zweiw\u00f6chigen Protestmarsch der Fl\u00fcchtlinge und ihrer Unterst\u00fctzer nach M\u00fcnchen ist die Abschlusskundgebung friedlich verlaufen &#8211; bis Neonazis die Gruppe provozierten. Aktuell warten die Aktivisten im Gewerkschaftshaus des DGB auf eine Reaktion der verantwortlichen Politiker.<\/p>\n<p><!--more--><\/p>\n<p>http:\/\/vimeo.com\/73815660<\/p>\n<p>\u201eKein Mensch ist illegal, Bleiberecht \u00fcberall\u201c \u2013 im Chor schrien hunderte Unterst\u00fctzer den allbekannten Spruch der Fl\u00fcchtlingsbewegung, die vor einem Jahr f\u00fcr ihre Forderungen schon von W\u00fcrzburg nach Berlin lief. Gestern, als die \u201e<a href=\"http:\/\/refugeestruggle.org\/de\" target=\"_blank\">refugeestruggle<\/a>\u201c-Gruppe um 19 Uhr nach zwei Wochen Fu\u00dfmarsch von W\u00fcrzburg und Bayreuth an der M\u00fcnchner Freiheit ankamen, wurden sie mit lauten Parolen und Jubel von ihren Sympathisanten empfangen.<\/p>\n<p><figure id=\"attachment_13907\" aria-describedby=\"caption-attachment-13907\" style=\"width: 300px\" class=\"wp-caption alignright\"><a href=\"https:\/\/blog.zeit.de\/stoerungsmelder\/files\/2013\/09\/P1040106.jpg\"><img loading=\"lazy\" decoding=\"async\" class=\"size-medium wp-image-13907\" alt=\"Der Platz f\u00fcllte sich immer mehr mit Sympathisanten, die die ankommenden Fl\u00fcchtlinge unterst\u00fctzen wollten \u00a9 Caro Lobig\" src=\"https:\/\/blog.zeit.de\/stoerungsmelder\/files\/2013\/09\/P1040106-300x225.jpg\" width=\"300\" height=\"225\" srcset=\"https:\/\/blog.zeit.de\/stoerungsmelder\/files\/2013\/09\/P1040106-300x225.jpg 300w, https:\/\/blog.zeit.de\/stoerungsmelder\/files\/2013\/09\/P1040106-1024x768.jpg 1024w\" sizes=\"auto, (max-width: 300px) 100vw, 300px\" \/><\/a><figcaption id=\"caption-attachment-13907\" class=\"wp-caption-text\">Der Platz f\u00fcllte sich immer mehr mit Sympathisanten, die die ankommenden Fl\u00fcchtlinge unterst\u00fctzen wollten \u00a9 Caro Lobig<\/figcaption><\/figure><\/p>\n<p>Dass die etwa 30 Fl\u00fcchtlinge und 100 Unterst\u00fctzer seit 14 Tagen unterwegs sind und <a href=\"http:\/\/www.sueddeutsche.de\/muenchen\/freising\/polizeieinsatz-gegen-fluechtlinge-martialischer-auftritt-1.1761463\" target=\"_blank\">t\u00e4glich von der Polizei kontrolliert, teilweise verletzt und in Gewahrsam genommen <\/a>wurden, merkte man ihnen nicht an. Der Protestmarsch der \u201erefugeestruggle\u201c-Gruppe, wie sie sich selbst nennt, war voller Elan und Freude. In einem Redebeitrag sagte einer der Gefl\u00fcchteten: \u201eWenn wir uns gegenseitig in die Augen schauen, wissen wir dass wir nicht alleine sind und dass wir R\u00fcckendeckung haben\u201c.<\/p>\n<p>200 Polizisten liefen vor, neben und hinter dem Demonstrationszug mit und standen an allen Ecken der Stra\u00dfen, die f\u00fcr die Aktion gesperrt waren. F\u00fcr die Menschen in den Bierg\u00e4rten und die Autofahrer im Stau war der Marsch von etwa 700 Demonstranten durch die Innenstadt eine Attraktion. Einige hupten, machten Fotos oder beobachteten das Geschehen fasziniert.<\/p>\n<p><figure id=\"attachment_13906\" aria-describedby=\"caption-attachment-13906\" style=\"width: 300px\" class=\"wp-caption alignleft\"><a href=\"https:\/\/blog.zeit.de\/stoerungsmelder\/files\/2013\/09\/P1040104.jpg\"><img loading=\"lazy\" decoding=\"async\" class=\"size-medium wp-image-13906\" alt=\"Schon zwei Stunden vor Beginn der Demonstration kontrollierte die Polizei an der M\u00fcnchner Freiheit jeden, der aus der U-Bahn-Station kam \u00a9 Caro Lobig\" src=\"https:\/\/blog.zeit.de\/stoerungsmelder\/files\/2013\/09\/P1040104-300x225.jpg\" width=\"300\" height=\"225\" srcset=\"https:\/\/blog.zeit.de\/stoerungsmelder\/files\/2013\/09\/P1040104-300x225.jpg 300w, https:\/\/blog.zeit.de\/stoerungsmelder\/files\/2013\/09\/P1040104-1024x768.jpg 1024w\" sizes=\"auto, (max-width: 300px) 100vw, 300px\" \/><\/a><figcaption id=\"caption-attachment-13906\" class=\"wp-caption-text\">Schon zwei Stunden vor Beginn der Demonstration kontrollierte die Polizei an der M\u00fcnchner Freiheit jeden, der aus der U-Bahn-Station kam \u00a9 Caro Lobig<\/figcaption><\/figure><\/p>\n<p>Auf der gesamten Strecke bis zum Justizpalast waren die Sprechch\u00f6re laut zu h\u00f6ren. Neben \u201eNazis vertreiben, Fl\u00fcchtlinge bleiben\u201c und \u201eNo nation, no border, fight law and order\u201c gab es auch einen Spruch, der auf die t\u00e4glichen Polizeikontrollen in den letzten beiden Wochen anspielte: \u201ePolizeigewalt? Scheise! Rassistische Polizei? Scheise! Rassistische Polizeikontrolle? Scheise!\u201c<\/p>\n<p>Der bayrische Innenminister Joachim Herrmann (CSU) <a href=\"http:\/\/www.br.de\/nachrichten\/interview-herrmann-rundschau-100.html\" target=\"_blank\">scheint die Forderungen der Fl\u00fcchtlinge gar nicht erst ernst zu nehmen<\/a> \u2013 da Mitglieder der Piraten- und der Linkspartei Kundgebungen f\u00fcr die Fl\u00fcchtlinge angemeldet hatten, h\u00e4lt er den Protestmarsch f\u00fcr reinen Wahlkampf, <a href=\"http:\/\/www.br.de\/nachrichten\/asylbewerber-marsch-bayern100.html\" target=\"_blank\">wie er dem Bayrischen Rundfunk mitteilte<\/a>. Au\u00dferdem betonte er, dass \u201erein juristisch\u201c nur den deutschen Staatsb\u00fcrgern das Demonstrations- und Versammlungsrecht zust\u00fcnde.<\/p>\n<p>Damit widerspricht sich Herrmann selbst: Ohne die Unterst\u00fctzung von deutschen Staatsb\u00fcrgern, die das Recht haben, Kundgebungen anzumelden, w\u00e4re es f\u00fcr Fl\u00fcchtlinge gar nicht m\u00f6glich, legal zu demonstrieren.<\/p>\n<p>Die Asylbewerber glauben vielmehr, dass der bayrische Innenminister mit derartigen Behauptungen ablenken will und erkl\u00e4rten: \u201eEs ist eine Schande, wie die Bayerische Regierung in den letzten 15 Monaten und insbesondere in den letzten zwei Wochen, anstatt auf unsere Forderungen einzugehen, uns physikalisch auszugrenzen versucht hat.\u201c Sie betonen, dass die Streitfrage der Asylsuchenden nicht gel\u00f6st werden k\u00f6nne, indem man die Aktivisten aus dem Weg r\u00e4ume.<\/p>\n<p>Der Iraner Mohammed Reza Jalilian, der den Zug mit der roten \u201erefugeestruggle\u201c-Fahne anf\u00fchrt, berichtete: \u201eDie Polizei war in den letzten beiden Wochen st\u00e4ndig bei uns, in Uniform und in zivil. Viele von uns wurden von ihr verletzt\u201c. Der Iraner ist seit vier Jahren in Deutschland und spricht sehr gut Deutsch \u2013 sein Aufenthaltsstatus hei\u00dft dennoch \u201eDuldung\u201c.<\/p>\n<p>Nachdem w\u00e4hrend einer Pause vor dem Justizpalast eine Sympathisantin wegen Wassermangels kollabierte und ins Krankenhaus gebracht wurde, l\u00f6ste die Anmelderin der Demonstration die Veranstaltung auf.<\/p>\n<p>Die bis dahin friedliche Situation eskalierte erst danach, als vier Neonazis der Organisation \u201eFreies Netz S\u00fcd\u201c die Gruppe provozierte. Die Demonstranten rannten auf sie zu und vertrieben sie mit lauten \u201eNazis raus!\u201c-Rufen, bis die Polizei eingriff und sich in einer Kette zwischen die beiden Gruppen stellte.<\/p>\n<p><figure id=\"attachment_13909\" aria-describedby=\"caption-attachment-13909\" style=\"width: 442px\" class=\"wp-caption alignright\"><a href=\"https:\/\/blog.zeit.de\/stoerungsmelder\/files\/2013\/09\/P1040108.jpg\"><img loading=\"lazy\" decoding=\"async\" class=\"wp-image-13909 \" alt=\"Die Stimmung war euphorisch und energiegeladen, als die Demonstration von der M\u00fcnchner Freiheit aus gemeinsam mit den Fl\u00fcchtlingen loszog  \u00a9 Caro Lobig\" src=\"https:\/\/blog.zeit.de\/stoerungsmelder\/files\/2013\/09\/P1040108-1024x768.jpg\" width=\"442\" height=\"332\" srcset=\"https:\/\/blog.zeit.de\/stoerungsmelder\/files\/2013\/09\/P1040108-1024x768.jpg 1024w, https:\/\/blog.zeit.de\/stoerungsmelder\/files\/2013\/09\/P1040108-300x225.jpg 300w\" sizes=\"auto, (max-width: 442px) 100vw, 442px\" \/><\/a><figcaption id=\"caption-attachment-13909\" class=\"wp-caption-text\">Die Stimmung war euphorisch und energiegeladen, als die Demonstration von der M\u00fcnchner Freiheit aus gemeinsam mit den Fl\u00fcchtlingen loszog \u00a9 Caro Lobig<\/figcaption><\/figure><\/p>\n<p>Erst nach einer weiteren Jagd der Demonstranten auf die Neonazis dr\u00fcckte die Polizei ebendiese gegen die Wand und nahm sie anschlie\u00dfend in Gewahrsam.<\/p>\n<p>Die Fl\u00fcchtlinge und ihre Unterst\u00fctzer \u00fcbernachteten anschlie\u00dfend im Gewerkschaftshaus des DGB.<\/p>\n<p>Jalilian sagte: \u201eWir haben Angst vor der Polizei, deswegen bleiben wir im DGB-Haus, hier sind wir sicher. Drau\u00dfen erwartet uns \u00fcberall die Polizei.\u201c<\/p>\n<p>Die Aktivisten wollen solange dort bleiben, bis von den verantwortlichen Politikern eine Reaktion auf ihre Forderungen kommt. Erst dann entscheiden die Protestler, wie sie ihren Streik fortsetzen.<\/p>\n","protected":false},"excerpt":{"rendered":"<p>Etwa 700 Demonstranten, darunter um die 30 Fl\u00fcchtlinge, sind gestern in einem Demonstrationszug f\u00fcr die Forderungen der Fl\u00fcchtlinge durch die M\u00fcnchner Innenstadt gelaufen. Nach dem zweiw\u00f6chigen Protestmarsch der Fl\u00fcchtlinge und ihrer Unterst\u00fctzer nach M\u00fcnchen ist die Abschlusskundgebung friedlich verlaufen &#8211; bis Neonazis die Gruppe provozierten. Aktuell warten die Aktivisten im Gewerkschaftshaus des DGB auf eine [&hellip;]<\/p>\n","protected":false},"author":396,"featured_media":0,"comment_status":"open","ping_status":"open","sticky":false,"template":"","format":"standard","meta":{"_jetpack_memberships_contains_paid_content":false,"footnotes":""},"categories":[59],"tags":[26466,39398,29250,29251,29247,2158,12719,29248,29249,912,1711,1741,2312,29245,29246,29243,29244,29242],"class_list":["post-13905","post","type-post","status-publish","format-standard","hentry","category-bayern","tag-asylbewerber","tag-bayern","tag-bayrischer-innenminister","tag-deutsche-staatsburger","tag-dgb-haus","tag-fluchtlinge","tag-freies-netz-sud","tag-gewerkschaftshaus-munchen","tag-joachim-herrmann","tag-linkspartei","tag-neonazis","tag-piratenpartei","tag-polizeigewalt","tag-polizeikontrollen","tag-polizeirepression","tag-protest-munchen","tag-protestmarsch-der-fluchtlinge","tag-refugeestruggle"],"yoast_head":"<!-- This site is optimized with the Yoast SEO plugin v21.0 - https:\/\/yoast.com\/wordpress\/plugins\/seo\/ -->\n<title>Fl\u00fcchtlingsprotestler geben nicht auf - St\u00f6rungsmelder<\/title>\n<meta name=\"robots\" content=\"index, follow, max-snippet:-1, max-image-preview:large, max-video-preview:-1\" \/>\n<link rel=\"canonical\" href=\"https:\/\/blog.zeit.de\/stoerungsmelder\/2013\/09\/04\/fluchtlingsprotestler-geben-nicht-auf_13905\" \/>\n<meta property=\"og:locale\" content=\"de_DE\" \/>\n<meta property=\"og:type\" content=\"article\" \/>\n<meta property=\"og:title\" content=\"Fl\u00fcchtlingsprotestler geben nicht auf - St\u00f6rungsmelder\" \/>\n<meta property=\"og:description\" content=\"Etwa 700 Demonstranten, darunter um die 30 Fl\u00fcchtlinge, sind gestern in einem Demonstrationszug f\u00fcr die Forderungen der Fl\u00fcchtlinge durch die M\u00fcnchner Innenstadt gelaufen. Nach dem zweiw\u00f6chigen Protestmarsch der Fl\u00fcchtlinge und ihrer Unterst\u00fctzer nach M\u00fcnchen ist die Abschlusskundgebung friedlich verlaufen &#8211; bis Neonazis die Gruppe provozierten. Aktuell warten die Aktivisten im Gewerkschaftshaus des DGB auf eine [&hellip;]\" \/>\n<meta property=\"og:url\" content=\"https:\/\/blog.zeit.de\/stoerungsmelder\/2013\/09\/04\/fluchtlingsprotestler-geben-nicht-auf_13905\" \/>\n<meta property=\"og:site_name\" content=\"St\u00f6rungsmelder\" \/>\n<meta property=\"article:published_time\" content=\"2013-09-04T10:11:32+00:00\" \/>\n<meta property=\"article:modified_time\" content=\"2013-09-04T23:00:24+00:00\" \/>\n<meta property=\"og:image\" content=\"https:\/\/blog.zeit.de\/stoerungsmelder\/files\/2013\/09\/P1040107-Kopie.jpg\" \/>\n<meta name=\"author\" content=\"Caro Lobig\" \/>\n<meta name=\"twitter:card\" content=\"summary_large_image\" \/>\n<meta name=\"twitter:label1\" content=\"Geschrieben von\" \/>\n\t<meta name=\"twitter:data1\" content=\"Caro Lobig\" \/>\n\t<meta name=\"twitter:label2\" content=\"Gesch\u00e4tzte Lesezeit\" \/>\n\t<meta name=\"twitter:data2\" content=\"4\u00a0Minuten\" \/>\n<script type=\"application\/ld+json\" class=\"yoast-schema-graph\">{\"@context\":\"https:\/\/schema.org\",\"@graph\":[{\"@type\":\"WebPage\",\"@id\":\"https:\/\/blog.zeit.de\/stoerungsmelder\/2013\/09\/04\/fluchtlingsprotestler-geben-nicht-auf_13905\",\"url\":\"https:\/\/blog.zeit.de\/stoerungsmelder\/2013\/09\/04\/fluchtlingsprotestler-geben-nicht-auf_13905\",\"name\":\"Fl\u00fcchtlingsprotestler geben nicht auf - St\u00f6rungsmelder\",\"isPartOf\":{\"@id\":\"https:\/\/blog.zeit.de\/stoerungsmelder\/#website\"},\"datePublished\":\"2013-09-04T10:11:32+00:00\",\"dateModified\":\"2013-09-04T23:00:24+00:00\",\"author\":{\"@id\":\"https:\/\/blog.zeit.de\/stoerungsmelder\/#\/schema\/person\/f3e6c1490ea5dfff0be6231854ccb666\"},\"breadcrumb\":{\"@id\":\"https:\/\/blog.zeit.de\/stoerungsmelder\/2013\/09\/04\/fluchtlingsprotestler-geben-nicht-auf_13905#breadcrumb\"},\"inLanguage\":\"de\",\"potentialAction\":[{\"@type\":\"ReadAction\",\"target\":[\"https:\/\/blog.zeit.de\/stoerungsmelder\/2013\/09\/04\/fluchtlingsprotestler-geben-nicht-auf_13905\"]}]},{\"@type\":\"BreadcrumbList\",\"@id\":\"https:\/\/blog.zeit.de\/stoerungsmelder\/2013\/09\/04\/fluchtlingsprotestler-geben-nicht-auf_13905#breadcrumb\",\"itemListElement\":[{\"@type\":\"ListItem\",\"position\":1,\"name\":\"Startseite\",\"item\":\"https:\/\/blog.zeit.de\/stoerungsmelder\"},{\"@type\":\"ListItem\",\"position\":2,\"name\":\"Fl\u00fcchtlingsprotestler geben nicht auf\"}]},{\"@type\":\"WebSite\",\"@id\":\"https:\/\/blog.zeit.de\/stoerungsmelder\/#website\",\"url\":\"https:\/\/blog.zeit.de\/stoerungsmelder\/\",\"name\":\"St\u00f6rungsmelder\",\"description\":\"Recherchen und Analysen \u00fcber die extreme Rechte\",\"potentialAction\":[{\"@type\":\"SearchAction\",\"target\":{\"@type\":\"EntryPoint\",\"urlTemplate\":\"https:\/\/blog.zeit.de\/stoerungsmelder\/?s={search_term_string}\"},\"query-input\":\"required name=search_term_string\"}],\"inLanguage\":\"de\"},{\"@type\":\"Person\",\"@id\":\"https:\/\/blog.zeit.de\/stoerungsmelder\/#\/schema\/person\/f3e6c1490ea5dfff0be6231854ccb666\",\"name\":\"Caro Lobig\",\"image\":{\"@type\":\"ImageObject\",\"inLanguage\":\"de\",\"@id\":\"https:\/\/blog.zeit.de\/stoerungsmelder\/#\/schema\/person\/image\/\",\"url\":\"https:\/\/secure.gravatar.com\/avatar\/11e4070eb0d2dee2201c53b4642a1890cde21277959bf7e82b5e62a69720b0fe?s=96&d=mm&r=pg\",\"contentUrl\":\"https:\/\/secure.gravatar.com\/avatar\/11e4070eb0d2dee2201c53b4642a1890cde21277959bf7e82b5e62a69720b0fe?s=96&d=mm&r=pg\",\"caption\":\"Caro Lobig\"},\"sameAs\":[\"http:\/\/www.caro-lobig.de\"],\"url\":\"https:\/\/blog.zeit.de\/stoerungsmelder\/author\/carolobig\"}]}<\/script>\n<!-- \/ Yoast SEO plugin. -->","yoast_head_json":{"title":"Fl\u00fcchtlingsprotestler geben nicht auf - St\u00f6rungsmelder","robots":{"index":"index","follow":"follow","max-snippet":"max-snippet:-1","max-image-preview":"max-image-preview:large","max-video-preview":"max-video-preview:-1"},"canonical":"https:\/\/blog.zeit.de\/stoerungsmelder\/2013\/09\/04\/fluchtlingsprotestler-geben-nicht-auf_13905","og_locale":"de_DE","og_type":"article","og_title":"Fl\u00fcchtlingsprotestler geben nicht auf - St\u00f6rungsmelder","og_description":"Etwa 700 Demonstranten, darunter um die 30 Fl\u00fcchtlinge, sind gestern in einem Demonstrationszug f\u00fcr die Forderungen der Fl\u00fcchtlinge durch die M\u00fcnchner Innenstadt gelaufen. Nach dem zweiw\u00f6chigen Protestmarsch der Fl\u00fcchtlinge und ihrer Unterst\u00fctzer nach M\u00fcnchen ist die Abschlusskundgebung friedlich verlaufen &#8211; bis Neonazis die Gruppe provozierten. Aktuell warten die Aktivisten im Gewerkschaftshaus des DGB auf eine [&hellip;]","og_url":"https:\/\/blog.zeit.de\/stoerungsmelder\/2013\/09\/04\/fluchtlingsprotestler-geben-nicht-auf_13905","og_site_name":"St\u00f6rungsmelder","article_published_time":"2013-09-04T10:11:32+00:00","article_modified_time":"2013-09-04T23:00:24+00:00","og_image":[{"url":"https:\/\/blog.zeit.de\/stoerungsmelder\/files\/2013\/09\/P1040107-Kopie.jpg"}],"author":"Caro Lobig","twitter_card":"summary_large_image","twitter_misc":{"Geschrieben von":"Caro Lobig","Gesch\u00e4tzte Lesezeit":"4\u00a0Minuten"},"schema":{"@context":"https:\/\/schema.org","@graph":[{"@type":"WebPage","@id":"https:\/\/blog.zeit.de\/stoerungsmelder\/2013\/09\/04\/fluchtlingsprotestler-geben-nicht-auf_13905","url":"https:\/\/blog.zeit.de\/stoerungsmelder\/2013\/09\/04\/fluchtlingsprotestler-geben-nicht-auf_13905","name":"Fl\u00fcchtlingsprotestler geben nicht auf - St\u00f6rungsmelder","isPartOf":{"@id":"https:\/\/blog.zeit.de\/stoerungsmelder\/#website"},"datePublished":"2013-09-04T10:11:32+00:00","dateModified":"2013-09-04T23:00:24+00:00","author":{"@id":"https:\/\/blog.zeit.de\/stoerungsmelder\/#\/schema\/person\/f3e6c1490ea5dfff0be6231854ccb666"},"breadcrumb":{"@id":"https:\/\/blog.zeit.de\/stoerungsmelder\/2013\/09\/04\/fluchtlingsprotestler-geben-nicht-auf_13905#breadcrumb"},"inLanguage":"de","potentialAction":[{"@type":"ReadAction","target":["https:\/\/blog.zeit.de\/stoerungsmelder\/2013\/09\/04\/fluchtlingsprotestler-geben-nicht-auf_13905"]}]},{"@type":"BreadcrumbList","@id":"https:\/\/blog.zeit.de\/stoerungsmelder\/2013\/09\/04\/fluchtlingsprotestler-geben-nicht-auf_13905#breadcrumb","itemListElement":[{"@type":"ListItem","position":1,"name":"Startseite","item":"https:\/\/blog.zeit.de\/stoerungsmelder"},{"@type":"ListItem","position":2,"name":"Fl\u00fcchtlingsprotestler geben nicht auf"}]},{"@type":"WebSite","@id":"https:\/\/blog.zeit.de\/stoerungsmelder\/#website","url":"https:\/\/blog.zeit.de\/stoerungsmelder\/","name":"St\u00f6rungsmelder","description":"Recherchen und Analysen \u00fcber die extreme Rechte","potentialAction":[{"@type":"SearchAction","target":{"@type":"EntryPoint","urlTemplate":"https:\/\/blog.zeit.de\/stoerungsmelder\/?s={search_term_string}"},"query-input":"required name=search_term_string"}],"inLanguage":"de"},{"@type":"Person","@id":"https:\/\/blog.zeit.de\/stoerungsmelder\/#\/schema\/person\/f3e6c1490ea5dfff0be6231854ccb666","name":"Caro Lobig","image":{"@type":"ImageObject","inLanguage":"de","@id":"https:\/\/blog.zeit.de\/stoerungsmelder\/#\/schema\/person\/image\/","url":"https:\/\/secure.gravatar.com\/avatar\/11e4070eb0d2dee2201c53b4642a1890cde21277959bf7e82b5e62a69720b0fe?s=96&d=mm&r=pg","contentUrl":"https:\/\/secure.gravatar.com\/avatar\/11e4070eb0d2dee2201c53b4642a1890cde21277959bf7e82b5e62a69720b0fe?s=96&d=mm&r=pg","caption":"Caro Lobig"},"sameAs":["http:\/\/www.caro-lobig.de"],"url":"https:\/\/blog.zeit.de\/stoerungsmelder\/author\/carolobig"}]}},"jetpack_featured_media_url":"","jetpack_sharing_enabled":true,"_links":{"self":[{"href":"https:\/\/blog.zeit.de\/stoerungsmelder\/wp-json\/wp\/v2\/posts\/13905","targetHints":{"allow":["GET"]}}],"collection":[{"href":"https:\/\/blog.zeit.de\/stoerungsmelder\/wp-json\/wp\/v2\/posts"}],"about":[{"href":"https:\/\/blog.zeit.de\/stoerungsmelder\/wp-json\/wp\/v2\/types\/post"}],"author":[{"embeddable":true,"href":"https:\/\/blog.zeit.de\/stoerungsmelder\/wp-json\/wp\/v2\/users\/396"}],"replies":[{"embeddable":true,"href":"https:\/\/blog.zeit.de\/stoerungsmelder\/wp-json\/wp\/v2\/comments?post=13905"}],"version-history":[{"count":6,"href":"https:\/\/blog.zeit.de\/stoerungsmelder\/wp-json\/wp\/v2\/posts\/13905\/revisions"}],"predecessor-version":[{"id":13939,"href":"https:\/\/blog.zeit.de\/stoerungsmelder\/wp-json\/wp\/v2\/posts\/13905\/revisions\/13939"}],"wp:attachment":[{"href":"https:\/\/blog.zeit.de\/stoerungsmelder\/wp-json\/wp\/v2\/media?parent=13905"}],"wp:term":[{"taxonomy":"category","embeddable":true,"href":"https:\/\/blog.zeit.de\/stoerungsmelder\/wp-json\/wp\/v2\/categories?post=13905"},{"taxonomy":"post_tag","embeddable":true,"href":"https:\/\/blog.zeit.de\/stoerungsmelder\/wp-json\/wp\/v2\/tags?post=13905"}],"curies":[{"name":"wp","href":"https:\/\/api.w.org\/{rel}","templated":true}]}}