{"id":13943,"date":"2013-09-05T16:17:24","date_gmt":"2013-09-05T14:17:24","guid":{"rendered":"http:\/\/blog.zeit.de\/stoerungsmelder\/?p=13943"},"modified":"2013-09-06T10:00:26","modified_gmt":"2013-09-06T08:00:26","slug":"erneut-gewalt-bei-dortmunder-naziaufmarsch","status":"publish","type":"post","link":"https:\/\/blog.zeit.de\/stoerungsmelder\/2013\/09\/05\/erneut-gewalt-bei-dortmunder-naziaufmarsch_13943","title":{"rendered":"Erneut Gewalt bei Dortmunder Naziaufmarsch"},"content":{"rendered":"<p><figure id=\"attachment_13945\" aria-describedby=\"caption-attachment-13945\" style=\"width: 576px\" class=\"wp-caption aligncenter\"><a href=\"https:\/\/blog.zeit.de\/stoerungsmelder\/2013\/09\/05\/erneut-gewalt-bei-dortmunder-naziaufmarsch_13943\/wild-1\" rel=\"attachment wp-att-13945\"><img loading=\"lazy\" decoding=\"async\" class=\"size-large wp-image-13945\" alt=\"wild-1\" src=\"https:\/\/blog.zeit.de\/stoerungsmelder\/files\/2013\/09\/wild-1-1024x459.jpg\" width=\"576\" height=\"258\" srcset=\"https:\/\/blog.zeit.de\/stoerungsmelder\/files\/2013\/09\/wild-1-1024x459.jpg 1024w, https:\/\/blog.zeit.de\/stoerungsmelder\/files\/2013\/09\/wild-1-300x134.jpg 300w\" sizes=\"auto, (max-width: 576px) 100vw, 576px\" \/><\/a><figcaption id=\"caption-attachment-13945\" class=\"wp-caption-text\">Martialischer Auftritt des Berliner Neonazis Bj\u00f6rn Wild beim Naziaufmarsch in Dortmund<\/figcaption><\/figure><\/p>\n<p style=\"text-align: left\">Trotz des Verbots mehrerer Nazigruppen, gibt sich die Szene in Nordrhein-Westfalen selbstbewusst. Bei einem Aufmarsch am vergangenen Wochenende in Dortmund griffen Neonazis mit verbotener Pyrotechnik die Gegendemonstranten an. Es gab mehrere Verletzte. Dortmund gilt seit Jahren als Hochburg der besonders gewaltbereiten &#8222;Autonomen Nationalisten&#8220;.<!--more--><\/p>\n<p style=\"text-align: left\">Angek\u00fcndigt war die Veranstaltung als Protestmarsch gegen Verbote rechtsextremer Gruppen. Schon das Fronttransparent machte den neonazistischen Charakter des Aufzuges deutlich. &#8222;25 Punkte gegen eure Verbote&#8220;, lautete die Parole. Szenekenner verstehen den Wink sofort: gemeint ist das 25-Punkte Programm der NSDAP, auf das sich die verbotene Gruppe &#8222;Nationaler Widerstand Dortmund&#8220; in Schulungen gerne bezog. Unter den Teilnehmern befanden sich viele bundesweit bekannte Szenegr\u00f6\u00dfen wie Uwe Meenen, Siegfried Borchardt (Spitzname &#8222;SS-Siggi&#8220;), Ursula Haverbeck, Uwe Dreisch, Wolfram Nahrath und Thomas Wulff. Einige von ihnen waren fr\u00fcher selbst Mitglieder verbotener Nazigruppen.<\/p>\n<p style=\"text-align: left\">Besonders bizarr war der Auftritt eines Berliner Neonazis. Er trat mit einer Sturmhaube vermummt ans Rednerpult und kritisierte lauthals das Verbot der Berliner &#8222;Kameradschaft Tor&#8220;\u00a0(KS Tor) im Jahr 2005. Nach Informationen des St\u00f6rungsmelder, handelte es sich dabei um Bj\u00f6rn Wild. Er war selbst jahrelang f\u00fchrendes Mitglied der gewaltbereiten KS Tor. Erst nach mehreren Minuten griff die Polizei ein und stoppte seinen Auftritt. Gegen Wild wird jetzt wegen Versto\u00df gegen das Vermummungsverbot ermittelt.<\/p>\n<p style=\"text-align: left\">Der Angriff mit dem in Deutschland verbotenen B\u00f6ller erfolgte kurz vor Ende des Aufmarsches. Ein Rechtsextremist warf den Sprengk\u00f6rper in die Menge der Gegendemonstranten. Nach Polizeiangaben wurden f\u00fcnf Personen verletzt, darunter ein Polizist und eine Landtagsabgeordnete der Piraten. Die Polizei nahm einen Verd\u00e4chtigen fest. Daraufhin kam es zu Tumulten und weiteren Angriffen der Neonazis auf die eingesetzten Beamten.<\/p>\n<p style=\"text-align: left\">Organisiert wurde der Aufmarsch von der neuen Partei &#8222;Die Rechte&#8220; des langj\u00e4hrigen Nazi-Kaders Christian Worch. Seit der Verbotswelle in NRW, wird die Partei zunehmend zum Sammelbecken militanter Neonazis, die so ihre Arbeit legal fortsetzen k\u00f6nnen.<\/p>\n<p><img loading=\"lazy\" decoding=\"async\" src=\"http:\/\/vg06.met.vgwort.de\/na\/97467b0519264868a4c7fdf6d0ea4d5a\" width=\"1\" height=\"1\" alt=\"\"><\/p>\n","protected":false},"excerpt":{"rendered":"<p>Trotz des Verbots mehrerer Nazigruppen, gibt sich die Szene in Nordrhein-Westfalen selbstbewusst. Bei einem Aufmarsch am vergangenen Wochenende in Dortmund griffen Neonazis mit verbotener Pyrotechnik die Gegendemonstranten an. Es gab mehrere Verletzte. Dortmund gilt seit Jahren als Hochburg der besonders gewaltbereiten &#8222;Autonomen Nationalisten&#8220;.<\/p>\n","protected":false},"author":229,"featured_media":0,"comment_status":"open","ping_status":"open","sticky":false,"template":"","format":"standard","meta":{"_jetpack_memberships_contains_paid_content":false,"footnotes":""},"categories":[1291],"tags":[12774,1493,2082,1755,29253,1817,6398,29252,2442,2007],"class_list":["post-13943","post","type-post","status-publish","format-standard","hentry","category-nordrhein-westfalen","tag-aufmarsch","tag-autonome-nationalisten","tag-bjorn-wild","tag-rechte-gewalt","tag-siegfried-borchardt","tag-thomas-wulff","tag-ursula-haverbeck","tag-uwe-dreisch","tag-uwe-meenen","tag-wolfram-nahrath"],"yoast_head":"<!-- This site is optimized with the Yoast SEO plugin v21.0 - https:\/\/yoast.com\/wordpress\/plugins\/seo\/ -->\n<title>Erneut Gewalt bei Dortmunder Naziaufmarsch - St\u00f6rungsmelder<\/title>\n<meta name=\"robots\" content=\"index, follow, max-snippet:-1, max-image-preview:large, max-video-preview:-1\" \/>\n<link rel=\"canonical\" href=\"https:\/\/blog.zeit.de\/stoerungsmelder\/2013\/09\/05\/erneut-gewalt-bei-dortmunder-naziaufmarsch_13943\" \/>\n<meta property=\"og:locale\" content=\"de_DE\" \/>\n<meta property=\"og:type\" content=\"article\" \/>\n<meta property=\"og:title\" content=\"Erneut Gewalt bei Dortmunder Naziaufmarsch - St\u00f6rungsmelder\" \/>\n<meta property=\"og:description\" content=\"Trotz des Verbots mehrerer Nazigruppen, gibt sich die Szene in Nordrhein-Westfalen selbstbewusst. Bei einem Aufmarsch am vergangenen Wochenende in Dortmund griffen Neonazis mit verbotener Pyrotechnik die Gegendemonstranten an. Es gab mehrere Verletzte. Dortmund gilt seit Jahren als Hochburg der besonders gewaltbereiten &#8222;Autonomen Nationalisten&#8220;.\" \/>\n<meta property=\"og:url\" content=\"https:\/\/blog.zeit.de\/stoerungsmelder\/2013\/09\/05\/erneut-gewalt-bei-dortmunder-naziaufmarsch_13943\" \/>\n<meta property=\"og:site_name\" content=\"St\u00f6rungsmelder\" \/>\n<meta property=\"article:published_time\" content=\"2013-09-05T14:17:24+00:00\" \/>\n<meta property=\"article:modified_time\" content=\"2013-09-06T08:00:26+00:00\" \/>\n<meta property=\"og:image\" content=\"https:\/\/blog.zeit.de\/stoerungsmelder\/files\/2013\/09\/wild-1-1024x459.jpg\" \/>\n<meta name=\"author\" content=\"St\u00f6rungsmelder\" \/>\n<meta name=\"twitter:card\" content=\"summary_large_image\" \/>\n<meta name=\"twitter:label1\" content=\"Geschrieben von\" \/>\n\t<meta name=\"twitter:data1\" content=\"St\u00f6rungsmelder\" \/>\n\t<meta name=\"twitter:label2\" content=\"Gesch\u00e4tzte Lesezeit\" \/>\n\t<meta name=\"twitter:data2\" content=\"2\u00a0Minuten\" \/>\n<script type=\"application\/ld+json\" class=\"yoast-schema-graph\">{\"@context\":\"https:\/\/schema.org\",\"@graph\":[{\"@type\":\"WebPage\",\"@id\":\"https:\/\/blog.zeit.de\/stoerungsmelder\/2013\/09\/05\/erneut-gewalt-bei-dortmunder-naziaufmarsch_13943\",\"url\":\"https:\/\/blog.zeit.de\/stoerungsmelder\/2013\/09\/05\/erneut-gewalt-bei-dortmunder-naziaufmarsch_13943\",\"name\":\"Erneut Gewalt bei Dortmunder Naziaufmarsch - St\u00f6rungsmelder\",\"isPartOf\":{\"@id\":\"https:\/\/blog.zeit.de\/stoerungsmelder\/#website\"},\"datePublished\":\"2013-09-05T14:17:24+00:00\",\"dateModified\":\"2013-09-06T08:00:26+00:00\",\"author\":{\"@id\":\"https:\/\/blog.zeit.de\/stoerungsmelder\/#\/schema\/person\/fdd0b9818f65738672810b6d6f037f71\"},\"breadcrumb\":{\"@id\":\"https:\/\/blog.zeit.de\/stoerungsmelder\/2013\/09\/05\/erneut-gewalt-bei-dortmunder-naziaufmarsch_13943#breadcrumb\"},\"inLanguage\":\"de\",\"potentialAction\":[{\"@type\":\"ReadAction\",\"target\":[\"https:\/\/blog.zeit.de\/stoerungsmelder\/2013\/09\/05\/erneut-gewalt-bei-dortmunder-naziaufmarsch_13943\"]}]},{\"@type\":\"BreadcrumbList\",\"@id\":\"https:\/\/blog.zeit.de\/stoerungsmelder\/2013\/09\/05\/erneut-gewalt-bei-dortmunder-naziaufmarsch_13943#breadcrumb\",\"itemListElement\":[{\"@type\":\"ListItem\",\"position\":1,\"name\":\"Startseite\",\"item\":\"https:\/\/blog.zeit.de\/stoerungsmelder\"},{\"@type\":\"ListItem\",\"position\":2,\"name\":\"Erneut Gewalt bei Dortmunder Naziaufmarsch\"}]},{\"@type\":\"WebSite\",\"@id\":\"https:\/\/blog.zeit.de\/stoerungsmelder\/#website\",\"url\":\"https:\/\/blog.zeit.de\/stoerungsmelder\/\",\"name\":\"St\u00f6rungsmelder\",\"description\":\"Recherchen und Analysen \u00fcber die extreme Rechte\",\"potentialAction\":[{\"@type\":\"SearchAction\",\"target\":{\"@type\":\"EntryPoint\",\"urlTemplate\":\"https:\/\/blog.zeit.de\/stoerungsmelder\/?s={search_term_string}\"},\"query-input\":\"required name=search_term_string\"}],\"inLanguage\":\"de\"},{\"@type\":\"Person\",\"@id\":\"https:\/\/blog.zeit.de\/stoerungsmelder\/#\/schema\/person\/fdd0b9818f65738672810b6d6f037f71\",\"name\":\"St\u00f6rungsmelder\",\"image\":{\"@type\":\"ImageObject\",\"inLanguage\":\"de\",\"@id\":\"https:\/\/blog.zeit.de\/stoerungsmelder\/#\/schema\/person\/image\/\",\"url\":\"https:\/\/secure.gravatar.com\/avatar\/dfa4be514c3e82a71e4f9a0020035d38192d080ccaa5e4e6d7a1472c763535c5?s=96&d=mm&r=pg\",\"contentUrl\":\"https:\/\/secure.gravatar.com\/avatar\/dfa4be514c3e82a71e4f9a0020035d38192d080ccaa5e4e6d7a1472c763535c5?s=96&d=mm&r=pg\",\"caption\":\"St\u00f6rungsmelder\"},\"url\":\"https:\/\/blog.zeit.de\/stoerungsmelder\/author\/stoerungsmelder\"}]}<\/script>\n<!-- \/ Yoast SEO plugin. -->","yoast_head_json":{"title":"Erneut Gewalt bei Dortmunder Naziaufmarsch - St\u00f6rungsmelder","robots":{"index":"index","follow":"follow","max-snippet":"max-snippet:-1","max-image-preview":"max-image-preview:large","max-video-preview":"max-video-preview:-1"},"canonical":"https:\/\/blog.zeit.de\/stoerungsmelder\/2013\/09\/05\/erneut-gewalt-bei-dortmunder-naziaufmarsch_13943","og_locale":"de_DE","og_type":"article","og_title":"Erneut Gewalt bei Dortmunder Naziaufmarsch - St\u00f6rungsmelder","og_description":"Trotz des Verbots mehrerer Nazigruppen, gibt sich die Szene in Nordrhein-Westfalen selbstbewusst. Bei einem Aufmarsch am vergangenen Wochenende in Dortmund griffen Neonazis mit verbotener Pyrotechnik die Gegendemonstranten an. Es gab mehrere Verletzte. Dortmund gilt seit Jahren als Hochburg der besonders gewaltbereiten &#8222;Autonomen Nationalisten&#8220;.","og_url":"https:\/\/blog.zeit.de\/stoerungsmelder\/2013\/09\/05\/erneut-gewalt-bei-dortmunder-naziaufmarsch_13943","og_site_name":"St\u00f6rungsmelder","article_published_time":"2013-09-05T14:17:24+00:00","article_modified_time":"2013-09-06T08:00:26+00:00","og_image":[{"url":"https:\/\/blog.zeit.de\/stoerungsmelder\/files\/2013\/09\/wild-1-1024x459.jpg"}],"author":"St\u00f6rungsmelder","twitter_card":"summary_large_image","twitter_misc":{"Geschrieben von":"St\u00f6rungsmelder","Gesch\u00e4tzte Lesezeit":"2\u00a0Minuten"},"schema":{"@context":"https:\/\/schema.org","@graph":[{"@type":"WebPage","@id":"https:\/\/blog.zeit.de\/stoerungsmelder\/2013\/09\/05\/erneut-gewalt-bei-dortmunder-naziaufmarsch_13943","url":"https:\/\/blog.zeit.de\/stoerungsmelder\/2013\/09\/05\/erneut-gewalt-bei-dortmunder-naziaufmarsch_13943","name":"Erneut Gewalt bei Dortmunder Naziaufmarsch - St\u00f6rungsmelder","isPartOf":{"@id":"https:\/\/blog.zeit.de\/stoerungsmelder\/#website"},"datePublished":"2013-09-05T14:17:24+00:00","dateModified":"2013-09-06T08:00:26+00:00","author":{"@id":"https:\/\/blog.zeit.de\/stoerungsmelder\/#\/schema\/person\/fdd0b9818f65738672810b6d6f037f71"},"breadcrumb":{"@id":"https:\/\/blog.zeit.de\/stoerungsmelder\/2013\/09\/05\/erneut-gewalt-bei-dortmunder-naziaufmarsch_13943#breadcrumb"},"inLanguage":"de","potentialAction":[{"@type":"ReadAction","target":["https:\/\/blog.zeit.de\/stoerungsmelder\/2013\/09\/05\/erneut-gewalt-bei-dortmunder-naziaufmarsch_13943"]}]},{"@type":"BreadcrumbList","@id":"https:\/\/blog.zeit.de\/stoerungsmelder\/2013\/09\/05\/erneut-gewalt-bei-dortmunder-naziaufmarsch_13943#breadcrumb","itemListElement":[{"@type":"ListItem","position":1,"name":"Startseite","item":"https:\/\/blog.zeit.de\/stoerungsmelder"},{"@type":"ListItem","position":2,"name":"Erneut Gewalt bei Dortmunder Naziaufmarsch"}]},{"@type":"WebSite","@id":"https:\/\/blog.zeit.de\/stoerungsmelder\/#website","url":"https:\/\/blog.zeit.de\/stoerungsmelder\/","name":"St\u00f6rungsmelder","description":"Recherchen und Analysen \u00fcber die extreme Rechte","potentialAction":[{"@type":"SearchAction","target":{"@type":"EntryPoint","urlTemplate":"https:\/\/blog.zeit.de\/stoerungsmelder\/?s={search_term_string}"},"query-input":"required name=search_term_string"}],"inLanguage":"de"},{"@type":"Person","@id":"https:\/\/blog.zeit.de\/stoerungsmelder\/#\/schema\/person\/fdd0b9818f65738672810b6d6f037f71","name":"St\u00f6rungsmelder","image":{"@type":"ImageObject","inLanguage":"de","@id":"https:\/\/blog.zeit.de\/stoerungsmelder\/#\/schema\/person\/image\/","url":"https:\/\/secure.gravatar.com\/avatar\/dfa4be514c3e82a71e4f9a0020035d38192d080ccaa5e4e6d7a1472c763535c5?s=96&d=mm&r=pg","contentUrl":"https:\/\/secure.gravatar.com\/avatar\/dfa4be514c3e82a71e4f9a0020035d38192d080ccaa5e4e6d7a1472c763535c5?s=96&d=mm&r=pg","caption":"St\u00f6rungsmelder"},"url":"https:\/\/blog.zeit.de\/stoerungsmelder\/author\/stoerungsmelder"}]}},"jetpack_featured_media_url":"","jetpack_sharing_enabled":true,"_links":{"self":[{"href":"https:\/\/blog.zeit.de\/stoerungsmelder\/wp-json\/wp\/v2\/posts\/13943","targetHints":{"allow":["GET"]}}],"collection":[{"href":"https:\/\/blog.zeit.de\/stoerungsmelder\/wp-json\/wp\/v2\/posts"}],"about":[{"href":"https:\/\/blog.zeit.de\/stoerungsmelder\/wp-json\/wp\/v2\/types\/post"}],"author":[{"embeddable":true,"href":"https:\/\/blog.zeit.de\/stoerungsmelder\/wp-json\/wp\/v2\/users\/229"}],"replies":[{"embeddable":true,"href":"https:\/\/blog.zeit.de\/stoerungsmelder\/wp-json\/wp\/v2\/comments?post=13943"}],"version-history":[{"count":8,"href":"https:\/\/blog.zeit.de\/stoerungsmelder\/wp-json\/wp\/v2\/posts\/13943\/revisions"}],"predecessor-version":[{"id":13952,"href":"https:\/\/blog.zeit.de\/stoerungsmelder\/wp-json\/wp\/v2\/posts\/13943\/revisions\/13952"}],"wp:attachment":[{"href":"https:\/\/blog.zeit.de\/stoerungsmelder\/wp-json\/wp\/v2\/media?parent=13943"}],"wp:term":[{"taxonomy":"category","embeddable":true,"href":"https:\/\/blog.zeit.de\/stoerungsmelder\/wp-json\/wp\/v2\/categories?post=13943"},{"taxonomy":"post_tag","embeddable":true,"href":"https:\/\/blog.zeit.de\/stoerungsmelder\/wp-json\/wp\/v2\/tags?post=13943"}],"curies":[{"name":"wp","href":"https:\/\/api.w.org\/{rel}","templated":true}]}}